{"id":22444,"date":"2017-04-29T21:43:20","date_gmt":"2017-04-30T02:43:20","guid":{"rendered":"http:\/\/www.grieta.org.mx\/?p=22444"},"modified":"2018-04-05T22:03:17","modified_gmt":"2018-04-06T03:03:17","slug":"tamaulipas-un-estado-silenciado-por-los-crimenes-contra-periodistas-cidh","status":"publish","type":"post","link":"https:\/\/www.grieta.org.mx\/index.php\/2017\/04\/29\/tamaulipas-un-estado-silenciado-por-los-crimenes-contra-periodistas-cidh\/","title":{"rendered":"Tamaulipas, un estado silenciado por los cr\u00edmenes contra periodistas: CIDH"},"content":{"rendered":"<p>Redacci\u00f3n\/Animal Pol\u00edtico<\/p>\n<p><img decoding=\"async\" data-attachment-id=\"22445\" data-permalink=\"https:\/\/www.grieta.org.mx\/index.php\/2017\/04\/29\/tamaulipas-un-estado-silenciado-por-los-crimenes-contra-periodistas-cidh\/t1-2\/\" data-orig-file=\"https:\/\/www.grieta.org.mx\/wp-content\/uploads\/2018\/04\/t1-1.jpg\" data-orig-size=\"960,500\" data-comments-opened=\"0\" data-image-meta=\"{&quot;aperture&quot;:&quot;0&quot;,&quot;credit&quot;:&quot;&quot;,&quot;camera&quot;:&quot;&quot;,&quot;caption&quot;:&quot;&quot;,&quot;created_timestamp&quot;:&quot;0&quot;,&quot;copyright&quot;:&quot;&quot;,&quot;focal_length&quot;:&quot;0&quot;,&quot;iso&quot;:&quot;0&quot;,&quot;shutter_speed&quot;:&quot;0&quot;,&quot;title&quot;:&quot;&quot;,&quot;orientation&quot;:&quot;0&quot;}\" data-image-title=\"t1\" data-image-description=\"\" data-image-caption=\"\" data-medium-file=\"https:\/\/www.grieta.org.mx\/wp-content\/uploads\/2018\/04\/t1-1-300x156.jpg\" data-large-file=\"https:\/\/www.grieta.org.mx\/wp-content\/uploads\/2018\/04\/t1-1.jpg\" src=\"http:\/\/www.grieta.org.mx\/wp-content\/uploads\/2018\/04\/t1-1.jpg\" alt=\"\" width=\"100\"  class=\"aligncenter size-full wp-image-22445\" srcset=\"https:\/\/www.grieta.org.mx\/wp-content\/uploads\/2018\/04\/t1-1.jpg 960w, https:\/\/www.grieta.org.mx\/wp-content\/uploads\/2018\/04\/t1-1-300x156.jpg 300w, https:\/\/www.grieta.org.mx\/wp-content\/uploads\/2018\/04\/t1-1-768x400.jpg 768w\" sizes=\"(max-width: 960px) 100vw, 960px\" \/><\/p>\n<p>La violencia contra periodistas en M\u00e9xico ha llegado a niveles alarmantes e incluso se ha intensificado en los \u00faltimos a\u00f1os, tiempo en el que destaca el caso de Tamaulipas, entidad considerada como una zona silenciada por la Comisi\u00f3n Interamericana de Derechos Humanos (CIDH).<\/p>\n<p>\u201cTamaulipas fue una de las primeras entidades en caer bajo la violencia de grupos del crimen organizado, incluso antes de que el Estado decidiera librar una \u201cguerra contra el narcotr\u00e1fico\u201d.<br \/>\n\u201cDesde principios del a\u00f1o 2000, los c\u00e1rteles comenzaron a ejercer violencia contra medios de comunicaci\u00f3n y periodistas para silenciar la cobertura de sus actividades delictivas. Por esa raz\u00f3n, fue denominado en distintos informes de la sociedad civil como \u201cla ra\u00edz del miedo\u201d para la prensa\u201d, asegura la CIDH en el cap\u00edtulo Zonas Silenciadas: Regiones de Alta Peligrosidad para Ejercer la Libertad de Expresi\u00f3n, de su Informe Anual 2016.<\/p>\n<p>El reporte establece que los periodistas y medios de comunicaci\u00f3n se han mantenido en la mira de los grupos delictivos durante los \u00faltimos 15 a\u00f1os, adem\u00e1s de que Tamaulipas presenta \u00edndices elevados de homicidios, secuestros y extorsiones cometidos contra la sociedad.<\/p>\n<p>El informe de la CIDH se\u00f1ala que a pesar de que Tamaulipas es uno de los estados m\u00e1s peligrosos para los periodistas, \u201cla entidad a\u00fan no cuenta con agencias especializadas en materia de delitos cometidos en contra de la libertad de expresi\u00f3n\u201d.<\/p>\n<p>La Comisi\u00f3n Interamericana de Derechos Humanos recuerda que el origen de la violencia contra periodistas en Tamaulipas se puede rastrear hacia el a\u00f1o 2000, cuando Pablo Pineda, reportero del diario La Opini\u00f3n, fue asesinado.<\/p>\n<p>Antes de su homicidio, Pablo Pineda cubr\u00eda temas relacionados con el narcotr\u00e1fico. \u201cEse mismo a\u00f1o tambi\u00e9n fue asesinado Luis Roberto Cruz, reportero de la revista Multicosas de Reynosa. La investigaci\u00f3n sobre ambos homicidios no logr\u00f3 esclarecer los m\u00f3viles ni identificar a los responsables intelectuales\u201d, se\u00f1ala la CIDH.<\/p>\n<p>El informe recuerda el caso del diario El Ma\u00f1ana  de Nuevo Laredo, que tom\u00f3 la decisi\u00f3n de dejar de reportar y publicar informaci\u00f3n sobre hechos de violencia asociados al crimen organizado luego de que su personal y las instalaciones del medio sufrieron ataques.<\/p>\n<p>\u201cEl Ma\u00f1ana se convirti\u00f3 sin quererlo en un s\u00edmbolo del efecto silenciador que produce la violencia en el periodismo y la sociedad local, no obstante no ha sido el \u00fanico medio hostigado en esa zona\u201d, indica el reporte que tambi\u00e9n documenta las agresiones contra medios, como: Expreso, de Ciudad Victoria, y la sede de Televisa en Matamoros.<\/p>\n<p>\u201cA lo largo de la \u00faltima d\u00e9cada, Tamaulipas ha sido definida como una \u201czona de silencio\u201d por el efecto de autocensura que generan la violencia, y tambi\u00e9n por la pr\u00e1ctica de imponer informaci\u00f3n por parte de los c\u00e1rteles. En efecto, los jefes criminales llegaron incluso a incursionar en las redacciones para imponer sus criterios que el medio deb\u00eda seguir a la hora de informar sobre estos temas\u201d, establece el informe.<\/p>\n<p><strong>Tamaulipas no es el \u00fanico<\/strong><br \/>\nEl reporte de la CIDH establece que Tamaulipas no es el \u00fanico estado mexicano con cifras elevadas de agresiones contra periodistas.<\/p>\n<p>Veracruz, Guerrero, Chihuahua y Oaxaca concentran la mayor cantidad de homicidios de comunicadores en el pa\u00eds. <\/p>\n<p>Del a\u00f1o 2000 al 31 de enero de 2016, casi seis de cada diez homicidios de periodistas en el pa\u00eds han sucedido en estas cinco entidades federativas, indica el reporte.<\/p>\n<p>La CIDH destaca el caso de Veracruz, \u201centidad que en los \u00faltimos a\u00f1os exhibe el mayor n\u00famero de asesinatos de periodistas\u201d, donde seg\u00fan las cifras de la Comisi\u00f3n Nacional de los Derechos Humanos han ocurrido 16 asesinatos y 4 casos de desaparici\u00f3n de periodistas entre 2010 y 2015.<\/p>\n<p><strong>Aumentan cr\u00edmenes contra periodistas<\/strong><br \/>\nPor cuarto a\u00f1o consecutivo, la Relator\u00eda Especial para la Libertad de Expresi\u00f3n registr\u00f3 un aumento en los asesinatos de periodistas.<\/p>\n<p>El reporte de 2016 reporta 33 homicidios en la regi\u00f3n, mientras que el de 2015 da cuenta de 27 asesinatos, dos m\u00e1s que el de 2014 y siete m\u00e1s que el de 2013, cuando 18 periodistas fueron asesinados.<\/p>\n<p>\u201cAunque en la mayor parte de estos casos es evidente la relaci\u00f3n entre el asesinato y el ejercicio de la profesi\u00f3n, es dif\u00edcil a\u00fan confirmar ese nexo en todos los casos debido al elevado \u00edndice de impunidad que persiste en el castigo de estos cr\u00edmenes\u201d, lamenta la Comisi\u00f3n Interamericana de Derechos Humanos.<\/p>\n<p><a href=\"https:\/\/www.animalpolitico.com\/2017\/04\/tamaulipas-crimenes-periodistas-cidh\/\" rel=\"noopener\" target=\"_blank\">https:\/\/www.animalpolitico.com\/2017\/04\/tamaulipas-crimenes-periodistas-cidh\/<\/a><\/p>\n","protected":false},"excerpt":{"rendered":"<p>Redacci\u00f3n\/Animal Pol\u00edtico La violencia contra periodistas en M\u00e9xico ha llegado a niveles alarmantes e incluso se ha intensificado en los \u00faltimos a\u00f1os, tiempo en el que destaca el caso de &hellip; <a href=\"https:\/\/www.grieta.org.mx\/index.php\/2017\/04\/29\/tamaulipas-un-estado-silenciado-por-los-crimenes-contra-periodistas-cidh\/\" class=\"more-link\">Leer m\u00e1s<\/a><\/p>\n","protected":false},"author":2,"featured_media":22445,"comment_status":"closed","ping_status":"closed","sticky":false,"template":"","format":"standard","meta":{"ngg_post_thumbnail":0,"_jetpack_newsletter_access":"","_jetpack_dont_email_post_to_subs":false,"_jetpack_newsletter_tier_id":0,"_jetpack_memberships_contains_paywalled_content":false,"_jetpack_memberships_contains_paid_content":false,"footnotes":""},"categories":[80,33,371,1136],"tags":[120],"class_list":["post-22444","post","type-post","status-publish","format-standard","has-post-thumbnail","hentry","category-cintillo","category-tamaulipas","category-violencia-contra-periodistas-analisis","category-violencia-contra-periodistas-en-tamaulipas","tag-violencia-contra-periodistas","entry"],"jetpack_featured_media_url":"https:\/\/www.grieta.org.mx\/wp-content\/uploads\/2018\/04\/t1-1.jpg","jetpack_sharing_enabled":true,"jetpack_shortlink":"https:\/\/wp.me\/p7ZJR4-5Q0","jetpack_likes_enabled":false,"jetpack-related-posts":[{"id":22447,"url":"https:\/\/www.grieta.org.mx\/index.php\/2017\/04\/30\/el-estado-mexicano-de-tamaulipas-declarado-zona-silenciada-por-la-violencia-contra-periodistas\/","url_meta":{"origin":22444,"position":0},"title":"El estado mexicano de Tamaulipas, declarado zona silenciada por la violencia contra periodistas","author":"grieta","date":"30 abril, 2017","format":false,"excerpt":"Redacci\u00f3n\/Notim\u00e9rica CIUDAD DE M\u00c9XICO, 30 Abr. (Notim\u00e9rica) - La Comisi\u00f3n Internacional de Derechos Humanos (CIDH) ha reiterado la mala situaci\u00f3n en la que se encuentran los periodistas en M\u00e9xico, silenciados de forma violenta. Aunque la situaci\u00f3n es alarmante a nivel nacional, la CIDH ha puesto el foco en el estado\u2026","rel":"","context":"En &quot;CINTILLO&quot;","block_context":{"text":"CINTILLO","link":"https:\/\/www.grieta.org.mx\/index.php\/category\/cintillo\/"},"img":{"alt_text":"","src":"https:\/\/i0.wp.com\/www.grieta.org.mx\/wp-content\/uploads\/2018\/04\/t2.jpg?resize=350%2C200&ssl=1","width":350,"height":200,"srcset":"https:\/\/i0.wp.com\/www.grieta.org.mx\/wp-content\/uploads\/2018\/04\/t2.jpg?resize=350%2C200&ssl=1 1x, https:\/\/i0.wp.com\/www.grieta.org.mx\/wp-content\/uploads\/2018\/04\/t2.jpg?resize=525%2C300&ssl=1 1.5x"},"classes":[]},{"id":23605,"url":"https:\/\/www.grieta.org.mx\/index.php\/2018\/06\/02\/tamaulipas-que-es-la-zona-silenciada-de-mexico-y-por-que-la-onu-exige-la-atencion-del-gobierno\/","url_meta":{"origin":22444,"position":1},"title":"Tamaulipas: qu\u00e9 es la &#8220;zona silenciada&#8221; de M\u00e9xico y por qu\u00e9 la ONU exige la atenci\u00f3n del gobierno","author":"grieta","date":"2 junio, 2018","format":false,"excerpt":"Redacci\u00f3n\/BBC News Mundo Tras el ataque contra el diario El Ma\u00f1ana en 2006, comenz\u00f3 el silencio generalizado. La oficina de ese peri\u00f3dico de Tamaulipas, en el noreste de M\u00e9xico, recibi\u00f3 una r\u00e1faga de balas y explosivos en un nivel de violencia contra la prensa nunca visto antes. Seg\u00fan la Comisi\u00f3n\u2026","rel":"","context":"En &quot;CINTILLO&quot;","block_context":{"text":"CINTILLO","link":"https:\/\/www.grieta.org.mx\/index.php\/category\/cintillo\/"},"img":{"alt_text":"","src":"","width":0,"height":0},"classes":[]},{"id":23598,"url":"https:\/\/www.grieta.org.mx\/index.php\/2018\/06\/07\/protestan-periodistas-en-tamaulipas\/","url_meta":{"origin":22444,"position":2},"title":"Protestan periodistas en Tamaulipas","author":"grieta","date":"7 junio, 2018","format":false,"excerpt":"Agencia Reforma. TAMPICO, Tamaulipas.-En este D\u00eda de la Libertad de Expresi\u00f3n, unos 40 periodistas del sur de Tamaulipas exigieron un freno a la violencia contra los reporteros y el esclarecimiento del homicidio del corresponsal H\u00e9ctor Gonz\u00e1lez. Reporteros, camar\u00f3grafos, fotoperiodistas y columnistas se dieron cita en el kiosco de la Plaza\u2026","rel":"","context":"En &quot;CINTILLO&quot;","block_context":{"text":"CINTILLO","link":"https:\/\/www.grieta.org.mx\/index.php\/category\/cintillo\/"},"img":{"alt_text":"","src":"https:\/\/i0.wp.com\/www.grieta.org.mx\/wp-content\/uploads\/2018\/06\/whatsapp_image_2018-06-07_at_12_09_42_pm.jpeg_539665225.jpeg?resize=350%2C200&ssl=1","width":350,"height":200,"srcset":"https:\/\/i0.wp.com\/www.grieta.org.mx\/wp-content\/uploads\/2018\/06\/whatsapp_image_2018-06-07_at_12_09_42_pm.jpeg_539665225.jpeg?resize=350%2C200&ssl=1 1x, https:\/\/i0.wp.com\/www.grieta.org.mx\/wp-content\/uploads\/2018\/06\/whatsapp_image_2018-06-07_at_12_09_42_pm.jpeg_539665225.jpeg?resize=525%2C300&ssl=1 1.5x"},"classes":[]},{"id":14617,"url":"https:\/\/www.grieta.org.mx\/index.php\/2016\/06\/20\/reportera-de-tamaulipas-muere-a-manos-de-grupo-armado\/","url_meta":{"origin":22444,"position":3},"title":"Reportera de Tamaulipas muere a manos de grupo armado","author":"grieta","date":"20 junio, 2016","format":false,"excerpt":"Victor Cluna\/Somos el Medio Hombres armados que viajaban en otro autom\u00f3vil abrieron fuego en su contra. Lunes 20, junio 2016. Durante las primeras horas de este lunes en Ciudad Victoria, Tamaulipas, la reportera Zamira Esther Bautista fue asesinada a manos de un comando armado, mientras esta se encontraba dentro de\u2026","rel":"","context":"En &quot;CINTILLO&quot;","block_context":{"text":"CINTILLO","link":"https:\/\/www.grieta.org.mx\/index.php\/category\/cintillo\/"},"img":{"alt_text":"","src":"https:\/\/i0.wp.com\/www.grieta.org.mx\/wp-content\/uploads\/2016\/06\/Ataques-prensa.jpg?resize=350%2C200&ssl=1","width":350,"height":200,"srcset":"https:\/\/i0.wp.com\/www.grieta.org.mx\/wp-content\/uploads\/2016\/06\/Ataques-prensa.jpg?resize=350%2C200&ssl=1 1x, https:\/\/i0.wp.com\/www.grieta.org.mx\/wp-content\/uploads\/2016\/06\/Ataques-prensa.jpg?resize=525%2C300&ssl=1 1.5x, https:\/\/i0.wp.com\/www.grieta.org.mx\/wp-content\/uploads\/2016\/06\/Ataques-prensa.jpg?resize=700%2C400&ssl=1 2x"},"classes":[]},{"id":14621,"url":"https:\/\/www.grieta.org.mx\/index.php\/2016\/01\/03\/tamaulipas-con-elevado-indice-de-homicidios-y-desapariciones-de-periodistas\/","url_meta":{"origin":22444,"position":4},"title":"Tamaulipas con elevado \u00edndice de homicidios y desapariciones de periodistas","author":"grieta","date":"3 enero, 2016","format":false,"excerpt":"Redacci\u00f3n\/Todo Noticias Desde el a\u00f1o 2000 a 2015 ocurrieron 20 homicidios y desapariciones de periodistas en Tamaulipas. Ciudad Victoria.- Tamaulipas, despu\u00e9s de Veracruz es la entidad con los m\u00e1s altos \u00edndices de homicidios contra periodistas en el pa\u00eds, seg\u00fan el informe de la Comisi\u00f3n Nacional de Derechos Humano dado a\u2026","rel":"","context":"En &quot;CINTILLO&quot;","block_context":{"text":"CINTILLO","link":"https:\/\/www.grieta.org.mx\/index.php\/category\/cintillo\/"},"img":{"alt_text":"","src":"https:\/\/i0.wp.com\/www.grieta.org.mx\/wp-content\/uploads\/2018\/03\/14524434_1106112876131411_958039263622046936_o.jpg?resize=350%2C200&ssl=1","width":350,"height":200,"srcset":"https:\/\/i0.wp.com\/www.grieta.org.mx\/wp-content\/uploads\/2018\/03\/14524434_1106112876131411_958039263622046936_o.jpg?resize=350%2C200&ssl=1 1x, https:\/\/i0.wp.com\/www.grieta.org.mx\/wp-content\/uploads\/2018\/03\/14524434_1106112876131411_958039263622046936_o.jpg?resize=525%2C300&ssl=1 1.5x, https:\/\/i0.wp.com\/www.grieta.org.mx\/wp-content\/uploads\/2018\/03\/14524434_1106112876131411_958039263622046936_o.jpg?resize=700%2C400&ssl=1 2x"},"classes":[]},{"id":23623,"url":"https:\/\/www.grieta.org.mx\/index.php\/2018\/06\/01\/periodistas-muertos-y-ciudadanos-desaparecidos-complicidad-federal-en-zona-de-silencio-mexicana\/","url_meta":{"origin":22444,"position":5},"title":"Periodistas muertos y ciudadanos desaparecidos: Complicidad federal en &#8220;zona de silencio&#8221; mexicana","author":"grieta","date":"1 junio, 2018","format":false,"excerpt":"Redacci\u00f3n\/RT El asesinato de periodistas y una ola de desapariciones posiblemente provocadas por fuerzas federales evidencian la crisis de violencia que padece el nordeste mexicano. Tamaulipas, uno de los estados m\u00e1s violentos de M\u00e9xico, ha sido declarado por organizaciones internacionales como una \"zona de silencio\" debido a la manera en\u2026","rel":"","context":"En &quot;CINTILLO&quot;","block_context":{"text":"CINTILLO","link":"https:\/\/www.grieta.org.mx\/index.php\/category\/cintillo\/"},"img":{"alt_text":"","src":"https:\/\/i0.wp.com\/www.grieta.org.mx\/wp-content\/uploads\/2018\/06\/5b11677ce9180f7e228b4567.jpg?resize=350%2C200&ssl=1","width":350,"height":200,"srcset":"https:\/\/i0.wp.com\/www.grieta.org.mx\/wp-content\/uploads\/2018\/06\/5b11677ce9180f7e228b4567.jpg?resize=350%2C200&ssl=1 1x, https:\/\/i0.wp.com\/www.grieta.org.mx\/wp-content\/uploads\/2018\/06\/5b11677ce9180f7e228b4567.jpg?resize=525%2C300&ssl=1 1.5x, https:\/\/i0.wp.com\/www.grieta.org.mx\/wp-content\/uploads\/2018\/06\/5b11677ce9180f7e228b4567.jpg?resize=700%2C400&ssl=1 2x"},"classes":[]}],"_links":{"self":[{"href":"https:\/\/www.grieta.org.mx\/index.php\/wp-json\/wp\/v2\/posts\/22444","targetHints":{"allow":["GET"]}}],"collection":[{"href":"https:\/\/www.grieta.org.mx\/index.php\/wp-json\/wp\/v2\/posts"}],"about":[{"href":"https:\/\/www.grieta.org.mx\/index.php\/wp-json\/wp\/v2\/types\/post"}],"author":[{"embeddable":true,"href":"https:\/\/www.grieta.org.mx\/index.php\/wp-json\/wp\/v2\/users\/2"}],"replies":[{"embeddable":true,"href":"https:\/\/www.grieta.org.mx\/index.php\/wp-json\/wp\/v2\/comments?post=22444"}],"version-history":[{"count":1,"href":"https:\/\/www.grieta.org.mx\/index.php\/wp-json\/wp\/v2\/posts\/22444\/revisions"}],"predecessor-version":[{"id":22446,"href":"https:\/\/www.grieta.org.mx\/index.php\/wp-json\/wp\/v2\/posts\/22444\/revisions\/22446"}],"wp:featuredmedia":[{"embeddable":true,"href":"https:\/\/www.grieta.org.mx\/index.php\/wp-json\/wp\/v2\/media\/22445"}],"wp:attachment":[{"href":"https:\/\/www.grieta.org.mx\/index.php\/wp-json\/wp\/v2\/media?parent=22444"}],"wp:term":[{"taxonomy":"category","embeddable":true,"href":"https:\/\/www.grieta.org.mx\/index.php\/wp-json\/wp\/v2\/categories?post=22444"},{"taxonomy":"post_tag","embeddable":true,"href":"https:\/\/www.grieta.org.mx\/index.php\/wp-json\/wp\/v2\/tags?post=22444"}],"curies":[{"name":"wp","href":"https:\/\/api.w.org\/{rel}","templated":true}]}}