{"id":22423,"date":"2018-03-26T17:18:38","date_gmt":"2018-03-26T23:18:38","guid":{"rendered":"http:\/\/www.grieta.org.mx\/?p=22423"},"modified":"2018-04-01T17:28:27","modified_gmt":"2018-04-01T22:28:27","slug":"nuevo-record-de-violencia-en-el-primer-bimestre-del-ano-casi-5-mil-personas-fueron-asesinadas","status":"publish","type":"post","link":"https:\/\/www.grieta.org.mx\/index.php\/2018\/03\/26\/nuevo-record-de-violencia-en-el-primer-bimestre-del-ano-casi-5-mil-personas-fueron-asesinadas\/","title":{"rendered":"Nuevo r\u00e9cord de violencia en el primer bimestre del a\u00f1o: casi 5 mil personas fueron asesinadas"},"content":{"rendered":"<p><img decoding=\"async\" data-attachment-id=\"22424\" data-permalink=\"https:\/\/www.grieta.org.mx\/index.php\/2018\/03\/26\/nuevo-record-de-violencia-en-el-primer-bimestre-del-ano-casi-5-mil-personas-fueron-asesinadas\/violencia-960x500\/\" data-orig-file=\"https:\/\/www.grieta.org.mx\/wp-content\/uploads\/2018\/04\/violencia-960x500.jpg\" data-orig-size=\"960,500\" data-comments-opened=\"0\" data-image-meta=\"{&quot;aperture&quot;:&quot;0&quot;,&quot;credit&quot;:&quot;&quot;,&quot;camera&quot;:&quot;&quot;,&quot;caption&quot;:&quot;&quot;,&quot;created_timestamp&quot;:&quot;0&quot;,&quot;copyright&quot;:&quot;&quot;,&quot;focal_length&quot;:&quot;0&quot;,&quot;iso&quot;:&quot;0&quot;,&quot;shutter_speed&quot;:&quot;0&quot;,&quot;title&quot;:&quot;&quot;,&quot;orientation&quot;:&quot;0&quot;}\" data-image-title=\"violencia-960&amp;#215;500\" data-image-description=\"\" data-image-caption=\"\" data-medium-file=\"https:\/\/www.grieta.org.mx\/wp-content\/uploads\/2018\/04\/violencia-960x500-300x156.jpg\" data-large-file=\"https:\/\/www.grieta.org.mx\/wp-content\/uploads\/2018\/04\/violencia-960x500.jpg\" src=\"http:\/\/www.grieta.org.mx\/wp-content\/uploads\/2018\/04\/violencia-960x500.jpg\" alt=\"\" width=\"100%\" class=\"aligncenter size-full wp-image-22424\" srcset=\"https:\/\/www.grieta.org.mx\/wp-content\/uploads\/2018\/04\/violencia-960x500.jpg 960w, https:\/\/www.grieta.org.mx\/wp-content\/uploads\/2018\/04\/violencia-960x500-300x156.jpg 300w, https:\/\/www.grieta.org.mx\/wp-content\/uploads\/2018\/04\/violencia-960x500-768x400.jpg 768w\" sizes=\"(max-width: 960px) 100vw, 960px\" \/><\/p>\n<p>Arturo Angel (@arturoangel20)<\/p>\n<blockquote><p>En enero y febrero de este a\u00f1o, en promedio fueron asesinadas 84 personas al d\u00eda; se tuvo la tasa m\u00e1s alta de feminicidios de los \u00faltimos cuatro a\u00f1os.<\/p><\/blockquote>\n<p>La tendencia al alza de los homicidios y feminicidios en M\u00e9xico no se detiene.<\/p>\n<p>El primer bimestre de 2018 registr\u00f3 una tasa de 3.37 asesinatos por cada cien mil habitantes en M\u00e9xico, mayor que la reportada en el mismo periodo del a\u00f1o pasado, y la m\u00e1s alta de la que se tenga registro para los dos primeros meses de un a\u00f1o.<\/p>\n<p>Adem\u00e1s en enero y febrero tambi\u00e9n se present\u00f3 la tasa m\u00e1s alta de feminicidios de los \u00faltimos cuatro a\u00f1os.<\/p>\n<p>Los datos actualizados de incidencia delictiva del Secretariado Ejecutivo del Sistema Nacional de Seguridad P\u00fablica arrojan que en febrero de 2018 fueron asesinadas dos mil 389 personas.<\/p>\n<p>Es el mes de febrero m\u00e1s violento en materia de homicidios dolosos, de las \u00faltimas dos d\u00e9cadas.<\/p>\n<p>Con lo anterior, la suma de v\u00edctimas de homicidio en el primer bimestre del a\u00f1o llega a cuatro mil 937 personas. Dichos casos corresponden a 4 mil 206 carpetas de investigaci\u00f3n por este delito, equivalentes a una tasa de 3.37 casos por cada cien mil personas.<\/p>\n<p>Si comparamos dicha tasa con la del primer bimestre de 2017 (3.05 homicidios por cada cien mil personas), se trata de un incremento del 10.4 por ciento de los asesinatos, tan solo de un a\u00f1o a otro.<\/p>\n<p>Y si observamos que en el primer a\u00f1o del actual sexenio (2013) la tasa de homicidios que arroj\u00f3 el primer bimestre fue de 2.47 casos, significa que a lo largo de la administraci\u00f3n del presidente Enrique Pe\u00f1a Nieto los homicidios dolosos en el pa\u00eds registran un incremento acumulado del 36.4 por ciento.<\/p>\n<p>El n\u00famero total de homicidios dolosos registrados en enero y febrero de este a\u00f1o equivale a que cada 24 horas en M\u00e9xico fueron asesinadas 84 personas, o lo que es lo mismo, cada hora se registraron entre tres y cuatro homicidios.<\/p>\n<p>\u00bfCu\u00e1les son los estados con el mayor n\u00famero de asesinatos en el primer bimestre de 2018?<br \/>\nEl primer lugar corresponde a Colima con una tasa de 14.08 homicidios por cada cien mil habitantes.<\/p>\n<p>Para ponerlo en proporci\u00f3n, dicha tasa es casi cinco veces mayor que el promedio nacional de asesinatos.<\/p>\n<p>En segundo sitio se ubica Baja California con una tasa de 10.9 homicidios dolosos, y luego Guerrero con 10.12<\/p>\n<p>Le sigue Baja California Sur con una tasa de 6.36 homicidios dolosos por cien mil habitantes, Morelos con una tasa de 6.14 homicidios dolosos, Chihuahua con 6.13 asesinatos y Guanajuato con 5.51 asesinatos.<\/p>\n<p>Feminicidios, tambi\u00e9n al alza<br \/>\nLos feminicidios en el primer bimestre de 2018 tambi\u00e9n se incrementaron. De acuerdo con los datos oficiales, en enero y febrero se iniciaron 122 carpetas de investigaci\u00f3n por este delito grave en el pa\u00eds, lo que equivale a una tasa de 0.20 feminicidios por cada cien mil mujeres.Un incremento del 25 por ciento en este delito respecto al a\u00f1o pasado.<\/p>\n<p>La nueva estad\u00edstica del Secretariado Ejecutivo permite conocer los casos iniciados por el delito de feminicidio desde 2015 y, lo que se advierte, es una tendencia al alza.<\/p>\n<p>Mientras que en el primer bimestres 2015 la tasa fue de 0.09 por cada cien mil mujeres, en el mismo lapso de 2016 la tasa fue de 0.13 casos, en 2017 lleg\u00f3 a 0.16 casos, y en 2018 a 0.20 casos. Es un incremento en cuatro a\u00f1os del 122 por ciento.<\/p>\n<p>Los estados con las tasas m\u00e1s altas de feminicidio en el primer bimestre de este a\u00f1o fueron Zacatecas, Guerrero, Nuevo Le\u00f3n y Sinaloa.<\/p>\n<p><a href=\"https:\/\/www.animalpolitico.com\/2018\/03\/nuevo-record-de-violencia-en-el-primer-bimestre-del-ano-casi-5-mil-personas-fueron-asesinadas\/\">https:\/\/www.animalpolitico.com\/2018\/03\/nuevo-record-de-violencia-en-el-primer-bimestre-del-ano-casi-5-mil-personas-fueron-asesinadas\/<\/a><\/p>\n","protected":false},"excerpt":{"rendered":"<p>Arturo Angel (@arturoangel20) En enero y febrero de este a\u00f1o, en promedio fueron asesinadas 84 personas al d\u00eda; se tuvo la tasa m\u00e1s alta de feminicidios de los \u00faltimos cuatro &hellip; <a href=\"https:\/\/www.grieta.org.mx\/index.php\/2018\/03\/26\/nuevo-record-de-violencia-en-el-primer-bimestre-del-ano-casi-5-mil-personas-fueron-asesinadas\/\" class=\"more-link\">Leer m\u00e1s<\/a><\/p>\n","protected":false},"author":2,"featured_media":22424,"comment_status":"closed","ping_status":"closed","sticky":false,"template":"","format":"standard","meta":{"ngg_post_thumbnail":0,"_jetpack_newsletter_access":"","_jetpack_dont_email_post_to_subs":false,"_jetpack_newsletter_tier_id":0,"_jetpack_memberships_contains_paywalled_content":false,"_jetpack_memberships_contains_paid_content":false,"footnotes":""},"categories":[5,10,80,13,1130,1131,1132,18,1128,1126,2,24,30,1127,1129],"tags":[81,860,1133],"class_list":["post-22423","post","type-post","status-publish","format-standard","has-post-thumbnail","hentry","category-baja-california","category-baja-california-sur","category-cintillo","category-colima","category-feminicidios-en-guerrero","category-feminicidios-en-nuevo-leon","category-feminicidios-en-sinaloa","category-guerrero","category-incremento-en-la-violencia-en-guerrero","category-incremento-en-la-violencia-en-colima","category-noticias-nacionales","category-nuevo-leon","category-sinaloa","category-violencia-e-inseguridad-en-baja-california","category-violencia-e-inseguridad-en-baja-california-sur","tag-feminicidios","tag-homicidios-dolosos","tag-incremento-en-la-violencia","entry"],"jetpack_featured_media_url":"https:\/\/www.grieta.org.mx\/wp-content\/uploads\/2018\/04\/violencia-960x500.jpg","jetpack_sharing_enabled":true,"jetpack_shortlink":"https:\/\/wp.me\/p7ZJR4-5PF","jetpack_likes_enabled":false,"jetpack-related-posts":[{"id":21906,"url":"https:\/\/www.grieta.org.mx\/index.php\/2018\/02\/26\/colima-y-guerrero-encabezaron-incidencia-de-homicidios-de-mujeres-en-enero-snsp\/","url_meta":{"origin":22423,"position":0},"title":"Colima y Guerrero encabezaron incidencia de homicidios de mujeres en enero: SNSP","author":"grieta","date":"26 febrero, 2018","format":false,"excerpt":"POR PEDRO ZAMORA BRISE\u00d1O COLIMA, Col. (apro).- Durante el pasado mes de enero, los estados de Colima y Guerrero encabezaron la incidencia de homicidios dolosos de mujeres en el pa\u00eds, de acuerdo con el documento \u201cInformaci\u00f3n delictiva y de emergencias con perspectiva de g\u00e9nero\u201d, dado a conocer por el Secretariado\u2026","rel":"","context":"En &quot;CINTILLO&quot;","block_context":{"text":"CINTILLO","link":"https:\/\/www.grieta.org.mx\/index.php\/category\/cintillo\/"},"img":{"alt_text":"","src":"https:\/\/i0.wp.com\/www.grieta.org.mx\/wp-content\/uploads\/2018\/03\/51a9ac4132ba093e3b-160630_ejecutado_jlc-C-702x468.jpg?resize=350%2C200&ssl=1","width":350,"height":200,"srcset":"https:\/\/i0.wp.com\/www.grieta.org.mx\/wp-content\/uploads\/2018\/03\/51a9ac4132ba093e3b-160630_ejecutado_jlc-C-702x468.jpg?resize=350%2C200&ssl=1 1x, https:\/\/i0.wp.com\/www.grieta.org.mx\/wp-content\/uploads\/2018\/03\/51a9ac4132ba093e3b-160630_ejecutado_jlc-C-702x468.jpg?resize=525%2C300&ssl=1 1.5x, https:\/\/i0.wp.com\/www.grieta.org.mx\/wp-content\/uploads\/2018\/03\/51a9ac4132ba093e3b-160630_ejecutado_jlc-C-702x468.jpg?resize=700%2C400&ssl=1 2x"},"classes":[]},{"id":43553,"url":"https:\/\/www.grieta.org.mx\/index.php\/2020\/01\/21\/colima-mantiene-el-primer-lugar-nacional-en-tasa-de-homicidios\/","url_meta":{"origin":22423,"position":1},"title":"Colima mantiene el primer lugar nacional en tasa de homicidios","author":"grieta","date":"21 enero, 2020","format":false,"excerpt":"Foto: Twiter @gobiernocolima Pedro Zamora Brise\u00f1o \/ Proceso COLIMA, Col. (apro).- Con una tasa de 85.4 asesinatos por cada cien mil habitantes en 2019, la entidad se coloc\u00f3 por cuarto a\u00f1o consecutivo en el primer lugar nacional de la incidencia de ese delito desde el punto de vista proporcional, de\u2026","rel":"","context":"En &quot;CINTILLO&quot;","block_context":{"text":"CINTILLO","link":"https:\/\/www.grieta.org.mx\/index.php\/category\/cintillo\/"},"img":{"alt_text":"","src":"https:\/\/i0.wp.com\/www.grieta.org.mx\/wp-content\/uploads\/2020\/01\/Colima-OK-870x522.jpg?resize=350%2C200&ssl=1","width":350,"height":200,"srcset":"https:\/\/i0.wp.com\/www.grieta.org.mx\/wp-content\/uploads\/2020\/01\/Colima-OK-870x522.jpg?resize=350%2C200&ssl=1 1x, https:\/\/i0.wp.com\/www.grieta.org.mx\/wp-content\/uploads\/2020\/01\/Colima-OK-870x522.jpg?resize=525%2C300&ssl=1 1.5x, https:\/\/i0.wp.com\/www.grieta.org.mx\/wp-content\/uploads\/2020\/01\/Colima-OK-870x522.jpg?resize=700%2C400&ssl=1 2x"},"classes":[]},{"id":23476,"url":"https:\/\/www.grieta.org.mx\/index.php\/2018\/05\/29\/colima-ya-ocupa-el-primer-lugar-en-asesinatos-de-mujeres-alerta-el-snsp\/","url_meta":{"origin":22423,"position":2},"title":"Colima ya ocupa el primer lugar en asesinatos de mujeres, alerta el SNSP","author":"grieta","date":"29 mayo, 2018","format":false,"excerpt":"POR PEDRO ZAMORA BRISE\u00d1O COLIMA, Col. (apro).- En el primer tercio del a\u00f1o, esta entidad ocup\u00f3 el primer lugar nacional en asesinatos de mujeres, tanto en los catalogados como homicidios dolosos y los reconocidos como feminicidios, de acuerdo con las cifras del Secretariado Ejecutivo del Sistema Nacional de Seguridad P\u00fablica\u2026","rel":"","context":"En &quot;CINTILLO&quot;","block_context":{"text":"CINTILLO","link":"https:\/\/www.grieta.org.mx\/index.php\/category\/cintillo\/"},"img":{"alt_text":"","src":"https:\/\/i0.wp.com\/www.grieta.org.mx\/wp-content\/uploads\/2018\/06\/Cifras-Pedro-Zamora-702x432.jpg?resize=350%2C200&ssl=1","width":350,"height":200,"srcset":"https:\/\/i0.wp.com\/www.grieta.org.mx\/wp-content\/uploads\/2018\/06\/Cifras-Pedro-Zamora-702x432.jpg?resize=350%2C200&ssl=1 1x, https:\/\/i0.wp.com\/www.grieta.org.mx\/wp-content\/uploads\/2018\/06\/Cifras-Pedro-Zamora-702x432.jpg?resize=525%2C300&ssl=1 1.5x, https:\/\/i0.wp.com\/www.grieta.org.mx\/wp-content\/uploads\/2018\/06\/Cifras-Pedro-Zamora-702x432.jpg?resize=700%2C400&ssl=1 2x"},"classes":[]},{"id":47174,"url":"https:\/\/www.grieta.org.mx\/index.php\/2020\/03\/29\/continuan-al-alza-los-asesinatos-de-mujeres-en-colima\/","url_meta":{"origin":22423,"position":3},"title":"Contin\u00faan al alza los asesinatos de mujeres en Colima","author":"grieta","date":"29 marzo, 2020","format":false,"excerpt":"Foto: Diario Avanzada Redacci\u00f3n \/ Diario Avanzada Colima, M\u00e9xico, Avanzada (29\/03\/2020).- Con 18 asesinatos de mujeres tan s\u00f3lo en el primer bimestre de 2020, el estado de Colima se mantiene en el primer lugar nacional en la incidencia de este delito, con una tasa de 3.8 casos por cada cien\u2026","rel":"","context":"En &quot;CINTILLO&quot;","block_context":{"text":"CINTILLO","link":"https:\/\/www.grieta.org.mx\/index.php\/category\/cintillo\/"},"img":{"alt_text":"","src":"https:\/\/i0.wp.com\/www.grieta.org.mx\/wp-content\/uploads\/2020\/04\/Mujer.jpg?resize=350%2C200&ssl=1","width":350,"height":200,"srcset":"https:\/\/i0.wp.com\/www.grieta.org.mx\/wp-content\/uploads\/2020\/04\/Mujer.jpg?resize=350%2C200&ssl=1 1x, https:\/\/i0.wp.com\/www.grieta.org.mx\/wp-content\/uploads\/2020\/04\/Mujer.jpg?resize=525%2C300&ssl=1 1.5x, https:\/\/i0.wp.com\/www.grieta.org.mx\/wp-content\/uploads\/2020\/04\/Mujer.jpg?resize=700%2C400&ssl=1 2x"},"classes":[]},{"id":57712,"url":"https:\/\/www.grieta.org.mx\/index.php\/2021\/03\/08\/fracasa-la-proteccion-de-las-mujeres-en-colima-feminicidios-violencia-y-hostigamiento-sexual-colima\/","url_meta":{"origin":22423,"position":4},"title":"Fracasa la protecci\u00f3n de las mujeres en Colima; feminicidios, violencia y hostigamiento sexual (Colima)","author":"grieta","date":"8 marzo, 2021","format":false,"excerpt":"Foto: Diario Avanzada Heidi de Le\u00f3n Guti\u00e9rrez \/ Diario Avanzada Colima, M\u00e9xico, Avanzada (08\/03\/2021).- En Colima,\u00a0las mujeres no est\u00e1n seguras ni en su casa ni en la calle. Los datos del Secretariado Ejecutivo del Sistema Nacional de Seguridad, ubican a esta entidad con la tasa m\u00e1s alta del pa\u00eds en\u2026","rel":"","context":"En &quot;CINTILLO&quot;","block_context":{"text":"CINTILLO","link":"https:\/\/www.grieta.org.mx\/index.php\/category\/cintillo\/"},"img":{"alt_text":"","src":"https:\/\/i0.wp.com\/www.grieta.org.mx\/wp-content\/uploads\/2021\/03\/Mujer.jpg?resize=350%2C200&ssl=1","width":350,"height":200,"srcset":"https:\/\/i0.wp.com\/www.grieta.org.mx\/wp-content\/uploads\/2021\/03\/Mujer.jpg?resize=350%2C200&ssl=1 1x, https:\/\/i0.wp.com\/www.grieta.org.mx\/wp-content\/uploads\/2021\/03\/Mujer.jpg?resize=525%2C300&ssl=1 1.5x, https:\/\/i0.wp.com\/www.grieta.org.mx\/wp-content\/uploads\/2021\/03\/Mujer.jpg?resize=700%2C400&ssl=1 2x"},"classes":[]},{"id":41717,"url":"https:\/\/www.grieta.org.mx\/index.php\/2019\/11\/27\/veracruz-morelos-y-nuevo-leon-los-estados-con-las-tasas-mas-altas-de-feminicidio\/","url_meta":{"origin":22423,"position":5},"title":"Veracruz, Morelos y Nuevo Le\u00f3n, los estados con las tasas m\u00e1s altas de feminicidio","author":"grieta","date":"27 noviembre, 2019","format":false,"excerpt":"Los casos acumulados en lo que va de 2019 por cada 100 mil habitantes ya igualan a la tasa de 2018. Hallazgos \u00cdndice GLAC\/ ANIMAL POL\u00cdTICO Entre diciembre de 2018 y octubre de 2019 fueron asesinadas 907 mujeres, seg\u00fan los datos m\u00e1s recientes del Sistema Nacional de Seguridad P\u00fablica (SNSP)\u2026","rel":"","context":"En &quot;CINTILLO&quot;","block_context":{"text":"CINTILLO","link":"https:\/\/www.grieta.org.mx\/index.php\/category\/cintillo\/"},"img":{"alt_text":"","src":"https:\/\/i0.wp.com\/www.grieta.org.mx\/wp-content\/uploads\/2019\/12\/Su-lema.jpg?resize=350%2C200&ssl=1","width":350,"height":200,"srcset":"https:\/\/i0.wp.com\/www.grieta.org.mx\/wp-content\/uploads\/2019\/12\/Su-lema.jpg?resize=350%2C200&ssl=1 1x, https:\/\/i0.wp.com\/www.grieta.org.mx\/wp-content\/uploads\/2019\/12\/Su-lema.jpg?resize=525%2C300&ssl=1 1.5x, https:\/\/i0.wp.com\/www.grieta.org.mx\/wp-content\/uploads\/2019\/12\/Su-lema.jpg?resize=700%2C400&ssl=1 2x, https:\/\/i0.wp.com\/www.grieta.org.mx\/wp-content\/uploads\/2019\/12\/Su-lema.jpg?resize=1050%2C600&ssl=1 3x, https:\/\/i0.wp.com\/www.grieta.org.mx\/wp-content\/uploads\/2019\/12\/Su-lema.jpg?resize=1400%2C800&ssl=1 4x"},"classes":[]}],"_links":{"self":[{"href":"https:\/\/www.grieta.org.mx\/index.php\/wp-json\/wp\/v2\/posts\/22423","targetHints":{"allow":["GET"]}}],"collection":[{"href":"https:\/\/www.grieta.org.mx\/index.php\/wp-json\/wp\/v2\/posts"}],"about":[{"href":"https:\/\/www.grieta.org.mx\/index.php\/wp-json\/wp\/v2\/types\/post"}],"author":[{"embeddable":true,"href":"https:\/\/www.grieta.org.mx\/index.php\/wp-json\/wp\/v2\/users\/2"}],"replies":[{"embeddable":true,"href":"https:\/\/www.grieta.org.mx\/index.php\/wp-json\/wp\/v2\/comments?post=22423"}],"version-history":[{"count":1,"href":"https:\/\/www.grieta.org.mx\/index.php\/wp-json\/wp\/v2\/posts\/22423\/revisions"}],"predecessor-version":[{"id":22425,"href":"https:\/\/www.grieta.org.mx\/index.php\/wp-json\/wp\/v2\/posts\/22423\/revisions\/22425"}],"wp:featuredmedia":[{"embeddable":true,"href":"https:\/\/www.grieta.org.mx\/index.php\/wp-json\/wp\/v2\/media\/22424"}],"wp:attachment":[{"href":"https:\/\/www.grieta.org.mx\/index.php\/wp-json\/wp\/v2\/media?parent=22423"}],"wp:term":[{"taxonomy":"category","embeddable":true,"href":"https:\/\/www.grieta.org.mx\/index.php\/wp-json\/wp\/v2\/categories?post=22423"},{"taxonomy":"post_tag","embeddable":true,"href":"https:\/\/www.grieta.org.mx\/index.php\/wp-json\/wp\/v2\/tags?post=22423"}],"curies":[{"name":"wp","href":"https:\/\/api.w.org\/{rel}","templated":true}]}}