{"id":2241,"date":"2015-09-15T23:51:44","date_gmt":"2015-09-15T23:51:44","guid":{"rendered":"http:\/\/50.22.11.12\/~grietaor\/?p=2241"},"modified":"2016-03-11T23:55:20","modified_gmt":"2016-03-11T23:55:20","slug":"responsable-de-caso-news-divine-nuevo-director-de-seguridad-en-campeche","status":"publish","type":"post","link":"https:\/\/www.grieta.org.mx\/index.php\/2015\/09\/15\/responsable-de-caso-news-divine-nuevo-director-de-seguridad-en-campeche\/","title":{"rendered":"Responsable de caso New\u2019s Divine nuevo Director de Seguridad en Campeche"},"content":{"rendered":"<p>\u201cCon este nombramiento los padres denunciaron que no hay justicia en M\u00e9xico\u201d<br \/>\npor Perseo Greco<br \/>\nSeptiembre 15, 2015<br \/>\nEn conferencia madres y padres de los j\u00f3venes que fallecieron en el operativo en la discoteca New\u2019s Divine manifestaron su inconformidad en contra del nombramiento de Guillermo Zayas Gonzales en Ciudad del Carmen, Campeche como Director Municipal de Seguridad P\u00fablica.<\/p>\n<p>El 20 de junio de 2008 fallecieron nueve j\u00f3venes, dos polic\u00edas preventivos y un polic\u00eda judicial en la discoteca New\u00b4s Divine en un operativo policiaco para detectar la supuesta venta de alcohol y droga a j\u00f3venes menores de edad. Ete operativo fue dirigido por el Jefe de la Regi\u00f3n Norte de la Secretar\u00eda de Seguridad P\u00fablica y responsable del programa Unipol Guillermo Zayas Gonzales.<\/p>\n<p>Con este nuevo nombramiento los padres y familiares de los j\u00f3venes manifestaron su inconformidad ante la injusticia que se vive en M\u00e9xico, ya que \u201cZayas a\u00fan est\u00e1 en un proceso Judicial por la muerte de nueve j\u00f3venes\u201d por este caso.<\/p>\n<p>A siete a\u00f1os de los hechos no se a obtenido justicia, no se le ha podido establecer elementos para procesarlo adecuadamente a Zayas y a 11 polic\u00edas m\u00e1s que fueron exonerados de toda acusaci\u00f3n por parte de la Suprema Corte de Justicia de la Naci\u00f3n.<\/p>\n<p>\u201cZayas no est\u00e1 siendo juzgado ni procesado de estos delitos, ni siquiera se ha entrado completamente al fondo de esta investigaci\u00f3n en el caso New\u2019s Divine, ya que con (en) este nombramiento no hay ni una \u00e9tica ni una moral de los que pueden contratarlo a sabiendas que est\u00e1n enterados de un proceso judicial en su contra\u201d, coment\u00f3 la Licenciada Claudia Cruz del Instituto de Acci\u00f3n Ciudadana para la Justicia y la Democracia A.C.<\/p>\n<p>Los familiares de las v\u00edctimas manifestaron su gran preocupaci\u00f3n por este nuevo nombramiento y se mencion\u00f3 que \u201cla ciudadan\u00eda de Campeche no puede permitir que personas as\u00ed tengan puestos, con autoridad absoluta para poder ejercer leyes si sus representantes no las respetan\u201d.<\/p>\n<p>Rub\u00e9n Tapia padre de Isis fallecida por el operativo policiaco hizo un llamado al presidente del Partido Acci\u00f3n Nacional en Ciudad del Carmen, Campeche para que no contrate a Guillermo Zayas ya que aun est\u00e1 siendo procesado en el Distrito Federal, tambi\u00e9n realiz\u00f3 un llamado a la Suprema Corte de Justicia para que avance y se lleve acabo la adecuada sanci\u00f3n para todos los involucrados en estas muertes y que al pasar por alto lo argumentado se pone de manifiesto que estos hechos se vuelvan a registra en Campeche.<\/p>\n<p>Por \u00faltimo, se denunci\u00f3 la manipulaci\u00f3n y edici\u00f3n con cortes de las grabaciones en audio y videos que captaron los hechos la tarde del \u201coperativo fallido\u201d en el New\u00b4s Divine. Tambi\u00e9n se inform\u00f3 y denunci\u00f3 en\u00e9rgicamente que hasta el d\u00eda de hoy los familiares no han tomado ni negociado suma alguna para reparar da\u00f1os materiales y las cifras que se han mencionado son falsas ya que los familiares no piden suma alguna si no justicia.<\/p>\n<p><a href=\"http:\/\/www.somoselmedio.org\/article\/responsable-de-caso-news-divine-nuevo-director-de-seguridad-en-campeche\" target=\"_blank\">www.somoselmedio.org\/article\/responsable-de-caso-news-divine-nuevo-director-de-seguridad-en-campeche<\/a><\/p>\n","protected":false},"excerpt":{"rendered":"<p>\u201cCon este nombramiento los padres denunciaron que no hay justicia en M\u00e9xico\u201d por Perseo Greco Septiembre 15, 2015 En conferencia madres y padres de los j\u00f3venes que fallecieron en el &hellip; <a href=\"https:\/\/www.grieta.org.mx\/index.php\/2015\/09\/15\/responsable-de-caso-news-divine-nuevo-director-de-seguridad-en-campeche\/\" class=\"more-link\">Leer m\u00e1s<\/a><\/p>\n","protected":false},"author":2,"featured_media":21928,"comment_status":"closed","ping_status":"open","sticky":false,"template":"","format":"standard","meta":{"ngg_post_thumbnail":0,"_jetpack_newsletter_access":"","_jetpack_dont_email_post_to_subs":false,"_jetpack_newsletter_tier_id":0,"_jetpack_memberships_contains_paywalled_content":false,"_jetpack_memberships_contains_paid_content":false,"footnotes":""},"categories":[123,80],"tags":[247,246],"class_list":["post-2241","post","type-post","status-publish","format-standard","has-post-thumbnail","hentry","category-campeche","category-cintillo","tag-news-divine","tag-policia","entry"],"jetpack_featured_media_url":"https:\/\/www.grieta.org.mx\/wp-content\/uploads\/2018\/03\/14524434_1106112876131411_958039263622046936_o.jpg","jetpack_sharing_enabled":true,"jetpack_shortlink":"https:\/\/wp.me\/p7ZJR4-A9","jetpack_likes_enabled":false,"jetpack-related-posts":[{"id":2237,"url":"https:\/\/www.grieta.org.mx\/index.php\/2016\/01\/28\/familiares-de-victimas-exigen-destituir-de-policia-al-responsable-del-caso-news-divine-en-campeche\/","url_meta":{"origin":2241,"position":0},"title":"Familiares de v\u00edctimas exigen destituir de polic\u00eda al responsable del caso News Divine en Campeche.","author":"grieta","date":"28 enero, 2016","format":false,"excerpt":"28\/01\/16. Zayas desiste de amparo por el caso News DivineTribuna 07\/10\/15. Piden cesar a mando ligado a News DivinePeri\u00f3dico Z\u00f3calo 15\/09\/15. Responsable de caso New's Divine nuevo Director de Seguridad en CampecheSomos el medio 09\/09\/15. Guillermo Zayas, procesado por el caso News Divine, ser\u00e1 director de la polic\u00eda en municipio\u2026","rel":"","context":"En &quot;Campeche&quot;","block_context":{"text":"Campeche","link":"https:\/\/www.grieta.org.mx\/index.php\/category\/noticias-nacionales\/campeche\/"},"img":{"alt_text":"","src":"https:\/\/i0.wp.com\/www.grieta.org.mx\/wp-content\/uploads\/2018\/03\/14524434_1106112876131411_958039263622046936_o.jpg?resize=350%2C200&ssl=1","width":350,"height":200,"srcset":"https:\/\/i0.wp.com\/www.grieta.org.mx\/wp-content\/uploads\/2018\/03\/14524434_1106112876131411_958039263622046936_o.jpg?resize=350%2C200&ssl=1 1x, https:\/\/i0.wp.com\/www.grieta.org.mx\/wp-content\/uploads\/2018\/03\/14524434_1106112876131411_958039263622046936_o.jpg?resize=525%2C300&ssl=1 1.5x, https:\/\/i0.wp.com\/www.grieta.org.mx\/wp-content\/uploads\/2018\/03\/14524434_1106112876131411_958039263622046936_o.jpg?resize=700%2C400&ssl=1 2x"},"classes":[]},{"id":2243,"url":"https:\/\/www.grieta.org.mx\/index.php\/2015\/09\/09\/guillermo-zayas-procesado-por-el-caso-news-divine-sera-director-de-la-policia-en-municipio-de-campeche\/","url_meta":{"origin":2241,"position":1},"title":"Guillermo Zayas, procesado por el caso News Divine, ser\u00e1 director de la polic\u00eda en municipio de Campeche","author":"grieta","date":"9 septiembre, 2015","format":false,"excerpt":"En 2008, Guillermo Zayas era jefe del programa de Mando \u00danico Policial (Unipol) en la delegaci\u00f3n Gustavo A. Madero. El 20 de junio de ese a\u00f1o fue el encargado de organizar el operativo en el News Divine, el cual dej\u00f3 un saldo de nueve j\u00f3venes y tres polic\u00edas fallecidos. En\u2026","rel":"","context":"En &quot;campeche&quot;","block_context":{"text":"campeche","link":"https:\/\/www.grieta.org.mx\/index.php\/category\/campeche\/"},"img":{"alt_text":"","src":"https:\/\/i0.wp.com\/www.grieta.org.mx\/wp-content\/uploads\/2018\/03\/14524434_1106112876131411_958039263622046936_o.jpg?resize=350%2C200&ssl=1","width":350,"height":200,"srcset":"https:\/\/i0.wp.com\/www.grieta.org.mx\/wp-content\/uploads\/2018\/03\/14524434_1106112876131411_958039263622046936_o.jpg?resize=350%2C200&ssl=1 1x, https:\/\/i0.wp.com\/www.grieta.org.mx\/wp-content\/uploads\/2018\/03\/14524434_1106112876131411_958039263622046936_o.jpg?resize=525%2C300&ssl=1 1.5x, https:\/\/i0.wp.com\/www.grieta.org.mx\/wp-content\/uploads\/2018\/03\/14524434_1106112876131411_958039263622046936_o.jpg?resize=700%2C400&ssl=1 2x"},"classes":[]},{"id":2236,"url":"https:\/\/www.grieta.org.mx\/index.php\/2016\/01\/28\/zayas-desiste-de-amparo-por-el-caso-news-divine\/","url_meta":{"origin":2241,"position":2},"title":"Zayas desiste de amparo por el caso News Divine","author":"grieta","date":"28 enero, 2016","format":false,"excerpt":"M\u00c9XICO, DF.\u2014 El director de la Polic\u00eda Municipal, Guillermo Zayas Gonz\u00e1lez que se encuentra bajo proceso por el caso News Divine, desisti\u00f3 de \u00faltimo momento solicitar un amparo que iba ser discutido por la Suprema Corte de Justicia de la Naci\u00f3n (SCJN). Con ello se reactiv\u00f3 el proceso penal en\u2026","rel":"","context":"En &quot;campeche&quot;","block_context":{"text":"campeche","link":"https:\/\/www.grieta.org.mx\/index.php\/category\/campeche\/"},"img":{"alt_text":"","src":"https:\/\/i0.wp.com\/www.grieta.org.mx\/wp-content\/uploads\/2018\/03\/14524434_1106112876131411_958039263622046936_o.jpg?resize=350%2C200&ssl=1","width":350,"height":200,"srcset":"https:\/\/i0.wp.com\/www.grieta.org.mx\/wp-content\/uploads\/2018\/03\/14524434_1106112876131411_958039263622046936_o.jpg?resize=350%2C200&ssl=1 1x, https:\/\/i0.wp.com\/www.grieta.org.mx\/wp-content\/uploads\/2018\/03\/14524434_1106112876131411_958039263622046936_o.jpg?resize=525%2C300&ssl=1 1.5x, https:\/\/i0.wp.com\/www.grieta.org.mx\/wp-content\/uploads\/2018\/03\/14524434_1106112876131411_958039263622046936_o.jpg?resize=700%2C400&ssl=1 2x"},"classes":[]},{"id":2239,"url":"https:\/\/www.grieta.org.mx\/index.php\/2015\/10\/07\/piden-cesar-a-mando-ligado-a-news-divine\/","url_meta":{"origin":2241,"position":3},"title":"Piden cesar a mando ligado a News Divine","author":"grieta","date":"7 octubre, 2015","format":false,"excerpt":"Familiares de personas fallecidas en la tragedia del News Divine demandaron al Alcalde Pablo Guti\u00e9rrez Lazarus que reconsidere el nombramiento de Guillermo Zayas Gonz\u00e1lez como titular de la Direcci\u00f3n de Seguridad P\u00fablica, Vialidad y Tr\u00e1nsito Municipal de Carmen. Al interceptar al Edil panista en el \u201cMi\u00e9rcoles Ciudadano\u201d, argumentaron que el\u2026","rel":"","context":"En &quot;campeche&quot;","block_context":{"text":"campeche","link":"https:\/\/www.grieta.org.mx\/index.php\/category\/campeche\/"},"img":{"alt_text":"","src":"https:\/\/i0.wp.com\/www.grieta.org.mx\/wp-content\/uploads\/2018\/03\/14524434_1106112876131411_958039263622046936_o.jpg?resize=350%2C200&ssl=1","width":350,"height":200,"srcset":"https:\/\/i0.wp.com\/www.grieta.org.mx\/wp-content\/uploads\/2018\/03\/14524434_1106112876131411_958039263622046936_o.jpg?resize=350%2C200&ssl=1 1x, https:\/\/i0.wp.com\/www.grieta.org.mx\/wp-content\/uploads\/2018\/03\/14524434_1106112876131411_958039263622046936_o.jpg?resize=525%2C300&ssl=1 1.5x, https:\/\/i0.wp.com\/www.grieta.org.mx\/wp-content\/uploads\/2018\/03\/14524434_1106112876131411_958039263622046936_o.jpg?resize=700%2C400&ssl=1 2x"},"classes":[]},{"id":1479,"url":"https:\/\/www.grieta.org.mx\/index.php\/2015\/07\/19\/refuerzan-seguridad-en-campeche-por-alerta-nacional\/","url_meta":{"origin":2241,"position":4},"title":"Refuerzan seguridad en Campeche por alerta nacional","author":"grieta","date":"19 julio, 2015","format":false,"excerpt":"CAMPECHE.- Ante la emisi\u00f3n de la alerta nacional, el Consejo de Seguridad P\u00fablica (CESP) de Campeche reforz\u00f3 la seguridad el territorio estatal con efectivos militares, agentes de la Polic\u00eda Federal y de la Polic\u00eda Estatal con retenes principalmente en los municipios de la zona Sur, debido a los recientes acontecimientos\u2026","rel":"","context":"En &quot;campeche&quot;","block_context":{"text":"campeche","link":"https:\/\/www.grieta.org.mx\/index.php\/category\/campeche\/"},"img":{"alt_text":"","src":"https:\/\/i0.wp.com\/www.grieta.org.mx\/wp-content\/uploads\/2018\/03\/14524434_1106112876131411_958039263622046936_o.jpg?resize=350%2C200&ssl=1","width":350,"height":200,"srcset":"https:\/\/i0.wp.com\/www.grieta.org.mx\/wp-content\/uploads\/2018\/03\/14524434_1106112876131411_958039263622046936_o.jpg?resize=350%2C200&ssl=1 1x, https:\/\/i0.wp.com\/www.grieta.org.mx\/wp-content\/uploads\/2018\/03\/14524434_1106112876131411_958039263622046936_o.jpg?resize=525%2C300&ssl=1 1.5x, https:\/\/i0.wp.com\/www.grieta.org.mx\/wp-content\/uploads\/2018\/03\/14524434_1106112876131411_958039263622046936_o.jpg?resize=700%2C400&ssl=1 2x"},"classes":[]},{"id":25567,"url":"https:\/\/www.grieta.org.mx\/index.php\/2018\/08\/15\/amenazan-con-cerrar-escuela-rural-campeche\/","url_meta":{"origin":2241,"position":5},"title":"Amenazan con cerrar escuela rural (Campeche)","author":"grieta","date":"15 agosto, 2018","format":false,"excerpt":"HECELCHAK\u00c1N. En un caso inusual en donde la Escuela Normal Rural \u201cJusto Sierra M\u00e9ndez\u201d, neg\u00f3 el derecho a la educaci\u00f3n a pobladores de la comunidad de Hecelchak\u00e1n, alumnos colocaron una manta en demanda de una matr\u00edcula de 100 estudiantes de nuevo ingreso para el nuevo ciclo escolar 2018-2019, los directivos\u2026","rel":"","context":"En &quot;Campeche&quot;","block_context":{"text":"Campeche","link":"https:\/\/www.grieta.org.mx\/index.php\/category\/noticias-nacionales\/campeche\/"},"img":{"alt_text":"","src":"http:\/\/www.grieta.org.mx\/wp-content\/uploads\/2018\/08\/Campeche-Hoy-Hecelchaka?n-640x480.jpg","width":350,"height":200,"srcset":"http:\/\/www.grieta.org.mx\/wp-content\/uploads\/2018\/08\/Campeche-Hoy-Hecelchaka?n-640x480.jpg 1x, http:\/\/www.grieta.org.mx\/wp-content\/uploads\/2018\/08\/Campeche-Hoy-Hecelchaka?n-640x480.jpg 1.5x"},"classes":[]}],"_links":{"self":[{"href":"https:\/\/www.grieta.org.mx\/index.php\/wp-json\/wp\/v2\/posts\/2241","targetHints":{"allow":["GET"]}}],"collection":[{"href":"https:\/\/www.grieta.org.mx\/index.php\/wp-json\/wp\/v2\/posts"}],"about":[{"href":"https:\/\/www.grieta.org.mx\/index.php\/wp-json\/wp\/v2\/types\/post"}],"author":[{"embeddable":true,"href":"https:\/\/www.grieta.org.mx\/index.php\/wp-json\/wp\/v2\/users\/2"}],"replies":[{"embeddable":true,"href":"https:\/\/www.grieta.org.mx\/index.php\/wp-json\/wp\/v2\/comments?post=2241"}],"version-history":[{"count":1,"href":"https:\/\/www.grieta.org.mx\/index.php\/wp-json\/wp\/v2\/posts\/2241\/revisions"}],"predecessor-version":[{"id":2242,"href":"https:\/\/www.grieta.org.mx\/index.php\/wp-json\/wp\/v2\/posts\/2241\/revisions\/2242"}],"wp:featuredmedia":[{"embeddable":true,"href":"https:\/\/www.grieta.org.mx\/index.php\/wp-json\/wp\/v2\/media\/21928"}],"wp:attachment":[{"href":"https:\/\/www.grieta.org.mx\/index.php\/wp-json\/wp\/v2\/media?parent=2241"}],"wp:term":[{"taxonomy":"category","embeddable":true,"href":"https:\/\/www.grieta.org.mx\/index.php\/wp-json\/wp\/v2\/categories?post=2241"},{"taxonomy":"post_tag","embeddable":true,"href":"https:\/\/www.grieta.org.mx\/index.php\/wp-json\/wp\/v2\/tags?post=2241"}],"curies":[{"name":"wp","href":"https:\/\/api.w.org\/{rel}","templated":true}]}}