{"id":22383,"date":"2017-12-15T22:08:02","date_gmt":"2017-12-16T04:08:02","guid":{"rendered":"http:\/\/www.grieta.org.mx\/?p=22383"},"modified":"2019-01-19T14:40:15","modified_gmt":"2019-01-19T20:40:15","slug":"maestros-bloquean-avenida-20-de-noviembre-durango","status":"publish","type":"post","link":"https:\/\/www.grieta.org.mx\/index.php\/2017\/12\/15\/maestros-bloquean-avenida-20-de-noviembre-durango\/","title":{"rendered":"Maestros bloquean avenida 20 de Noviembre (Durango)"},"content":{"rendered":"<p>Daniel Estrada\/El Siglo de Durango<\/p>\n<p><img decoding=\"async\" data-attachment-id=\"22384\" data-permalink=\"https:\/\/www.grieta.org.mx\/index.php\/2017\/12\/15\/maestros-bloquean-avenida-20-de-noviembre-durango\/attachment\/648086\/\" data-orig-file=\"https:\/\/www.grieta.org.mx\/wp-content\/uploads\/2018\/03\/648086.jpeg\" data-orig-size=\"720,540\" data-comments-opened=\"0\" data-image-meta=\"{&quot;aperture&quot;:&quot;0&quot;,&quot;credit&quot;:&quot;&quot;,&quot;camera&quot;:&quot;&quot;,&quot;caption&quot;:&quot;&quot;,&quot;created_timestamp&quot;:&quot;0&quot;,&quot;copyright&quot;:&quot;&quot;,&quot;focal_length&quot;:&quot;0&quot;,&quot;iso&quot;:&quot;0&quot;,&quot;shutter_speed&quot;:&quot;0&quot;,&quot;title&quot;:&quot;&quot;,&quot;orientation&quot;:&quot;0&quot;}\" data-image-title=\"648086\" data-image-description=\"\" data-image-caption=\"\" data-medium-file=\"https:\/\/www.grieta.org.mx\/wp-content\/uploads\/2018\/03\/648086-300x225.jpeg\" data-large-file=\"https:\/\/www.grieta.org.mx\/wp-content\/uploads\/2018\/03\/648086.jpeg\" src=\"http:\/\/www.grieta.org.mx\/wp-content\/uploads\/2018\/03\/648086.jpeg\" alt=\"\" width=\"100\"  class=\"aligncenter size-full wp-image-22384\" srcset=\"https:\/\/www.grieta.org.mx\/wp-content\/uploads\/2018\/03\/648086.jpeg 720w, https:\/\/www.grieta.org.mx\/wp-content\/uploads\/2018\/03\/648086-300x225.jpeg 300w, https:\/\/www.grieta.org.mx\/wp-content\/uploads\/2018\/03\/648086-667x500.jpeg 667w\" sizes=\"(max-width: 720px) 100vw, 720px\" \/><br \/>\nUn grupo de nueve maestros cerraron la avenida 20 de Noviembre, a altura de la Plaza de Armas, desde el mi\u00e9rcoles por la tarde, para exigir el pago de salarios retenidos.<\/p>\n<p>La protesta se da en el marco de una de las temporadas de mayor tr\u00e1nsito vehicular en el Centro Hist\u00f3rico de la ciudad de Durango.<\/p>\n<p>El tramo que permanece cerrado es de Ju\u00e1rez a Bruno Mart\u00ednez, es decir, son dos cuadras las que se abarcan.<\/p>\n<p>    Yocelina Renter\u00eda Villalobos, maestra de educaci\u00f3n primaria y una de los nueve docentes sumados a la protesta, refiri\u00f3 que tiene un a\u00f1o y nueve meses con el salario retenido.<\/p>\n<p>Dicha situaci\u00f3n se debe a que no present\u00f3 la evaluaci\u00f3n de 2015, la cual la Coordinadora Nacional de los Trabajadores de la Educaci\u00f3n (CNTE) considera inconstitucional.<\/p>\n<p>Renter\u00eda Villalobos refiri\u00f3 que el mi\u00e9rcoles por la tarde se acerc\u00f3 a ellos personal de la Secretar\u00eda de Educaci\u00f3n del Estado (SEED), pero sin ning\u00fan ofrecimiento.<\/p>\n<p>Hasta ayer por la tarde el plant\u00f3n se manten\u00eda, con pancartas, veh\u00edculos, una casa de campa\u00f1a y una fogata.<\/p>\n<p><a href=\"https:\/\/www.elsiglodedurango.com.mx\/noticia\/926733.maestros-bloquean-avenida-20-de-noviembre.html\" rel=\"noopener\" target=\"_blank\">https:\/\/www.elsiglodedurango.com.mx\/noticia\/926733.maestros-bloquean-avenida-20-de-noviembre.html<\/a><\/p>\n","protected":false},"excerpt":{"rendered":"<p>Daniel Estrada\/El Siglo de Durango Un grupo de nueve maestros cerraron la avenida 20 de Noviembre, a altura de la Plaza de Armas, desde el mi\u00e9rcoles por la tarde, para &hellip; <a href=\"https:\/\/www.grieta.org.mx\/index.php\/2017\/12\/15\/maestros-bloquean-avenida-20-de-noviembre-durango\/\" class=\"more-link\">Leer m\u00e1s<\/a><\/p>\n","protected":false},"author":2,"featured_media":21928,"comment_status":"closed","ping_status":"closed","sticky":false,"template":"","format":"standard","meta":{"ngg_post_thumbnail":0,"_jetpack_newsletter_access":"","_jetpack_dont_email_post_to_subs":false,"_jetpack_newsletter_tier_id":0,"_jetpack_memberships_contains_paywalled_content":false,"_jetpack_memberships_contains_paid_content":false,"footnotes":""},"categories":[80,15,1114,2],"tags":[880,135],"class_list":["post-22383","post","type-post","status-publish","format-standard","has-post-thumbnail","hentry","category-cintillo","category-durango","category-movilizaciones-contra-la-reforma-educativa-y-evaluacion-magisterial-en-durango","category-noticias-nacionales","tag-protestas","tag-reforma-educativa","entry"],"jetpack_featured_media_url":"https:\/\/www.grieta.org.mx\/wp-content\/uploads\/2018\/03\/14524434_1106112876131411_958039263622046936_o.jpg","jetpack_sharing_enabled":true,"jetpack_shortlink":"https:\/\/wp.me\/p7ZJR4-5P1","jetpack_likes_enabled":false,"jetpack-related-posts":[{"id":2218,"url":"https:\/\/www.grieta.org.mx\/index.php\/2016\/02\/06\/maestros-cierran-calles-y-clausuran-el-congreso\/","url_meta":{"origin":22383,"position":0},"title":"Maestros cierran calles y \u201cclausuran\u201d el Congreso","author":"grieta","date":"6 febrero, 2016","format":false,"excerpt":"Por Martrha Casas Durango, Dgo. Decenas de maestros se dieron cita en el exterior de la delegaci\u00f3n de la Secretar\u00eda de Educaci\u00f3n P\u00fablica y caminaron hasta el Congreso del Estado, el cual \u201cclausuraron\u201d en protesta por los efectos de la reforma educativa y aun en contra de las evaluaciones. Rafael\u2026","rel":"","context":"En &quot;CINTILLO&quot;","block_context":{"text":"CINTILLO","link":"https:\/\/www.grieta.org.mx\/index.php\/category\/cintillo\/"},"img":{"alt_text":"","src":"https:\/\/i0.wp.com\/www.grieta.org.mx\/wp-content\/uploads\/2018\/03\/14524434_1106112876131411_958039263622046936_o.jpg?resize=350%2C200&ssl=1","width":350,"height":200,"srcset":"https:\/\/i0.wp.com\/www.grieta.org.mx\/wp-content\/uploads\/2018\/03\/14524434_1106112876131411_958039263622046936_o.jpg?resize=350%2C200&ssl=1 1x, https:\/\/i0.wp.com\/www.grieta.org.mx\/wp-content\/uploads\/2018\/03\/14524434_1106112876131411_958039263622046936_o.jpg?resize=525%2C300&ssl=1 1.5x, https:\/\/i0.wp.com\/www.grieta.org.mx\/wp-content\/uploads\/2018\/03\/14524434_1106112876131411_958039263622046936_o.jpg?resize=700%2C400&ssl=1 2x"},"classes":[]},{"id":15245,"url":"https:\/\/www.grieta.org.mx\/index.php\/2015\/06\/24\/diez-mil-maestros-en-durango-protestan-contra-evaluacion\/","url_meta":{"origin":22383,"position":1},"title":"Diez mil maestros en Durango protestan contra evaluaci\u00f3n","author":"grieta","date":"24 junio, 2015","format":false,"excerpt":"Tomaron de forma pac\u00edfica las oficinas de la secretar\u00eda de educaci\u00f3n y se\u00f1alan que est\u00e1n contra adem\u00e1s de la reubicaci\u00f3n de los Asistentes T\u00e9cnicos Pedag\u00f3gicos. Silvia Ayala Carmona Durango Aproximadamente 10 mil maestros llegaron hasta la secretar\u00eda de Educaci\u00f3n en Durango, exigiendo se detenga la evaluaci\u00f3n magisterial, as\u00ed como la\u2026","rel":"","context":"En &quot;CINTILLO&quot;","block_context":{"text":"CINTILLO","link":"https:\/\/www.grieta.org.mx\/index.php\/category\/cintillo\/"},"img":{"alt_text":"","src":"https:\/\/i0.wp.com\/www.grieta.org.mx\/wp-content\/uploads\/2018\/03\/14524434_1106112876131411_958039263622046936_o.jpg?resize=350%2C200&ssl=1","width":350,"height":200,"srcset":"https:\/\/i0.wp.com\/www.grieta.org.mx\/wp-content\/uploads\/2018\/03\/14524434_1106112876131411_958039263622046936_o.jpg?resize=350%2C200&ssl=1 1x, https:\/\/i0.wp.com\/www.grieta.org.mx\/wp-content\/uploads\/2018\/03\/14524434_1106112876131411_958039263622046936_o.jpg?resize=525%2C300&ssl=1 1.5x, https:\/\/i0.wp.com\/www.grieta.org.mx\/wp-content\/uploads\/2018\/03\/14524434_1106112876131411_958039263622046936_o.jpg?resize=700%2C400&ssl=1 2x"},"classes":[]},{"id":2278,"url":"https:\/\/www.grieta.org.mx\/index.php\/2015\/08\/14\/de-nuevo-se-manifiesta-la-cnte-en-durango\/","url_meta":{"origin":22383,"position":2},"title":"De nuevo se manifiesta la CNTE en Durango","author":"grieta","date":"14 agosto, 2015","format":false,"excerpt":"De nuevo la ma\u00f1ana de este viernes miembros de la Coordinadora Nacional de la Educaci\u00f3n (CNTE), se manifestaron en las principales calles de la ciudad contra la reforma educativa. El contigente fue encabezado por el dirigente de la organizaci\u00f3n, Rafael Montes Hern\u00e1ndez quien sostuvo que primero se llev\u00f3 a cabo\u2026","rel":"","context":"En &quot;CINTILLO&quot;","block_context":{"text":"CINTILLO","link":"https:\/\/www.grieta.org.mx\/index.php\/category\/cintillo\/"},"img":{"alt_text":"","src":"https:\/\/i0.wp.com\/www.grieta.org.mx\/wp-content\/uploads\/2018\/03\/14524434_1106112876131411_958039263622046936_o.jpg?resize=350%2C200&ssl=1","width":350,"height":200,"srcset":"https:\/\/i0.wp.com\/www.grieta.org.mx\/wp-content\/uploads\/2018\/03\/14524434_1106112876131411_958039263622046936_o.jpg?resize=350%2C200&ssl=1 1x, https:\/\/i0.wp.com\/www.grieta.org.mx\/wp-content\/uploads\/2018\/03\/14524434_1106112876131411_958039263622046936_o.jpg?resize=525%2C300&ssl=1 1.5x, https:\/\/i0.wp.com\/www.grieta.org.mx\/wp-content\/uploads\/2018\/03\/14524434_1106112876131411_958039263622046936_o.jpg?resize=700%2C400&ssl=1 2x"},"classes":[]},{"id":10076,"url":"https:\/\/www.grieta.org.mx\/index.php\/2016\/04\/08\/vela-comparece-los-maestros-protestan\/","url_meta":{"origin":22383,"position":3},"title":"Vela comparece; los maestros protestan","author":"grieta","date":"8 abril, 2016","format":false,"excerpt":"Mientras que H\u00e9ctor Vela Valenzuela, titular de la Secretar\u00eda de Educaci\u00f3n del Estado de Durango (SEED), comparec\u00eda ante la Comisi\u00f3n de Educaci\u00f3n P\u00fablica del Congreso del Estado, cientos de maestros llegaron a la parte exterior del recinto, para exigir el pago de salarios y reafirmar su postura en contra de\u2026","rel":"","context":"En &quot;CINTILLO&quot;","block_context":{"text":"CINTILLO","link":"https:\/\/www.grieta.org.mx\/index.php\/category\/cintillo\/"},"img":{"alt_text":"","src":"https:\/\/i0.wp.com\/www.grieta.org.mx\/wp-content\/uploads\/2018\/03\/14524434_1106112876131411_958039263622046936_o.jpg?resize=350%2C200&ssl=1","width":350,"height":200,"srcset":"https:\/\/i0.wp.com\/www.grieta.org.mx\/wp-content\/uploads\/2018\/03\/14524434_1106112876131411_958039263622046936_o.jpg?resize=350%2C200&ssl=1 1x, https:\/\/i0.wp.com\/www.grieta.org.mx\/wp-content\/uploads\/2018\/03\/14524434_1106112876131411_958039263622046936_o.jpg?resize=525%2C300&ssl=1 1.5x, https:\/\/i0.wp.com\/www.grieta.org.mx\/wp-content\/uploads\/2018\/03\/14524434_1106112876131411_958039263622046936_o.jpg?resize=700%2C400&ssl=1 2x"},"classes":[]},{"id":4103,"url":"https:\/\/www.grieta.org.mx\/index.php\/2016\/03\/16\/protestan-maestros-en-informe-de-gobierno-de-jhc\/","url_meta":{"origin":22383,"position":4},"title":"Protestan maestros en informe de gobierno de JHC","author":"grieta","date":"16 marzo, 2016","format":false,"excerpt":"Edgar Delfin A gritos de \u201csomos maestros, no somos delincuentes\u201d, aproximadamente 200 maestros se manifestaron a unas calles del Bicentenario, donde en ese momento se presenciaba el sexto informe de gobierno de Jorge Herrara Caldera. Lo \u00fanico que solicitan es que Jorge Herrera les otorgue una audiencia, para no manifestarse\u2026","rel":"","context":"En &quot;CINTILLO&quot;","block_context":{"text":"CINTILLO","link":"https:\/\/www.grieta.org.mx\/index.php\/category\/cintillo\/"},"img":{"alt_text":"","src":"https:\/\/i0.wp.com\/www.grieta.org.mx\/wp-content\/uploads\/2018\/03\/14524434_1106112876131411_958039263622046936_o.jpg?resize=350%2C200&ssl=1","width":350,"height":200,"srcset":"https:\/\/i0.wp.com\/www.grieta.org.mx\/wp-content\/uploads\/2018\/03\/14524434_1106112876131411_958039263622046936_o.jpg?resize=350%2C200&ssl=1 1x, https:\/\/i0.wp.com\/www.grieta.org.mx\/wp-content\/uploads\/2018\/03\/14524434_1106112876131411_958039263622046936_o.jpg?resize=525%2C300&ssl=1 1.5x, https:\/\/i0.wp.com\/www.grieta.org.mx\/wp-content\/uploads\/2018\/03\/14524434_1106112876131411_958039263622046936_o.jpg?resize=700%2C400&ssl=1 2x"},"classes":[]},{"id":12480,"url":"https:\/\/www.grieta.org.mx\/index.php\/2016\/05\/17\/cumplen-marcha-y-paro-en-escuelas\/","url_meta":{"origin":22383,"position":5},"title":"Cumplen marcha y paro en escuelas (Durango)","author":"grieta","date":"17 mayo, 2016","format":false,"excerpt":"Magisterio Unido afirm\u00f3 que fueron casi 150 escuelas las que pararon labores con respaldo de padres Los maestros disidentes de Durango se unieron a la convocatoria del paro nacional de labores del sector docente. El Magisterio Unido de Durango (MUD) asegur\u00f3 que el reporte recibido hasta pasado el medio d\u00eda\u2026","rel":"","context":"En &quot;CINTILLO&quot;","block_context":{"text":"CINTILLO","link":"https:\/\/www.grieta.org.mx\/index.php\/category\/cintillo\/"},"img":{"alt_text":"","src":"https:\/\/i0.wp.com\/www.grieta.org.mx\/wp-content\/uploads\/2018\/03\/14524434_1106112876131411_958039263622046936_o.jpg?resize=350%2C200&ssl=1","width":350,"height":200,"srcset":"https:\/\/i0.wp.com\/www.grieta.org.mx\/wp-content\/uploads\/2018\/03\/14524434_1106112876131411_958039263622046936_o.jpg?resize=350%2C200&ssl=1 1x, https:\/\/i0.wp.com\/www.grieta.org.mx\/wp-content\/uploads\/2018\/03\/14524434_1106112876131411_958039263622046936_o.jpg?resize=525%2C300&ssl=1 1.5x, https:\/\/i0.wp.com\/www.grieta.org.mx\/wp-content\/uploads\/2018\/03\/14524434_1106112876131411_958039263622046936_o.jpg?resize=700%2C400&ssl=1 2x"},"classes":[]}],"_links":{"self":[{"href":"https:\/\/www.grieta.org.mx\/index.php\/wp-json\/wp\/v2\/posts\/22383","targetHints":{"allow":["GET"]}}],"collection":[{"href":"https:\/\/www.grieta.org.mx\/index.php\/wp-json\/wp\/v2\/posts"}],"about":[{"href":"https:\/\/www.grieta.org.mx\/index.php\/wp-json\/wp\/v2\/types\/post"}],"author":[{"embeddable":true,"href":"https:\/\/www.grieta.org.mx\/index.php\/wp-json\/wp\/v2\/users\/2"}],"replies":[{"embeddable":true,"href":"https:\/\/www.grieta.org.mx\/index.php\/wp-json\/wp\/v2\/comments?post=22383"}],"version-history":[{"count":1,"href":"https:\/\/www.grieta.org.mx\/index.php\/wp-json\/wp\/v2\/posts\/22383\/revisions"}],"predecessor-version":[{"id":22385,"href":"https:\/\/www.grieta.org.mx\/index.php\/wp-json\/wp\/v2\/posts\/22383\/revisions\/22385"}],"wp:featuredmedia":[{"embeddable":true,"href":"https:\/\/www.grieta.org.mx\/index.php\/wp-json\/wp\/v2\/media\/21928"}],"wp:attachment":[{"href":"https:\/\/www.grieta.org.mx\/index.php\/wp-json\/wp\/v2\/media?parent=22383"}],"wp:term":[{"taxonomy":"category","embeddable":true,"href":"https:\/\/www.grieta.org.mx\/index.php\/wp-json\/wp\/v2\/categories?post=22383"},{"taxonomy":"post_tag","embeddable":true,"href":"https:\/\/www.grieta.org.mx\/index.php\/wp-json\/wp\/v2\/tags?post=22383"}],"curies":[{"name":"wp","href":"https:\/\/api.w.org\/{rel}","templated":true}]}}