{"id":22298,"date":"2018-03-16T20:39:10","date_gmt":"2018-03-17T02:39:10","guid":{"rendered":"http:\/\/www.grieta.org.mx\/?p=22298"},"modified":"2018-03-28T20:44:28","modified_gmt":"2018-03-29T02:44:28","slug":"mexicali-resiste-prepara-protestas-por-arresto-de-vocero","status":"publish","type":"post","link":"https:\/\/www.grieta.org.mx\/index.php\/2018\/03\/16\/mexicali-resiste-prepara-protestas-por-arresto-de-vocero\/","title":{"rendered":"Mexicali Resiste prepara protestas por arresto de vocero"},"content":{"rendered":"<p><img decoding=\"async\" data-attachment-id=\"22299\" data-permalink=\"https:\/\/www.grieta.org.mx\/index.php\/2018\/03\/16\/mexicali-resiste-prepara-protestas-por-arresto-de-vocero\/leon_fierro\/\" data-orig-file=\"https:\/\/www.grieta.org.mx\/wp-content\/uploads\/2018\/03\/leon_fierro.jpg\" data-orig-size=\"660,440\" data-comments-opened=\"0\" data-image-meta=\"{&quot;aperture&quot;:&quot;0&quot;,&quot;credit&quot;:&quot;&quot;,&quot;camera&quot;:&quot;&quot;,&quot;caption&quot;:&quot;&quot;,&quot;created_timestamp&quot;:&quot;0&quot;,&quot;copyright&quot;:&quot;&quot;,&quot;focal_length&quot;:&quot;0&quot;,&quot;iso&quot;:&quot;0&quot;,&quot;shutter_speed&quot;:&quot;0&quot;,&quot;title&quot;:&quot;&quot;,&quot;orientation&quot;:&quot;0&quot;}\" data-image-title=\"leon_fierro\" data-image-description=\"\" data-image-caption=\"\" data-medium-file=\"https:\/\/www.grieta.org.mx\/wp-content\/uploads\/2018\/03\/leon_fierro-300x200.jpg\" data-large-file=\"https:\/\/www.grieta.org.mx\/wp-content\/uploads\/2018\/03\/leon_fierro.jpg\" src=\"http:\/\/www.grieta.org.mx\/wp-content\/uploads\/2018\/03\/leon_fierro.jpg\" alt=\"\" width=\"100%\" class=\"aligncenter size-full wp-image-22299\" srcset=\"https:\/\/www.grieta.org.mx\/wp-content\/uploads\/2018\/03\/leon_fierro.jpg 660w, https:\/\/www.grieta.org.mx\/wp-content\/uploads\/2018\/03\/leon_fierro-300x200.jpg 300w\" sizes=\"(max-width: 660px) 100vw, 660px\" \/><\/p>\n<p>Antonio Heras y Carlos Garc\u00eda<\/p>\n<p>Mexicali, 16 de marzo.- El movimiento Mexicali Resiste se manifest\u00f3 ayer por que no se criminalicen las protestas en M\u00e9xico, despu\u00e9s de que el mi\u00e9rcoles el activista Le\u00f3n Fierro fue detenido algunas horas por increpar en un acto p\u00fablico al secretario general de Gobierno de Baja California, Francisco Rueda G\u00f3mez, a quien llam\u00f3 corrupto y ratero. La organizaci\u00f3n convoc\u00f3 a una marcha para el pr\u00f3ximo domingo contra actos autoritarios de la administraci\u00f3n estatal.<\/p>\n<p>La agrupaci\u00f3n adelant\u00f3 que tambi\u00e9n protestar\u00e1 por los incrementos a los precios de los hidrocarburos generados por la reforma energ\u00e9tica promovida por el presidente Enrique Pe\u00f1a Nieto; adem\u00e1s, denunciar\u00e1 actos de represi\u00f3n e intimidaci\u00f3n de los gobiernos federal, estatal y municipal.<\/p>\n<p>Mexicali Resiste inform\u00f3 que en enero de 2017 habitantes de ese municipio iniciaron una expresi\u00f3n masiva en contra de los gasolinazos y la privatizaci\u00f3n del agua en una ley estatal promovida por el gobierno local y aprobada por el Congreso del estado en diciembre de 2016, y en rechazo a la instalaci\u00f3n de la cervecera Constellation Brands en el Valle de Mexicali.<\/p>\n<p>Detall\u00f3 que Fierro fue detenido por agentes municipales la tarde del 14 de marzo en un acto protocolario por el aniversario de Mexicali. Fue liberado despu\u00e9s de cuatro horas, previo pago de una multa. Por ello, realizar\u00e1n un mitin frente a la comandancia de la polic\u00eda municipal para denunciar que no existe democracia en este pa\u00eds, secuestrado por gobiernos represivos y fascistoides.<\/p>\n<p>Le\u00f3n Fierro, quien ha sido vocero de Mexicali Resiste, se\u00f1al\u00f3 que su liberaci\u00f3n fue resultado de la presi\u00f3n social y areng\u00f3: Ni un paso atr\u00e1s, compa\u00f1eros, porque las manifestaciones s\u00ed funcionan.<\/p>\n<p>Narr\u00f3 que entr\u00f3 a la ceremonia de aniversario con un grupo de compa\u00f1eros, y sorte\u00f3 vallas y un cerco policial como si estuviera Trump o Pe\u00f1a Nieto.<\/p>\n<p>Asegur\u00f3 que el juez municipal le dijo que su detenci\u00f3n no fue por protestar, sino porque se trataba de un acto en el cual no se pod\u00eda molestar a los funcionarios.<\/p>\n<p>\u201cNo les dijimos una sola groser\u00eda, solo sus verdades: son una bola de corruptos y de rateros en M\u00e9xico, Baja California y Mexicali. Si nos callamos los mexicanos se va a hundir el pa\u00eds. La manifestaci\u00f3n del pr\u00f3ximo domingo (originalmente por los gasolinazos) ser\u00e1 contra la represi\u00f3n y el derecho de manifestaci\u00f3n. Me quer\u00edan cobrar 3 mil pesos. Hasta la libertad de expresi\u00f3n han privatizado\u201d, se\u00f1al\u00f3.<\/p>\n<p>Alcalde acepta recomendaci\u00f3n<br \/>\nEn tanto, en Guanajuato, la Procuradur\u00eda de los Derechos Humanos del Estado (PDHG) emiti\u00f3 una recomendaci\u00f3n al alcalde panista de Le\u00f3n, H\u00e9ctor L\u00f3pez Santillana, por criminalizar a seis activistas que protestaron en enero de 2017 contra el incremento a los pasajes.<\/p>\n<p>La libertad de expresi\u00f3n es indispensable para el desarrollo de la democracia, record\u00f3 el ombudsman estatal, Ra\u00fal Montero de Alba, quien llam\u00f3 a dar garant\u00edas a manifestaciones como la desobediencia civil pac\u00edfica.<\/p>\n<p>Asimismo, record\u00f3 el caso de Gabriela Zuleica Arriola Cadena, Jos\u00e9 Roberto Saucedo Pimentel, Yolanda Mart\u00ednez Ortiz, Rodrigo Gonz\u00e1lez Zaragoza, Jaime Rufino Herrer\u00edas y Vicente Hern\u00e1ndez Barrios, cuyas fotograf\u00edas y nombres fueron exhibidos por el gobierno de Le\u00f3n en el peri\u00f3dico AM en notas con los encabezados: Prende violencia e Identifican a impulsores de protestas.<\/p>\n<p>La informaci\u00f3n publicada el 5 de enero de 2017 refiere que instituciones de seguridad elaboraron fichas de ocho personas, identificadas como los principales impulsores de movilizaciones.<\/p>\n<p>En el expediente de queja 2\/17-A, el gobierno de L\u00f3pez Santillana neg\u00f3 tener fichas de los quejosos y haberlas filtrado al peri\u00f3dico.<\/p>\n<p>Como pruebas, los quejosos entregaron un video en el cual el alcalde declara que existen l\u00edderes visibles en las protestas y que dialogar\u00eda con ellos si dejaban las actitudes violentas; de lo contrario, se les denunciar\u00e1.<\/p>\n<p>La PDHG determin\u00f3 que la autoridad municipal efectivamente ten\u00eda perfiles de los afectados.<\/p>\n<p>En un comunicado, el alcalde inform\u00f3 que acept\u00f3 la recomendaci\u00f3n, pues la participaci\u00f3n ciudadana es uno de los pilares que esta administraci\u00f3n impulsa para involucrar a la sociedad de forma activa en las decisiones de gobierno.<\/p>\n<p><a href=\"http:\/\/jornadabc.mx\/tijuana\/16-03-2018\/mexicali-resiste-prepara-protestas-por-arresto-de-vocero\">http:\/\/jornadabc.mx\/tijuana\/16-03-2018\/mexicali-resiste-prepara-protestas-por-arresto-de-vocero<\/a><\/p>\n","protected":false},"excerpt":{"rendered":"<p>Antonio Heras y Carlos Garc\u00eda Mexicali, 16 de marzo.- El movimiento Mexicali Resiste se manifest\u00f3 ayer por que no se criminalicen las protestas en M\u00e9xico, despu\u00e9s de que el mi\u00e9rcoles &hellip; <a href=\"https:\/\/www.grieta.org.mx\/index.php\/2018\/03\/16\/mexicali-resiste-prepara-protestas-por-arresto-de-vocero\/\" class=\"more-link\">Leer m\u00e1s<\/a><\/p>\n","protected":false},"author":2,"featured_media":22299,"comment_status":"closed","ping_status":"closed","sticky":false,"template":"","format":"standard","meta":{"ngg_post_thumbnail":0,"_jetpack_newsletter_access":"","_jetpack_dont_email_post_to_subs":false,"_jetpack_newsletter_tier_id":0,"_jetpack_memberships_contains_paywalled_content":false,"_jetpack_memberships_contains_paid_content":false,"footnotes":""},"categories":[5,80,914,1052,2],"tags":[1053,1090],"class_list":["post-22298","post","type-post","status-publish","format-standard","has-post-thumbnail","hentry","category-baja-california","category-cintillo","category-privatizacion-del-agua","category-la-lucha-de-resistencia-frente-a-la-cervecera-constellation-brands","category-noticias-nacionales","tag-mexicali-resiste","tag-represion-de-la-protesta-social","entry"],"jetpack_featured_media_url":"https:\/\/www.grieta.org.mx\/wp-content\/uploads\/2018\/03\/leon_fierro.jpg","jetpack_sharing_enabled":true,"jetpack_shortlink":"https:\/\/wp.me\/p7ZJR4-5NE","jetpack_likes_enabled":false,"jetpack-related-posts":[{"id":22828,"url":"https:\/\/www.grieta.org.mx\/index.php\/2018\/05\/01\/desfile-de-protestas-en-mexicali-baja-california\/","url_meta":{"origin":22298,"position":0},"title":"Desfile de protestas en Mexicali (Baja California)","author":"grieta","date":"1 mayo, 2018","format":false,"excerpt":"Cristian Torres Integrantes de Mexicali Resiste, Baja California Resiste, Movimiento Contra desapariciones Forzadas y Trabajadores Federales de distintas dependencias, se manifestaron en el desfile del D\u00eda del Trabajo, en Mexicali. De igual manera trabajadores jubilados exigieron el pago a diversas demandas presentadas a Isssste. El contingente fue encabezado por familiares\u2026","rel":"","context":"En &quot;Baja California&quot;","block_context":{"text":"Baja California","link":"https:\/\/www.grieta.org.mx\/index.php\/category\/noticias-nacionales\/baja-california\/"},"img":{"alt_text":"","src":"https:\/\/i0.wp.com\/www.grieta.org.mx\/wp-content\/uploads\/2018\/05\/WhatsApp-Image-2018-05-01-at-09.25.35-750x500.jpeg?resize=350%2C200&ssl=1","width":350,"height":200,"srcset":"https:\/\/i0.wp.com\/www.grieta.org.mx\/wp-content\/uploads\/2018\/05\/WhatsApp-Image-2018-05-01-at-09.25.35-750x500.jpeg?resize=350%2C200&ssl=1 1x, https:\/\/i0.wp.com\/www.grieta.org.mx\/wp-content\/uploads\/2018\/05\/WhatsApp-Image-2018-05-01-at-09.25.35-750x500.jpeg?resize=525%2C300&ssl=1 1.5x, https:\/\/i0.wp.com\/www.grieta.org.mx\/wp-content\/uploads\/2018\/05\/WhatsApp-Image-2018-05-01-at-09.25.35-750x500.jpeg?resize=700%2C400&ssl=1 2x"},"classes":[]},{"id":60366,"url":"https:\/\/www.grieta.org.mx\/index.php\/2021\/07\/08\/organizaciones-senalan-persecucion-contra-integrantes-de-mexicali-resiste-baja-california\/","url_meta":{"origin":22298,"position":1},"title":"Organizaciones se\u00f1alan persecuci\u00f3n contra integrantes de Mexicali Resiste (Baja California)","author":"grieta","date":"8 julio, 2021","format":false,"excerpt":"La coperacha \/ Redacci\u00f3n. Congreso de Baja California reabre caso de despojo contra defensores del agua. La Coordinadora Nacional Agua para Todos, Agua para la Vida, el Congreso Nacional Ind\u00edgena (CNI), algunas escuelas normales, entre otros colectivos, exigieron al legislativo de Baja California cese la persecuci\u00f3n a defensores del agua\u2026","rel":"","context":"En &quot;Baja California&quot;","block_context":{"text":"Baja California","link":"https:\/\/www.grieta.org.mx\/index.php\/category\/noticias-nacionales\/baja-california\/"},"img":{"alt_text":"","src":"https:\/\/i0.wp.com\/www.grieta.org.mx\/wp-content\/uploads\/2021\/07\/X-1.jpg?resize=350%2C200&ssl=1","width":350,"height":200,"srcset":"https:\/\/i0.wp.com\/www.grieta.org.mx\/wp-content\/uploads\/2021\/07\/X-1.jpg?resize=350%2C200&ssl=1 1x, https:\/\/i0.wp.com\/www.grieta.org.mx\/wp-content\/uploads\/2021\/07\/X-1.jpg?resize=525%2C300&ssl=1 1.5x, https:\/\/i0.wp.com\/www.grieta.org.mx\/wp-content\/uploads\/2021\/07\/X-1.jpg?resize=700%2C400&ssl=1 2x"},"classes":[]},{"id":25023,"url":"https:\/\/www.grieta.org.mx\/index.php\/2018\/07\/21\/ordena-juez-liberar-al-activista-jorge-benitez-de-mexicali-resiste-baja-california\/","url_meta":{"origin":22298,"position":2},"title":"Ordena juez liberar al activista Jorge Ben\u00edtez de Mexicali Resiste (Baja California)","author":"grieta","date":"21 julio, 2018","format":false,"excerpt":"Antonio Heras Mexicali.- El activista Jorge Benitez fue puesto en libertad por la juez de Control del Sistema Penal Acusatorio de Baja California que lo absolvi\u00f3 de los delitos de lesiones calificadas y da\u00f1o en propiedad ajena. El integrante de Mexicali Resiste estivo en prosi\u00f3n preventiva dirante 72 horas, luego\u2026","rel":"","context":"En &quot;Baja California&quot;","block_context":{"text":"Baja California","link":"https:\/\/www.grieta.org.mx\/index.php\/category\/noticias-nacionales\/baja-california\/"},"img":{"alt_text":"","src":"https:\/\/i0.wp.com\/www.grieta.org.mx\/wp-content\/uploads\/2018\/07\/unnamed-4820963852.jpg?resize=350%2C200&ssl=1","width":350,"height":200},"classes":[]},{"id":23284,"url":"https:\/\/www.grieta.org.mx\/index.php\/2018\/05\/23\/tras-20-dias-en-la-carcel-juez-libera-a-leon-fierro-dirigente-de-mexicali-resiste-baja-california\/","url_meta":{"origin":22298,"position":3},"title":"Tras 20 d\u00edas en la c\u00e1rcel, juez libera a Le\u00f3n Fierro, dirigente de Mexicali Resiste (Baja California)","author":"grieta","date":"23 mayo, 2018","format":false,"excerpt":"Jenaro Villamil CIUDAD DE M\u00c9XICO (apro).- Despu\u00e9s de 20 d\u00edas de haber sido detenido por elementos de la polic\u00eda estatal, el juez Fernando Serrano Jim\u00e9nez liber\u00f3 a Le\u00f3n Fierro, activista de derechos humanos y l\u00edder del movimiento Mexicali Resiste, encarcelado tras encabezar protestas en contra de la instalaci\u00f3n de la\u2026","rel":"","context":"En &quot;Baja California&quot;","block_context":{"text":"Baja California","link":"https:\/\/www.grieta.org.mx\/index.php\/category\/noticias-nacionales\/baja-california\/"},"img":{"alt_text":"","src":"https:\/\/i0.wp.com\/www.grieta.org.mx\/wp-content\/uploads\/2018\/05\/Leon-Fierro-con-su-familia-Foto-Mexicali-Resiste.jpg?resize=350%2C200&ssl=1","width":350,"height":200,"srcset":"https:\/\/i0.wp.com\/www.grieta.org.mx\/wp-content\/uploads\/2018\/05\/Leon-Fierro-con-su-familia-Foto-Mexicali-Resiste.jpg?resize=350%2C200&ssl=1 1x, https:\/\/i0.wp.com\/www.grieta.org.mx\/wp-content\/uploads\/2018\/05\/Leon-Fierro-con-su-familia-Foto-Mexicali-Resiste.jpg?resize=525%2C300&ssl=1 1.5x, https:\/\/i0.wp.com\/www.grieta.org.mx\/wp-content\/uploads\/2018\/05\/Leon-Fierro-con-su-familia-Foto-Mexicali-Resiste.jpg?resize=700%2C400&ssl=1 2x"},"classes":[]},{"id":28812,"url":"https:\/\/www.grieta.org.mx\/index.php\/2019\/01\/30\/gobierno-solo-intenta-dividir-mexicali-resiste-baja-california\/","url_meta":{"origin":22298,"position":4},"title":"Gobierno s\u00f3lo intenta dividir: Mexicali Resiste (Baja California)","author":"grieta","date":"30 enero, 2019","format":false,"excerpt":"Jes\u00fas Galaz, vocero de Mexicali Resiste. Marco Vinicio Blanco Mexicali Resiste se deslinda de aquellos que hoy buscan el voto del pueblo y que en alg\u00fan momento dijeron apoyarles, al tiempo que aseguraron que pese a la destrucci\u00f3n por parte del Gobierno del Estado de sus campamentos, ellos continuar\u00e1n con\u2026","rel":"","context":"En &quot;Baja California&quot;","block_context":{"text":"Baja California","link":"https:\/\/www.grieta.org.mx\/index.php\/category\/noticias-nacionales\/baja-california\/"},"img":{"alt_text":"","src":"https:\/\/i0.wp.com\/www.grieta.org.mx\/wp-content\/uploads\/2019\/02\/Jes%C3%BAs-Galaz-1.jpg?resize=350%2C200&ssl=1","width":350,"height":200,"srcset":"https:\/\/i0.wp.com\/www.grieta.org.mx\/wp-content\/uploads\/2019\/02\/Jes%C3%BAs-Galaz-1.jpg?resize=350%2C200&ssl=1 1x, https:\/\/i0.wp.com\/www.grieta.org.mx\/wp-content\/uploads\/2019\/02\/Jes%C3%BAs-Galaz-1.jpg?resize=525%2C300&ssl=1 1.5x"},"classes":[]},{"id":22763,"url":"https:\/\/www.grieta.org.mx\/index.php\/2018\/04\/22\/liberan-a-activista-de-mexicali-resiste-que-enfrentara-juicio-de-ultrajes-a-la-autoridad-con-medidas-cautelares-baja-california\/","url_meta":{"origin":22298,"position":5},"title":"Liberan a activista de Mexicali Resiste que enfrentar\u00e1 juicio de ultrajes a la autoridad con medidas cautelares (Baja California)","author":"grieta","date":"22 abril, 2018","format":false,"excerpt":"Antonio Heras Mexicali Integrantes de organizaciones por la defensa del agua de Baja California, entre ellas Mexicali Resiste, protestaron por la detenci\u00f3n del activista Gerardo Dur\u00e1n Gum\u00e1n por el delito de ultrajes quien fue liberado para enfrentar juicio con medidas cautelares. Durante la ma\u00f1ana del domingo 22 de abril, alrededor\u2026","rel":"","context":"En &quot;Baja California&quot;","block_context":{"text":"Baja California","link":"https:\/\/www.grieta.org.mx\/index.php\/category\/noticias-nacionales\/baja-california\/"},"img":{"alt_text":"","src":"https:\/\/i0.wp.com\/www.grieta.org.mx\/wp-content\/uploads\/2018\/04\/fb_img_1524421044511905323073.jpg?resize=350%2C200&ssl=1","width":350,"height":200,"srcset":"https:\/\/i0.wp.com\/www.grieta.org.mx\/wp-content\/uploads\/2018\/04\/fb_img_1524421044511905323073.jpg?resize=350%2C200&ssl=1 1x, https:\/\/i0.wp.com\/www.grieta.org.mx\/wp-content\/uploads\/2018\/04\/fb_img_1524421044511905323073.jpg?resize=525%2C300&ssl=1 1.5x"},"classes":[]}],"_links":{"self":[{"href":"https:\/\/www.grieta.org.mx\/index.php\/wp-json\/wp\/v2\/posts\/22298","targetHints":{"allow":["GET"]}}],"collection":[{"href":"https:\/\/www.grieta.org.mx\/index.php\/wp-json\/wp\/v2\/posts"}],"about":[{"href":"https:\/\/www.grieta.org.mx\/index.php\/wp-json\/wp\/v2\/types\/post"}],"author":[{"embeddable":true,"href":"https:\/\/www.grieta.org.mx\/index.php\/wp-json\/wp\/v2\/users\/2"}],"replies":[{"embeddable":true,"href":"https:\/\/www.grieta.org.mx\/index.php\/wp-json\/wp\/v2\/comments?post=22298"}],"version-history":[{"count":1,"href":"https:\/\/www.grieta.org.mx\/index.php\/wp-json\/wp\/v2\/posts\/22298\/revisions"}],"predecessor-version":[{"id":22300,"href":"https:\/\/www.grieta.org.mx\/index.php\/wp-json\/wp\/v2\/posts\/22298\/revisions\/22300"}],"wp:featuredmedia":[{"embeddable":true,"href":"https:\/\/www.grieta.org.mx\/index.php\/wp-json\/wp\/v2\/media\/22299"}],"wp:attachment":[{"href":"https:\/\/www.grieta.org.mx\/index.php\/wp-json\/wp\/v2\/media?parent=22298"}],"wp:term":[{"taxonomy":"category","embeddable":true,"href":"https:\/\/www.grieta.org.mx\/index.php\/wp-json\/wp\/v2\/categories?post=22298"},{"taxonomy":"post_tag","embeddable":true,"href":"https:\/\/www.grieta.org.mx\/index.php\/wp-json\/wp\/v2\/tags?post=22298"}],"curies":[{"name":"wp","href":"https:\/\/api.w.org\/{rel}","templated":true}]}}