{"id":22264,"date":"2018-03-25T14:02:44","date_gmt":"2018-03-25T20:02:44","guid":{"rendered":"http:\/\/www.grieta.org.mx\/?p=22264"},"modified":"2018-03-26T14:07:05","modified_gmt":"2018-03-26T20:07:05","slug":"mexicali-exige-regresen-con-vida-a-su-estudiante-de-cine","status":"publish","type":"post","link":"https:\/\/www.grieta.org.mx\/index.php\/2018\/03\/25\/mexicali-exige-regresen-con-vida-a-su-estudiante-de-cine\/","title":{"rendered":"Mexicali exige regresen con vida a su estudiante de cine"},"content":{"rendered":"<p><img decoding=\"async\" data-attachment-id=\"22265\" data-permalink=\"https:\/\/www.grieta.org.mx\/index.php\/2018\/03\/25\/mexicali-exige-regresen-con-vida-a-su-estudiante-de-cine\/marcha_desapariciones\/\" data-orig-file=\"https:\/\/www.grieta.org.mx\/wp-content\/uploads\/2018\/03\/marcha_desapariciones.jpg\" data-orig-size=\"660,440\" data-comments-opened=\"0\" data-image-meta=\"{&quot;aperture&quot;:&quot;0&quot;,&quot;credit&quot;:&quot;&quot;,&quot;camera&quot;:&quot;&quot;,&quot;caption&quot;:&quot;&quot;,&quot;created_timestamp&quot;:&quot;0&quot;,&quot;copyright&quot;:&quot;&quot;,&quot;focal_length&quot;:&quot;0&quot;,&quot;iso&quot;:&quot;0&quot;,&quot;shutter_speed&quot;:&quot;0&quot;,&quot;title&quot;:&quot;&quot;,&quot;orientation&quot;:&quot;0&quot;}\" data-image-title=\"marcha_desapariciones\" data-image-description=\"\" data-image-caption=\"\" data-medium-file=\"https:\/\/www.grieta.org.mx\/wp-content\/uploads\/2018\/03\/marcha_desapariciones-300x200.jpg\" data-large-file=\"https:\/\/www.grieta.org.mx\/wp-content\/uploads\/2018\/03\/marcha_desapariciones.jpg\" src=\"http:\/\/www.grieta.org.mx\/wp-content\/uploads\/2018\/03\/marcha_desapariciones.jpg\" alt=\"\" width=\"100%\" class=\"aligncenter size-full wp-image-22265\" srcset=\"https:\/\/www.grieta.org.mx\/wp-content\/uploads\/2018\/03\/marcha_desapariciones.jpg 660w, https:\/\/www.grieta.org.mx\/wp-content\/uploads\/2018\/03\/marcha_desapariciones-300x200.jpg 300w\" sizes=\"(max-width: 660px) 100vw, 660px\" \/><\/p>\n<p>Mexicali, 25 de marzo.- Sin rastros del joven mexicalense estudiante de cine desaparecido en Tonal\u00e1, Jalisco, el pasado 19 de marzo. El sue\u00f1o de Salom\u00f3n Aceves Gastel\u00fam de convertirse en cineasta de pronto se ve interrumpido por gente sin escrupulos que decide secuestrar de tajo su talento.<\/p>\n<p>Desde que era un ni\u00f1o este joven de 25 a\u00f1os, originario de Mexicali, tuvo muy claro que quer\u00eda desarrollarse en las artes visuales, por ello decidi\u00f3 dejar la tierra que lo vio nacer para mudarse a Guadalajara donde desde hace m\u00e1s de un a\u00f1o cursa el segundo semestre de cine en la Universidad de Medios Audiovisuales CAAV.<\/p>\n<p>Sin embargo, el destino interrumpe sus sue\u00f1os anteponiendo una peligrosa barrera a sus aspiraciones, ya que al trasladarse a Tonal\u00e1, Jalisco junto con sus compa\u00f1eros de clase para grabar un cortometraje se topa con unos sujetos armados que se identificaron como agentes de la Fiscal\u00eda, quienes se los llevaron a la fuerza.<\/p>\n<p>Ante el hecho, y a d\u00edas de no saber del paradero de los j\u00f3vecnes levantados, sus compa\u00f1eros deciden emprender hoy una marcha en Mexicali con la que buscan desde ac\u00e1, exigir a las autoridades jaliscienses agilicen las investigaciones y localicen con vida a los tres estudiantes de cine.<\/p>\n<p>Hacer ruido con esta manifestaci\u00f3n para que las investigaciones no paren ni se vaya a perder la noticia, ya que se ha estado manejando informaci\u00f3n falsa en algunos medios de que encontraron sus cuerpos, lo cual es mentira, pues se hace con el prop\u00f3sito de que paren las investigaciones.<\/p>\n<p>As\u00ed lo expone Valeria, pese a la angustia que representa la desaparici\u00f3n de su hermano y sus dos amigos que tambi\u00e9n son cercanos a la familia Aceves Gast\u00e9lum. La joven se mantiene ocupada en difundir por todos los medios posibles la imagen de Javier Salom\u00f3n a quien describe como un joven amiguero y muy querido, apasionado por tocar la bater\u00eda, pero sobre todo por plasmar sus ideas a trav\u00e9s de una c\u00e1mara.<\/p>\n<p>\u201cEs muy buena persona, es muy querido sobre todo y no es porque sea mi hermano&#8221;, sostuvo.<\/p>\n<p>Por su parte, la familia del mexicalense desaparecido se mantiene en contacto con la Fiscal\u00eda de Guadalajara como con la Universidad de Medios Audiovisuales CAAV, que se ha mantenido pendiente de las investigaciones y en contacto con las familias de los otros desaparecidos.<\/p>\n<p>Javier Salom\u00f3n Aceves Gast\u00e9lum, lleva expansiones en ambos o\u00eddos, tiene tatuajes en la piel. En el momento en que desapareci\u00f3 tra\u00eda unas bermudas floreadas y una camiseta color salm\u00f3n.<\/p>\n<p>La gente que lo busca pide que, en caso de tener alguna informaci\u00f3n que los conduzca a su paradero, marquen a los siguientes n\u00fameros: 3313130697, 6862477871, 3331990392, 6862426935.  <\/p>\n<p><a href=\"http:\/\/jornadabc.mx\/tijuana\/25-03-2018\/mexicali-exige-regresen-con-vida-su-estudiante-de-cine\">http:\/\/jornadabc.mx\/tijuana\/25-03-2018\/mexicali-exige-regresen-con-vida-su-estudiante-de-cine<\/a><\/p>\n","protected":false},"excerpt":{"rendered":"<p>Mexicali, 25 de marzo.- Sin rastros del joven mexicalense estudiante de cine desaparecido en Tonal\u00e1, Jalisco, el pasado 19 de marzo. El sue\u00f1o de Salom\u00f3n Aceves Gastel\u00fam de convertirse en &hellip; <a href=\"https:\/\/www.grieta.org.mx\/index.php\/2018\/03\/25\/mexicali-exige-regresen-con-vida-a-su-estudiante-de-cine\/\" class=\"more-link\">Leer m\u00e1s<\/a><\/p>\n","protected":false},"author":2,"featured_media":22265,"comment_status":"closed","ping_status":"closed","sticky":false,"template":"","format":"standard","meta":{"ngg_post_thumbnail":0,"_jetpack_newsletter_access":"","_jetpack_dont_email_post_to_subs":false,"_jetpack_newsletter_tier_id":0,"_jetpack_memberships_contains_paywalled_content":false,"_jetpack_memberships_contains_paid_content":false,"footnotes":""},"categories":[5,80,87,1073,1032,20,2],"tags":[121],"class_list":["post-22264","post","type-post","status-publish","format-standard","has-post-thumbnail","hentry","category-baja-california","category-cintillo","category-desaparecidos","category-protestas-contra-la-desaparicion-de-personas-en-baja-california","category-desaparecidos-en-jalisco","category-jalisco","category-noticias-nacionales","tag-desaparecidos","entry"],"jetpack_featured_media_url":"https:\/\/www.grieta.org.mx\/wp-content\/uploads\/2018\/03\/marcha_desapariciones.jpg","jetpack_sharing_enabled":true,"jetpack_shortlink":"https:\/\/wp.me\/p7ZJR4-5N6","jetpack_likes_enabled":false,"jetpack-related-posts":[{"id":23209,"url":"https:\/\/www.grieta.org.mx\/index.php\/2018\/03\/25\/marchan-por-jovenes-desaparecidos-en-jalisco-baja-california-sur\/","url_meta":{"origin":22264,"position":0},"title":"Marchan por j\u00f3venes desaparecidos en Jalisco (Baja California Sur)","author":"grieta","date":"25 marzo, 2018","format":false,"excerpt":"Eduardo Villa Lugo Un grupo conformado por alrededor de 300 personas se hizo escuchar este domingo en Mexicali, tras la desaparici\u00f3n de tres j\u00f3venes en Tonal\u00e1, Jalisco, entre los que se encuentra el estudiante mexicalense, Javier Salom\u00f3n Aceves Gast\u00e9lum, quien se encontraba de intercambio. Desde las 14:00 horas un nutrido\u2026","rel":"","context":"En &quot;Baja California Sur&quot;","block_context":{"text":"Baja California Sur","link":"https:\/\/www.grieta.org.mx\/index.php\/category\/noticias-nacionales\/baja-california-sur\/"},"img":{"alt_text":"","src":"https:\/\/i0.wp.com\/www.grieta.org.mx\/wp-content\/uploads\/2018\/03\/IMG_20180325_143218-750x500.jpg?resize=350%2C200&ssl=1","width":350,"height":200,"srcset":"https:\/\/i0.wp.com\/www.grieta.org.mx\/wp-content\/uploads\/2018\/03\/IMG_20180325_143218-750x500.jpg?resize=350%2C200&ssl=1 1x, https:\/\/i0.wp.com\/www.grieta.org.mx\/wp-content\/uploads\/2018\/03\/IMG_20180325_143218-750x500.jpg?resize=525%2C300&ssl=1 1.5x, https:\/\/i0.wp.com\/www.grieta.org.mx\/wp-content\/uploads\/2018\/03\/IMG_20180325_143218-750x500.jpg?resize=700%2C400&ssl=1 2x"},"classes":[]},{"id":22261,"url":"https:\/\/www.grieta.org.mx\/index.php\/2018\/03\/25\/crece-indignacion-por-secuestro-de-mexicalense-y-otros-estudiantes-de-cine-de-guadalajara-baja-california\/","url_meta":{"origin":22264,"position":1},"title":"Crece indignaci\u00f3n por secuestro de mexicalense y otros estudiantes de cine de Guadalajara (Baja California)","author":"grieta","date":"25 marzo, 2018","format":false,"excerpt":"Arellano Sarmiento y Antonio Heras Mexicali, 25 de marzo.- Familiares, amigos y conocidos del estudiante mexicalense privado de su libertad por un comando en Guadalajara, Jalisco, se manifestaron para exigir que Javier Salom\u00f3n Aceves Gast\u00e9lum regrese con bien. El pasado lunes 19 de marzo, el estudiante de cine estaba acompa\u00f1ado\u2026","rel":"","context":"En &quot;Baja California&quot;","block_context":{"text":"Baja California","link":"https:\/\/www.grieta.org.mx\/index.php\/category\/noticias-nacionales\/baja-california\/"},"img":{"alt_text":"","src":"https:\/\/i0.wp.com\/www.grieta.org.mx\/wp-content\/uploads\/2018\/03\/mxli.jpg?resize=350%2C200&ssl=1","width":350,"height":200,"srcset":"https:\/\/i0.wp.com\/www.grieta.org.mx\/wp-content\/uploads\/2018\/03\/mxli.jpg?resize=350%2C200&ssl=1 1x, https:\/\/i0.wp.com\/www.grieta.org.mx\/wp-content\/uploads\/2018\/03\/mxli.jpg?resize=525%2C300&ssl=1 1.5x"},"classes":[]},{"id":22356,"url":"https:\/\/www.grieta.org.mx\/index.php\/2018\/03\/26\/te-estamos-esperando-dani-baja-california-sur\/","url_meta":{"origin":22264,"position":2},"title":"\u201cTe estamos esperando Dani\u201d (Baja California Sur)","author":"grieta","date":"26 marzo, 2018","format":false,"excerpt":"Realizan en Los Cabos manifestaci\u00f3n pac\u00edfica para pedir por los estudiantes desaparecidos en Jalisco Los Cabos, Baja California Sur.- Integrantes de la hermandad cristiana de Los Cabos se reunieron en Cabo San Lucas para pedir por el regreso a salvo de uno de sus miembros, el joven Daniel D\u00edaz, desaparecido\u2026","rel":"","context":"En &quot;Baja California Sur&quot;","block_context":{"text":"Baja California Sur","link":"https:\/\/www.grieta.org.mx\/index.php\/category\/noticias-nacionales\/baja-california-sur\/"},"img":{"alt_text":"","src":"https:\/\/i0.wp.com\/www.grieta.org.mx\/wp-content\/uploads\/2018\/03\/14524434_1106112876131411_958039263622046936_o.jpg?resize=350%2C200&ssl=1","width":350,"height":200,"srcset":"https:\/\/i0.wp.com\/www.grieta.org.mx\/wp-content\/uploads\/2018\/03\/14524434_1106112876131411_958039263622046936_o.jpg?resize=350%2C200&ssl=1 1x, https:\/\/i0.wp.com\/www.grieta.org.mx\/wp-content\/uploads\/2018\/03\/14524434_1106112876131411_958039263622046936_o.jpg?resize=525%2C300&ssl=1 1.5x, https:\/\/i0.wp.com\/www.grieta.org.mx\/wp-content\/uploads\/2018\/03\/14524434_1106112876131411_958039263622046936_o.jpg?resize=700%2C400&ssl=1 2x"},"classes":[]},{"id":22275,"url":"https:\/\/www.grieta.org.mx\/index.php\/2018\/03\/25\/videos-piden-marchistas-la-entrega-del-cabeno-daniel-desaparecido-en-jalisco-baja-california-sur\/","url_meta":{"origin":22264,"position":3},"title":"[Videos] Piden Marchistas la entrega del cabe\u00f1o Daniel, desaparecido en Jalisco (Baja California Sur)","author":"grieta","date":"25 marzo, 2018","format":false,"excerpt":"Ver\u00f3nica Gabriela Gonz\u00e1lez Buscan tocar el coraz\u00f3n de quienes tengan privados de su libertad a los tres estudiantes de cine desaparecidos y los dejen continuar con su vida normal. Amigos de Daniel organizaron una marcha a la que invitaron a los familiares del desaparecido, partiendo del Pabell\u00f3n de la Rep\u00fablica\u2026","rel":"","context":"En &quot;Baja California&quot;","block_context":{"text":"Baja California","link":"https:\/\/www.grieta.org.mx\/index.php\/category\/noticias-nacionales\/baja-california\/"},"img":{"alt_text":"","src":"https:\/\/i0.wp.com\/www.grieta.org.mx\/wp-content\/uploads\/2018\/03\/FOTO-DANIEL-2.jpg?resize=350%2C200&ssl=1","width":350,"height":200,"srcset":"https:\/\/i0.wp.com\/www.grieta.org.mx\/wp-content\/uploads\/2018\/03\/FOTO-DANIEL-2.jpg?resize=350%2C200&ssl=1 1x, https:\/\/i0.wp.com\/www.grieta.org.mx\/wp-content\/uploads\/2018\/03\/FOTO-DANIEL-2.jpg?resize=525%2C300&ssl=1 1.5x"},"classes":[]},{"id":38855,"url":"https:\/\/www.grieta.org.mx\/index.php\/2019\/08\/30\/los-cuerpos-de-nuestros-hijos-no-se-evaporaron-fueron-desaparecidos-madres-de-victimas-de-mexicali-baja-california\/","url_meta":{"origin":22264,"position":4},"title":"\u00abLos cuerpos de nuestros hijos no se evaporaron, fueron desaparecidos\u00bb: Madres de v\u00edctimas de Mexicali (Baja California)","author":"grieta","date":"30 agosto, 2019","format":false,"excerpt":"Jorge Heras \/ Lindero Norte Mexicali.- En el marco del D\u00eda Internacional de las V\u00edctimas de Desapariciones Forzadas, un grupo dr mujeres que desze hace 3 d\u00e9cadas est\u00e1n en la exigencia permanente con las autoridades para localizar a sus familiares desaparecidos, se manifestaron una vez m\u00e1s en el Centro C\u00edvico\u2026","rel":"","context":"En &quot;Baja California&quot;","block_context":{"text":"Baja California","link":"https:\/\/www.grieta.org.mx\/index.php\/category\/noticias-nacionales\/baja-california\/"},"img":{"alt_text":"","src":"https:\/\/i0.wp.com\/www.grieta.org.mx\/wp-content\/uploads\/2019\/09\/20190830_102929.jpg?resize=350%2C200&ssl=1","width":350,"height":200,"srcset":"https:\/\/i0.wp.com\/www.grieta.org.mx\/wp-content\/uploads\/2019\/09\/20190830_102929.jpg?resize=350%2C200&ssl=1 1x, https:\/\/i0.wp.com\/www.grieta.org.mx\/wp-content\/uploads\/2019\/09\/20190830_102929.jpg?resize=525%2C300&ssl=1 1.5x, https:\/\/i0.wp.com\/www.grieta.org.mx\/wp-content\/uploads\/2019\/09\/20190830_102929.jpg?resize=700%2C400&ssl=1 2x, https:\/\/i0.wp.com\/www.grieta.org.mx\/wp-content\/uploads\/2019\/09\/20190830_102929.jpg?resize=1050%2C600&ssl=1 3x, https:\/\/i0.wp.com\/www.grieta.org.mx\/wp-content\/uploads\/2019\/09\/20190830_102929.jpg?resize=1400%2C800&ssl=1 4x"},"classes":[]},{"id":22753,"url":"https:\/\/www.grieta.org.mx\/index.php\/2018\/04\/24\/asesinados-y-disueltos-en-acido-los-tres-estudiantes-de-cine-desaparecidos-en-jalisco-miembros-del-cartel-jalisco-nueva-generacion-confundieron-a-los-alumnos-con-sus-rivales-en-la-region\/","url_meta":{"origin":22264,"position":5},"title":"Asesinados y disueltos en \u00e1cido los tres estudiantes de cine desaparecidos en Jalisco Miembros del Cartel Jalisco Nueva Generaci\u00f3n confundieron a los alumnos con sus rivales en la regi\u00f3n","author":"grieta","date":"24 abril, 2018","format":false,"excerpt":"Por Sonia Corona La terrible historia de los desaparecidos en M\u00e9xico ha vuelto a repetir desenlace este lunes en Jalisco. Los tres estudiantes de cine secuestrados en esa regi\u00f3n hace un mes fueron asesinados y disueltos en \u00e1cido sulf\u00farico por el Cartel Jalisco Nueva Generaci\u00f3n, seg\u00fan ha informado la Fiscal\u00eda.\u2026","rel":"","context":"En &quot;CINTILLO&quot;","block_context":{"text":"CINTILLO","link":"https:\/\/www.grieta.org.mx\/index.php\/category\/cintillo\/"},"img":{"alt_text":"","src":"https:\/\/i0.wp.com\/www.grieta.org.mx\/wp-content\/uploads\/2018\/04\/1524532515_935757_1524556099_noticia_fotograma.jpg?resize=350%2C200&ssl=1","width":350,"height":200,"srcset":"https:\/\/i0.wp.com\/www.grieta.org.mx\/wp-content\/uploads\/2018\/04\/1524532515_935757_1524556099_noticia_fotograma.jpg?resize=350%2C200&ssl=1 1x, https:\/\/i0.wp.com\/www.grieta.org.mx\/wp-content\/uploads\/2018\/04\/1524532515_935757_1524556099_noticia_fotograma.jpg?resize=525%2C300&ssl=1 1.5x, https:\/\/i0.wp.com\/www.grieta.org.mx\/wp-content\/uploads\/2018\/04\/1524532515_935757_1524556099_noticia_fotograma.jpg?resize=700%2C400&ssl=1 2x"},"classes":[]}],"_links":{"self":[{"href":"https:\/\/www.grieta.org.mx\/index.php\/wp-json\/wp\/v2\/posts\/22264","targetHints":{"allow":["GET"]}}],"collection":[{"href":"https:\/\/www.grieta.org.mx\/index.php\/wp-json\/wp\/v2\/posts"}],"about":[{"href":"https:\/\/www.grieta.org.mx\/index.php\/wp-json\/wp\/v2\/types\/post"}],"author":[{"embeddable":true,"href":"https:\/\/www.grieta.org.mx\/index.php\/wp-json\/wp\/v2\/users\/2"}],"replies":[{"embeddable":true,"href":"https:\/\/www.grieta.org.mx\/index.php\/wp-json\/wp\/v2\/comments?post=22264"}],"version-history":[{"count":1,"href":"https:\/\/www.grieta.org.mx\/index.php\/wp-json\/wp\/v2\/posts\/22264\/revisions"}],"predecessor-version":[{"id":22266,"href":"https:\/\/www.grieta.org.mx\/index.php\/wp-json\/wp\/v2\/posts\/22264\/revisions\/22266"}],"wp:featuredmedia":[{"embeddable":true,"href":"https:\/\/www.grieta.org.mx\/index.php\/wp-json\/wp\/v2\/media\/22265"}],"wp:attachment":[{"href":"https:\/\/www.grieta.org.mx\/index.php\/wp-json\/wp\/v2\/media?parent=22264"}],"wp:term":[{"taxonomy":"category","embeddable":true,"href":"https:\/\/www.grieta.org.mx\/index.php\/wp-json\/wp\/v2\/categories?post=22264"},{"taxonomy":"post_tag","embeddable":true,"href":"https:\/\/www.grieta.org.mx\/index.php\/wp-json\/wp\/v2\/tags?post=22264"}],"curies":[{"name":"wp","href":"https:\/\/api.w.org\/{rel}","templated":true}]}}