{"id":22243,"date":"2018-03-23T11:02:38","date_gmt":"2018-03-23T17:02:38","guid":{"rendered":"http:\/\/www.grieta.org.mx\/?p=22243"},"modified":"2018-03-25T11:14:29","modified_gmt":"2018-03-25T17:14:29","slug":"exigen-cese-de-agresiones-contra-la-doctora-sandra-peniche-yucatan","status":"publish","type":"post","link":"https:\/\/www.grieta.org.mx\/index.php\/2018\/03\/23\/exigen-cese-de-agresiones-contra-la-doctora-sandra-peniche-yucatan\/","title":{"rendered":"Exigen cese de agresiones contra la doctora Sandra Peniche (Yucat\u00e1n)"},"content":{"rendered":"<p><img loading=\"lazy\" decoding=\"async\" data-attachment-id=\"22244\" data-permalink=\"https:\/\/www.grieta.org.mx\/index.php\/2018\/03\/23\/exigen-cese-de-agresiones-contra-la-doctora-sandra-peniche-yucatan\/sandra-1\/\" data-orig-file=\"https:\/\/www.grieta.org.mx\/wp-content\/uploads\/2018\/03\/Sandra-1.jpeg\" data-orig-size=\"600,321\" data-comments-opened=\"0\" data-image-meta=\"{&quot;aperture&quot;:&quot;0&quot;,&quot;credit&quot;:&quot;&quot;,&quot;camera&quot;:&quot;&quot;,&quot;caption&quot;:&quot;&quot;,&quot;created_timestamp&quot;:&quot;0&quot;,&quot;copyright&quot;:&quot;&quot;,&quot;focal_length&quot;:&quot;0&quot;,&quot;iso&quot;:&quot;0&quot;,&quot;shutter_speed&quot;:&quot;0&quot;,&quot;title&quot;:&quot;&quot;,&quot;orientation&quot;:&quot;0&quot;}\" data-image-title=\"Sandra-1\" data-image-description=\"\" data-image-caption=\"\" data-medium-file=\"https:\/\/www.grieta.org.mx\/wp-content\/uploads\/2018\/03\/Sandra-1-300x161.jpeg\" data-large-file=\"https:\/\/www.grieta.org.mx\/wp-content\/uploads\/2018\/03\/Sandra-1.jpeg\" src=\"http:\/\/www.grieta.org.mx\/wp-content\/uploads\/2018\/03\/Sandra-1.jpeg\" alt=\"\" width=\"600\" height=\"321\" class=\"aligncenter size-full wp-image-22244\" srcset=\"https:\/\/www.grieta.org.mx\/wp-content\/uploads\/2018\/03\/Sandra-1.jpeg 600w, https:\/\/www.grieta.org.mx\/wp-content\/uploads\/2018\/03\/Sandra-1-300x161.jpeg 300w\" sizes=\"auto, (max-width: 600px) 100vw, 600px\" \/><\/p>\n<p>M\u00e9rida, Yucat\u00e1n; (ACOM).- Tras anunciar el apoyo de integrantes de la Red Nacional de Defensoras de los Derechos Humanos, la activista Sandra Peniche Quintal denunci\u00f3 que los ataques que ha recibido en los \u00faltimos d\u00edas son una clara muestra del clima de violencia que se vive en Yucat\u00e1n en contra de quienes defienden los derechos fundamentales de las personas.<\/p>\n<p>En rueda de prensa, activistas que acompa\u00f1aron a Peniche Quintal dieron a conocer que entregaron un documento al gobernador Rolando Zapata Bello en el que plasmaron las agresiones que ha recibido en d\u00edas pasados la directora de la Unidad de Atenci\u00f3n Sicol\u00f3gica Sexol\u00f3gica y Educativa para el Crecimiento Personal (Unasse), lo cual, aseguraron, \u201ces una claro ataque hacia las defensoras de los derechos humanos\u201d.<\/p>\n<p>Al hacer uso de la palabra, Peniche Quintal asegur\u00f3 que lucha por el derecho de la salud sexual y reproductiva de las personas, tanto hombres como mujeres, mismo que ha sido vulnerado por el propio Estado yucateco, al que acus\u00f3 de no adquirir medicamentos y preservativos, \u201cque son la base de la planificaci\u00f3n familiar y la contenci\u00f3n de enfermedades de transmisi\u00f3n sexual\u201d.<\/p>\n<p>\u201cCuando uno ejerce bien su sexualidad, no necesita ir a los puteros, porque as\u00ed le llaman. Ahora hacen tours para ir por el perif\u00e9rico, primero hacen peregrinaciones y despu\u00e9s anuncian en sus propios coches todos los sitios donde se comercia con el cuerpo de las mujeres. Ojo porque esto destruye la esencia m\u00e1s \u00edntima de cualquier persona. El trabajo que hago es por el desarrollo de la sexualidad (para) que no pesen ni tab\u00faes, ni mitos\u201d, advirti\u00f3.<\/p>\n<p>Tambi\u00e9n arremeti\u00f3 contra los grupos conservadores de la entidad que est\u00e1n detr\u00e1s de las rezadoras, quienes desde hace unas semanas iniciaron 40 d\u00edas de oraci\u00f3n por la vida frente a la cl\u00ednica que dirige la activista.<\/p>\n<p>\u201c\u00bfQu\u00e9 est\u00e1n esperando? \u00bfMi cad\u00e1ver como lo intentaron hacer? Pues les va a salir bastante caro porque en esta vida yo soy como el jabonero: el que no cae resbala. Lo que quiero dejar bien claro es que todas las personas, independientemente de quienes seamos y c\u00f3mo pensemos, tenemos derecho a ser respetados y cuidados. Cuando un Estado violenta ese derecho, se convierte en un Estado que se convierte en un criminal\u201d, denunci\u00f3.<\/p>\n<p>Peniche Quintal se\u00f1al\u00f3 que continuar\u00e1 con su lucha para que los yucatecos tengan salud sexual plena y dijo que continuar\u00e1 con el litigio por la agresi\u00f3n que sufri\u00f3 la semana pasada, pues no quitar\u00e1 el dedo del rengl\u00f3n hasta saber qui\u00e9n orden\u00f3 el ataque en su contra.<\/p>\n<p>En ese sentido, dijo que el proceso que se sigue contra su agresor est\u00e1 suspendido, pues refiri\u00f3 que el hospital psiqui\u00e1trico, a donde fue remitido, notific\u00f3 a la Fiscal\u00eda que no puede diagnosticar a esta persona, aunque se\u00f1al\u00f3 que a\u00fan est\u00e1 a la espera de que su denuncia tenga mayor curso.<\/p>\n<p>Las defensoras de los derechos de las mujeres hicieron un llamamiento al gobierno de Yucat\u00e1n, en su representaci\u00f3n en la Ciudad de M\u00e9xico, con el fin de que el caso de Sandra no quede impune.<\/p>\n<p>Julia Escalante, representante del Comit\u00e9 de Am\u00e9rica Latina y el Caribe para la Defensa de los Derechos de la Mujer (Cladem), exigi\u00f3 la actuaci\u00f3n de las autoridades competentes, ya que afirm\u00f3 que es importante salvaguardar a estos grupos.<\/p>\n<p>Por su parte, Martha Ju\u00e1rez, de la Red Nacional de Defensoras de Derechos Humanos, mencion\u00f3 que en los \u00faltimos seis a\u00f1os se han registrado 23 intentos de asesinato contra defensoras, por lo que expres\u00f3 su repudio hacia esta situaci\u00f3n.<\/p>\n<p><a href=\"http:\/\/reporteroshoy.mx\/wp\/exigen-cese-de-agresiones-contra-la-doctora-sandra-peniche.html\" rel=\"noopener\" target=\"_blank\">http:\/\/reporteroshoy.mx\/wp\/exigen-cese-de-agresiones-contra-la-doctora-sandra-peniche.html<\/a><\/p>\n","protected":false},"excerpt":{"rendered":"<p>M\u00e9rida, Yucat\u00e1n; (ACOM).- Tras anunciar el apoyo de integrantes de la Red Nacional de Defensoras de los Derechos Humanos, la activista Sandra Peniche Quintal denunci\u00f3 que los ataques que ha &hellip; <a href=\"https:\/\/www.grieta.org.mx\/index.php\/2018\/03\/23\/exigen-cese-de-agresiones-contra-la-doctora-sandra-peniche-yucatan\/\" class=\"more-link\">Leer m\u00e1s<\/a><\/p>\n","protected":false},"author":2,"featured_media":21928,"comment_status":"closed","ping_status":"closed","sticky":false,"template":"","format":"standard","meta":{"ngg_post_thumbnail":0,"_jetpack_newsletter_access":"","_jetpack_dont_email_post_to_subs":false,"_jetpack_newsletter_tier_id":0,"_jetpack_memberships_contains_paywalled_content":false,"_jetpack_memberships_contains_paid_content":false,"footnotes":""},"categories":[1069,80,36],"tags":[1070,174],"class_list":["post-22243","post","type-post","status-publish","format-standard","has-post-thumbnail","hentry","category-ataques-a-defensors-de-derechos-humanos-en-yucatan","category-cintillo","category-yucatan","tag-derecho-a-la-salud-sexual-y-reproductiva","tag-derechos-humanos","entry"],"jetpack_featured_media_url":"https:\/\/www.grieta.org.mx\/wp-content\/uploads\/2018\/03\/14524434_1106112876131411_958039263622046936_o.jpg","jetpack_sharing_enabled":true,"jetpack_shortlink":"https:\/\/wp.me\/p7ZJR4-5ML","jetpack_likes_enabled":false,"jetpack-related-posts":[{"id":22246,"url":"https:\/\/www.grieta.org.mx\/index.php\/2018\/03\/13\/atacan-con-un-desarmador-a-la-doctora-sandra-peniche-yucatan\/","url_meta":{"origin":22243,"position":0},"title":"Atacan con un desarmador a la doctora Sandra Peniche (Yucat\u00e1n)","author":"grieta","date":"13 marzo, 2018","format":false,"excerpt":"M\u00e9rida, Yucat\u00e1n; (ACOM).- La directora de la Cl\u00ednica Servicios Humanitarios en Salud Sexual y Reproductiva de M\u00e9rida, Sandra Peniche Quintal, fue atacada por un sujeto que le intent\u00f3 enterrar en varias ocasiones un desarmador mientras ella daba instrucciones a un trabajador que reparaba el techo de su negocio, en la\u2026","rel":"","context":"En &quot;Agresiones y amenazas a defensor@s de derechos humanos y activistas en Yucat\u00e1n&quot;","block_context":{"text":"Agresiones y amenazas a defensor@s de derechos humanos y activistas en Yucat\u00e1n","link":"https:\/\/www.grieta.org.mx\/index.php\/category\/noticias-nacionales\/yucatan\/ataques-a-defensors-de-derechos-humanos-en-yucatan\/"},"img":{"alt_text":"","src":"https:\/\/i0.wp.com\/www.grieta.org.mx\/wp-content\/uploads\/2018\/03\/WhatsApp-Image-2018-03-13-at-12.44.15.jpeg?resize=350%2C200&ssl=1","width":350,"height":200,"srcset":"https:\/\/i0.wp.com\/www.grieta.org.mx\/wp-content\/uploads\/2018\/03\/WhatsApp-Image-2018-03-13-at-12.44.15.jpeg?resize=350%2C200&ssl=1 1x, https:\/\/i0.wp.com\/www.grieta.org.mx\/wp-content\/uploads\/2018\/03\/WhatsApp-Image-2018-03-13-at-12.44.15.jpeg?resize=525%2C300&ssl=1 1.5x"},"classes":[]},{"id":68854,"url":"https:\/\/www.grieta.org.mx\/index.php\/2024\/04\/18\/pueblo-maya-segundo-lugar-en-sufrir-agresiones-por-defender-su-territorio\/","url_meta":{"origin":22243,"position":1},"title":"Pueblo maya, segundo lugar en sufrir agresiones por defender su territorio","author":"grieta","date":"18 abril, 2024","format":false,"excerpt":"Itzel Chan \/ Haz Ruido En el caso de la agresi\u00f3n que sufrieron los pueblos mayas de la pen\u00ednsula de Yucat\u00e1n, en la mayor\u00eda de los casos se relacionaron con el megaproyecto denominado \u201cTren Maya\u201d. M\u00e9rida, Yucat\u00e1n, 18 de abril de 2024.- Despu\u00e9s de los nahuas, en M\u00e9xico, las personas\u2026","rel":"","context":"En &quot;Agresiones y amenazas a defensor@s de derechos humanos y activistas en Yucat\u00e1n&quot;","block_context":{"text":"Agresiones y amenazas a defensor@s de derechos humanos y activistas en Yucat\u00e1n","link":"https:\/\/www.grieta.org.mx\/index.php\/category\/noticias-nacionales\/yucatan\/ataques-a-defensors-de-derechos-humanos-en-yucatan\/"},"img":{"alt_text":"","src":"https:\/\/i0.wp.com\/www.grieta.org.mx\/wp-content\/uploads\/2024\/04\/Agresiones-e1714420358341.jpg?resize=350%2C200&ssl=1","width":350,"height":200,"srcset":"https:\/\/i0.wp.com\/www.grieta.org.mx\/wp-content\/uploads\/2024\/04\/Agresiones-e1714420358341.jpg?resize=350%2C200&ssl=1 1x, https:\/\/i0.wp.com\/www.grieta.org.mx\/wp-content\/uploads\/2024\/04\/Agresiones-e1714420358341.jpg?resize=525%2C300&ssl=1 1.5x, https:\/\/i0.wp.com\/www.grieta.org.mx\/wp-content\/uploads\/2024\/04\/Agresiones-e1714420358341.jpg?resize=700%2C400&ssl=1 2x"},"classes":[]},{"id":63484,"url":"https:\/\/www.grieta.org.mx\/index.php\/2022\/02\/22\/alertan-organizaciones-internacionales-por-alza-de-agresiones-contra-la-prensa-en-yucatan\/","url_meta":{"origin":22243,"position":2},"title":"Alertan organizaciones internacionales por alza de agresiones contra la prensa en Yucat\u00e1n","author":"grieta","date":"22 febrero, 2022","format":false,"excerpt":"Itzel Chan \/ Noticaribe M\u00c9RIDA, MX.- Organizaciones como Article 19 han lanzado una alerta ante la preocupaci\u00f3n por las diversas agresiones contra la prensa de Yucat\u00e1n, ya que en los primeros meses de este a\u00f1o, se han presentado al menos cuatro ataques a reporteros como Bety Vera, Jaime Vargas, Roberto\u2026","rel":"","context":"En &quot;CINTILLO&quot;","block_context":{"text":"CINTILLO","link":"https:\/\/www.grieta.org.mx\/index.php\/category\/cintillo\/"},"img":{"alt_text":"","src":"https:\/\/i0.wp.com\/www.grieta.org.mx\/wp-content\/uploads\/2022\/02\/AlertanAgresionesPrensa.png?resize=350%2C200&ssl=1","width":350,"height":200,"srcset":"https:\/\/i0.wp.com\/www.grieta.org.mx\/wp-content\/uploads\/2022\/02\/AlertanAgresionesPrensa.png?resize=350%2C200&ssl=1 1x, https:\/\/i0.wp.com\/www.grieta.org.mx\/wp-content\/uploads\/2022\/02\/AlertanAgresionesPrensa.png?resize=525%2C300&ssl=1 1.5x, https:\/\/i0.wp.com\/www.grieta.org.mx\/wp-content\/uploads\/2022\/02\/AlertanAgresionesPrensa.png?resize=700%2C400&ssl=1 2x"},"classes":[]},{"id":63923,"url":"https:\/\/www.grieta.org.mx\/index.php\/2022\/04\/07\/amenazan-a-infancia-que-defiende-los-cenotes-en-homun-yucatan\/","url_meta":{"origin":22243,"position":3},"title":"Amenazan a infancia que defiende los cenotes en Hom\u00fan (Yucat\u00e1n)","author":"grieta","date":"7 abril, 2022","format":false,"excerpt":"Sare Frabes \/ Avispa Midia Este mi\u00e9rcoles (6) fue amenazada una de las representantes de las ni\u00f1as y ni\u00f1os de Hom\u00fan, quienes presentaron un amparo contra la mega granja porc\u00edcola de la empresa Producci\u00f3n Alimentaria y Porc\u00edcola (PAPO), aparcera de Kek\u00e9n. As\u00ed lo denuncio el Equipo Indignaci\u00f3n, quien destac\u00f3 que\u2026","rel":"","context":"En &quot;16. Pueblo Maya&quot;","block_context":{"text":"16. Pueblo Maya","link":"https:\/\/www.grieta.org.mx\/index.php\/category\/espejos-de-la-resistencia\/16-pueblo-maya\/"},"img":{"alt_text":"","src":"https:\/\/i0.wp.com\/www.grieta.org.mx\/wp-content\/uploads\/2022\/04\/AmenazanInfanciaHomun-e1649351378993.png?resize=350%2C200&ssl=1","width":350,"height":200,"srcset":"https:\/\/i0.wp.com\/www.grieta.org.mx\/wp-content\/uploads\/2022\/04\/AmenazanInfanciaHomun-e1649351378993.png?resize=350%2C200&ssl=1 1x, https:\/\/i0.wp.com\/www.grieta.org.mx\/wp-content\/uploads\/2022\/04\/AmenazanInfanciaHomun-e1649351378993.png?resize=525%2C300&ssl=1 1.5x, https:\/\/i0.wp.com\/www.grieta.org.mx\/wp-content\/uploads\/2022\/04\/AmenazanInfanciaHomun-e1649351378993.png?resize=700%2C400&ssl=1 2x"},"classes":[]},{"id":47783,"url":"https:\/\/www.grieta.org.mx\/index.php\/2020\/04\/13\/activistas-y-ambientalistas-de-yucatan-temen-desproteccion-durante-contingencia-sanitaria\/","url_meta":{"origin":22243,"position":4},"title":"Activistas y ambientalistas de Yucat\u00e1n temen desprotecci\u00f3n durante contingencia sanitaria","author":"grieta","date":"13 abril, 2020","format":false,"excerpt":"Itzel Chan \/ Noticaribe M\u00c9RIDA, MX.- Luego de que la Comisi\u00f3n Nacional de los Derechos Humanos (CNDH) condenara el retiro de seguridad a la activistas Adelaida Salas Salazar y del registro de tres asesinatos a ambientalistas durante esta emergencia sanitaria en M\u00e9xico, el poeta y activista, Pedro Uc teme que\u2026","rel":"","context":"En &quot;Agresiones y amenazas a defensor@s de derechos humanos y activistas en Yucat\u00e1n&quot;","block_context":{"text":"Agresiones y amenazas a defensor@s de derechos humanos y activistas en Yucat\u00e1n","link":"https:\/\/www.grieta.org.mx\/index.php\/category\/noticias-nacionales\/yucatan\/ataques-a-defensors-de-derechos-humanos-en-yucatan\/"},"img":{"alt_text":"","src":"https:\/\/i0.wp.com\/www.grieta.org.mx\/wp-content\/uploads\/2018\/03\/14524434_1106112876131411_958039263622046936_o.jpg?resize=350%2C200&ssl=1","width":350,"height":200,"srcset":"https:\/\/i0.wp.com\/www.grieta.org.mx\/wp-content\/uploads\/2018\/03\/14524434_1106112876131411_958039263622046936_o.jpg?resize=350%2C200&ssl=1 1x, https:\/\/i0.wp.com\/www.grieta.org.mx\/wp-content\/uploads\/2018\/03\/14524434_1106112876131411_958039263622046936_o.jpg?resize=525%2C300&ssl=1 1.5x, https:\/\/i0.wp.com\/www.grieta.org.mx\/wp-content\/uploads\/2018\/03\/14524434_1106112876131411_958039263622046936_o.jpg?resize=700%2C400&ssl=1 2x"},"classes":[]},{"id":39982,"url":"https:\/\/www.grieta.org.mx\/index.php\/2019\/10\/03\/yucatan-la-persecucion-tras-el-28s\/","url_meta":{"origin":22243,"position":5},"title":"Yucat\u00e1n: la persecuci\u00f3n tras el #28s","author":"grieta","date":"3 octubre, 2019","format":false,"excerpt":"En Yucat\u00e1n existe un contexto de criminalizaci\u00f3n y persecuci\u00f3n con respecto de luchas sociales, que hoy est\u00e1 dirigida contra las mujeres, pero tambi\u00e9n lo han hecho con las comunidades ind\u00edgenas y la comunidad LGBT+. Asamblea Feminista Yucat\u00e1n\/Animal Pol\u00edtico Actualmente en el estado de Yucat\u00e1n existe un contexto de criminalizaci\u00f3n hacia\u2026","rel":"","context":"En &quot;Agresiones y amenazas a defensor@s de derechos humanos y activistas en Yucat\u00e1n&quot;","block_context":{"text":"Agresiones y amenazas a defensor@s de derechos humanos y activistas en Yucat\u00e1n","link":"https:\/\/www.grieta.org.mx\/index.php\/category\/noticias-nacionales\/yucatan\/ataques-a-defensors-de-derechos-humanos-en-yucatan\/"},"img":{"alt_text":"","src":"https:\/\/i0.wp.com\/www.grieta.org.mx\/wp-content\/uploads\/2018\/03\/14524434_1106112876131411_958039263622046936_o.jpg?resize=350%2C200&ssl=1","width":350,"height":200,"srcset":"https:\/\/i0.wp.com\/www.grieta.org.mx\/wp-content\/uploads\/2018\/03\/14524434_1106112876131411_958039263622046936_o.jpg?resize=350%2C200&ssl=1 1x, https:\/\/i0.wp.com\/www.grieta.org.mx\/wp-content\/uploads\/2018\/03\/14524434_1106112876131411_958039263622046936_o.jpg?resize=525%2C300&ssl=1 1.5x, https:\/\/i0.wp.com\/www.grieta.org.mx\/wp-content\/uploads\/2018\/03\/14524434_1106112876131411_958039263622046936_o.jpg?resize=700%2C400&ssl=1 2x"},"classes":[]}],"_links":{"self":[{"href":"https:\/\/www.grieta.org.mx\/index.php\/wp-json\/wp\/v2\/posts\/22243","targetHints":{"allow":["GET"]}}],"collection":[{"href":"https:\/\/www.grieta.org.mx\/index.php\/wp-json\/wp\/v2\/posts"}],"about":[{"href":"https:\/\/www.grieta.org.mx\/index.php\/wp-json\/wp\/v2\/types\/post"}],"author":[{"embeddable":true,"href":"https:\/\/www.grieta.org.mx\/index.php\/wp-json\/wp\/v2\/users\/2"}],"replies":[{"embeddable":true,"href":"https:\/\/www.grieta.org.mx\/index.php\/wp-json\/wp\/v2\/comments?post=22243"}],"version-history":[{"count":1,"href":"https:\/\/www.grieta.org.mx\/index.php\/wp-json\/wp\/v2\/posts\/22243\/revisions"}],"predecessor-version":[{"id":22245,"href":"https:\/\/www.grieta.org.mx\/index.php\/wp-json\/wp\/v2\/posts\/22243\/revisions\/22245"}],"wp:featuredmedia":[{"embeddable":true,"href":"https:\/\/www.grieta.org.mx\/index.php\/wp-json\/wp\/v2\/media\/21928"}],"wp:attachment":[{"href":"https:\/\/www.grieta.org.mx\/index.php\/wp-json\/wp\/v2\/media?parent=22243"}],"wp:term":[{"taxonomy":"category","embeddable":true,"href":"https:\/\/www.grieta.org.mx\/index.php\/wp-json\/wp\/v2\/categories?post=22243"},{"taxonomy":"post_tag","embeddable":true,"href":"https:\/\/www.grieta.org.mx\/index.php\/wp-json\/wp\/v2\/tags?post=22243"}],"curies":[{"name":"wp","href":"https:\/\/api.w.org\/{rel}","templated":true}]}}