{"id":22209,"date":"2018-03-23T11:39:44","date_gmt":"2018-03-23T17:39:44","guid":{"rendered":"http:\/\/www.grieta.org.mx\/?p=22209"},"modified":"2018-03-24T12:17:27","modified_gmt":"2018-03-24T18:17:27","slug":"hermanos-de-miroslava-repudian-a-javier-corral-por-decir-que-ella-se-busco-su-muerte-chihuahua","status":"publish","type":"post","link":"https:\/\/www.grieta.org.mx\/index.php\/2018\/03\/23\/hermanos-de-miroslava-repudian-a-javier-corral-por-decir-que-ella-se-busco-su-muerte-chihuahua\/","title":{"rendered":"Hermanos de Miroslava repudian a Javier Corral por decir que ella \u201cse busc\u00f3\u201d su muerte (Chihuahua)"},"content":{"rendered":"<p><img loading=\"lazy\" decoding=\"async\" data-attachment-id=\"22215\" data-permalink=\"https:\/\/www.grieta.org.mx\/index.php\/2018\/03\/23\/hermanos-de-miroslava-repudian-a-javier-corral-por-decir-que-ella-se-busco-su-muerte-chihuahua\/miroslava-protestas\/\" data-orig-file=\"https:\/\/www.grieta.org.mx\/wp-content\/uploads\/2018\/03\/Miroslava-protestas.jpg\" data-orig-size=\"702,468\" data-comments-opened=\"0\" data-image-meta=\"{&quot;aperture&quot;:&quot;0&quot;,&quot;credit&quot;:&quot;&quot;,&quot;camera&quot;:&quot;&quot;,&quot;caption&quot;:&quot;&quot;,&quot;created_timestamp&quot;:&quot;0&quot;,&quot;copyright&quot;:&quot;&quot;,&quot;focal_length&quot;:&quot;0&quot;,&quot;iso&quot;:&quot;0&quot;,&quot;shutter_speed&quot;:&quot;0&quot;,&quot;title&quot;:&quot;&quot;,&quot;orientation&quot;:&quot;0&quot;}\" data-image-title=\"Miroslava protestas\" data-image-description=\"\" data-image-caption=\"\" data-medium-file=\"https:\/\/www.grieta.org.mx\/wp-content\/uploads\/2018\/03\/Miroslava-protestas-300x200.jpg\" data-large-file=\"https:\/\/www.grieta.org.mx\/wp-content\/uploads\/2018\/03\/Miroslava-protestas.jpg\" src=\"http:\/\/www.grieta.org.mx\/wp-content\/uploads\/2018\/03\/Miroslava-protestas.jpg\" alt=\"\" width=\"702\" height=\"468\" class=\"aligncenter size-full wp-image-22215\" srcset=\"https:\/\/www.grieta.org.mx\/wp-content\/uploads\/2018\/03\/Miroslava-protestas.jpg 702w, https:\/\/www.grieta.org.mx\/wp-content\/uploads\/2018\/03\/Miroslava-protestas-300x200.jpg 300w\" sizes=\"auto, (max-width: 702px) 100vw, 702px\" \/><\/p>\n<p>Patricia Mayorga<\/p>\n<p>CHIHUAHUA, Chih. (apro).- Los hermanos de la periodista Miroslava Breach repudiaron los dichos del gobernador panista Javier Corral, quien culp\u00f3 a la corresponsal de La Jornada de buscarse su propia muerte.<\/p>\n<p>A un a\u00f1o del homicidio de Miroslava Breach en la ciudad de Chihuahua, sus hermanos, el gremio period\u00edstico, representantes de organismos internacionales y organizaciones civiles rindieron un homenaje y exigieron justicia plena por su artero asesinato.<\/p>\n<p>\u201c(\u2026) como muchos otros comunicadores en este pa\u00eds, resulta que ella tuvo la culpa de que la asesinaran. Seg\u00fan las autoridades ella fue la culpable por no voltear a otro lado cuando tuvo ante s\u00ed los malos manejos de funcionarios de gobierno y autoridades\u201d.<\/p>\n<p>Adem\u00e1s, \u201cque fue irresponsable con su familia por no disfrutar de un hermoso paisaje tarahumara sin fijarse en la deforestaci\u00f3n y en el despojo de las etnias, y que tampoco ten\u00edan que ser su problema la voracidad y devastaci\u00f3n mineras y de otros megaproyectos, y menos a\u00fan destapar la corrupci\u00f3n y los acuerdos entre pol\u00edticos y narcos\u201d, revir\u00f3 Brisa Guadalupe Breach Velducea.<\/p>\n<p>A Miroslava no le hubiera costado ser una periodista \u201cmiope y chayotera\u201d y s\u00f3lo escribir lo que le dictaran, sentenci\u00f3.<\/p>\n<p>\u201cEs que su hermana se dedic\u00f3 a pisarle los callos al diablo\u201d, espet\u00f3 Corral Jurado a los hermanos de la periodista asesinada por sicarios la ma\u00f1ana del 23 de marzo de 2017 en esta capital.<\/p>\n<p>\u201c\u00c9sa, una lamentable opini\u00f3n y una desafortunada declaraci\u00f3n de incapacidad y subordinaci\u00f3n ante el narcotr\u00e1fico y delincuentes. Esa frase dicha por el gobernador es una bofetada para la familia, para el gremio period\u00edstico y para cualquier mexicano porque viene de una autoridad responsable de hacer cumplir los elementales derechos de protecci\u00f3n a la vida, de libertad y seguridad a los que tenemos derecho como ciudadanos.<\/p>\n<p>\u201cY pisarle los callos al diablo no s\u00f3lo es parte de la labor period\u00edstica, sino de la sociedad en general, quitarnos la mordaza, levantar la voz, exigir un cambio y enderezar este pobre pa\u00eds tan lastimado por la violencia, la impunidad y la corrupci\u00f3n.<\/p>\n<p>\u201cVisto de ese modo, si ella se lo busc\u00f3, ella se busc\u00f3 ser asesinada al menos desde el punto de vista de la m\u00e1xima autoridad del estado de Chihuahua, ella se lo busc\u00f3 o qu\u00e9 significa\u201d, arremeti\u00f3 la hermana de la periodista victimada hace un a\u00f1o.<\/p>\n<p>A nombre de sus hermanos, Brisa Breach exigi\u00f3:<\/p>\n<p>\u201cYa basta de la cacer\u00eda de periodistas, ya basta de silenciar las voces y plumas que cuestionan, que critican y que denuncian. Tenemos derecho a vivir informados y exigimos justicia para Miroslava, justicia y protecci\u00f3n para periodistas\u201d.<\/p>\n<p>Vocean \u201ccabezas\u201d de notas de Miroslava<\/p>\n<p>Un grupo de estudiantes de la Universidad Aut\u00f3noma de Chihuahua voce\u00f3 titulares de reportajes de Miroslava Breach publicados en La Jornada: Amenazan de muerte a abogados de rar\u00e1muris que luchan por tierras, Denuncian saqueo de pozos en Chihuahua, Ind\u00edgenas de Chihuahua paralizan obras de gasoducto, Impone el crimen organizado candidatos a ediles en Chihuahua.<\/p>\n<p>Luego leyeron las frases que Miroslava respondi\u00f3 al vocero del Comit\u00e9 Directivo Estatal (CDE) del PAN, Alfredo Pi\u00f1era Guevara, cuando \u00e9ste le llam\u00f3 para deslindar al exedil de Ch\u00ednipas de acusaciones del grupo delictivo Los Salazares.<\/p>\n<p>Los delincuentes culpaban al exalcalde Hugo Amed Schultz Alcaraz de haber filtrado informaci\u00f3n a periodistas sobre un precandidato postulado por el PRI, integrante de ese grupo delictivo.<\/p>\n<p>La periodista respondi\u00f3 en ese audio: \u201cNo, no, no, no, que tampoco chinguen, diles que para qu\u00e9 se hacen tontos, Miroslava Breach es nacida en Ch\u00ednipas y no va a revelar fuentes de informaci\u00f3n. As\u00ed, por favor, digan qui\u00e9n es y que me la echen a m\u00ed. Yo por eso mismo firm\u00e9 la nota, porque tengo ovarios y porque sab\u00eda c\u00f3mo est\u00e1n.<\/p>\n<p>\u201cA m\u00ed me han hablado mis t\u00edos y me han dicho que est\u00e1n rezando el novenario por m\u00ed. Entonces, que no jueguen\u201d.<\/p>\n<p>En representaci\u00f3n de la Oficina en M\u00e9xico del Alto Comisionado de las Naciones Unidas para los Derechos Humanos, Ricardo Neves dijo que el trabajo de Miroslava ten\u00eda un transcendental inter\u00e9s p\u00fablico, por la importancia de los temas que cubr\u00eda, pero tambi\u00e9n por el hecho de que pocas personas m\u00e1s tuvieron o tienen el valor para hacerlo.<\/p>\n<p>\u201cSin embargo, su pluma era muy inc\u00f3moda porque sacaba a la luz lo que algunas personas deseaban que permaneciera oculto. Por eso el asesinato de Miroslava no s\u00f3lo le duele a su familia y amigos, sino que le debe doler a toda la sociedad, nos debe doler a todas y todos.<\/p>\n<p>\u201cMiroslava siempre supo que ser periodista, que informar y no claudicar frente a las amenazas que recibi\u00f3, supon\u00eda un gran riesgo, pero se neg\u00f3 a la autocensura. Consciente del peligro, pero tambi\u00e9n de que era una de las pocas voces que pod\u00eda ayudar con la verdad a las v\u00edctimas de la violencia y los pueblos oprimidos, decidi\u00f3 seguir informando.<\/p>\n<p>\u201cOtras voces valientes han enfrentado tambi\u00e9n terribles consecuencias por su decisi\u00f3n de no ser c\u00f3mplices con su silencio. Por ejemplo, a Patricia Mayorga la forzaron al exilio. Otras y otros periodistas no pueden entrar a la sierra o no pueden informar sin poner en riesgo su vida o la de sus seres queridos. Y ahora, sin estas voces imprescindibles, la sierra es a\u00fan m\u00e1s d\u00e9bil\u201d.<\/p>\n<p>Por ello urgi\u00f3 garantizar la eficacia de los sistemas de protecci\u00f3n y prevenci\u00f3n de las agresiones contra periodistas y dijo que se necesita un involucramiento inequ\u00edvoco de los gobiernos estatal y federal que, reconociendo el riesgo enfrentado por las y los periodistas y la importancia de la labor que realizan en una sociedad democr\u00e1tica, adopten medidas decididas para prevenir las agresiones, condenarlas, perseguirlas y generar un ambiente propicio para el ejercicio period\u00edstico.<\/p>\n<p>El gremio de comunicadores tambi\u00e9n exigi\u00f3 que se investigue el caso como narcopol\u00edtica, como lo prometieron las autoridades estatales.<\/p>\n<p>El periodista Jaime Armend\u00e1riz record\u00f3 la valent\u00eda y profesionalismo de Miroslava, tras recordar que su esp\u00edritu sigue vivo, y enseguida denunci\u00f3 que las autoridades \u201cabandonaron sin ning\u00fan pudor el discurso de la narcopol\u00edtica como el m\u00f3vil del asesinato\u201d.<\/p>\n<p><a href=\"http:\/\/www.proceso.com.mx\/527325\/hermanos-de-miroslava-repudian-a-javier-corral-por-decir-que-ella-se-busco-su-muerte\" rel=\"noopener\" target=\"_blank\">http:\/\/www.proceso.com.mx\/527325\/hermanos-de-miroslava-repudian-a-javier-corral-por-decir-que-ella-se-busco-su-muerte<\/a><\/p>\n","protected":false},"excerpt":{"rendered":"<p>Patricia Mayorga CHIHUAHUA, Chih. (apro).- Los hermanos de la periodista Miroslava Breach repudiaron los dichos del gobernador panista Javier Corral, quien culp\u00f3 a la corresponsal de La Jornada de buscarse &hellip; <a href=\"https:\/\/www.grieta.org.mx\/index.php\/2018\/03\/23\/hermanos-de-miroslava-repudian-a-javier-corral-por-decir-que-ella-se-busco-su-muerte-chihuahua\/\" class=\"more-link\">Leer m\u00e1s<\/a><\/p>\n","protected":false},"author":2,"featured_media":22215,"comment_status":"closed","ping_status":"closed","sticky":false,"template":"","format":"standard","meta":{"ngg_post_thumbnail":0,"_jetpack_newsletter_access":"","_jetpack_dont_email_post_to_subs":false,"_jetpack_newsletter_tier_id":0,"_jetpack_memberships_contains_paywalled_content":false,"_jetpack_memberships_contains_paid_content":false,"footnotes":""},"categories":[12,80,2,88,1059],"tags":[120],"class_list":["post-22209","post","type-post","status-publish","format-standard","has-post-thumbnail","hentry","category-chihuahua","category-cintillo","category-noticias-nacionales","category-violencia-contra-periodistas","category-violencia-contra-periodistas-en-chihuahua","tag-violencia-contra-periodistas","entry"],"jetpack_featured_media_url":"https:\/\/www.grieta.org.mx\/wp-content\/uploads\/2018\/03\/Miroslava-protestas.jpg","jetpack_sharing_enabled":true,"jetpack_shortlink":"https:\/\/wp.me\/p7ZJR4-5Md","jetpack_likes_enabled":false,"jetpack-related-posts":[{"id":22858,"url":"https:\/\/www.grieta.org.mx\/index.php\/2017\/08\/23\/periodistas-de-chihuahua-exigen-se-capture-a-los-asesinos-de-miroslava-breach\/","url_meta":{"origin":22209,"position":0},"title":"Periodistas de Chihuahua exigen se capture a los asesinos de Miroslava Breach","author":"grieta","date":"23 agosto, 2017","format":false,"excerpt":"CHIHUAHUA, Chih. (apro).- Tras cinco meses de impunidad del asesinato de la corresponsal de\u00a0La Jornada, Miroslava Breach, un grupo de periodistas chihuahuenses se congreg\u00f3 en la \u201ccruz de clavos\u201d de la plaza Hidalgo, frente a Palacio de Gobierno. Acompa\u00f1ados por derechohumanistas, los comunicadores exigieron una vez m\u00e1s a los gobiernos\u2026","rel":"","context":"En &quot;Chihuahua&quot;","block_context":{"text":"Chihuahua","link":"https:\/\/www.grieta.org.mx\/index.php\/category\/noticias-nacionales\/chihuahua\/"},"img":{"alt_text":"","src":"https:\/\/i0.wp.com\/www.grieta.org.mx\/wp-content\/uploads\/2018\/05\/Periodistas.jpg?resize=350%2C200&ssl=1","width":350,"height":200,"srcset":"https:\/\/i0.wp.com\/www.grieta.org.mx\/wp-content\/uploads\/2018\/05\/Periodistas.jpg?resize=350%2C200&ssl=1 1x, https:\/\/i0.wp.com\/www.grieta.org.mx\/wp-content\/uploads\/2018\/05\/Periodistas.jpg?resize=525%2C300&ssl=1 1.5x, https:\/\/i0.wp.com\/www.grieta.org.mx\/wp-content\/uploads\/2018\/05\/Periodistas.jpg?resize=700%2C400&ssl=1 2x"},"classes":[]},{"id":44981,"url":"https:\/\/www.grieta.org.mx\/index.php\/2020\/02\/22\/el-dia-del-crimen-corral-dijo-conocer-amenazas-contra-miroslava-luego-lo-nego-chihuahua\/","url_meta":{"origin":22209,"position":1},"title":"El d\u00eda del crimen Corral dijo conocer amenazas contra Miroslava\u2026 luego lo neg\u00f3 (Chihuahua)","author":"grieta","date":"22 febrero, 2020","format":false,"excerpt":"Ra\u00edchali Cuando asesinaron a la periodista Miroslava Breach, el gobernador de Chihuahua, Javier Corral, habl\u00f3 de las amenazas en contra de ella que la periodista le hab\u00eda confiado. Ahora el pol\u00edtico lo niega y dice que las las familiares de Miroslava mienten. CHIHUAHUA, CHIHUAHUA.- El gobernador Javier Corral ha negado\u2026","rel":"","context":"En &quot;Chihuahua&quot;","block_context":{"text":"Chihuahua","link":"https:\/\/www.grieta.org.mx\/index.php\/category\/noticias-nacionales\/chihuahua\/"},"img":{"alt_text":"","src":"https:\/\/i0.wp.com\/www.grieta.org.mx\/wp-content\/uploads\/2020\/02\/Miroslava_-colectivo23demarzo.jpg?resize=350%2C200&ssl=1","width":350,"height":200,"srcset":"https:\/\/i0.wp.com\/www.grieta.org.mx\/wp-content\/uploads\/2020\/02\/Miroslava_-colectivo23demarzo.jpg?resize=350%2C200&ssl=1 1x, https:\/\/i0.wp.com\/www.grieta.org.mx\/wp-content\/uploads\/2020\/02\/Miroslava_-colectivo23demarzo.jpg?resize=525%2C300&ssl=1 1.5x, https:\/\/i0.wp.com\/www.grieta.org.mx\/wp-content\/uploads\/2020\/02\/Miroslava_-colectivo23demarzo.jpg?resize=700%2C400&ssl=1 2x, https:\/\/i0.wp.com\/www.grieta.org.mx\/wp-content\/uploads\/2020\/02\/Miroslava_-colectivo23demarzo.jpg?resize=1050%2C600&ssl=1 3x"},"classes":[]},{"id":36206,"url":"https:\/\/www.grieta.org.mx\/index.php\/2018\/03\/21\/ambiente-adverso-para-periodistas-en-gobierno-de-corral-article-19-chihuahua\/","url_meta":{"origin":22209,"position":2},"title":"Ambiente adverso para periodistas en gobierno de Corral: Article 19 (Chihuahua)","author":"grieta","date":"21 marzo, 2018","format":false,"excerpt":"Red de Periodistas de Ju\u00e1rez En Chihuahua, el ambiente para los periodistas y defensores de la libertad de expresi\u00f3n es adverso debido a la violencia institucional que impera contra la prensa durante el gobierno de Javier Corral Jurado, de acuerdo con la organizaci\u00f3n ARTICLE 19. En su informe \u2018Democracia Simulada,\u2026","rel":"","context":"En &quot;Chihuahua&quot;","block_context":{"text":"Chihuahua","link":"https:\/\/www.grieta.org.mx\/index.php\/category\/noticias-nacionales\/chihuahua\/"},"img":{"alt_text":"","src":"https:\/\/i0.wp.com\/www.grieta.org.mx\/wp-content\/uploads\/2019\/07\/amordazada-libertad.jpg?resize=350%2C200&ssl=1","width":350,"height":200,"srcset":"https:\/\/i0.wp.com\/www.grieta.org.mx\/wp-content\/uploads\/2019\/07\/amordazada-libertad.jpg?resize=350%2C200&ssl=1 1x, https:\/\/i0.wp.com\/www.grieta.org.mx\/wp-content\/uploads\/2019\/07\/amordazada-libertad.jpg?resize=525%2C300&ssl=1 1.5x, https:\/\/i0.wp.com\/www.grieta.org.mx\/wp-content\/uploads\/2019\/07\/amordazada-libertad.jpg?resize=700%2C400&ssl=1 2x"},"classes":[]},{"id":44974,"url":"https:\/\/www.grieta.org.mx\/index.php\/2020\/02\/22\/corral-acusa-a-familia-de-miroslava-de-mentir-niega-que-sabia-de-amenazas-brotan-pruebas-de-que-lo-contradicen-chihuahua\/","url_meta":{"origin":22209,"position":3},"title":"Corral acusa a familia de Miroslava de mentir, niega que sab\u00eda de amenazas; brotan pruebas de que lo contradicen (Chihuahua)","author":"grieta","date":"22 febrero, 2020","format":false,"excerpt":"Colectivo 23 de Marzo\/Pagina 3 El gobernador de Chihuahua, Javier Corral, acus\u00f3 a \u201clas hermanas\u201d de la periodista asesinada, Miroslava Breach Velducea, de mentir al se\u00f1alar en el juicio que \u00e9l sab\u00eda de las amenazas que recib\u00eda; sin embargo, existen pruebas que muestran que s\u00ed sab\u00eda. Las evidencias que lo\u2026","rel":"","context":"En &quot;Chihuahua&quot;","block_context":{"text":"Chihuahua","link":"https:\/\/www.grieta.org.mx\/index.php\/category\/noticias-nacionales\/chihuahua\/"},"img":{"alt_text":"","src":"https:\/\/i0.wp.com\/www.grieta.org.mx\/wp-content\/uploads\/2020\/02\/image_large.jpeg?resize=350%2C200&ssl=1","width":350,"height":200,"srcset":"https:\/\/i0.wp.com\/www.grieta.org.mx\/wp-content\/uploads\/2020\/02\/image_large.jpeg?resize=350%2C200&ssl=1 1x, https:\/\/i0.wp.com\/www.grieta.org.mx\/wp-content\/uploads\/2020\/02\/image_large.jpeg?resize=525%2C300&ssl=1 1.5x, https:\/\/i0.wp.com\/www.grieta.org.mx\/wp-content\/uploads\/2020\/02\/image_large.jpeg?resize=700%2C400&ssl=1 2x"},"classes":[]},{"id":22868,"url":"https:\/\/www.grieta.org.mx\/index.php\/2017\/03\/24\/miroslava-breach-periodista-asesinada-que-difundio-la-oposicion-minera-en-chihuahua\/","url_meta":{"origin":22209,"position":4},"title":"Miroslava Breach, periodista asesinada que difundi\u00f3 la oposici\u00f3n minera en Chihuahua","author":"grieta","date":"24 marzo, 2017","format":false,"excerpt":"Miroslava Breach Velducea -mujer periodista de 54 a\u00f1os de edad, corresponsal de La Jornada- fue asesinada el jueves 23 de marzo. Cuando sal\u00eda de su domicilio ubicado en la ciudad de Chihuahua, sujetos a bordo de una camioneta la ultimaron con tiros de una arma de fuego, calibre 38. Una\u2026","rel":"","context":"En &quot;Chihuahua&quot;","block_context":{"text":"Chihuahua","link":"https:\/\/www.grieta.org.mx\/index.php\/category\/noticias-nacionales\/chihuahua\/"},"img":{"alt_text":"","src":"https:\/\/i0.wp.com\/www.grieta.org.mx\/wp-content\/uploads\/2018\/03\/14524434_1106112876131411_958039263622046936_o.jpg?resize=350%2C200&ssl=1","width":350,"height":200,"srcset":"https:\/\/i0.wp.com\/www.grieta.org.mx\/wp-content\/uploads\/2018\/03\/14524434_1106112876131411_958039263622046936_o.jpg?resize=350%2C200&ssl=1 1x, https:\/\/i0.wp.com\/www.grieta.org.mx\/wp-content\/uploads\/2018\/03\/14524434_1106112876131411_958039263622046936_o.jpg?resize=525%2C300&ssl=1 1.5x, https:\/\/i0.wp.com\/www.grieta.org.mx\/wp-content\/uploads\/2018\/03\/14524434_1106112876131411_958039263622046936_o.jpg?resize=700%2C400&ssl=1 2x"},"classes":[]},{"id":31044,"url":"https:\/\/www.grieta.org.mx\/index.php\/2019\/03\/22\/a-2-anos-del-asesinato-de-miroslava-breach-no-hay-sentenciados-ni-justicia-chihuahua\/","url_meta":{"origin":22209,"position":5},"title":"A 2 a\u00f1os del asesinato de Miroslava Breach, no hay sentenciados ni justicia (Chihuahua)","author":"grieta","date":"22 marzo, 2019","format":false,"excerpt":"Activistas, comunicadores y familiares de la periodista exigieron justicia y demandaron a las autoridades la captura de todos los involucrados en el crimen, y en especial de los autores intelectuales. Redacci\u00f3n ANIMAL POL\u00cdTICO A dos a\u00f1os del asesinato de la periodista Miroslava Breach, no existe sentencia condenatoria contra ninguno de\u2026","rel":"","context":"En &quot;Chihuahua&quot;","block_context":{"text":"Chihuahua","link":"https:\/\/www.grieta.org.mx\/index.php\/category\/noticias-nacionales\/chihuahua\/"},"img":{"alt_text":"","src":"https:\/\/i0.wp.com\/www.grieta.org.mx\/wp-content\/uploads\/2019\/03\/Miroslava-2-a%C3%B1os.jpg?resize=350%2C200","width":350,"height":200,"srcset":"https:\/\/i0.wp.com\/www.grieta.org.mx\/wp-content\/uploads\/2019\/03\/Miroslava-2-a%C3%B1os.jpg?resize=350%2C200 1x, https:\/\/i0.wp.com\/www.grieta.org.mx\/wp-content\/uploads\/2019\/03\/Miroslava-2-a%C3%B1os.jpg?resize=525%2C300 1.5x"},"classes":[]}],"_links":{"self":[{"href":"https:\/\/www.grieta.org.mx\/index.php\/wp-json\/wp\/v2\/posts\/22209","targetHints":{"allow":["GET"]}}],"collection":[{"href":"https:\/\/www.grieta.org.mx\/index.php\/wp-json\/wp\/v2\/posts"}],"about":[{"href":"https:\/\/www.grieta.org.mx\/index.php\/wp-json\/wp\/v2\/types\/post"}],"author":[{"embeddable":true,"href":"https:\/\/www.grieta.org.mx\/index.php\/wp-json\/wp\/v2\/users\/2"}],"replies":[{"embeddable":true,"href":"https:\/\/www.grieta.org.mx\/index.php\/wp-json\/wp\/v2\/comments?post=22209"}],"version-history":[{"count":1,"href":"https:\/\/www.grieta.org.mx\/index.php\/wp-json\/wp\/v2\/posts\/22209\/revisions"}],"predecessor-version":[{"id":22217,"href":"https:\/\/www.grieta.org.mx\/index.php\/wp-json\/wp\/v2\/posts\/22209\/revisions\/22217"}],"wp:featuredmedia":[{"embeddable":true,"href":"https:\/\/www.grieta.org.mx\/index.php\/wp-json\/wp\/v2\/media\/22215"}],"wp:attachment":[{"href":"https:\/\/www.grieta.org.mx\/index.php\/wp-json\/wp\/v2\/media?parent=22209"}],"wp:term":[{"taxonomy":"category","embeddable":true,"href":"https:\/\/www.grieta.org.mx\/index.php\/wp-json\/wp\/v2\/categories?post=22209"},{"taxonomy":"post_tag","embeddable":true,"href":"https:\/\/www.grieta.org.mx\/index.php\/wp-json\/wp\/v2\/tags?post=22209"}],"curies":[{"name":"wp","href":"https:\/\/api.w.org\/{rel}","templated":true}]}}