{"id":22203,"date":"2018-03-23T10:09:42","date_gmt":"2018-03-23T16:09:42","guid":{"rendered":"http:\/\/www.grieta.org.mx\/?p=22203"},"modified":"2018-03-24T11:09:09","modified_gmt":"2018-03-24T17:09:09","slug":"transexuales-se-niegan-a-pagar-por-permiso-para-andar-en-calles-de-torreon","status":"publish","type":"post","link":"https:\/\/www.grieta.org.mx\/index.php\/2018\/03\/23\/transexuales-se-niegan-a-pagar-por-permiso-para-andar-en-calles-de-torreon\/","title":{"rendered":"Transexuales se niegan a pagar por permiso para andar en calles de Torre\u00f3n"},"content":{"rendered":"<blockquote><p>Autoridad municipal solicita a transexuales portar tarjeta de salubridad porque alegan que se dedican al sexoservicio.<\/p><\/blockquote>\n<p>Francisco Rodr\u00edguez<br \/>\nTorre\u00f3n.- Alejandra, una mujer transexual de Torre\u00f3n, iba a bordo del taxi con rumbo al bar \u201cLa Chiquita\u201d, cuando le pidi\u00f3 al chofer que se detuviera. Se baj\u00f3 del auto en la avenida Ju\u00e1rez del Centro y apenas camin\u00f3 unos pasos, unos patrulleros se le acercaron.<\/p>\n<p>-Buenas noches, su permiso para andar en la calle \u2013le pidieron.<\/p>\n<p>-\u00bfDisculpa? \u2013respondi\u00f3 Alejandra, como me ha pedido que la llame por temor a represalias.<\/p>\n<p>-No puedes andar por aqu\u00ed. Ya nos han hablado que se est\u00e1n prostituyendo en la Morelos \u2013le solt\u00f3 el polic\u00eda.<\/p>\n<p>El Paseo Morelos es una avenida paralela a la Ju\u00e1rez que en los \u00faltimos a\u00f1os se ha convertido \u2013al menos por unas cuadras- en un paseo familiar y de diversi\u00f3n nocturna. Alejandra, una transexual, me dice que reconoce que no puede caminar por esa calle porque anda vestida de mujer.<\/p>\n<p>-Yo no soy prostituta, por qu\u00e9 dices eso de m\u00ed \u2013respondi\u00f3 Alejandra.<\/p>\n<p>-Por qu\u00e9 te haces tonta, si te hemos visto por aqu\u00ed \u2013le respondieron los oficiales.<\/p>\n<p>Alejandra trabaja como costurera en una empresa y ha sido instructora de zumba incluso en presidencia. Platica que nunca se ha prostituido. \u201cNunca me han visto con un cliente\u201d, les debati\u00f3 a los polic\u00edas.<\/p>\n<p>\u201cF\u00edjate c\u00f3mo vienes vestida. A poco no te fijas c\u00f3mo vienes vestida. As\u00ed no puedes andar en la calle\u201d, le recriminaron los polic\u00edas. Alejandra cuenta que llevaba puesto un vestido corto. \u201cAh\u00ed vienen los de inspecci\u00f3n\u201d, le dijeron los agentes. En eso llegaron un coche y una camioneta blanca. Los funcionaros le preguntaron por su tarjet\u00f3n de salubridad, como se le exige a los prostitutas o prostitutos. \u201cYo no necesito porque yo no trabajo en eso\u201d, volvi\u00f3 a insistirles Alejandra.<\/p>\n<p>Recuerda que se empezaron a hablar en claves para luego pedirle que se subiera a la patrulla. Tambi\u00e9n le empezaron a tomar fotograf\u00edas. \u201cSon muy listos, te toman fotos en la calle\u201d, relata Alejandra.<\/p>\n<p>En la patrulla le reclam\u00f3 un polic\u00eda. \u201cPor qu\u00e9 me hacen esto, no se vale\u201d, le dijo. \u201cHay pa\u2019 qu\u00e9 te haces tonta, andas en eso\u201d, le respondi\u00f3 el uniformado. \u201cT\u00fa sabes bien que no, me andan levantando falso\u201d, recrimin\u00f3 Alejandra.<\/p>\n<p>Cuando llegaron a los separos, apenas descendi\u00f3 y le volvieron a tomar fotos. \u201cAll\u00e1 adentro te esperan m\u00e1s amigas\u201d, le adelantaron. En el Tribunal Administrativo otra vez fotos, de frente, de lado. \u201cSoy chica transexual pero no soy prostituta, me gusta vestirme coqueta pero de ah\u00ed no pasa\u201d, les comentaba a los funcionarios.<\/p>\n<p>Seas o no seas<\/p>\n<p>\u201cSea o no sea tienes que traer un tarjet\u00f3n por andar vestida as\u00ed. Si te vuelvo a ver as\u00ed te subo\u201d, amenaz\u00f3 un polic\u00eda a Alejandra antes de entrar a los Tribunales.<\/p>\n<p>Cuando la ingresaban a las oficinas, Alejandra segu\u00eda reclamando. \u201cUstedes no tienen derecho de nada\u201d, le dijo un polic\u00eda. \u201cT\u00fa ya est\u00e1s adentro, ya mejor c\u00e1llate\u201d, recalcaba el agente. \u201cYa m\u00e9tele un putazo, no deja de ser vato\u201d, le dijo a otro compa\u00f1ero.<\/p>\n<p>A una mujer polic\u00eda le expres\u00f3 que no se val\u00eda, que la estaban fichando como prostituta. \u201cNo se vale c\u00f3mo me tratan\u201d, se desahog\u00f3. Cuando entr\u00f3 a las celdas estaban otras dos chicas trans. En otra celda m\u00e1s mujeres prostitutas que tambi\u00e9n hab\u00edan detenido por no contar con el tarjet\u00f3n de salud.<\/p>\n<p>Alejandra sinti\u00f3 que se burlaron de ella. Se empez\u00f3 a desesperar y entr\u00f3 en shock. \u201cSon 15 mil pesos de multa\u201d, le comentaron. Luego se lo bajaron a 5 mil. \u201cYo no voy a pagar ese dinero porque no soy prostituta\u201d, les insisti\u00f3.<\/p>\n<p>En las celdas, Alejandra llor\u00f3 de coraje. Al d\u00eda siguiente ten\u00eda que trabajar. No ten\u00eda c\u00f3mo comunicarse con su familia. Ten\u00eda necesidad de un cigarro. Los nervios le hac\u00edan temblar. \u201cTe vas a aguantar\u201d, le se\u00f1alaban los celadores con tono burlesco.<\/p>\n<p>Era la primera vez que Alejandra pisaba una celda municipal. Ped\u00eda por agua y se burlaban de ella. \u201cAqu\u00ed no es hotel\u201d, le remachaban para burlarse de ella.<\/p>\n<p>La chica trans sali\u00f3 hasta el s\u00e1bado en la noche. Una mujer la ayud\u00f3 pagando 800 pesos. \u201cSi quieres yo te arreglo el permiso\u201d, le dijo la se\u00f1ora. \u201cAl momento de sacar un permiso es darles la raz\u00f3n de que soy prostituta\u201d, le coment\u00f3 a la mujer. \u201cMe chingo para ganarme un peso, c\u00f3mo voy a pagar para salir y andar en la calle vestida de mujer\u201d, me dice Alejandra.<\/p>\n<p>Desde aquella experiencia, la chica trans no ha salido de noche. Dice que tiene miedo porque ya la ficharon. \u201cYa ni a divertirme voy a poder\u201d, platica. Comenta que quisiera poner una denuncia pero se detiene para no exponerse. \u201cNo sabemos a qu\u00e9 nos enfrentamos\u201d, a\u00f1ade.<\/p>\n<p>Adem\u00e1s, a Alejandra la amenazaron que si la volv\u00edan a detener, ahora s\u00ed no se libraba de pagar la multa de 15 mil pesos.<\/p>\n<p><a href=\"http:\/\/www.eluniversal.com.mx\/estados\/no-voy-pagar-porque-yo-no-soy-prostituta-dice-alejandra\" target=\"_blank\" rel=\"noopener\">http:\/\/www.eluniversal.com.mx\/estados\/no-voy-pagar-porque-yo-no-soy-prostituta-dice-alejandra<\/a><\/p>\n","protected":false},"excerpt":{"rendered":"<p>Autoridad municipal solicita a transexuales portar tarjeta de salubridad porque alegan que se dedican al sexoservicio. Francisco Rodr\u00edguez Torre\u00f3n.- Alejandra, una mujer transexual de Torre\u00f3n, iba a bordo del taxi &hellip; <a href=\"https:\/\/www.grieta.org.mx\/index.php\/2018\/03\/23\/transexuales-se-niegan-a-pagar-por-permiso-para-andar-en-calles-de-torreon\/\" class=\"more-link\">Leer m\u00e1s<\/a><\/p>\n","protected":false},"author":2,"featured_media":21928,"comment_status":"closed","ping_status":"closed","sticky":false,"template":"","format":"standard","meta":{"ngg_post_thumbnail":0,"_jetpack_newsletter_access":"","_jetpack_dont_email_post_to_subs":false,"_jetpack_newsletter_tier_id":0,"_jetpack_memberships_contains_paywalled_content":false,"_jetpack_memberships_contains_paid_content":false,"footnotes":""},"categories":[80,419,2,1035],"tags":[130,381],"class_list":["post-22203","post","type-post","status-publish","format-standard","has-post-thumbnail","hentry","category-cintillo","category-coahuila","category-noticias-nacionales","category-violencia-contra-a-comunidad-lgbti","tag-represion","tag-violencia-de-genero","entry"],"jetpack_featured_media_url":"https:\/\/www.grieta.org.mx\/wp-content\/uploads\/2018\/03\/14524434_1106112876131411_958039263622046936_o.jpg","jetpack_sharing_enabled":true,"jetpack_shortlink":"https:\/\/wp.me\/p7ZJR4-5M7","jetpack_likes_enabled":false,"jetpack-related-posts":[{"id":22088,"url":"https:\/\/www.grieta.org.mx\/index.php\/2018\/03\/01\/ordena-zermeno-encarcelar-a-transexuales-que-caminen-por-calles-de-torreon\/","url_meta":{"origin":22203,"position":0},"title":"Ordena Zerme\u00f1o encarcelar a transexuales que caminen por calles de Torre\u00f3n","author":"grieta","date":"1 marzo, 2018","format":false,"excerpt":"Torre\u00f3n, Coah., 12 de marzo 2018.- Por \u201cfobia\u201d a los homosexuales y transexuales, el alcalde de Torre\u00f3n Jorge Zerme\u00f1o Infante orden\u00f3 el encarcelamiento de quienes caminen por las calles de la ciudad vestidos de mujer. No\u00e9 Ruiz Malacara, presidente de San Aelredo, denunci\u00f3 que por lo menos 10 personas transexuales\u2026","rel":"","context":"En &quot;CINTILLO&quot;","block_context":{"text":"CINTILLO","link":"https:\/\/www.grieta.org.mx\/index.php\/category\/cintillo\/"},"img":{"alt_text":"","src":"https:\/\/i0.wp.com\/www.grieta.org.mx\/wp-content\/uploads\/2018\/03\/14524434_1106112876131411_958039263622046936_o.jpg?resize=350%2C200&ssl=1","width":350,"height":200,"srcset":"https:\/\/i0.wp.com\/www.grieta.org.mx\/wp-content\/uploads\/2018\/03\/14524434_1106112876131411_958039263622046936_o.jpg?resize=350%2C200&ssl=1 1x, https:\/\/i0.wp.com\/www.grieta.org.mx\/wp-content\/uploads\/2018\/03\/14524434_1106112876131411_958039263622046936_o.jpg?resize=525%2C300&ssl=1 1.5x, https:\/\/i0.wp.com\/www.grieta.org.mx\/wp-content\/uploads\/2018\/03\/14524434_1106112876131411_958039263622046936_o.jpg?resize=700%2C400&ssl=1 2x"},"classes":[]},{"id":23116,"url":"https:\/\/www.grieta.org.mx\/index.php\/2018\/03\/13\/denuncian-a-alcalde-de-torreon-por-detener-arbitrariamente-a-transexuales-y-travestis\/","url_meta":{"origin":22203,"position":1},"title":"Denuncian a Alcalde de Torre\u00f3n por detener arbitrariamente a transexuales y travestis","author":"grieta","date":"13 marzo, 2018","format":false,"excerpt":"Las detenciones han provocado que las personas de la comunidad trans tengan que pagar multas desde 500 y hasta 3 mil 700 pesos por supuestos da\u00f1os a la moral, mal calificados Vanguardia\/El Ma\u00f1ana Nacional TORRE\u00d3N.- Luego de las quejas presentadas por Raymundo Valadez, vocero de la comunidad LGBTTTIQ en Torre\u00f3n,\u2026","rel":"","context":"En &quot;CINTILLO&quot;","block_context":{"text":"CINTILLO","link":"https:\/\/www.grieta.org.mx\/index.php\/category\/cintillo\/"},"img":{"alt_text":"","src":"https:\/\/i0.wp.com\/www.grieta.org.mx\/wp-content\/uploads\/2018\/03\/14524434_1106112876131411_958039263622046936_o.jpg?resize=350%2C200&ssl=1","width":350,"height":200,"srcset":"https:\/\/i0.wp.com\/www.grieta.org.mx\/wp-content\/uploads\/2018\/03\/14524434_1106112876131411_958039263622046936_o.jpg?resize=350%2C200&ssl=1 1x, https:\/\/i0.wp.com\/www.grieta.org.mx\/wp-content\/uploads\/2018\/03\/14524434_1106112876131411_958039263622046936_o.jpg?resize=525%2C300&ssl=1 1.5x, https:\/\/i0.wp.com\/www.grieta.org.mx\/wp-content\/uploads\/2018\/03\/14524434_1106112876131411_958039263622046936_o.jpg?resize=700%2C400&ssl=1 2x"},"classes":[]},{"id":23126,"url":"https:\/\/www.grieta.org.mx\/index.php\/2018\/05\/10\/marcha-grupo-vida-por-sus-desaparecidos-en-el-dia-de-las-madres-torreon-coahuila\/","url_meta":{"origin":22203,"position":2},"title":"Marcha grupo Vida por sus desaparecidos en el D\u00eda de las Madres (Torre\u00f3n, Coahuila)","author":"grieta","date":"10 mayo, 2018","format":false,"excerpt":"El contingente camin\u00f3 en sentido contrario por la avenida Ju\u00e1rez. (EL SIGLO DE TORRE\u00d3N) Como desde hace cinco a\u00f1os, el grupo V\u00edctimas por sus Derechos en Acci\u00f3n (Vida), realiza su marcha de familiares de personas desaparecidas en el D\u00eda de las Madres. Guadalupe Miranda\/El Siglo Coahuila El contingente conformado por\u2026","rel":"","context":"En &quot;CINTILLO&quot;","block_context":{"text":"CINTILLO","link":"https:\/\/www.grieta.org.mx\/index.php\/category\/cintillo\/"},"img":{"alt_text":"","src":"https:\/\/i0.wp.com\/www.grieta.org.mx\/wp-content\/uploads\/2018\/05\/Marchan-madre-Torre%C3%B3n.jpeg?resize=350%2C200&ssl=1","width":350,"height":200,"srcset":"https:\/\/i0.wp.com\/www.grieta.org.mx\/wp-content\/uploads\/2018\/05\/Marchan-madre-Torre%C3%B3n.jpeg?resize=350%2C200&ssl=1 1x, https:\/\/i0.wp.com\/www.grieta.org.mx\/wp-content\/uploads\/2018\/05\/Marchan-madre-Torre%C3%B3n.jpeg?resize=525%2C300&ssl=1 1.5x, https:\/\/i0.wp.com\/www.grieta.org.mx\/wp-content\/uploads\/2018\/05\/Marchan-madre-Torre%C3%B3n.jpeg?resize=700%2C400&ssl=1 2x, https:\/\/i0.wp.com\/www.grieta.org.mx\/wp-content\/uploads\/2018\/05\/Marchan-madre-Torre%C3%B3n.jpeg?resize=1050%2C600&ssl=1 3x"},"classes":[]},{"id":14915,"url":"https:\/\/www.grieta.org.mx\/index.php\/2016\/06\/23\/marchan-maestros-de-la-laguna-en-apoyo-a-docentes-de-oaxaca\/","url_meta":{"origin":22203,"position":3},"title":"Los maestros laguneros se unen a las protestas","author":"grieta","date":"23 junio, 2016","format":false,"excerpt":"TORRE\u00d3N, COAH.- Maestros de la Comarca Lagunera realizaron una movilizaci\u00f3n masiva en contra de la Reforma Educativa, ayer mi\u00e9rcoles por la tarde. Fue a las 18:00 horas que docentes de la Laguna de Durango se reunieron frente al museo Francisco Sarabia de Ciudad Lerdo, desde ah\u00ed marcharon por el bulevar\u2026","rel":"","context":"En &quot;CINTILLO&quot;","block_context":{"text":"CINTILLO","link":"https:\/\/www.grieta.org.mx\/index.php\/category\/cintillo\/"},"img":{"alt_text":"","src":"https:\/\/i0.wp.com\/www.grieta.org.mx\/wp-content\/uploads\/2018\/03\/14524434_1106112876131411_958039263622046936_o.jpg?resize=350%2C200&ssl=1","width":350,"height":200,"srcset":"https:\/\/i0.wp.com\/www.grieta.org.mx\/wp-content\/uploads\/2018\/03\/14524434_1106112876131411_958039263622046936_o.jpg?resize=350%2C200&ssl=1 1x, https:\/\/i0.wp.com\/www.grieta.org.mx\/wp-content\/uploads\/2018\/03\/14524434_1106112876131411_958039263622046936_o.jpg?resize=525%2C300&ssl=1 1.5x, https:\/\/i0.wp.com\/www.grieta.org.mx\/wp-content\/uploads\/2018\/03\/14524434_1106112876131411_958039263622046936_o.jpg?resize=700%2C400&ssl=1 2x"},"classes":[]},{"id":11238,"url":"https:\/\/www.grieta.org.mx\/index.php\/2016\/04\/25\/feministas-realizan-marcha-contra-la-violencia-de-genero\/","url_meta":{"origin":22203,"position":4},"title":"Feministas realizan marcha contra la violencia de g\u00e9nero","author":"grieta","date":"25 abril, 2016","format":false,"excerpt":"Colectivos feministas en La Laguna realizaron una protesta contra la violencia machista. Fue a las 18:00 horas del domingo que se concentraron con mantas y letreros, frente a la Fuente del Pensador en la Alameda Zaragoza de Torre\u00f3n. Las manifestantes gritaron consignas contra la cultura del abuso a las mujeres,\u2026","rel":"","context":"En &quot;CINTILLO&quot;","block_context":{"text":"CINTILLO","link":"https:\/\/www.grieta.org.mx\/index.php\/category\/cintillo\/"},"img":{"alt_text":"","src":"https:\/\/i0.wp.com\/www.grieta.org.mx\/wp-content\/uploads\/2018\/03\/14524434_1106112876131411_958039263622046936_o.jpg?resize=350%2C200&ssl=1","width":350,"height":200,"srcset":"https:\/\/i0.wp.com\/www.grieta.org.mx\/wp-content\/uploads\/2018\/03\/14524434_1106112876131411_958039263622046936_o.jpg?resize=350%2C200&ssl=1 1x, https:\/\/i0.wp.com\/www.grieta.org.mx\/wp-content\/uploads\/2018\/03\/14524434_1106112876131411_958039263622046936_o.jpg?resize=525%2C300&ssl=1 1.5x, https:\/\/i0.wp.com\/www.grieta.org.mx\/wp-content\/uploads\/2018\/03\/14524434_1106112876131411_958039263622046936_o.jpg?resize=700%2C400&ssl=1 2x"},"classes":[]},{"id":8080,"url":"https:\/\/www.grieta.org.mx\/index.php\/2016\/07\/20\/desaparecidos-en-morelos\/","url_meta":{"origin":22203,"position":5},"title":"Desaparecidos en Morelos","author":"grieta","date":"20 julio, 2016","format":false,"excerpt":"20\/07\/16. Cuando el gobierno hace sus propias fosas clandestinas Lado B 15\/07\/16. 26 personas han desaparecido en menos de dos semanasLa Uni\u00f3n de Morelos 29\/05\/16. Fosas de Tetelcingo: Las historias de las v\u00edctimasProceso 10\/05\/16. Marchan madres de v\u00edctimas, en Cuernavaca; exigen justiciaLa uni\u00f3n de Morelos 12\/04\/16. Morelos, la ruta invisible\u2026","rel":"","context":"En &quot;Desaparecidos&quot;","block_context":{"text":"Desaparecidos","link":"https:\/\/www.grieta.org.mx\/index.php\/category\/temas-nacionales\/desaparecidos\/"},"img":{"alt_text":"","src":"https:\/\/i0.wp.com\/www.grieta.org.mx\/wp-content\/uploads\/2018\/03\/14524434_1106112876131411_958039263622046936_o.jpg?resize=350%2C200&ssl=1","width":350,"height":200,"srcset":"https:\/\/i0.wp.com\/www.grieta.org.mx\/wp-content\/uploads\/2018\/03\/14524434_1106112876131411_958039263622046936_o.jpg?resize=350%2C200&ssl=1 1x, https:\/\/i0.wp.com\/www.grieta.org.mx\/wp-content\/uploads\/2018\/03\/14524434_1106112876131411_958039263622046936_o.jpg?resize=525%2C300&ssl=1 1.5x, https:\/\/i0.wp.com\/www.grieta.org.mx\/wp-content\/uploads\/2018\/03\/14524434_1106112876131411_958039263622046936_o.jpg?resize=700%2C400&ssl=1 2x"},"classes":[]}],"_links":{"self":[{"href":"https:\/\/www.grieta.org.mx\/index.php\/wp-json\/wp\/v2\/posts\/22203","targetHints":{"allow":["GET"]}}],"collection":[{"href":"https:\/\/www.grieta.org.mx\/index.php\/wp-json\/wp\/v2\/posts"}],"about":[{"href":"https:\/\/www.grieta.org.mx\/index.php\/wp-json\/wp\/v2\/types\/post"}],"author":[{"embeddable":true,"href":"https:\/\/www.grieta.org.mx\/index.php\/wp-json\/wp\/v2\/users\/2"}],"replies":[{"embeddable":true,"href":"https:\/\/www.grieta.org.mx\/index.php\/wp-json\/wp\/v2\/comments?post=22203"}],"version-history":[{"count":1,"href":"https:\/\/www.grieta.org.mx\/index.php\/wp-json\/wp\/v2\/posts\/22203\/revisions"}],"predecessor-version":[{"id":22206,"href":"https:\/\/www.grieta.org.mx\/index.php\/wp-json\/wp\/v2\/posts\/22203\/revisions\/22206"}],"wp:featuredmedia":[{"embeddable":true,"href":"https:\/\/www.grieta.org.mx\/index.php\/wp-json\/wp\/v2\/media\/21928"}],"wp:attachment":[{"href":"https:\/\/www.grieta.org.mx\/index.php\/wp-json\/wp\/v2\/media?parent=22203"}],"wp:term":[{"taxonomy":"category","embeddable":true,"href":"https:\/\/www.grieta.org.mx\/index.php\/wp-json\/wp\/v2\/categories?post=22203"},{"taxonomy":"post_tag","embeddable":true,"href":"https:\/\/www.grieta.org.mx\/index.php\/wp-json\/wp\/v2\/tags?post=22203"}],"curies":[{"name":"wp","href":"https:\/\/api.w.org\/{rel}","templated":true}]}}