{"id":22186,"date":"2018-03-19T17:06:12","date_gmt":"2018-03-19T23:06:12","guid":{"rendered":"http:\/\/www.grieta.org.mx\/?p=22186"},"modified":"2018-03-21T17:18:29","modified_gmt":"2018-03-21T23:18:29","slug":"ya-no-recibimos-apoyo-de-nadie-hemos-perdido-la-esperanza-damnificados-del-multifamiliar-tlalpan","status":"publish","type":"post","link":"https:\/\/www.grieta.org.mx\/index.php\/2018\/03\/19\/ya-no-recibimos-apoyo-de-nadie-hemos-perdido-la-esperanza-damnificados-del-multifamiliar-tlalpan\/","title":{"rendered":"Ya no recibimos apoyo de nadie, hemos perdido la esperanza: damnificados del Multifamiliar Tlalpan"},"content":{"rendered":"<p><img loading=\"lazy\" decoding=\"async\" data-attachment-id=\"22187\" data-permalink=\"https:\/\/www.grieta.org.mx\/index.php\/2018\/03\/19\/ya-no-recibimos-apoyo-de-nadie-hemos-perdido-la-esperanza-damnificados-del-multifamiliar-tlalpan\/whatsapp-image-2018-03-18-at-21-41-38-e1521470522313-960x500\/\" data-orig-file=\"https:\/\/www.grieta.org.mx\/wp-content\/uploads\/2018\/03\/WhatsApp-Image-2018-03-18-at-21.41.38-e1521470522313-960x500.jpeg\" data-orig-size=\"960,500\" data-comments-opened=\"0\" data-image-meta=\"{&quot;aperture&quot;:&quot;0&quot;,&quot;credit&quot;:&quot;&quot;,&quot;camera&quot;:&quot;&quot;,&quot;caption&quot;:&quot;&quot;,&quot;created_timestamp&quot;:&quot;0&quot;,&quot;copyright&quot;:&quot;&quot;,&quot;focal_length&quot;:&quot;0&quot;,&quot;iso&quot;:&quot;0&quot;,&quot;shutter_speed&quot;:&quot;0&quot;,&quot;title&quot;:&quot;&quot;,&quot;orientation&quot;:&quot;0&quot;}\" data-image-title=\"WhatsApp-Image-2018-03-18-at-21.41.38-e1521470522313-960&amp;#215;500\" data-image-description=\"\" data-image-caption=\"\" data-medium-file=\"https:\/\/www.grieta.org.mx\/wp-content\/uploads\/2018\/03\/WhatsApp-Image-2018-03-18-at-21.41.38-e1521470522313-960x500-300x156.jpeg\" data-large-file=\"https:\/\/www.grieta.org.mx\/wp-content\/uploads\/2018\/03\/WhatsApp-Image-2018-03-18-at-21.41.38-e1521470522313-960x500.jpeg\" src=\"http:\/\/www.grieta.org.mx\/wp-content\/uploads\/2018\/03\/WhatsApp-Image-2018-03-18-at-21.41.38-e1521470522313-960x500.jpeg\" alt=\"\" width=\"960\" height=\"500\" class=\"aligncenter size-full wp-image-22187\" srcset=\"https:\/\/www.grieta.org.mx\/wp-content\/uploads\/2018\/03\/WhatsApp-Image-2018-03-18-at-21.41.38-e1521470522313-960x500.jpeg 960w, https:\/\/www.grieta.org.mx\/wp-content\/uploads\/2018\/03\/WhatsApp-Image-2018-03-18-at-21.41.38-e1521470522313-960x500-300x156.jpeg 300w, https:\/\/www.grieta.org.mx\/wp-content\/uploads\/2018\/03\/WhatsApp-Image-2018-03-18-at-21.41.38-e1521470522313-960x500-768x400.jpeg 768w\" sizes=\"auto, (max-width: 960px) 100vw, 960px\" \/><\/p>\n<p>C\u00e9sar Revelea<\/p>\n<blockquote><p>Se cumple medio a\u00f1o del 19S y la situaci\u00f3n de los damnificados en Tlalpan ha empeorado, desde hace dos meses no reciben ning\u00fan tipo de ayuda y los sismos recientes detuvieron los proyectos de reforzamiento y reconstrucci\u00f3n.<\/p><\/blockquote>\n<p>A seis meses del sismo de magnitud 7.1 que sacudi\u00f3 la zona centro y sur del pa\u00eds el pasado 19 de septiembre, 500 familias que perdieron su patrimonio en el Multifamiliar Tlalpan siguen viviendo en dos campamentos a las orillas del complejo habitacional, los cuales lucen con poco movimiento.<\/p>\n<p>\u201cNuestra realidad es que ya hemos perdido la esperanza, desde hace dos meses dejamos de recibir ayuda por parte de la sociedad, en gran parte se debe que creen que las autoridades nos han dado soluciones y reubicado en nuestros departamentos, pero eso es mentira seguimos en viviendo en los campamentos\u201d, relata para Animal Pol\u00edtico Guadalupe Padilla, propietaria del departamento 25 en el edificio 4A y encargada de un centro de distribuci\u00f3n en el campamento.<\/p>\n<p>La salida del comisionado para la reconstrucci\u00f3n afect\u00f3 las posibles soluciones que hab\u00eda planteado el gobierno para que pudieran regresar a sus hogares.<\/p>\n<p>\u201cLo que nos afect\u00f3 fue la salida de Ricardo Becerra, como comisionado de Reconstrucci\u00f3n, pues con \u00e9l ya hab\u00edamos tenido mesas de trabajo y hab\u00eda avances, ahora es empezar de la nada con el nuevo comisionado (Edgar Tung\u00fc\u00ed Rodr\u00edguez)\u201d.<\/p>\n<p>Ha pasado medio a\u00f1o del sismo que colaps\u00f3 el edificio 1C del Multifamiliar, donde nueve personas fallecieron. De los nueve edificios que quedaron en pie, al menos 6 se encuentran inhabitables y los otros tres presentan fracturas considerables.<\/p>\n<p>Las cosas han cambiado en este campamento, y no para bien. Las donaciones se agotan y las lluvias han afectado severamente sus casas de campa\u00f1a.<\/p>\n<p>Los afectados dicen que las autoridades, tanto delegacionales como de gobierno, siguen sin brindar la ayuda prometida.<\/p>\n<p>Guadalupe se\u00f1ala que solo han recibido dos ba\u00f1os que fueron instalados en el campamento de G\u00e1lvez y Fuentes, y aunque estos cuentan con drenaje, resultan insuficientes para las casi 500 familias que fueron desalojadas.<\/p>\n<p>Respecto al dinero, Guadalupe cuenta que a inicios de a\u00f1o, el gobierno les prometi\u00f3 regresar el apoyo econ\u00f3mico de 3 mil pesos mensuales que les dieron despu\u00e9s del sismo como ayuda para una renta, pero \u201cahora nos dicen que no podr\u00e1n porque no hay suficiente presupuesto\u201d.<\/p>\n<p>La tierra que no deja de moverse y las lluvias, han empeorado su realidad<\/p>\n<p>Adem\u00e1s de la falta de apoyo en especie, los fen\u00f3menos naturales hacen los d\u00edas m\u00e1s dif\u00edciles para los damnificados de los multifamiliares.<\/p>\n<p>Las lluvias de los \u00faltimos d\u00edas han removido la tierra, convirti\u00e9ndola, en algunas partes, en lodo. Los fuertes vientos obligan a sus inquilinos a reforzarlas diariamente. \u201cLas lluvias no nos han dejado estar en paz, tratamos de conseguir m\u00e1s lonas para reforzar nuestras casas pero es dif\u00edcil\u201d, cuenta Guadalupe.<\/p>\n<p>El sismo de magnitud 7.2 del pasado 16 de febrero, se registr\u00f3 justo en el momento en que autoridades capitalinas les har\u00edan entrega de los \u00faltimos dict\u00e1menes sobre el estado de los edificios da\u00f1ados, con los cuales sabr\u00edan qu\u00e9 medidas tomar\u00eda sobre un posible reforzamiento de los mismos a corto plazo.<\/p>\n<p>\u201cLa alerta s\u00edsmica son\u00f3 en el momento en que estaba el personal de Protecci\u00f3n Civil con nosotros para entregarnos los dict\u00e1menes. A consecuencia de ese sismo se suspendi\u00f3 la entrega y los dict\u00e1menes no ser\u00e1n v\u00e1lidos debido a que ese movimiento provoc\u00f3 el desplazamiento de 5 cent\u00edmetros del edificio 2B\u201d, cuenta Guadalupe. Ahora las autoridades tendr\u00e1n que hacer una nueva revisi\u00f3n de los edificios, para la cual todav\u00eda no hay fecha.<\/p>\n<p>Podr\u00edan pasar 2 a\u00f1os para que regresemos a nuestras casas<\/p>\n<p>El \u00e1nimo de la gente ha ido a la baja, sobre todo al ver la falta de apoyo.  Guadalupe considera que la sociedad se ha alejado, no por falta de voluntad, sino porque \u201ccreen que ya estamos bien y hemos regresado a nuestras casas\u201d.<\/p>\n<p>Considera que pueden pasar hasta a\u00f1o y medio o dos a\u00f1os para que puedan regresar a sus casas, siempre y cuando el gobierno comience con los trabajos que se ten\u00edan planeados con la anterior Comisi\u00f3n de Reconstrucci\u00f3n.<\/p>\n<p>Estos planes consisten en un reforzamiento de los dos edificios m\u00e1s da\u00f1ados, lo que les dar\u00eda al menos 10 a\u00f1os m\u00e1s de vida. Para estas obras se contemplaba una duraci\u00f3n de 8 meses, pero se calculaba entre a\u00f1o y medio y dos a\u00f1os porque primero habr\u00eda que esperar la autorizaci\u00f3n del presupuesto.<\/p>\n<p>Llega una ayuda que no esperaban<\/p>\n<p>El 24 y 25 de marzo una organizaci\u00f3n instalar\u00e1 6 casas de madera de 7\u00d74 metros para los damnificados del Multifamiliar Tlalpan. \u00c9stas ya han sido asignadas, pues se dio prioridad a las personas con mayor vulnerabilidad. Dos ser\u00e1n ocupadas por personas de la tercera edad, dos m\u00e1s por personas con discapacidad y las otras dos por familias con ni\u00f1os.<\/p>\n<p>\u201cEsta ayuda ser\u00e1 por parte de la organizaci\u00f3n Casa y Techo, es una aportaci\u00f3n privada, no tiene nada que ver con el gobierno. Ellos solo llegaron y nos ofrecieron la ayuda\u201d, dice Guadalupe.<\/p>\n<p>Esperan que en un futuro cercano puedan contar con m\u00e1s de estas casas, m\u00e1xime porque se acercan las \u00e9pocas de lluvias.<\/p>\n<p>Continuar\u00e1n en la lucha<\/p>\n<p>Los damnificados del Multifamiliar Tlalpan, piden no ser olvidados y hacen un llamado a la sociedad para que se acerquen y confirmen por ellos mismos que las carencias son las mismas que al inicio.<\/p>\n<p>\u201cSe vienen las elecciones y son momentos dif\u00edciles para M\u00e9xico, estamos conscientes de ello, pero solo les pedimos que no se dejen enga\u00f1ar y no se olviden, no solamente de nosotros, sino de todos los damnificados que se quedaron sin hogar, a\u00fan necesitamos mucha ayuda\u201d, finaliza Guadalupe.<\/p>\n<p>Este lunes los damnificados de Tlalpan y otros puntos de la Ciudad de M\u00e9xico realizar\u00e1n una serie de actividades, como el cierre de vialidades importantes a la 1:14 de la tarde (hora en la que ocurri\u00f3 el sismo el 19 de septiembre) para guardar un minuto de silencio por las v\u00edctimas.<\/p>\n<p>Adem\u00e1s se llevar\u00e1 a cabo una marcha pac\u00edfica del edificio colapsado en avenida \u00c1lvaro Obreg\u00f3n, hasta el \u00c1ngel de la Independencia, donde los damnificados realizar\u00e1n diversas actividades.<\/p>\n<p><a href=\"https:\/\/www.animalpolitico.com\/2018\/03\/apoyo-damnificados-multifamiliar-tlalpan\/\">https:\/\/www.animalpolitico.com\/2018\/03\/apoyo-damnificados-multifamiliar-tlalpan\/<\/a><\/p>\n","protected":false},"excerpt":{"rendered":"<p>C\u00e9sar Revelea Se cumple medio a\u00f1o del 19S y la situaci\u00f3n de los damnificados en Tlalpan ha empeorado, desde hace dos meses no reciben ning\u00fan tipo de ayuda y los &hellip; <a href=\"https:\/\/www.grieta.org.mx\/index.php\/2018\/03\/19\/ya-no-recibimos-apoyo-de-nadie-hemos-perdido-la-esperanza-damnificados-del-multifamiliar-tlalpan\/\" class=\"more-link\">Leer m\u00e1s<\/a><\/p>\n","protected":false},"author":2,"featured_media":22187,"comment_status":"closed","ping_status":"closed","sticky":false,"template":"","format":"standard","meta":{"ngg_post_thumbnail":0,"_jetpack_newsletter_access":"","_jetpack_dont_email_post_to_subs":false,"_jetpack_newsletter_tier_id":0,"_jetpack_memberships_contains_paywalled_content":false,"_jetpack_memberships_contains_paid_content":false,"footnotes":""},"categories":[80,14,1026,2],"tags":[1028,1050,1027],"class_list":["post-22186","post","type-post","status-publish","format-standard","has-post-thumbnail","hentry","category-cintillo","category-ciudad-de-mexico","category-damnificados-por-el-sismo-del-19-de-septiembre","category-noticias-nacionales","tag-damnificados","tag-multifamiliar-tlalpan","tag-sismo-19-s","entry"],"jetpack_featured_media_url":"https:\/\/www.grieta.org.mx\/wp-content\/uploads\/2018\/03\/WhatsApp-Image-2018-03-18-at-21.41.38-e1521470522313-960x500.jpeg","jetpack_sharing_enabled":true,"jetpack_shortlink":"https:\/\/wp.me\/p7ZJR4-5LQ","jetpack_likes_enabled":false,"jetpack-related-posts":[{"id":23394,"url":"https:\/\/www.grieta.org.mx\/index.php\/2018\/05\/30\/damnificados-montan-campamento-en-calzada-de-tlalpan-reclaman-que-autoridades-cumplan-con-reconstruccion\/","url_meta":{"origin":22186,"position":0},"title":"Damnificados montan campamento en calzada de Tlalpan; reclaman que autoridades cumplan con reconstrucci\u00f3n","author":"grieta","date":"30 mayo, 2018","format":false,"excerpt":"Redacci\u00f3n Animal Pol\u00edtico Damnificados del Multifamiliar dijeron que mantendr\u00e1n un campamento en calzada de Tlalpan, hasta que las autoridades de la CDMX cumplan con sus exigencias de reconstrucci\u00f3n de viviendas, luego de los da\u00f1os causados por el sismo del 19 de septiembre. Damnificados del Multifamiliar Tlalpan informaron la noche de\u2026","rel":"","context":"En &quot;CINTILLO&quot;","block_context":{"text":"CINTILLO","link":"https:\/\/www.grieta.org.mx\/index.php\/category\/cintillo\/"},"img":{"alt_text":"","src":"https:\/\/i0.wp.com\/www.grieta.org.mx\/wp-content\/uploads\/2018\/06\/tlalpan-960x500.jpg?resize=350%2C200&ssl=1","width":350,"height":200,"srcset":"https:\/\/i0.wp.com\/www.grieta.org.mx\/wp-content\/uploads\/2018\/06\/tlalpan-960x500.jpg?resize=350%2C200&ssl=1 1x, https:\/\/i0.wp.com\/www.grieta.org.mx\/wp-content\/uploads\/2018\/06\/tlalpan-960x500.jpg?resize=525%2C300&ssl=1 1.5x, https:\/\/i0.wp.com\/www.grieta.org.mx\/wp-content\/uploads\/2018\/06\/tlalpan-960x500.jpg?resize=700%2C400&ssl=1 2x"},"classes":[]},{"id":39389,"url":"https:\/\/www.grieta.org.mx\/index.php\/2019\/09\/19\/dos-anos-del-s19-seguimos-en-la-calle-y-la-corrupcion-continua-recriminan-damnificados-unidos\/","url_meta":{"origin":22186,"position":1},"title":"Dos a\u00f1os del S19, seguimos en la calle y la corrupci\u00f3n contin\u00faa, recriminan Damnificados Unidos","author":"grieta","date":"19 septiembre, 2019","format":false,"excerpt":"Blanca Estela Flores, damnificada del Multifamiliar Tlalpan, detall\u00f3 que los damnificados denunciaron, el pasado mes de mayo, que en el edificio 4B del Multifamiliar Tlalpan, la empresa REM Ingenier\u00eda Ecol\u00f3gica, estaba vendiendo a sobre costos. Dijo que, por ejemplo, un juego de ba\u00f1o que vale 1,800 pesos, la empresa lo\u2026","rel":"","context":"En &quot;CINTILLO&quot;","block_context":{"text":"CINTILLO","link":"https:\/\/www.grieta.org.mx\/index.php\/category\/cintillo\/"},"img":{"alt_text":"","src":"https:\/\/i0.wp.com\/www.grieta.org.mx\/wp-content\/uploads\/2019\/09\/damnificados.jpg?resize=350%2C200&ssl=1","width":350,"height":200,"srcset":"https:\/\/i0.wp.com\/www.grieta.org.mx\/wp-content\/uploads\/2019\/09\/damnificados.jpg?resize=350%2C200&ssl=1 1x, https:\/\/i0.wp.com\/www.grieta.org.mx\/wp-content\/uploads\/2019\/09\/damnificados.jpg?resize=525%2C300&ssl=1 1.5x, https:\/\/i0.wp.com\/www.grieta.org.mx\/wp-content\/uploads\/2019\/09\/damnificados.jpg?resize=700%2C400&ssl=1 2x, https:\/\/i0.wp.com\/www.grieta.org.mx\/wp-content\/uploads\/2019\/09\/damnificados.jpg?resize=1050%2C600&ssl=1 3x"},"classes":[]},{"id":44329,"url":"https:\/\/www.grieta.org.mx\/index.php\/2020\/02\/15\/vecinos-de-multifamiliar-tlalpan-reportan-herreria-desprendida-en-edificios-recien-entregados-ciudad-de-mexico\/","url_meta":{"origin":22186,"position":2},"title":"Vecinos de Multifamiliar Tlalpan reportan herrer\u00eda desprendida en edificios reci\u00e9n entregados (Ciudad de M\u00e9xico)","author":"grieta","date":"15 febrero, 2020","format":false,"excerpt":"Animal Pol\u00edtico Los edificios rehabilitados fueron entregados por el gobierno de la Ciudad de M\u00e9xico apenas el 8 de febrero. Habitantes del Multifamiliar Tlalpan denunciaron el desprendimiento de un barandal y de protecciones de ventanas en los edificios rehabilitados tras el sismo del 19 septiembre del 2017. Los edificios fueron\u2026","rel":"","context":"En &quot;CINTILLO&quot;","block_context":{"text":"CINTILLO","link":"https:\/\/www.grieta.org.mx\/index.php\/category\/cintillo\/"},"img":{"alt_text":"","src":"https:\/\/i0.wp.com\/www.grieta.org.mx\/wp-content\/uploads\/2020\/02\/Vecinos-de-Multifamiliar-Tlalpan-reportan-herrer%C3%ADa-desprendida-en-edificios-reci%C3%A9n-entregados-cdmx-feb.png?resize=350%2C200&ssl=1","width":350,"height":200,"srcset":"https:\/\/i0.wp.com\/www.grieta.org.mx\/wp-content\/uploads\/2020\/02\/Vecinos-de-Multifamiliar-Tlalpan-reportan-herrer%C3%ADa-desprendida-en-edificios-reci%C3%A9n-entregados-cdmx-feb.png?resize=350%2C200&ssl=1 1x, https:\/\/i0.wp.com\/www.grieta.org.mx\/wp-content\/uploads\/2020\/02\/Vecinos-de-Multifamiliar-Tlalpan-reportan-herrer%C3%ADa-desprendida-en-edificios-reci%C3%A9n-entregados-cdmx-feb.png?resize=525%2C300&ssl=1 1.5x"},"classes":[]},{"id":23950,"url":"https:\/\/www.grieta.org.mx\/index.php\/2018\/06\/22\/damnificados-de-tlalpan-doblan-al-gobierno-de-la-cdmx-consiguen-reconstruccion-con-recursos-publicos\/","url_meta":{"origin":22186,"position":3},"title":"Damnificados de Tlalpan doblan al gobierno de la CDMX: consiguen reconstrucci\u00f3n con recursos p\u00fablicos","author":"grieta","date":"22 junio, 2018","format":false,"excerpt":"Proceso CIUDAD DE M\u00c9XICO (apro).- De manera in\u00e9dita, el gobierno de la Ciudad de M\u00e9xico y la Asamblea Legislativa firmaron una declaratoria de compromisos para iniciar los trabajos de reconstrucci\u00f3n con recursos p\u00fablicos en beneficio de los damnificados que bloquearon alrededor de ocho horas la Calzada de Tlalpan. Esta madrugada,\u2026","rel":"","context":"En &quot;CINTILLO&quot;","block_context":{"text":"CINTILLO","link":"https:\/\/www.grieta.org.mx\/index.php\/category\/cintillo\/"},"img":{"alt_text":"","src":"https:\/\/i0.wp.com\/www.grieta.org.mx\/wp-content\/uploads\/2018\/06\/tlalpan-1.jpg?resize=350%2C200&ssl=1","width":350,"height":200,"srcset":"https:\/\/i0.wp.com\/www.grieta.org.mx\/wp-content\/uploads\/2018\/06\/tlalpan-1.jpg?resize=350%2C200&ssl=1 1x, https:\/\/i0.wp.com\/www.grieta.org.mx\/wp-content\/uploads\/2018\/06\/tlalpan-1.jpg?resize=525%2C300&ssl=1 1.5x, https:\/\/i0.wp.com\/www.grieta.org.mx\/wp-content\/uploads\/2018\/06\/tlalpan-1.jpg?resize=700%2C400&ssl=1 2x"},"classes":[]},{"id":22063,"url":"https:\/\/www.grieta.org.mx\/index.php\/2018\/02\/24\/crean-red-nacional-de-damnificados-cdmx\/","url_meta":{"origin":22186,"position":4},"title":"Crean Red Nacional de Damnificados (CDMX)","author":"grieta","date":"24 febrero, 2018","format":false,"excerpt":"Oscar Santill\u00e1n Buscar\u00e1n que los recursos del Fondo de Desastres Naturales (Fonden) llegue a los sitios afectados por el sismo del 19S Ante el olvido en el que han quedado los afectados por el sismo del 19 de septiembre de 2017, este s\u00e1bado, durante el V Encuentro Nacional de Damnificados\u2026","rel":"","context":"En &quot;CINTILLO&quot;","block_context":{"text":"CINTILLO","link":"https:\/\/www.grieta.org.mx\/index.php\/category\/cintillo\/"},"img":{"alt_text":"","src":"https:\/\/i0.wp.com\/www.grieta.org.mx\/wp-content\/uploads\/2018\/03\/dsc0170-53b92c1f0ffe3ab7a8e159cfe822d71b-1200x600.jpg?resize=350%2C200&ssl=1","width":350,"height":200,"srcset":"https:\/\/i0.wp.com\/www.grieta.org.mx\/wp-content\/uploads\/2018\/03\/dsc0170-53b92c1f0ffe3ab7a8e159cfe822d71b-1200x600.jpg?resize=350%2C200&ssl=1 1x, https:\/\/i0.wp.com\/www.grieta.org.mx\/wp-content\/uploads\/2018\/03\/dsc0170-53b92c1f0ffe3ab7a8e159cfe822d71b-1200x600.jpg?resize=525%2C300&ssl=1 1.5x, https:\/\/i0.wp.com\/www.grieta.org.mx\/wp-content\/uploads\/2018\/03\/dsc0170-53b92c1f0ffe3ab7a8e159cfe822d71b-1200x600.jpg?resize=700%2C400&ssl=1 2x, https:\/\/i0.wp.com\/www.grieta.org.mx\/wp-content\/uploads\/2018\/03\/dsc0170-53b92c1f0ffe3ab7a8e159cfe822d71b-1200x600.jpg?resize=1050%2C600&ssl=1 3x"},"classes":[]},{"id":42185,"url":"https:\/\/www.grieta.org.mx\/index.php\/2019\/12\/09\/vecinos-de-multifamiliar-tlalpan-temen-otra-amarga-navidad-en-campamento-ciudad-de-mexico\/","url_meta":{"origin":22186,"position":5},"title":"Vecinos de Multifamiliar Tlalpan temen otra amarga Navidad en campamento (Ciudad de M\u00e9xico)","author":"grieta","date":"9 diciembre, 2019","format":false,"excerpt":"Marco Antonio Mart\u00ednez \/ La silla Rota Tras dos a\u00f1os y tres meses de vivir en campamento, 14 familias esperan con ansias las entregas de sus departamentos y poder reconstruir su vida y sus hogares Vanessa Lemus Padilla y sus tres hijas llevan dos a\u00f1os y casi tres meses de\u2026","rel":"","context":"En &quot;CINTILLO&quot;","block_context":{"text":"CINTILLO","link":"https:\/\/www.grieta.org.mx\/index.php\/category\/cintillo\/"},"img":{"alt_text":"","src":"https:\/\/i0.wp.com\/www.grieta.org.mx\/wp-content\/uploads\/2019\/12\/Vecinos-de-Multifamiliar-Tlalpan-cdmx-dic.jpg?resize=350%2C200","width":350,"height":200},"classes":[]}],"_links":{"self":[{"href":"https:\/\/www.grieta.org.mx\/index.php\/wp-json\/wp\/v2\/posts\/22186","targetHints":{"allow":["GET"]}}],"collection":[{"href":"https:\/\/www.grieta.org.mx\/index.php\/wp-json\/wp\/v2\/posts"}],"about":[{"href":"https:\/\/www.grieta.org.mx\/index.php\/wp-json\/wp\/v2\/types\/post"}],"author":[{"embeddable":true,"href":"https:\/\/www.grieta.org.mx\/index.php\/wp-json\/wp\/v2\/users\/2"}],"replies":[{"embeddable":true,"href":"https:\/\/www.grieta.org.mx\/index.php\/wp-json\/wp\/v2\/comments?post=22186"}],"version-history":[{"count":1,"href":"https:\/\/www.grieta.org.mx\/index.php\/wp-json\/wp\/v2\/posts\/22186\/revisions"}],"predecessor-version":[{"id":22188,"href":"https:\/\/www.grieta.org.mx\/index.php\/wp-json\/wp\/v2\/posts\/22186\/revisions\/22188"}],"wp:featuredmedia":[{"embeddable":true,"href":"https:\/\/www.grieta.org.mx\/index.php\/wp-json\/wp\/v2\/media\/22187"}],"wp:attachment":[{"href":"https:\/\/www.grieta.org.mx\/index.php\/wp-json\/wp\/v2\/media?parent=22186"}],"wp:term":[{"taxonomy":"category","embeddable":true,"href":"https:\/\/www.grieta.org.mx\/index.php\/wp-json\/wp\/v2\/categories?post=22186"},{"taxonomy":"post_tag","embeddable":true,"href":"https:\/\/www.grieta.org.mx\/index.php\/wp-json\/wp\/v2\/tags?post=22186"}],"curies":[{"name":"wp","href":"https:\/\/api.w.org\/{rel}","templated":true}]}}