{"id":22159,"date":"2018-03-15T10:33:33","date_gmt":"2018-03-15T16:33:33","guid":{"rendered":"http:\/\/www.grieta.org.mx\/?p=22159"},"modified":"2018-07-03T20:06:03","modified_gmt":"2018-07-04T01:06:03","slug":"ser-joven-y-transitar-por-carretera-los-mayores-riesgos-para-ser-victima-de-desaparicion-en-coahuila","status":"publish","type":"post","link":"https:\/\/www.grieta.org.mx\/index.php\/2018\/03\/15\/ser-joven-y-transitar-por-carretera-los-mayores-riesgos-para-ser-victima-de-desaparicion-en-coahuila\/","title":{"rendered":"Ser joven y transitar por carretera, los mayores riesgos para ser v\u00edctima de desaparici\u00f3n en Coahuila"},"content":{"rendered":"<p><img loading=\"lazy\" decoding=\"async\" data-attachment-id=\"22160\" data-permalink=\"https:\/\/www.grieta.org.mx\/index.php\/2018\/03\/15\/ser-joven-y-transitar-por-carretera-los-mayores-riesgos-para-ser-victima-de-desaparicion-en-coahuila\/siluetazo_desaparecidos_4_de_5-1-1-e1520970222605-960x500\/\" data-orig-file=\"https:\/\/www.grieta.org.mx\/wp-content\/uploads\/2018\/03\/Siluetazo_Desaparecidos_4_de_5-1-1-e1520970222605-960x500.jpg\" data-orig-size=\"960,500\" data-comments-opened=\"0\" data-image-meta=\"{&quot;aperture&quot;:&quot;0&quot;,&quot;credit&quot;:&quot;&quot;,&quot;camera&quot;:&quot;&quot;,&quot;caption&quot;:&quot;&quot;,&quot;created_timestamp&quot;:&quot;0&quot;,&quot;copyright&quot;:&quot;&quot;,&quot;focal_length&quot;:&quot;0&quot;,&quot;iso&quot;:&quot;0&quot;,&quot;shutter_speed&quot;:&quot;0&quot;,&quot;title&quot;:&quot;&quot;,&quot;orientation&quot;:&quot;0&quot;}\" data-image-title=\"Siluetazo_Desaparecidos_4_de_5-1-1-e1520970222605-960&amp;#215;500\" data-image-description=\"\" data-image-caption=\"\" data-medium-file=\"https:\/\/www.grieta.org.mx\/wp-content\/uploads\/2018\/03\/Siluetazo_Desaparecidos_4_de_5-1-1-e1520970222605-960x500-300x156.jpg\" data-large-file=\"https:\/\/www.grieta.org.mx\/wp-content\/uploads\/2018\/03\/Siluetazo_Desaparecidos_4_de_5-1-1-e1520970222605-960x500.jpg\" src=\"http:\/\/www.grieta.org.mx\/wp-content\/uploads\/2018\/03\/Siluetazo_Desaparecidos_4_de_5-1-1-e1520970222605-960x500.jpg\" alt=\"\" width=\"960\" height=\"500\" class=\"aligncenter size-full wp-image-22160\" srcset=\"https:\/\/www.grieta.org.mx\/wp-content\/uploads\/2018\/03\/Siluetazo_Desaparecidos_4_de_5-1-1-e1520970222605-960x500.jpg 960w, https:\/\/www.grieta.org.mx\/wp-content\/uploads\/2018\/03\/Siluetazo_Desaparecidos_4_de_5-1-1-e1520970222605-960x500-300x156.jpg 300w, https:\/\/www.grieta.org.mx\/wp-content\/uploads\/2018\/03\/Siluetazo_Desaparecidos_4_de_5-1-1-e1520970222605-960x500-768x400.jpg 768w\" sizes=\"auto, (max-width: 960px) 100vw, 960px\" \/><\/p>\n<p>Tania Casasola<\/p>\n<blockquote><p>De acuerdo con el Observatorio sobre Desapariciones e Impunidad en M\u00e9xico, el 79% de los casos en Coahuila, las v\u00edctimas contin\u00faan desaparecidas, el 3% aparece sin vida y solo el 2% aparece con vida<\/p><\/blockquote>\n<p>Ser joven y transitar por carreteras o caminos, es un peligro, pues representa el mayor riesgo para ser v\u00edctima de desaparici\u00f3n, al menos en el estado de Coahuila, de acuerdo con un informe del Observatorio sobre Desapariciones e Impunidad en M\u00e9xico.<\/p>\n<p>El informe se\u00f1ala que los j\u00f3venes son el sector poblacional con mayor probabilidad de ser desaparecidos, tambi\u00e9n las personas que se encuentran en tr\u00e1nsito por las carreteras del estado, ya sea por su ocupaci\u00f3n o por su condici\u00f3n de migrante.<\/p>\n<p>Hasta la fecha, el Observatorio cuenta con un registro de 729 casos de desapariciones en la entidad.<\/p>\n<p>Las desapariciones ocurrieron entre los a\u00f1os 2001 y 2017 y muestran una distribuci\u00f3n que aumenta notablemente a partir de 2008 y tiene su m\u00e1ximo en el a\u00f1o 2011 con 179 casos. Luego se produce un progresivo descenso hasta el a\u00f1o 2017 con 8 casos registrados.<\/p>\n<p>Las desapariciones se dan principalmente en 17 de los 38 municipios de la entidad, los de mayor incidencia son Piedras Negras (38%), Saltillo (23%) y Torre\u00f3n (14%), que coinciden con las ciudades m\u00e1s pobladas del estado.<\/p>\n<p>Las desapariciones en Coahuila han afectado a diferentes regiones entre los a\u00f1os 2009 y 2014, pero la m\u00e1s afectada fue la regi\u00f3n fronteriza conformada por los municipios de Acu\u00f1a, Allende, Guerrero, Hidalgo, Jim\u00e9nez, Morelos, Nava, Piedras Negras, Villa Uni\u00f3n y Zaragoza. Durante los a\u00f1os 2010, 2011 y 2012 fue la regi\u00f3n que m\u00e1s desaparecidos.<\/p>\n<p>Los casos de desapariciones se concentran en el rango entre los 17 y los 37 a\u00f1os. La media general es de 29 a\u00f1os y el valor que m\u00e1s se repite es 26 a\u00f1os.<\/p>\n<p>De los registros sobre desaparici\u00f3n analizados en este informe, existen 44 casos de v\u00edctimas entre 1 y 17 a\u00f1os distribuidas en 33 hechos. De ellas, 30 son hombres y 14 son mujeres.<\/p>\n<p>El promedio de edad es de 13 a\u00f1os, sin embargo las edades m\u00e1s frecuentes se acumulan entre los 15, 16 y 17 a\u00f1os. Salvo el caso de un ni\u00f1o estadounidense, el resto de las v\u00edctimas son mexicanas.<\/p>\n<p>\u00bfViajar es un peligro?<\/p>\n<p>La segunda condici\u00f3n que resalta entre las v\u00edctimas de desaparici\u00f3n es encontrarse en tr\u00e1nsito por el estado o entre entidades del pa\u00eds, especialmente en las carreteras hacia Nuevo Le\u00f3n y Tamaulipas. Este grupo de personas se puede identificar por su ocupaci\u00f3n o por su calidad de migrantes.<\/p>\n<p>De ellas, el 27% se dedicaba a actividades relacionadas al comercio y ventas, por lo que deb\u00edan viajar por su trabajo.<\/p>\n<p>La segunda categor\u00eda ocupacional m\u00e1s vulnerable a la desaparici\u00f3n se refiere a los trabajadores relacionados con el transporte de personas y mercanc\u00eda como choferes de taxis, camiones y conductores de transportes de carga.<\/p>\n<p>Mujeres, en riesgo<\/p>\n<p>Las mujeres tambi\u00e9n integran los dos grupos de personas identificadas en alto riesgo de ser desaparecidos, la mayor\u00eda se dedica a trabajos dom\u00e9sticos, de limpieza y de cuidados. Otras eran estudiantes o comerciantes, vendedoras o empleadas en ventas.<\/p>\n<p>De acuerdo con el informe, las mujeres suelen desaparecer despu\u00e9s de discutir con ex parejas, en bares, capturadas en fiestas y con noticias posteriores de su \u201cventa\u201d, entre otras situaciones que sugieren la objetivizaci\u00f3n del cuerpo de las mujeres y, en ciertos casos, feminicidios.<\/p>\n<p>\u00bfY las v\u00edctimas?<\/p>\n<p>Los datos muestran que en el 79% de los casos las v\u00edctimas en general contin\u00faan desaparecidas, que el 3% aparece sin vida y solo el 2% aparece con vida. Existen 114 casos donde no fue posible establecer c\u00f3mo aparecieron las v\u00edctimas.<\/p>\n<p>\u201cLas narrativas identifican algunas pocas personas que han aparecido, esas personas no abundan sobre lo sucedido despu\u00e9s de la captura, los lugares a donde fueron trasladados o cualquier informaci\u00f3n respecto de los perpetradores. Entre los relatos, sin embargo, hay algunos que refieren actos de tortura constantes, traslados a diversos sitios de detenci\u00f3n (p\u00fablicos y privados), el ser forzados a cometer actos il\u00edcitos e incluso ser utilizados como \u201ccarne de ca\u00f1\u00f3n\u201d en los enfrentamientos con fuerzas armadas\u201d, apunta el informe.<\/p>\n<p>De acuerdo con la informaci\u00f3n disponible en el 26% de los casos se identifican a agentes oficiales como perpetradores de las desapariciones.<\/p>\n<p>Respecto del 74% restante, la informaci\u00f3n en poder del Observatorio no es concluyente ya que muchas de las narrativas de los familiares de las v\u00edctimas son consistentes en identificar a personas vestidas de negro, encapuchadas la mayor\u00eda de las veces y sin ninguna identificaci\u00f3n oficial. Ello lleva a las personas a no poder identificarlas con claridad como autoridades y, por tanto, pueden ser considerados agentes no estatales.<\/p>\n<p>En aquellos casos donde se identifica con claridad la presencia de agentes estatales, se observa una mayor participaci\u00f3n de los cuerpos policiales a nivel municipal (54%), seguido por el nivel estatal (25%) y federal (13%).<\/p>\n<p>La autoridades que m\u00e1s veces es contactada frente a una desaparici\u00f3n es el Ministerio P\u00fablico. Del total de casos donde se identific\u00f3 la autoridad de contacto (682), los MP\u2019s acumulan el 52% de los contactos, seguidos por la Procuradur\u00eda General de la Rep\u00fablica (19%) y la Comisi\u00f3n Estatal de Derechos Humanos (11%).<\/p>\n<p>Para el an\u00e1lisis, el Observatorio se apoy\u00f3 del Centro Diocesano para los Derechos Humanos Fray Juan de Larios (CDHFJL), del Colegio de M\u00e9xico (Colmex) para contar con informaci\u00f3n de los casos documentados por los colectivos Familias Unidas, Grupo Vida y Alas de Esperanza, as\u00ed como de las organizaciones Ciudadanos en Apoyo a los Derechos Humanos (CADHAC) e I(dh)eas-Litigio Estrat\u00e9gico de Derechos Humanos (IDHEAS).<\/p>\n<p>El Observatorio parte de una pregunta b\u00e1sica: \u00bfqui\u00e9n le hizo qu\u00e9 a qui\u00e9n? o \u00bfqui\u00e9n desapareci\u00f3 a qui\u00e9n? Esta pregunta permite identificar a las v\u00edctimas, a los perpetradores y el mecanismo por el que ocurre la desaparici\u00f3n, y a partir de esto, establecer conclusiones sobre la forma en que opera la desaparici\u00f3n en las distintas regiones del pa\u00eds.<\/p>\n<p>El Observatorio se basa en la informaci\u00f3n sistematizada por organizaciones y grupos de la sociedad civil.<\/p>\n<p><a href=\"https:\/\/www.animalpolitico.com\/2018\/03\/desaparecidos-mexico-coahuila-jovenes-migrantes\/\">https:\/\/www.animalpolitico.com\/2018\/03\/desaparecidos-mexico-coahuila-jovenes-migrantes\/<\/a><\/p>\n","protected":false},"excerpt":{"rendered":"<p>Tania Casasola De acuerdo con el Observatorio sobre Desapariciones e Impunidad en M\u00e9xico, el 79% de los casos en Coahuila, las v\u00edctimas contin\u00faan desaparecidas, el 3% aparece sin vida y &hellip; <a href=\"https:\/\/www.grieta.org.mx\/index.php\/2018\/03\/15\/ser-joven-y-transitar-por-carretera-los-mayores-riesgos-para-ser-victima-de-desaparicion-en-coahuila\/\" class=\"more-link\">Leer m\u00e1s<\/a><\/p>\n","protected":false},"author":2,"featured_media":22160,"comment_status":"closed","ping_status":"closed","sticky":false,"template":"","format":"standard","meta":{"ngg_post_thumbnail":0,"_jetpack_newsletter_access":"","_jetpack_dont_email_post_to_subs":false,"_jetpack_newsletter_tier_id":0,"_jetpack_memberships_contains_paywalled_content":false,"_jetpack_memberships_contains_paid_content":false,"footnotes":""},"categories":[80,419,87,368,1038,2,83],"tags":[121],"class_list":["post-22159","post","type-post","status-publish","format-standard","has-post-thumbnail","hentry","category-cintillo","category-coahuila","category-desaparecidos","category-desaparecidos-analisis","category-desaparecidos-en-coahuila","category-noticias-nacionales","category-temas-nacionales","tag-desaparecidos","entry"],"jetpack_featured_media_url":"https:\/\/www.grieta.org.mx\/wp-content\/uploads\/2018\/03\/Siluetazo_Desaparecidos_4_de_5-1-1-e1520970222605-960x500.jpg","jetpack_sharing_enabled":true,"jetpack_shortlink":"https:\/\/wp.me\/p7ZJR4-5Lp","jetpack_likes_enabled":false,"jetpack-related-posts":[{"id":23126,"url":"https:\/\/www.grieta.org.mx\/index.php\/2018\/05\/10\/marcha-grupo-vida-por-sus-desaparecidos-en-el-dia-de-las-madres-torreon-coahuila\/","url_meta":{"origin":22159,"position":0},"title":"Marcha grupo Vida por sus desaparecidos en el D\u00eda de las Madres (Torre\u00f3n, Coahuila)","author":"grieta","date":"10 mayo, 2018","format":false,"excerpt":"El contingente camin\u00f3 en sentido contrario por la avenida Ju\u00e1rez. (EL SIGLO DE TORRE\u00d3N) Como desde hace cinco a\u00f1os, el grupo V\u00edctimas por sus Derechos en Acci\u00f3n (Vida), realiza su marcha de familiares de personas desaparecidas en el D\u00eda de las Madres. Guadalupe Miranda\/El Siglo Coahuila El contingente conformado por\u2026","rel":"","context":"En &quot;CINTILLO&quot;","block_context":{"text":"CINTILLO","link":"https:\/\/www.grieta.org.mx\/index.php\/category\/cintillo\/"},"img":{"alt_text":"","src":"https:\/\/i0.wp.com\/www.grieta.org.mx\/wp-content\/uploads\/2018\/05\/Marchan-madre-Torre%C3%B3n.jpeg?resize=350%2C200&ssl=1","width":350,"height":200,"srcset":"https:\/\/i0.wp.com\/www.grieta.org.mx\/wp-content\/uploads\/2018\/05\/Marchan-madre-Torre%C3%B3n.jpeg?resize=350%2C200&ssl=1 1x, https:\/\/i0.wp.com\/www.grieta.org.mx\/wp-content\/uploads\/2018\/05\/Marchan-madre-Torre%C3%B3n.jpeg?resize=525%2C300&ssl=1 1.5x, https:\/\/i0.wp.com\/www.grieta.org.mx\/wp-content\/uploads\/2018\/05\/Marchan-madre-Torre%C3%B3n.jpeg?resize=700%2C400&ssl=1 2x, https:\/\/i0.wp.com\/www.grieta.org.mx\/wp-content\/uploads\/2018\/05\/Marchan-madre-Torre%C3%B3n.jpeg?resize=1050%2C600&ssl=1 3x"},"classes":[]},{"id":25952,"url":"https:\/\/www.grieta.org.mx\/index.php\/2018\/08\/29\/coahuila-cierra-sexenio-con-410-desapariciones\/","url_meta":{"origin":22159,"position":1},"title":"Coahuila cierra sexenio con 410 desapariciones","author":"grieta","date":"29 agosto, 2018","format":false,"excerpt":"Desde 1995 hasta abril de este a\u00f1o suman ya mil 779. La ciudad que m\u00e1s concentra estos reportes es Torre\u00f3n, con 543, seguida por Saltillo con 340 y luego Piedras Negras con 309. Luis Alberto L\u00f3pez Garc\u00eda\/MILENIO En el sexenio federal que est\u00e1 por terminar, 410 personas m\u00e1s desaparecieron en\u2026","rel":"","context":"En &quot;CINTILLO&quot;","block_context":{"text":"CINTILLO","link":"https:\/\/www.grieta.org.mx\/index.php\/category\/cintillo\/"},"img":{"alt_text":"","src":"https:\/\/i0.wp.com\/www.grieta.org.mx\/wp-content\/uploads\/2018\/08\/desde-han-desaparecido-mil-personas.jpg?resize=350%2C200&ssl=1","width":350,"height":200,"srcset":"https:\/\/i0.wp.com\/www.grieta.org.mx\/wp-content\/uploads\/2018\/08\/desde-han-desaparecido-mil-personas.jpg?resize=350%2C200&ssl=1 1x, https:\/\/i0.wp.com\/www.grieta.org.mx\/wp-content\/uploads\/2018\/08\/desde-han-desaparecido-mil-personas.jpg?resize=525%2C300&ssl=1 1.5x, https:\/\/i0.wp.com\/www.grieta.org.mx\/wp-content\/uploads\/2018\/08\/desde-han-desaparecido-mil-personas.jpg?resize=700%2C400&ssl=1 2x"},"classes":[]},{"id":26016,"url":"https:\/\/www.grieta.org.mx\/index.php\/2018\/08\/30\/refuerzan-busqueda-de-desaparecidos-en-bares-y-carceles-coahuila\/","url_meta":{"origin":22159,"position":2},"title":"Refuerzan b\u00fasqueda de desaparecidos en bares y c\u00e1rceles (Coahuila)","author":"grieta","date":"30 agosto, 2018","format":false,"excerpt":"Para celebrar D\u00eda Internacional de las V\u00edctimas de Desaparici\u00f3n Forzada, Fuundec realiz\u00f3 un homenaje en el '\u00c1rbol de la Esperanza', en la Alameda de Torre\u00f3n. Homenaje en el '\u00c1rbol de la Esperanza', en la Alameda de Torre\u00f3n. (Lucero S\u00e1nchez) Lucero S\u00e1nchez\/ MILENIO En el marco de la celebraci\u00f3n del D\u00eda\u2026","rel":"","context":"En &quot;CINTILLO&quot;","block_context":{"text":"CINTILLO","link":"https:\/\/www.grieta.org.mx\/index.php\/category\/cintillo\/"},"img":{"alt_text":"","src":"https:\/\/i0.wp.com\/www.grieta.org.mx\/wp-content\/uploads\/2018\/08\/homenaje-arbol-esperanza-alameda-torreon.jpg?resize=350%2C200&ssl=1","width":350,"height":200,"srcset":"https:\/\/i0.wp.com\/www.grieta.org.mx\/wp-content\/uploads\/2018\/08\/homenaje-arbol-esperanza-alameda-torreon.jpg?resize=350%2C200&ssl=1 1x, https:\/\/i0.wp.com\/www.grieta.org.mx\/wp-content\/uploads\/2018\/08\/homenaje-arbol-esperanza-alameda-torreon.jpg?resize=525%2C300&ssl=1 1.5x, https:\/\/i0.wp.com\/www.grieta.org.mx\/wp-content\/uploads\/2018\/08\/homenaje-arbol-esperanza-alameda-torreon.jpg?resize=700%2C400&ssl=1 2x"},"classes":[]},{"id":28277,"url":"https:\/\/www.grieta.org.mx\/index.php\/2018\/12\/10\/familiares-de-desaparecidos-exigen-a-gobierno-de-coahuila-cifras-claras-ante-ausencia-del-rnped\/","url_meta":{"origin":22159,"position":3},"title":"Familiares de desaparecidos exigen a Gobierno de Coahuila cifras claras ante ausencia del RNPED","author":"grieta","date":"10 diciembre, 2018","format":false,"excerpt":"Armando R\u00edos\/LA VANGUARDIA En el marco del 70 aniversario de la Declaraci\u00f3n Universal de los Derechos Humanos, el Centro Diocesano para los Derechos Humanos Fray Juan de Larios, exigi\u00f3 al Gobierno de Coahuila facilitar las herramientas para tener cuentas claras sobre las cifras de desaparecidos en la entidad. La exigencia\u2026","rel":"","context":"En &quot;CINTILLO&quot;","block_context":{"text":"CINTILLO","link":"https:\/\/www.grieta.org.mx\/index.php\/category\/cintillo\/"},"img":{"alt_text":"","src":"https:\/\/i0.wp.com\/www.grieta.org.mx\/wp-content\/uploads\/2018\/03\/14524434_1106112876131411_958039263622046936_o.jpg?resize=350%2C200&ssl=1","width":350,"height":200,"srcset":"https:\/\/i0.wp.com\/www.grieta.org.mx\/wp-content\/uploads\/2018\/03\/14524434_1106112876131411_958039263622046936_o.jpg?resize=350%2C200&ssl=1 1x, https:\/\/i0.wp.com\/www.grieta.org.mx\/wp-content\/uploads\/2018\/03\/14524434_1106112876131411_958039263622046936_o.jpg?resize=525%2C300&ssl=1 1.5x, https:\/\/i0.wp.com\/www.grieta.org.mx\/wp-content\/uploads\/2018\/03\/14524434_1106112876131411_958039263622046936_o.jpg?resize=700%2C400&ssl=1 2x"},"classes":[]},{"id":30737,"url":"https:\/\/www.grieta.org.mx\/index.php\/2019\/03\/11\/durante-periodo-de-jesus-torres-charles-como-procurador-y-fiscal-de-coahuila-se-dispararon-desapariciones\/","url_meta":{"origin":22159,"position":4},"title":"Durante periodo de Jes\u00fas Torres Charles como Procurador y Fiscal de Coahuila se dispararon desapariciones","author":"grieta","date":"11 marzo, 2019","format":false,"excerpt":"Durante la gesti\u00f3n de Procurador y Fiscal de Torres Charles, ocurri\u00f3 la matanza de Allende y la masacre en el penal de Piedras Negras; exigen se le investigue por delitos de alto impacto Armando R\u00edos\/VANGUARDIA MX De acuerdo con el Registro Nacional de Personas Desaparecidas, el 60 por ciento de\u2026","rel":"","context":"En &quot;CINTILLO&quot;","block_context":{"text":"CINTILLO","link":"https:\/\/www.grieta.org.mx\/index.php\/category\/cintillo\/"},"img":{"alt_text":"","src":"https:\/\/i0.wp.com\/www.grieta.org.mx\/wp-content\/uploads\/2018\/03\/14524434_1106112876131411_958039263622046936_o.jpg?resize=350%2C200&ssl=1","width":350,"height":200,"srcset":"https:\/\/i0.wp.com\/www.grieta.org.mx\/wp-content\/uploads\/2018\/03\/14524434_1106112876131411_958039263622046936_o.jpg?resize=350%2C200&ssl=1 1x, https:\/\/i0.wp.com\/www.grieta.org.mx\/wp-content\/uploads\/2018\/03\/14524434_1106112876131411_958039263622046936_o.jpg?resize=525%2C300&ssl=1 1.5x, https:\/\/i0.wp.com\/www.grieta.org.mx\/wp-content\/uploads\/2018\/03\/14524434_1106112876131411_958039263622046936_o.jpg?resize=700%2C400&ssl=1 2x"},"classes":[]},{"id":6833,"url":"https:\/\/www.grieta.org.mx\/index.php\/2016\/09\/08\/los-desaparecidos-en-coahuila\/","url_meta":{"origin":22159,"position":5},"title":"Los desaparecidos en Coahuila","author":"grieta","date":"8 septiembre, 2016","format":false,"excerpt":"08\/09\/16. M\u00e1s de 50 desaparecidos en lo que va del a\u00f1o en Coahuila Noticieros Grem 20\/08\/16. El ni\u00f1o que desapareci\u00f3 creyendo en Santa Cl\u00f3s y otras historias de los 295 menores desaparecidos en Coahuila Vanguardia 19\/05\/16. \u00a1Buscan cad\u00e1veres de mil 600 desaparecidos! El Dem\u00f3crata 21\/03\/16. Conmemoran la masacre de Coahuila\u2026","rel":"","context":"En &quot;Coahuila&quot;","block_context":{"text":"Coahuila","link":"https:\/\/www.grieta.org.mx\/index.php\/category\/noticias-nacionales\/coahuila\/"},"img":{"alt_text":"","src":"https:\/\/i0.wp.com\/www.grieta.org.mx\/wp-content\/uploads\/2018\/03\/14524434_1106112876131411_958039263622046936_o.jpg?resize=350%2C200&ssl=1","width":350,"height":200,"srcset":"https:\/\/i0.wp.com\/www.grieta.org.mx\/wp-content\/uploads\/2018\/03\/14524434_1106112876131411_958039263622046936_o.jpg?resize=350%2C200&ssl=1 1x, https:\/\/i0.wp.com\/www.grieta.org.mx\/wp-content\/uploads\/2018\/03\/14524434_1106112876131411_958039263622046936_o.jpg?resize=525%2C300&ssl=1 1.5x, https:\/\/i0.wp.com\/www.grieta.org.mx\/wp-content\/uploads\/2018\/03\/14524434_1106112876131411_958039263622046936_o.jpg?resize=700%2C400&ssl=1 2x"},"classes":[]}],"_links":{"self":[{"href":"https:\/\/www.grieta.org.mx\/index.php\/wp-json\/wp\/v2\/posts\/22159","targetHints":{"allow":["GET"]}}],"collection":[{"href":"https:\/\/www.grieta.org.mx\/index.php\/wp-json\/wp\/v2\/posts"}],"about":[{"href":"https:\/\/www.grieta.org.mx\/index.php\/wp-json\/wp\/v2\/types\/post"}],"author":[{"embeddable":true,"href":"https:\/\/www.grieta.org.mx\/index.php\/wp-json\/wp\/v2\/users\/2"}],"replies":[{"embeddable":true,"href":"https:\/\/www.grieta.org.mx\/index.php\/wp-json\/wp\/v2\/comments?post=22159"}],"version-history":[{"count":1,"href":"https:\/\/www.grieta.org.mx\/index.php\/wp-json\/wp\/v2\/posts\/22159\/revisions"}],"predecessor-version":[{"id":22161,"href":"https:\/\/www.grieta.org.mx\/index.php\/wp-json\/wp\/v2\/posts\/22159\/revisions\/22161"}],"wp:featuredmedia":[{"embeddable":true,"href":"https:\/\/www.grieta.org.mx\/index.php\/wp-json\/wp\/v2\/media\/22160"}],"wp:attachment":[{"href":"https:\/\/www.grieta.org.mx\/index.php\/wp-json\/wp\/v2\/media?parent=22159"}],"wp:term":[{"taxonomy":"category","embeddable":true,"href":"https:\/\/www.grieta.org.mx\/index.php\/wp-json\/wp\/v2\/categories?post=22159"},{"taxonomy":"post_tag","embeddable":true,"href":"https:\/\/www.grieta.org.mx\/index.php\/wp-json\/wp\/v2\/tags?post=22159"}],"curies":[{"name":"wp","href":"https:\/\/api.w.org\/{rel}","templated":true}]}}