{"id":22125,"date":"2018-02-19T21:23:23","date_gmt":"2018-02-20T03:23:23","guid":{"rendered":"http:\/\/www.grieta.org.mx\/?p=22125"},"modified":"2018-03-15T21:39:59","modified_gmt":"2018-03-16T03:39:59","slug":"familiares-de-desaparecidos-reclaman-20-mdp-por-reparacion-a-la-procuraduria-de-nl","status":"publish","type":"post","link":"https:\/\/www.grieta.org.mx\/index.php\/2018\/02\/19\/familiares-de-desaparecidos-reclaman-20-mdp-por-reparacion-a-la-procuraduria-de-nl\/","title":{"rendered":"Familiares de desaparecidos reclaman 20 mdp por reparaci\u00f3n a la Procuradur\u00eda de NL"},"content":{"rendered":"<p><img loading=\"lazy\" decoding=\"async\" data-attachment-id=\"22126\" data-permalink=\"https:\/\/www.grieta.org.mx\/index.php\/2018\/02\/19\/familiares-de-desaparecidos-reclaman-20-mdp-por-reparacion-a-la-procuraduria-de-nl\/desparecidos_nl-1\/\" data-orig-file=\"https:\/\/www.grieta.org.mx\/wp-content\/uploads\/2018\/03\/desparecidos_NL-1.jpg\" data-orig-size=\"1200,800\" data-comments-opened=\"0\" data-image-meta=\"{&quot;aperture&quot;:&quot;0&quot;,&quot;credit&quot;:&quot;&quot;,&quot;camera&quot;:&quot;&quot;,&quot;caption&quot;:&quot;&quot;,&quot;created_timestamp&quot;:&quot;0&quot;,&quot;copyright&quot;:&quot;VICTOR HUGO VALDIVIA ESTRADA&quot;,&quot;focal_length&quot;:&quot;0&quot;,&quot;iso&quot;:&quot;0&quot;,&quot;shutter_speed&quot;:&quot;0&quot;,&quot;title&quot;:&quot;&quot;,&quot;orientation&quot;:&quot;0&quot;}\" data-image-title=\"desparecidos_NL 1\" data-image-description=\"\" data-image-caption=\"\" data-medium-file=\"https:\/\/www.grieta.org.mx\/wp-content\/uploads\/2018\/03\/desparecidos_NL-1-300x200.jpg\" data-large-file=\"https:\/\/www.grieta.org.mx\/wp-content\/uploads\/2018\/03\/desparecidos_NL-1-1024x683.jpg\" class=\"aligncenter size-large wp-image-22126\" src=\"http:\/\/www.grieta.org.mx\/wp-content\/uploads\/2018\/03\/desparecidos_NL-1-1024x683.jpg\" alt=\"\" width=\"1024\" height=\"683\" srcset=\"https:\/\/www.grieta.org.mx\/wp-content\/uploads\/2018\/03\/desparecidos_NL-1-1024x683.jpg 1024w, https:\/\/www.grieta.org.mx\/wp-content\/uploads\/2018\/03\/desparecidos_NL-1-300x200.jpg 300w, https:\/\/www.grieta.org.mx\/wp-content\/uploads\/2018\/03\/desparecidos_NL-1-768x512.jpg 768w, https:\/\/www.grieta.org.mx\/wp-content\/uploads\/2018\/03\/desparecidos_NL-1.jpg 1200w\" sizes=\"auto, (max-width: 1024px) 100vw, 1024px\" \/><\/p>\n<p>Luciano Campos Garza<\/p>\n<p>MONTERREY, NL (apro).- Familiares de tres personas desaparecidas promovieron hoy un recurso para demandar de la Procuradur\u00eda estatal el pago de 20 millones de pesos, en conjunto, como reparaci\u00f3n por el da\u00f1o que la ausencia ha generado a parientes de las v\u00edctimas.<\/p>\n<p>Los desaparecidos son Nicol\u00e1s Flores Res\u00e9ndez, C\u00e9sar Guadalupe Carmona Alvarado y Roy Rivera Hidalgo, por cuyos casos ya se pronunci\u00f3 la Comisi\u00f3n Estatal de Derechos Humanos \/CEDH), a trav\u00e9s de las recomendaciones 6\/2017, 7\/2017 y 15\/2017, mismas que evidencian omisiones y procedimientos deficientes de la entidad investigadora estatal.<\/p>\n<p>En rueda de prensa, Maricela Alvarado, Luisa Castellanos y Irma Hidalgo, esposas y madre de los desaparecidos, se\u00f1alaron que, seg\u00fan las resoluciones de la CEDH, personal de la dependencia que actualmente dirige Bernardo Gonz\u00e1lez \u201cvulner\u00f3 los derechos de las v\u00edctimas y las personas ofendidas en relaci\u00f3n con el acceso a la justicia\u201d.<\/p>\n<p>Tambi\u00e9n encontr\u00f3 el \u00f3rgano un retardo injustificado de la Procuradur\u00eda en la integraci\u00f3n de las averiguaciones previas, y aunque en estos casos no se ha determinado que las desapariciones son imputables al estado, las omisiones y la actividad administrativa irregular por parte de la dependencia resultaron en un perjuicio para las v\u00edctimas, pues nunca inici\u00f3 correctamente el proceso de b\u00fasqueda, lo que ocasiona que a\u00fan no sean sido localizadas.<\/p>\n<p>Para cuantificar la reparaci\u00f3n del da\u00f1o, una estimaci\u00f3n que denominaron \u201clucro cesante\u201d, el abogado que las asesora se bas\u00f3 en el derecho internacional, en la Ley General de Atenci\u00f3n a V\u00edctimas y en peritajes psicol\u00f3gicos de personas que han resultado seriamente lastimadas por la falta de sus seres queridos, explic\u00f3 Hidalgo.<\/p>\n<p>\u201cEl lucro cesante es todo lo que no han percibido los ni\u00f1os de dos familias de sus respectivos padres desaparecidos, a partir del siguiente d\u00eda de la desaparici\u00f3n, hasta que se jubile. El c\u00e1lculo es por todo lo que han dejado de percibir los ni\u00f1os, quienes son responsabilidad de las madres y las abuelas\u201d, expuso la madre de Roy Rivera, creadora de Fuerzas Unidas por Nuestros Desaparecidos de Nuevo Le\u00f3n (Fundenl), que respalda la demanda.<\/p>\n<p>Igual aclar\u00f3 que el recurso que presentaron contra la Procuradur\u00eda no es por las desapariciones, es por el da\u00f1o moral y econ\u00f3mico que se ha provocado a las familias, en sus proyectos de vida, por las omisiones en el deficiente trabajo ministerial.<\/p>\n<p>Las mujeres se\u00f1alaron que la Procuradur\u00eda tiene tres meses de plazo para responder y, con base en ello, determinar\u00e1n cu\u00e1l es el procedimiento a seguir.<\/p>\n<p>Finalmente, mencionaron que otras familias de Fundenl ya preparan sus propios reclamos legales similares al gobierno estatal por otros casos de desaparecidos.<\/p>\n<p>Este caso es el primero de su tipo que se presenta en el pa\u00eds, apunt\u00f3 Irma Hidalgo.<\/p>\n<p>http:\/\/www.proceso.com.mx\/523214\/familiares-de-desaparecidos-reclaman-20-mdp-por-reparacion-la-procuraduria-de-nl<\/p>\n","protected":false},"excerpt":{"rendered":"<p>Luciano Campos Garza MONTERREY, NL (apro).- Familiares de tres personas desaparecidas promovieron hoy un recurso para demandar de la Procuradur\u00eda estatal el pago de 20 millones de pesos, en conjunto, &hellip; <a href=\"https:\/\/www.grieta.org.mx\/index.php\/2018\/02\/19\/familiares-de-desaparecidos-reclaman-20-mdp-por-reparacion-a-la-procuraduria-de-nl\/\" class=\"more-link\">Leer m\u00e1s<\/a><\/p>\n","protected":false},"author":2,"featured_media":21928,"comment_status":"closed","ping_status":"closed","sticky":false,"template":"","format":"standard","meta":{"ngg_post_thumbnail":0,"_jetpack_newsletter_access":"","_jetpack_dont_email_post_to_subs":false,"_jetpack_newsletter_tier_id":0,"_jetpack_memberships_contains_paywalled_content":false,"_jetpack_memberships_contains_paid_content":false,"footnotes":""},"categories":[80,87,1043,24],"tags":[121,260],"class_list":["post-22125","post","type-post","status-publish","format-standard","has-post-thumbnail","hentry","category-cintillo","category-desaparecidos","category-desaparecidos-en-nuevo-leon","category-nuevo-leon","tag-desaparecidos","tag-desaparicion-forzada","entry"],"jetpack_featured_media_url":"https:\/\/www.grieta.org.mx\/wp-content\/uploads\/2018\/03\/14524434_1106112876131411_958039263622046936_o.jpg","jetpack_sharing_enabled":true,"jetpack_shortlink":"https:\/\/wp.me\/p7ZJR4-5KR","jetpack_likes_enabled":false,"jetpack-related-posts":[{"id":19297,"url":"https:\/\/www.grieta.org.mx\/index.php\/2016\/08\/03\/empeora-situacion-de-victimas-de-desaparicion-en-nuevo-leon\/","url_meta":{"origin":22125,"position":0},"title":"Empeora situaci\u00f3n de v\u00edctimas de desaparici\u00f3n en Nuevo Le\u00f3n","author":"grieta","date":"3 agosto, 2016","format":false,"excerpt":"Aracely Chantaka Para los familiares de desaparecidos en la entidad, la situaci\u00f3n de atenci\u00f3n para sus casos ha empeorado por parte de la Procuradur\u00eda General de Justicia en el estado, en relaci\u00f3n con el sexenio anterior Monterrey, Nuevo Le\u00f3n.- Para los familiares de desaparecidos en la entidad, la situaci\u00f3n de\u2026","rel":"","context":"En &quot;CINTILLO&quot;","block_context":{"text":"CINTILLO","link":"https:\/\/www.grieta.org.mx\/index.php\/category\/cintillo\/"},"img":{"alt_text":"","src":"https:\/\/i0.wp.com\/www.grieta.org.mx\/wp-content\/uploads\/2018\/03\/14524434_1106112876131411_958039263622046936_o.jpg?resize=350%2C200&ssl=1","width":350,"height":200,"srcset":"https:\/\/i0.wp.com\/www.grieta.org.mx\/wp-content\/uploads\/2018\/03\/14524434_1106112876131411_958039263622046936_o.jpg?resize=350%2C200&ssl=1 1x, https:\/\/i0.wp.com\/www.grieta.org.mx\/wp-content\/uploads\/2018\/03\/14524434_1106112876131411_958039263622046936_o.jpg?resize=525%2C300&ssl=1 1.5x, https:\/\/i0.wp.com\/www.grieta.org.mx\/wp-content\/uploads\/2018\/03\/14524434_1106112876131411_958039263622046936_o.jpg?resize=700%2C400&ssl=1 2x"},"classes":[]},{"id":5120,"url":"https:\/\/www.grieta.org.mx\/index.php\/2015\/07\/10\/familiares-somos-los-otros-desaparecidos\/","url_meta":{"origin":22125,"position":1},"title":"\u201cFamiliares somos los otros desaparecidos\u201d","author":"grieta","date":"10 julio, 2015","format":false,"excerpt":"El Debate Monterrey, Nuevo Le\u00f3n (El Universal).- Para la Procuradur\u00eda del Justicia de Nuevo Le\u00f3n, los familiares de v\u00edctimas de desaparici\u00f3n \u201cno existimos, somos los otros desaparecidos\u201d, pues incluso quienes se han organizado, se enfrentan con omisiones, negligencia y falta de resultados. As\u00ed lo se\u00f1al\u00f3 Irma Leticia Hidalgo, dirigente de\u2026","rel":"","context":"En &quot;CINTILLO&quot;","block_context":{"text":"CINTILLO","link":"https:\/\/www.grieta.org.mx\/index.php\/category\/cintillo\/"},"img":{"alt_text":"","src":"https:\/\/i0.wp.com\/www.grieta.org.mx\/wp-content\/uploads\/2018\/03\/14524434_1106112876131411_958039263622046936_o.jpg?resize=350%2C200&ssl=1","width":350,"height":200,"srcset":"https:\/\/i0.wp.com\/www.grieta.org.mx\/wp-content\/uploads\/2018\/03\/14524434_1106112876131411_958039263622046936_o.jpg?resize=350%2C200&ssl=1 1x, https:\/\/i0.wp.com\/www.grieta.org.mx\/wp-content\/uploads\/2018\/03\/14524434_1106112876131411_958039263622046936_o.jpg?resize=525%2C300&ssl=1 1.5x, https:\/\/i0.wp.com\/www.grieta.org.mx\/wp-content\/uploads\/2018\/03\/14524434_1106112876131411_958039263622046936_o.jpg?resize=700%2C400&ssl=1 2x"},"classes":[]},{"id":4893,"url":"https:\/\/www.grieta.org.mx\/index.php\/2016\/01\/10\/realizan-evento-en-memoria-de-desaparecidos-en-nl\/","url_meta":{"origin":22125,"position":2},"title":"Realizan evento en memoria de desaparecidos en NL","author":"grieta","date":"10 enero, 2016","format":false,"excerpt":"La Jornada Por Erick Mu\u00f1iz Monterrey, NL. La organizaci\u00f3n civil Fuerzas Unidas por Nuestros Desaparecidos en Nuevo Le\u00f3n (Fundenl) conmemor\u00f3 la tarde de este domingo los 5 a\u00f1os de la desaparici\u00f3n de Roy Rivera Hidalgo, y los 12 meses sin saber de Karina Oliva. Con un evento en el que\u2026","rel":"","context":"En &quot;Desaparecidos&quot;","block_context":{"text":"Desaparecidos","link":"https:\/\/www.grieta.org.mx\/index.php\/category\/temas-nacionales\/desaparecidos\/"},"img":{"alt_text":"","src":"https:\/\/i0.wp.com\/www.grieta.org.mx\/wp-content\/uploads\/2018\/03\/14524434_1106112876131411_958039263622046936_o.jpg?resize=350%2C200&ssl=1","width":350,"height":200,"srcset":"https:\/\/i0.wp.com\/www.grieta.org.mx\/wp-content\/uploads\/2018\/03\/14524434_1106112876131411_958039263622046936_o.jpg?resize=350%2C200&ssl=1 1x, https:\/\/i0.wp.com\/www.grieta.org.mx\/wp-content\/uploads\/2018\/03\/14524434_1106112876131411_958039263622046936_o.jpg?resize=525%2C300&ssl=1 1.5x, https:\/\/i0.wp.com\/www.grieta.org.mx\/wp-content\/uploads\/2018\/03\/14524434_1106112876131411_958039263622046936_o.jpg?resize=700%2C400&ssl=1 2x"},"classes":[]},{"id":33325,"url":"https:\/\/www.grieta.org.mx\/index.php\/2019\/05\/10\/apoyaran-expertos-de-europa-a-rastrear-desparecidos-de-nl-nuevo-leon\/","url_meta":{"origin":22125,"position":3},"title":"Apoyar\u00e1n expertos de Europa a rastrear desparecidos de NL (Nuevo Le\u00f3n)","author":"grieta","date":"10 mayo, 2019","format":false,"excerpt":"Eduardo Mendieta S\u00e1nchez \/ Milenio El fiscal general Gustavo Adolfo Guerrero inform\u00f3 que por cuatro a\u00f1os, una instituci\u00f3n de Holanda estar\u00e1 apoyando para buscar e identificar a los desaparecidos. La Fiscal\u00eda General de Justicia del Estado revel\u00f3 que expertos internacionales en cuestiones t\u00e9cnicas y cient\u00edficas provenientes de Holanda apoyar\u00e1n la\u2026","rel":"","context":"En &quot;CINTILLO&quot;","block_context":{"text":"CINTILLO","link":"https:\/\/www.grieta.org.mx\/index.php\/category\/cintillo\/"},"img":{"alt_text":"","src":"https:\/\/i0.wp.com\/www.grieta.org.mx\/wp-content\/uploads\/2019\/05\/Apoyar%C3%A1n-expertos-de-Europa-a-rastrear-desparecidos-de-NL-may.jpeg?resize=350%2C200&ssl=1","width":350,"height":200,"srcset":"https:\/\/i0.wp.com\/www.grieta.org.mx\/wp-content\/uploads\/2019\/05\/Apoyar%C3%A1n-expertos-de-Europa-a-rastrear-desparecidos-de-NL-may.jpeg?resize=350%2C200&ssl=1 1x, https:\/\/i0.wp.com\/www.grieta.org.mx\/wp-content\/uploads\/2019\/05\/Apoyar%C3%A1n-expertos-de-Europa-a-rastrear-desparecidos-de-NL-may.jpeg?resize=525%2C300&ssl=1 1.5x, https:\/\/i0.wp.com\/www.grieta.org.mx\/wp-content\/uploads\/2019\/05\/Apoyar%C3%A1n-expertos-de-Europa-a-rastrear-desparecidos-de-NL-may.jpeg?resize=700%2C400&ssl=1 2x"},"classes":[]},{"id":4894,"url":"https:\/\/www.grieta.org.mx\/index.php\/2016\/08\/05\/desaparecidos-en-nuevo-leon\/","url_meta":{"origin":22125,"position":4},"title":"Desaparecidos en Nuevo Le\u00f3n","author":"grieta","date":"5 agosto, 2016","format":false,"excerpt":"03\/08\/16. Empeora situaci\u00f3n de v\u00edctimas de desaparici\u00f3n en Nuevo Le\u00f3nVanguardia Mx 10\/06\/16. Familias de Nuevo Le\u00f3n piden localizar a padres desaparecidos Vanguardia Mx 10\/01\/16. Realizan evento en memoria de desaparecidos en NL La Jornada 19\/11\/15. En Nuevo Le\u00f3n, 173 casos de desaparici\u00f3n que involucran a 314 v\u00edctimas Desinform\u00e9monos 08\/11\/15. En\u2026","rel":"","context":"En &quot;Desaparecidos&quot;","block_context":{"text":"Desaparecidos","link":"https:\/\/www.grieta.org.mx\/index.php\/category\/temas-nacionales\/desaparecidos\/"},"img":{"alt_text":"","src":"https:\/\/i0.wp.com\/www.grieta.org.mx\/wp-content\/uploads\/2018\/03\/14524434_1106112876131411_958039263622046936_o.jpg?resize=350%2C200&ssl=1","width":350,"height":200,"srcset":"https:\/\/i0.wp.com\/www.grieta.org.mx\/wp-content\/uploads\/2018\/03\/14524434_1106112876131411_958039263622046936_o.jpg?resize=350%2C200&ssl=1 1x, https:\/\/i0.wp.com\/www.grieta.org.mx\/wp-content\/uploads\/2018\/03\/14524434_1106112876131411_958039263622046936_o.jpg?resize=525%2C300&ssl=1 1.5x, https:\/\/i0.wp.com\/www.grieta.org.mx\/wp-content\/uploads\/2018\/03\/14524434_1106112876131411_958039263622046936_o.jpg?resize=700%2C400&ssl=1 2x"},"classes":[]},{"id":53059,"url":"https:\/\/www.grieta.org.mx\/index.php\/2020\/09\/05\/mega-busqueda-en-nl-restos-de-ropa-campamentos-radiofrecuencias\/","url_meta":{"origin":22125,"position":5},"title":"Mega b\u00fasqueda en NL: restos de ropa, campamentos, radiofrecuencias","author":"grieta","date":"5 septiembre, 2020","format":false,"excerpt":"Durante cinco d\u00edas autoridades y familiares de desaparecidos realizaron una b\u00fasqueda de personas desaparecidas en la Sierra Madre Oriental, en un estado donde se espera a casi 5 ausentes Texto: Daniela Rea\/ Fotos: Claudia Mu\u00f1iz y Ang\u00e9lica orozco\/ PIE DE P\u00c1GINA El pasado 30 de agosto, el D\u00eda internacional de\u2026","rel":"","context":"En &quot;CINTILLO&quot;","block_context":{"text":"CINTILLO","link":"https:\/\/www.grieta.org.mx\/index.php\/category\/cintillo\/"},"img":{"alt_text":"","src":"https:\/\/i0.wp.com\/www.grieta.org.mx\/wp-content\/uploads\/2020\/09\/Busqueda_Perosnas_NLeon_Claudia_Mun%CC%83iz_2-1.jpg?resize=350%2C200&ssl=1","width":350,"height":200,"srcset":"https:\/\/i0.wp.com\/www.grieta.org.mx\/wp-content\/uploads\/2020\/09\/Busqueda_Perosnas_NLeon_Claudia_Mun%CC%83iz_2-1.jpg?resize=350%2C200&ssl=1 1x, https:\/\/i0.wp.com\/www.grieta.org.mx\/wp-content\/uploads\/2020\/09\/Busqueda_Perosnas_NLeon_Claudia_Mun%CC%83iz_2-1.jpg?resize=525%2C300&ssl=1 1.5x, https:\/\/i0.wp.com\/www.grieta.org.mx\/wp-content\/uploads\/2020\/09\/Busqueda_Perosnas_NLeon_Claudia_Mun%CC%83iz_2-1.jpg?resize=700%2C400&ssl=1 2x"},"classes":[]}],"_links":{"self":[{"href":"https:\/\/www.grieta.org.mx\/index.php\/wp-json\/wp\/v2\/posts\/22125","targetHints":{"allow":["GET"]}}],"collection":[{"href":"https:\/\/www.grieta.org.mx\/index.php\/wp-json\/wp\/v2\/posts"}],"about":[{"href":"https:\/\/www.grieta.org.mx\/index.php\/wp-json\/wp\/v2\/types\/post"}],"author":[{"embeddable":true,"href":"https:\/\/www.grieta.org.mx\/index.php\/wp-json\/wp\/v2\/users\/2"}],"replies":[{"embeddable":true,"href":"https:\/\/www.grieta.org.mx\/index.php\/wp-json\/wp\/v2\/comments?post=22125"}],"version-history":[{"count":1,"href":"https:\/\/www.grieta.org.mx\/index.php\/wp-json\/wp\/v2\/posts\/22125\/revisions"}],"predecessor-version":[{"id":22127,"href":"https:\/\/www.grieta.org.mx\/index.php\/wp-json\/wp\/v2\/posts\/22125\/revisions\/22127"}],"wp:featuredmedia":[{"embeddable":true,"href":"https:\/\/www.grieta.org.mx\/index.php\/wp-json\/wp\/v2\/media\/21928"}],"wp:attachment":[{"href":"https:\/\/www.grieta.org.mx\/index.php\/wp-json\/wp\/v2\/media?parent=22125"}],"wp:term":[{"taxonomy":"category","embeddable":true,"href":"https:\/\/www.grieta.org.mx\/index.php\/wp-json\/wp\/v2\/categories?post=22125"},{"taxonomy":"post_tag","embeddable":true,"href":"https:\/\/www.grieta.org.mx\/index.php\/wp-json\/wp\/v2\/tags?post=22125"}],"curies":[{"name":"wp","href":"https:\/\/api.w.org\/{rel}","templated":true}]}}