{"id":22088,"date":"2018-03-01T22:46:48","date_gmt":"2018-03-02T04:46:48","guid":{"rendered":"http:\/\/www.grieta.org.mx\/?p=22088"},"modified":"2018-03-13T23:01:47","modified_gmt":"2018-03-14T05:01:47","slug":"ordena-zermeno-encarcelar-a-transexuales-que-caminen-por-calles-de-torreon","status":"publish","type":"post","link":"https:\/\/www.grieta.org.mx\/index.php\/2018\/03\/01\/ordena-zermeno-encarcelar-a-transexuales-que-caminen-por-calles-de-torreon\/","title":{"rendered":"Ordena Zerme\u00f1o encarcelar a transexuales que caminen por calles de Torre\u00f3n"},"content":{"rendered":"<p><img loading=\"lazy\" decoding=\"async\" data-attachment-id=\"22094\" data-permalink=\"https:\/\/www.grieta.org.mx\/index.php\/2018\/03\/01\/ordena-zermeno-encarcelar-a-transexuales-que-caminen-por-calles-de-torreon\/transexuales\/\" data-orig-file=\"https:\/\/www.grieta.org.mx\/wp-content\/uploads\/2018\/03\/transexuales.jpg\" data-orig-size=\"768,398\" data-comments-opened=\"0\" data-image-meta=\"{&quot;aperture&quot;:&quot;0&quot;,&quot;credit&quot;:&quot;&quot;,&quot;camera&quot;:&quot;&quot;,&quot;caption&quot;:&quot;&quot;,&quot;created_timestamp&quot;:&quot;0&quot;,&quot;copyright&quot;:&quot;&quot;,&quot;focal_length&quot;:&quot;0&quot;,&quot;iso&quot;:&quot;0&quot;,&quot;shutter_speed&quot;:&quot;0&quot;,&quot;title&quot;:&quot;&quot;,&quot;orientation&quot;:&quot;0&quot;}\" data-image-title=\"transexuales\" data-image-description=\"\" data-image-caption=\"\" data-medium-file=\"https:\/\/www.grieta.org.mx\/wp-content\/uploads\/2018\/03\/transexuales-300x155.jpg\" data-large-file=\"https:\/\/www.grieta.org.mx\/wp-content\/uploads\/2018\/03\/transexuales.jpg\" class=\"aligncenter size-full wp-image-22094\" src=\"http:\/\/www.grieta.org.mx\/wp-content\/uploads\/2018\/03\/transexuales.jpg\" alt=\"\" width=\"768\" height=\"398\" srcset=\"https:\/\/www.grieta.org.mx\/wp-content\/uploads\/2018\/03\/transexuales.jpg 768w, https:\/\/www.grieta.org.mx\/wp-content\/uploads\/2018\/03\/transexuales-300x155.jpg 300w\" sizes=\"auto, (max-width: 768px) 100vw, 768px\" \/><\/p>\n<p>Torre\u00f3n, Coah., 12 de marzo 2018.- Por \u201cfobia\u201d a los homosexuales y transexuales, el alcalde de Torre\u00f3n Jorge Zerme\u00f1o Infante orden\u00f3 el encarcelamiento de quienes caminen por las calles de la ciudad vestidos de mujer.<\/p>\n<p>No\u00e9 Ruiz Malacara, presidente de San Aelredo, denunci\u00f3 que por lo menos 10 personas transexuales han sido detenidas en lo que va del mes, los casos obedecen a una nueva forma de operar por parte de elementos de la Polic\u00eda Municipal.<\/p>\n<p>Los agentes cumplen las \u00f3rdenes del alcalde que asi muestra sus fobias hacia las personas diferentes. Las detenciones arbitrarias son hechas por polic\u00edas municipales quienes presentan a los transexuales ante el ministerio p\u00fablico acusados de vestir ropa de mujer e incurrir en faltas por da\u00f1os a la moral.<\/p>\n<p>\u201cSe dan detenciones y una persecuci\u00f3n de sanidad tambi\u00e9n, donde te dicen que si tu no traes un tarjet\u00f3n como persona transexual donde te prostituyes, no puedes salir a la calle vestida de mujer\u201d, dijo Ruiz Malacara.<\/p>\n<p>Traer tarjet\u00f3n de sanidad es una imposici\u00f3n del ayuntamiento de Torre\u00f3n y todos los transexuales deben portarlo, con todo y que no ejerzan trabajos sexuales.<\/p>\n<p><a href=\"https:\/\/democratacoahuila.com\/2018\/03\/12\/11ordena-zermeno-encarcelar-a-transexuales-que-caminen-por-calles-de-torreon\/\" target=\"_blank\" rel=\"noopener\">https:\/\/democratacoahuila.com\/2018\/03\/12\/11ordena-zermeno-encarcelar-a-transexuales-que-caminen-por-calles-de-torreon\/<\/a><\/p>\n","protected":false},"excerpt":{"rendered":"<p>Torre\u00f3n, Coah., 12 de marzo 2018.- Por \u201cfobia\u201d a los homosexuales y transexuales, el alcalde de Torre\u00f3n Jorge Zerme\u00f1o Infante orden\u00f3 el encarcelamiento de quienes caminen por las calles de &hellip; <a href=\"https:\/\/www.grieta.org.mx\/index.php\/2018\/03\/01\/ordena-zermeno-encarcelar-a-transexuales-que-caminen-por-calles-de-torreon\/\" class=\"more-link\">Leer m\u00e1s<\/a><\/p>\n","protected":false},"author":2,"featured_media":21928,"comment_status":"closed","ping_status":"closed","sticky":false,"template":"","format":"standard","meta":{"ngg_post_thumbnail":0,"_jetpack_newsletter_access":"","_jetpack_dont_email_post_to_subs":false,"_jetpack_newsletter_tier_id":0,"_jetpack_memberships_contains_paywalled_content":false,"_jetpack_memberships_contains_paid_content":false,"footnotes":""},"categories":[80,419,2,1035],"tags":[408,1037,1034],"class_list":["post-22088","post","type-post","status-publish","format-standard","has-post-thumbnail","hentry","category-cintillo","category-coahuila","category-noticias-nacionales","category-violencia-contra-a-comunidad-lgbti","tag-derechos-comunidad-lgbttti","tag-detenciones-arbitrarias","tag-violencias-de-fuerzas-represivas","entry"],"jetpack_featured_media_url":"https:\/\/www.grieta.org.mx\/wp-content\/uploads\/2018\/03\/14524434_1106112876131411_958039263622046936_o.jpg","jetpack_sharing_enabled":true,"jetpack_shortlink":"https:\/\/wp.me\/p7ZJR4-5Kg","jetpack_likes_enabled":false,"jetpack-related-posts":[{"id":23116,"url":"https:\/\/www.grieta.org.mx\/index.php\/2018\/03\/13\/denuncian-a-alcalde-de-torreon-por-detener-arbitrariamente-a-transexuales-y-travestis\/","url_meta":{"origin":22088,"position":0},"title":"Denuncian a Alcalde de Torre\u00f3n por detener arbitrariamente a transexuales y travestis","author":"grieta","date":"13 marzo, 2018","format":false,"excerpt":"Las detenciones han provocado que las personas de la comunidad trans tengan que pagar multas desde 500 y hasta 3 mil 700 pesos por supuestos da\u00f1os a la moral, mal calificados Vanguardia\/El Ma\u00f1ana Nacional TORRE\u00d3N.- Luego de las quejas presentadas por Raymundo Valadez, vocero de la comunidad LGBTTTIQ en Torre\u00f3n,\u2026","rel":"","context":"En &quot;CINTILLO&quot;","block_context":{"text":"CINTILLO","link":"https:\/\/www.grieta.org.mx\/index.php\/category\/cintillo\/"},"img":{"alt_text":"","src":"https:\/\/i0.wp.com\/www.grieta.org.mx\/wp-content\/uploads\/2018\/03\/14524434_1106112876131411_958039263622046936_o.jpg?resize=350%2C200&ssl=1","width":350,"height":200,"srcset":"https:\/\/i0.wp.com\/www.grieta.org.mx\/wp-content\/uploads\/2018\/03\/14524434_1106112876131411_958039263622046936_o.jpg?resize=350%2C200&ssl=1 1x, https:\/\/i0.wp.com\/www.grieta.org.mx\/wp-content\/uploads\/2018\/03\/14524434_1106112876131411_958039263622046936_o.jpg?resize=525%2C300&ssl=1 1.5x, https:\/\/i0.wp.com\/www.grieta.org.mx\/wp-content\/uploads\/2018\/03\/14524434_1106112876131411_958039263622046936_o.jpg?resize=700%2C400&ssl=1 2x"},"classes":[]},{"id":22098,"url":"https:\/\/www.grieta.org.mx\/index.php\/2018\/03\/09\/ignora-jorge-zermeno-alcalde-de-torreon-peticion-de-fuerzas-unidas-por-nuestros-desaparecidos-en-coahuila\/","url_meta":{"origin":22088,"position":1},"title":"Ignora Jorge Zerme\u00f1o (alcalde de Torre\u00f3n) petici\u00f3n de Fuerzas Unidas por Nuestros Desaparecidos en Coahuila","author":"grieta","date":"9 marzo, 2018","format":false,"excerpt":"El Dem\u00f3crata Torre\u00f3n, Coah., 09 de marzo de 2018.- La organizaci\u00f3n Fuerzas Unidas por Nuestras Desaparecidos en Coahuila (FUNDEC), ha hecho un llamado de indignaci\u00f3n por el caso omiso del alcalde municipal de Torre\u00f3n, Jorge Zerme\u00f1o, por la violaci\u00f3n a los dos memoriales de desaparecidos en el estado y la\u2026","rel":"","context":"En &quot;CINTILLO&quot;","block_context":{"text":"CINTILLO","link":"https:\/\/www.grieta.org.mx\/index.php\/category\/cintillo\/"},"img":{"alt_text":"","src":"https:\/\/i0.wp.com\/www.grieta.org.mx\/wp-content\/uploads\/2018\/03\/Desaparecidas.jpg?resize=350%2C200&ssl=1","width":350,"height":200,"srcset":"https:\/\/i0.wp.com\/www.grieta.org.mx\/wp-content\/uploads\/2018\/03\/Desaparecidas.jpg?resize=350%2C200&ssl=1 1x, https:\/\/i0.wp.com\/www.grieta.org.mx\/wp-content\/uploads\/2018\/03\/Desaparecidas.jpg?resize=525%2C300&ssl=1 1.5x"},"classes":[]},{"id":27372,"url":"https:\/\/www.grieta.org.mx\/index.php\/2018\/10\/26\/se-desata-la-voracidad-de-jorge-zermeno-incrementa-tarifas-de-agua-torreon-coahuila\/","url_meta":{"origin":22088,"position":2},"title":"Se desata la voracidad de Jorge Zerme\u00f1o; incrementa tarifas de agua (Torre\u00f3n, Coahuila)","author":"grieta","date":"26 octubre, 2018","format":false,"excerpt":"Redacci\u00f3n\/EL DEM\u00d3CRATA Torre\u00f3n, Coah., 26 de octubre 2018.- El ayuntamiento que preside Jorge Zerme\u00f1o prepara un nuevo golpe a la econom\u00eda de los ciudadanos de Torre\u00f3n para que el servicio de agua potable se incremente de acuerdo a los aumentos de las tarifas de la Comisi\u00f3n Federal de Electricidad. En\u2026","rel":"","context":"En &quot;CINTILLO&quot;","block_context":{"text":"CINTILLO","link":"https:\/\/www.grieta.org.mx\/index.php\/category\/cintillo\/"},"img":{"alt_text":"","src":"https:\/\/i0.wp.com\/www.grieta.org.mx\/wp-content\/uploads\/2018\/10\/jorgito5.jpg?resize=350%2C200&ssl=1","width":350,"height":200,"srcset":"https:\/\/i0.wp.com\/www.grieta.org.mx\/wp-content\/uploads\/2018\/10\/jorgito5.jpg?resize=350%2C200&ssl=1 1x, https:\/\/i0.wp.com\/www.grieta.org.mx\/wp-content\/uploads\/2018\/10\/jorgito5.jpg?resize=525%2C300&ssl=1 1.5x, https:\/\/i0.wp.com\/www.grieta.org.mx\/wp-content\/uploads\/2018\/10\/jorgito5.jpg?resize=700%2C400&ssl=1 2x"},"classes":[]},{"id":57976,"url":"https:\/\/www.grieta.org.mx\/index.php\/2021\/03\/24\/tercer-dia-de-huelga-de-hambre-de-colectivos-de-personas-transexuales-estado-de-mexico\/","url_meta":{"origin":22088,"position":3},"title":"Tercer d\u00eda de huelga de hambre de colectivos de personas transexuales (Estado de M\u00e9xico","author":"grieta","date":"24 marzo, 2021","format":false,"excerpt":"Fotos: Luis Camacho | El Sol de Toluca Adriana Garc\u00eda | El Sol de Toluca Piden que la Ley de Identidad Sexogen\u00e9rica se turne al pleno de la C\u00e1mara de Diputados local Este mi\u00e9rcoles se cumpli\u00f3 el tercer d\u00eda consecutivo de la huelga de hambre que iniciaron colectivos de personas\u2026","rel":"","context":"En &quot;CINTILLO&quot;","block_context":{"text":"CINTILLO","link":"https:\/\/www.grieta.org.mx\/index.php\/category\/cintillo\/"},"img":{"alt_text":"","src":"https:\/\/i0.wp.com\/www.grieta.org.mx\/wp-content\/uploads\/2021\/03\/Tercer-dia-de-huelga-de-hambre-de-colectivos-de-personas-transexuales-edomex-mzo.jpg?resize=350%2C200&ssl=1","width":350,"height":200,"srcset":"https:\/\/i0.wp.com\/www.grieta.org.mx\/wp-content\/uploads\/2021\/03\/Tercer-dia-de-huelga-de-hambre-de-colectivos-de-personas-transexuales-edomex-mzo.jpg?resize=350%2C200&ssl=1 1x, https:\/\/i0.wp.com\/www.grieta.org.mx\/wp-content\/uploads\/2021\/03\/Tercer-dia-de-huelga-de-hambre-de-colectivos-de-personas-transexuales-edomex-mzo.jpg?resize=525%2C300&ssl=1 1.5x, https:\/\/i0.wp.com\/www.grieta.org.mx\/wp-content\/uploads\/2021\/03\/Tercer-dia-de-huelga-de-hambre-de-colectivos-de-personas-transexuales-edomex-mzo.jpg?resize=700%2C400&ssl=1 2x"},"classes":[]},{"id":50597,"url":"https:\/\/www.grieta.org.mx\/index.php\/2020\/06\/09\/protestan-pacificamente-para-solidarizarse-con-manifestantes-detenidos-en-torreon-coahuila\/","url_meta":{"origin":22088,"position":4},"title":"Protestan pac\u00edficamente para solidarizarse con manifestantes detenidos en Torre\u00f3n (Coahuila)","author":"grieta","date":"9 junio, 2020","format":false,"excerpt":"Exigieron que se respete el derecho a la libre expresi\u00f3n y manifestaci\u00f3n Mary V\u00e1zquez\/ EL SIGLO DE TORRE\u00d6N Simpatizantes del colectivo \"Anarkos Laguneros\" realizaron una manifestaci\u00f3n pacifica al pie de la Presidencia Municipal, en protesta por las detenciones realizadas el pasado domingo, en donde siete j\u00f3venes, entre ellos dos menores\u2026","rel":"","context":"En &quot;CINTILLO&quot;","block_context":{"text":"CINTILLO","link":"https:\/\/www.grieta.org.mx\/index.php\/category\/cintillo\/"},"img":{"alt_text":"","src":"https:\/\/i0.wp.com\/www.grieta.org.mx\/wp-content\/uploads\/2020\/06\/1315893.jpeg?resize=350%2C200&ssl=1","width":350,"height":200,"srcset":"https:\/\/i0.wp.com\/www.grieta.org.mx\/wp-content\/uploads\/2020\/06\/1315893.jpeg?resize=350%2C200&ssl=1 1x, https:\/\/i0.wp.com\/www.grieta.org.mx\/wp-content\/uploads\/2020\/06\/1315893.jpeg?resize=525%2C300&ssl=1 1.5x, https:\/\/i0.wp.com\/www.grieta.org.mx\/wp-content\/uploads\/2020\/06\/1315893.jpeg?resize=700%2C400&ssl=1 2x"},"classes":[]},{"id":7298,"url":"https:\/\/www.grieta.org.mx\/index.php\/2015\/12\/01\/en-veracruz-matan-a-15-mujeres-transexuales-que-duarte-no-quiere-contabilizar-como-feminicidios\/","url_meta":{"origin":22088,"position":5},"title":"En Veracruz matan a 15 mujeres transexuales que Duarte no quiere contabilizar como feminicidios","author":"Admin","date":"1 diciembre, 2015","format":false,"excerpt":"(01 de diciembre, 2015).- Silvia Susana J\u00e1come, defensora de los derechos transexuales ha levantado la voz para exigir el esclarecimiento de la muerte de 15 mujeres transexuales en el estado Veracruz, gobernado por el pri\u00edsta Javier Duarte pidiendo se categoricen como feminicidios. Y es que hace justo un mes en\u2026","rel":"","context":"En &quot;CINTILLO&quot;","block_context":{"text":"CINTILLO","link":"https:\/\/www.grieta.org.mx\/index.php\/category\/cintillo\/"},"img":{"alt_text":"","src":"https:\/\/i0.wp.com\/www.grieta.org.mx\/wp-content\/uploads\/2018\/03\/14524434_1106112876131411_958039263622046936_o.jpg?resize=350%2C200&ssl=1","width":350,"height":200,"srcset":"https:\/\/i0.wp.com\/www.grieta.org.mx\/wp-content\/uploads\/2018\/03\/14524434_1106112876131411_958039263622046936_o.jpg?resize=350%2C200&ssl=1 1x, https:\/\/i0.wp.com\/www.grieta.org.mx\/wp-content\/uploads\/2018\/03\/14524434_1106112876131411_958039263622046936_o.jpg?resize=525%2C300&ssl=1 1.5x, https:\/\/i0.wp.com\/www.grieta.org.mx\/wp-content\/uploads\/2018\/03\/14524434_1106112876131411_958039263622046936_o.jpg?resize=700%2C400&ssl=1 2x"},"classes":[]}],"_links":{"self":[{"href":"https:\/\/www.grieta.org.mx\/index.php\/wp-json\/wp\/v2\/posts\/22088","targetHints":{"allow":["GET"]}}],"collection":[{"href":"https:\/\/www.grieta.org.mx\/index.php\/wp-json\/wp\/v2\/posts"}],"about":[{"href":"https:\/\/www.grieta.org.mx\/index.php\/wp-json\/wp\/v2\/types\/post"}],"author":[{"embeddable":true,"href":"https:\/\/www.grieta.org.mx\/index.php\/wp-json\/wp\/v2\/users\/2"}],"replies":[{"embeddable":true,"href":"https:\/\/www.grieta.org.mx\/index.php\/wp-json\/wp\/v2\/comments?post=22088"}],"version-history":[{"count":1,"href":"https:\/\/www.grieta.org.mx\/index.php\/wp-json\/wp\/v2\/posts\/22088\/revisions"}],"predecessor-version":[{"id":22095,"href":"https:\/\/www.grieta.org.mx\/index.php\/wp-json\/wp\/v2\/posts\/22088\/revisions\/22095"}],"wp:featuredmedia":[{"embeddable":true,"href":"https:\/\/www.grieta.org.mx\/index.php\/wp-json\/wp\/v2\/media\/21928"}],"wp:attachment":[{"href":"https:\/\/www.grieta.org.mx\/index.php\/wp-json\/wp\/v2\/media?parent=22088"}],"wp:term":[{"taxonomy":"category","embeddable":true,"href":"https:\/\/www.grieta.org.mx\/index.php\/wp-json\/wp\/v2\/categories?post=22088"},{"taxonomy":"post_tag","embeddable":true,"href":"https:\/\/www.grieta.org.mx\/index.php\/wp-json\/wp\/v2\/tags?post=22088"}],"curies":[{"name":"wp","href":"https:\/\/api.w.org\/{rel}","templated":true}]}}