{"id":22084,"date":"2018-03-08T20:59:56","date_gmt":"2018-03-09T02:59:56","guid":{"rendered":"http:\/\/www.grieta.org.mx\/?p=22084"},"modified":"2018-03-13T22:15:58","modified_gmt":"2018-03-14T04:15:58","slug":"golpea-fuerza-coahuila-a-familia-y-de-paso-allanan-y-roban-en-vivienda","status":"publish","type":"post","link":"https:\/\/www.grieta.org.mx\/index.php\/2018\/03\/08\/golpea-fuerza-coahuila-a-familia-y-de-paso-allanan-y-roban-en-vivienda\/","title":{"rendered":"Golpea Fuerza Coahuila a familia y de paso allanan y roban en vivienda"},"content":{"rendered":"<p><img loading=\"lazy\" decoding=\"async\" data-attachment-id=\"22085\" data-permalink=\"https:\/\/www.grieta.org.mx\/index.php\/2018\/03\/08\/golpea-fuerza-coahuila-a-familia-y-de-paso-allanan-y-roban-en-vivienda\/fuerza-coahuila-familia\/\" data-orig-file=\"https:\/\/www.grieta.org.mx\/wp-content\/uploads\/2018\/03\/Fuerza-Coahuila-Familia.jpg\" data-orig-size=\"768,512\" data-comments-opened=\"0\" data-image-meta=\"{&quot;aperture&quot;:&quot;0&quot;,&quot;credit&quot;:&quot;&quot;,&quot;camera&quot;:&quot;&quot;,&quot;caption&quot;:&quot;&quot;,&quot;created_timestamp&quot;:&quot;0&quot;,&quot;copyright&quot;:&quot;&quot;,&quot;focal_length&quot;:&quot;0&quot;,&quot;iso&quot;:&quot;0&quot;,&quot;shutter_speed&quot;:&quot;0&quot;,&quot;title&quot;:&quot;&quot;,&quot;orientation&quot;:&quot;0&quot;}\" data-image-title=\"Fuerza Coahuila Familia\" data-image-description=\"\" data-image-caption=\"\" data-medium-file=\"https:\/\/www.grieta.org.mx\/wp-content\/uploads\/2018\/03\/Fuerza-Coahuila-Familia-300x200.jpg\" data-large-file=\"https:\/\/www.grieta.org.mx\/wp-content\/uploads\/2018\/03\/Fuerza-Coahuila-Familia.jpg\" class=\"aligncenter size-full wp-image-22085\" src=\"http:\/\/www.grieta.org.mx\/wp-content\/uploads\/2018\/03\/Fuerza-Coahuila-Familia.jpg\" alt=\"\" width=\"768\" height=\"512\" srcset=\"https:\/\/www.grieta.org.mx\/wp-content\/uploads\/2018\/03\/Fuerza-Coahuila-Familia.jpg 768w, https:\/\/www.grieta.org.mx\/wp-content\/uploads\/2018\/03\/Fuerza-Coahuila-Familia-300x200.jpg 300w\" sizes=\"auto, (max-width: 768px) 100vw, 768px\" \/>El Dem\u00f3crata<br \/>\nSaltillo, Coah., 08 de marzo de 2018.- Elementos de Fuerza Coahuila golpearon a una pareja, adem\u00e1s de robarle el dinero y aparatos que llevaban consigo. Una nueva denuncia p\u00fablica por abuso de autoridad, allanamiento y privaci\u00f3n de la libertad en contra ese cuerpo polic\u00edaco fue presentada en la Fiscal\u00eda del Estado.<\/p>\n<p>Uno de los afectados de nombre Cristian, indic\u00f3 que ayer por la ma\u00f1ana fue sorprendido por elementos de Fuerza Coahuila cuando llevaba a su esposa a su lugar de trabajo. Seg\u00fan el denunciante, los elementos le cerraron el paso y procedieron a golpearlo y robarle dinero que ten\u00eda en su poder debido a que funge como cobrador para un negocio en el que colabora.<\/p>\n<p>Cristian interpuso una denuncia por lesiones y robo con violencia a la oficina Receptora de la Fiscal\u00eda General del Estado.<\/p>\n<p>Pero la pesadilla no terminar\u00eda ah\u00ed. Al filo de las 14:30 horas, elementos de Fuerza Coahuila a bordo de la patrulla 0008, irrumpir\u00edan en su casa con lujo de violencia, allan\u00e1ndola y privando de su libertad a Cristian y tres personas m\u00e1s. Luego de ser vistos por vecinos de la colonia, los elementos procedieron a \u201cdetenerlos\u201d y despu\u00e9s de \u201cpasearlos\u201d por la ciudad a bordo de su unidad, los llevaron a la colonia Guadalupe Victoria donde los pusieron de rodillas y los amagaron con armas de fuego para seguir golpe\u00e1ndolos.<\/p>\n<p>Los denunciantes terminaron en celdas de la Direcci\u00f3n de Seguridad P\u00fablica Municipal donde los hicieron ingresar por falta administrativa de ri\u00f1a, pero al no tener evidencias de la supuesta trifulca, los dejaron libres despu\u00e9s de que cada uno pagara la multa de 806 pesos frente al juez calificador.<\/p>\n<p>Los denunciantes se presentaron en instalaciones de El Diario de Coahuila para rendir declaraci\u00f3n p\u00fablica haciendo responsables a los elementos de Fuerza Coahuila ya que los amenazaron de muerte.<\/p>\n<p><a href=\"https:\/\/democratacoahuila.com\/2018\/03\/08\/1golpean-roban-y-allanan-vivienda-elementos-de-fuerza-coahuila\/\" target=\"_blank\" rel=\"noopener\">https:\/\/democratacoahuila.com\/2018\/03\/08\/1golpean-roban-y-allanan-vivienda-elementos-de-fuerza-coahuila\/<\/a><\/p>\n","protected":false},"excerpt":{"rendered":"<p>El Dem\u00f3crata Saltillo, Coah., 08 de marzo de 2018.- Elementos de Fuerza Coahuila golpearon a una pareja, adem\u00e1s de robarle el dinero y aparatos que llevaban consigo. Una nueva denuncia &hellip; <a href=\"https:\/\/www.grieta.org.mx\/index.php\/2018\/03\/08\/golpea-fuerza-coahuila-a-familia-y-de-paso-allanan-y-roban-en-vivienda\/\" class=\"more-link\">Leer m\u00e1s<\/a><\/p>\n","protected":false},"author":2,"featured_media":22085,"comment_status":"closed","ping_status":"closed","sticky":false,"template":"","format":"standard","meta":{"ngg_post_thumbnail":0,"_jetpack_newsletter_access":"","_jetpack_dont_email_post_to_subs":false,"_jetpack_newsletter_tier_id":0,"_jetpack_memberships_contains_paywalled_content":false,"_jetpack_memberships_contains_paid_content":false,"footnotes":""},"categories":[80,419,2,1033],"tags":[589,130,703,1034],"class_list":["post-22084","post","type-post","status-publish","format-standard","has-post-thumbnail","hentry","category-cintillo","category-coahuila","category-noticias-nacionales","category-violencia-de-las-fuerzas-represivas-en-coahuila","tag-fuerza-coahuila","tag-represion","tag-violencia-policiaca","tag-violencias-de-fuerzas-represivas","entry"],"jetpack_featured_media_url":"https:\/\/www.grieta.org.mx\/wp-content\/uploads\/2018\/03\/Fuerza-Coahuila-Familia.jpg","jetpack_sharing_enabled":true,"jetpack_shortlink":"https:\/\/wp.me\/p7ZJR4-5Kc","jetpack_likes_enabled":false,"jetpack-related-posts":[{"id":22207,"url":"https:\/\/www.grieta.org.mx\/index.php\/2018\/03\/22\/fuerza-coahuila-asesina-a-golpes-dentro-de-celda-a-un-hombre-muzquiz-coahuila\/","url_meta":{"origin":22084,"position":0},"title":"Fuerza Coahuila asesina a golpes dentro de celda a un hombre (M\u00fazquiz, Coahuila)","author":"grieta","date":"22 marzo, 2018","format":false,"excerpt":"Muzquences exigen la salida de esa corporaci\u00f3n polic\u00edaca, demandan justicia. M\u00fazquiz, Coah., 22 de marzo.- El pueblo entero demando hoy la salida de Fuerza Coahuila del municipio de M\u00fazquiz tras de que un hombre de 37 a\u00f1os de edad habr\u00eda sido asesinado a golpes por elementos de esa corporaci\u00f3n con\u2026","rel":"","context":"En &quot;CINTILLO&quot;","block_context":{"text":"CINTILLO","link":"https:\/\/www.grieta.org.mx\/index.php\/category\/cintillo\/"},"img":{"alt_text":"","src":"https:\/\/i0.wp.com\/www.grieta.org.mx\/wp-content\/uploads\/2018\/03\/14524434_1106112876131411_958039263622046936_o.jpg?resize=350%2C200&ssl=1","width":350,"height":200,"srcset":"https:\/\/i0.wp.com\/www.grieta.org.mx\/wp-content\/uploads\/2018\/03\/14524434_1106112876131411_958039263622046936_o.jpg?resize=350%2C200&ssl=1 1x, https:\/\/i0.wp.com\/www.grieta.org.mx\/wp-content\/uploads\/2018\/03\/14524434_1106112876131411_958039263622046936_o.jpg?resize=525%2C300&ssl=1 1.5x, https:\/\/i0.wp.com\/www.grieta.org.mx\/wp-content\/uploads\/2018\/03\/14524434_1106112876131411_958039263622046936_o.jpg?resize=700%2C400&ssl=1 2x"},"classes":[]},{"id":39375,"url":"https:\/\/www.grieta.org.mx\/index.php\/2019\/09\/09\/van-mas-de-630-quejas-contra-policias-en-coahuila-por-violar-derechos\/","url_meta":{"origin":22084,"position":1},"title":"Van m\u00e1s de 630 quejas contra polic\u00edas en Coahuila por violar derechos","author":"grieta","date":"9 septiembre, 2019","format":false,"excerpt":"Armando R\u00edos\/ LA VANGUARDIA MX De acuerdo con las listas, 292 de las quejas fueron interpuestas contra elementos de Fuerza Coahuila, siendo la corporaci\u00f3n con mayor n\u00famero de acusaciones por violaciones a los derechos humanos, y en segundo lugar se encuentran las Polic\u00eda Municipales con 194 quejas Las corporaciones policiacas\u2026","rel":"","context":"En &quot;CINTILLO&quot;","block_context":{"text":"CINTILLO","link":"https:\/\/www.grieta.org.mx\/index.php\/category\/cintillo\/"},"img":{"alt_text":"","src":"https:\/\/i0.wp.com\/www.grieta.org.mx\/wp-content\/uploads\/2019\/09\/k2_items_src_fc2062aef352f80dc2215f346ba9ce28_0.jpg?resize=350%2C200&ssl=1","width":350,"height":200,"srcset":"https:\/\/i0.wp.com\/www.grieta.org.mx\/wp-content\/uploads\/2019\/09\/k2_items_src_fc2062aef352f80dc2215f346ba9ce28_0.jpg?resize=350%2C200&ssl=1 1x, https:\/\/i0.wp.com\/www.grieta.org.mx\/wp-content\/uploads\/2019\/09\/k2_items_src_fc2062aef352f80dc2215f346ba9ce28_0.jpg?resize=525%2C300&ssl=1 1.5x, https:\/\/i0.wp.com\/www.grieta.org.mx\/wp-content\/uploads\/2019\/09\/k2_items_src_fc2062aef352f80dc2215f346ba9ce28_0.jpg?resize=700%2C400&ssl=1 2x"},"classes":[]},{"id":12075,"url":"https:\/\/www.grieta.org.mx\/index.php\/2016\/05\/08\/quejas-dan-fama-a-fuerza-coahuila\/","url_meta":{"origin":22084,"position":2},"title":"Quejas dan fama a Fuerza Coahuila","author":"grieta","date":"8 mayo, 2016","format":false,"excerpt":"A menos de dos meses de haber arrancado operaciones el grupo elite Fuerza Coahuila, ha ganado notoriedad tras sumar quejas en la Comisi\u00f3n de Derechos Humanos del Estado de Coahuila (CDHEC), por probables ejecuciones, as\u00ed como por intimidaciones a integrantes de los medios de comunicaci\u00f3n. Fue el pasado 10 de\u2026","rel":"","context":"En &quot;CINTILLO&quot;","block_context":{"text":"CINTILLO","link":"https:\/\/www.grieta.org.mx\/index.php\/category\/cintillo\/"},"img":{"alt_text":"","src":"https:\/\/i0.wp.com\/www.grieta.org.mx\/wp-content\/uploads\/2016\/05\/Fuerza-Coahuila-viola.jpg?resize=350%2C200&ssl=1","width":350,"height":200},"classes":[]},{"id":21569,"url":"https:\/\/www.grieta.org.mx\/index.php\/2016\/09\/13\/acusa-a-elementos-de-fuerza-coahuila-de-matar-al-perro\/","url_meta":{"origin":22084,"position":3},"title":"Acusa a elementos de Fuerza Coahuila de matar al perro","author":"grieta","date":"13 septiembre, 2016","format":false,"excerpt":"Piedras Negras, Coah.- Elementos de Fuerza Coahuila que se encontraban de civiles tomando en la Cueva del Oso y que agredieron a unos j\u00f3venes fueron se\u00f1alados de acudir a un domicilio de la colonia Zaragoza y despu\u00e9s de volver a protagonizar una ri\u00f1a mataron de un balazo al perro. Jos\u00e9\u2026","rel":"","context":"En &quot;CINTILLO&quot;","block_context":{"text":"CINTILLO","link":"https:\/\/www.grieta.org.mx\/index.php\/category\/cintillo\/"},"img":{"alt_text":"","src":"https:\/\/i0.wp.com\/www.grieta.org.mx\/wp-content\/uploads\/2018\/03\/14524434_1106112876131411_958039263622046936_o.jpg?resize=350%2C200&ssl=1","width":350,"height":200,"srcset":"https:\/\/i0.wp.com\/www.grieta.org.mx\/wp-content\/uploads\/2018\/03\/14524434_1106112876131411_958039263622046936_o.jpg?resize=350%2C200&ssl=1 1x, https:\/\/i0.wp.com\/www.grieta.org.mx\/wp-content\/uploads\/2018\/03\/14524434_1106112876131411_958039263622046936_o.jpg?resize=525%2C300&ssl=1 1.5x, https:\/\/i0.wp.com\/www.grieta.org.mx\/wp-content\/uploads\/2018\/03\/14524434_1106112876131411_958039263622046936_o.jpg?resize=700%2C400&ssl=1 2x"},"classes":[]},{"id":9859,"url":"https:\/\/www.grieta.org.mx\/index.php\/2016\/04\/01\/fuerza-coahuila-asesino-a-jessica-y-jose-luis-padres-exigen-justicia\/","url_meta":{"origin":22084,"position":4},"title":"Fuerza Coahuila asesin\u00f3 a Jessica y Jos\u00e9 Luis; padres exigen justicia","author":"grieta","date":"1 abril, 2016","format":false,"excerpt":"***Los sacaron de su casa; la balacera es un montaje.- *** Procurador destituye a comandante \u201cDrag\u00f3n\u201d de Fuerza Coahuila.- Nueva Rosita, Coah.- Familiares de los j\u00f3venes supuestamente asesinados a balazos por polic\u00edas de \u201cFuerza Coahuila\u201d, cuando intentaron escapar de un ret\u00e9n, preparan una demanda contra el gobierno del estado que\u2026","rel":"","context":"En &quot;CINTILLO&quot;","block_context":{"text":"CINTILLO","link":"https:\/\/www.grieta.org.mx\/index.php\/category\/cintillo\/"},"img":{"alt_text":"","src":"https:\/\/i0.wp.com\/www.grieta.org.mx\/wp-content\/uploads\/2018\/03\/14524434_1106112876131411_958039263622046936_o.jpg?resize=350%2C200&ssl=1","width":350,"height":200,"srcset":"https:\/\/i0.wp.com\/www.grieta.org.mx\/wp-content\/uploads\/2018\/03\/14524434_1106112876131411_958039263622046936_o.jpg?resize=350%2C200&ssl=1 1x, https:\/\/i0.wp.com\/www.grieta.org.mx\/wp-content\/uploads\/2018\/03\/14524434_1106112876131411_958039263622046936_o.jpg?resize=525%2C300&ssl=1 1.5x, https:\/\/i0.wp.com\/www.grieta.org.mx\/wp-content\/uploads\/2018\/03\/14524434_1106112876131411_958039263622046936_o.jpg?resize=700%2C400&ssl=1 2x"},"classes":[]},{"id":40462,"url":"https:\/\/www.grieta.org.mx\/index.php\/2019\/10\/25\/involucran-en-10-homicidios-a-policias-de-corporaciones-de-coahuila\/","url_meta":{"origin":22084,"position":5},"title":"Involucran en 10 homicidios a polic\u00edas de corporaciones de Coahuila","author":"grieta","date":"25 octubre, 2019","format":false,"excerpt":"Armando R\u00edos\/ VANGUARDIA MX Analiza la Fiscal\u00eda General muerte de hombre baleado en Mirasierra Adem\u00e1s del caso del profesor de m\u00fasica de la Secci\u00f3n 5 asesinado en 2017, entre 2018 y 2019 la Comisi\u00f3n de los Derechos Humanos del Estado de Coahuila ha registrado un total de 10 casos donde\u2026","rel":"","context":"En &quot;CINTILLO&quot;","block_context":{"text":"CINTILLO","link":"https:\/\/www.grieta.org.mx\/index.php\/category\/cintillo\/"},"img":{"alt_text":"","src":"https:\/\/i0.wp.com\/www.grieta.org.mx\/wp-content\/uploads\/2019\/10\/polic%C3%ADas-municipio-torre%C3%B3n.jpg?resize=350%2C200&ssl=1","width":350,"height":200,"srcset":"https:\/\/i0.wp.com\/www.grieta.org.mx\/wp-content\/uploads\/2019\/10\/polic%C3%ADas-municipio-torre%C3%B3n.jpg?resize=350%2C200&ssl=1 1x, https:\/\/i0.wp.com\/www.grieta.org.mx\/wp-content\/uploads\/2019\/10\/polic%C3%ADas-municipio-torre%C3%B3n.jpg?resize=525%2C300&ssl=1 1.5x, https:\/\/i0.wp.com\/www.grieta.org.mx\/wp-content\/uploads\/2019\/10\/polic%C3%ADas-municipio-torre%C3%B3n.jpg?resize=700%2C400&ssl=1 2x"},"classes":[]}],"_links":{"self":[{"href":"https:\/\/www.grieta.org.mx\/index.php\/wp-json\/wp\/v2\/posts\/22084","targetHints":{"allow":["GET"]}}],"collection":[{"href":"https:\/\/www.grieta.org.mx\/index.php\/wp-json\/wp\/v2\/posts"}],"about":[{"href":"https:\/\/www.grieta.org.mx\/index.php\/wp-json\/wp\/v2\/types\/post"}],"author":[{"embeddable":true,"href":"https:\/\/www.grieta.org.mx\/index.php\/wp-json\/wp\/v2\/users\/2"}],"replies":[{"embeddable":true,"href":"https:\/\/www.grieta.org.mx\/index.php\/wp-json\/wp\/v2\/comments?post=22084"}],"version-history":[{"count":1,"href":"https:\/\/www.grieta.org.mx\/index.php\/wp-json\/wp\/v2\/posts\/22084\/revisions"}],"predecessor-version":[{"id":22086,"href":"https:\/\/www.grieta.org.mx\/index.php\/wp-json\/wp\/v2\/posts\/22084\/revisions\/22086"}],"wp:featuredmedia":[{"embeddable":true,"href":"https:\/\/www.grieta.org.mx\/index.php\/wp-json\/wp\/v2\/media\/22085"}],"wp:attachment":[{"href":"https:\/\/www.grieta.org.mx\/index.php\/wp-json\/wp\/v2\/media?parent=22084"}],"wp:term":[{"taxonomy":"category","embeddable":true,"href":"https:\/\/www.grieta.org.mx\/index.php\/wp-json\/wp\/v2\/categories?post=22084"},{"taxonomy":"post_tag","embeddable":true,"href":"https:\/\/www.grieta.org.mx\/index.php\/wp-json\/wp\/v2\/tags?post=22084"}],"curies":[{"name":"wp","href":"https:\/\/api.w.org\/{rel}","templated":true}]}}