{"id":22060,"date":"2018-03-07T17:31:14","date_gmt":"2018-03-07T23:31:14","guid":{"rendered":"http:\/\/www.grieta.org.mx\/?p=22060"},"modified":"2018-03-11T17:36:15","modified_gmt":"2018-03-11T23:36:15","slug":"cdmx-reconstruccion-secuestrada-por-intereses-ajenos","status":"publish","type":"post","link":"https:\/\/www.grieta.org.mx\/index.php\/2018\/03\/07\/cdmx-reconstruccion-secuestrada-por-intereses-ajenos\/","title":{"rendered":"CDMX; reconstrucci\u00f3n secuestrada por intereses ajenos"},"content":{"rendered":"<p><img decoding=\"async\" data-attachment-id=\"22061\" data-permalink=\"https:\/\/www.grieta.org.mx\/index.php\/2018\/03\/07\/cdmx-reconstruccion-secuestrada-por-intereses-ajenos\/reconstruccion\/\" data-orig-file=\"https:\/\/www.grieta.org.mx\/wp-content\/uploads\/2018\/03\/reconstruccion.jpg\" data-orig-size=\"801,402\" data-comments-opened=\"0\" data-image-meta=\"{&quot;aperture&quot;:&quot;0&quot;,&quot;credit&quot;:&quot;&quot;,&quot;camera&quot;:&quot;&quot;,&quot;caption&quot;:&quot;&quot;,&quot;created_timestamp&quot;:&quot;0&quot;,&quot;copyright&quot;:&quot;&quot;,&quot;focal_length&quot;:&quot;0&quot;,&quot;iso&quot;:&quot;0&quot;,&quot;shutter_speed&quot;:&quot;0&quot;,&quot;title&quot;:&quot;&quot;,&quot;orientation&quot;:&quot;0&quot;}\" data-image-title=\"reconstruccion\" data-image-description=\"\" data-image-caption=\"\" data-medium-file=\"https:\/\/www.grieta.org.mx\/wp-content\/uploads\/2018\/03\/reconstruccion-300x151.jpg\" data-large-file=\"https:\/\/www.grieta.org.mx\/wp-content\/uploads\/2018\/03\/reconstruccion.jpg\" src=\"http:\/\/www.grieta.org.mx\/wp-content\/uploads\/2018\/03\/reconstruccion.jpg\" alt=\"\" width=100% class=\"aligncenter size-full wp-image-22061\" srcset=\"https:\/\/www.grieta.org.mx\/wp-content\/uploads\/2018\/03\/reconstruccion.jpg 801w, https:\/\/www.grieta.org.mx\/wp-content\/uploads\/2018\/03\/reconstruccion-300x151.jpg 300w, https:\/\/www.grieta.org.mx\/wp-content\/uploads\/2018\/03\/reconstruccion-768x385.jpg 768w\" sizes=\"(max-width: 801px) 100vw, 801px\" \/><\/p>\n<p>Gabriel RC<\/p>\n<blockquote><p>A casi 6 meses de sismo, damnificados exigen reconstrucci\u00f3n con dinero p\u00fablico. Se amparar\u00e1n contra insuficiencia de recursos. Piden mesas resolutivas<\/p><\/blockquote>\n<p>Regeneraci\u00f3n, 7 de marzo del 2018. Ante el nombramiento del nuevo titular de la Comisi\u00f3n de Reconstrucci\u00f3n, Damnificados Unidos de la Ciudad de M\u00e9xico exigieron mesas de trabajo resolutivas, pidieron que la reconstrucci\u00f3n sea con recursos p\u00fablicos y llamaron a evitar que la reconstrucci\u00f3n siga secuestrada por intereses ajenos \u201ca las necesidades que requiere la atenci\u00f3n de esta cr\u00edsis\u201d.<\/p>\n<p>\u201cAnte el nombramiento del nuevo titular de la Comisi\u00f3n de la Reconstrucci\u00f3n, Damnificados Unidos de la Ciudad de M\u00e9xico emplazamos a este funcionario a sostener una reuni\u00f3n de trabajo con nosotros para exponer nuestras exigencias y evitar que el proceso de reconstrucci\u00f3n siga secuestrado por intereses ajenos a las necesidades que requiere la atenci\u00f3n de esta crisis\u201d se\u00f1al\u00f3 en un bolet\u00edn de prensa dicha asociaci\u00f3n.<\/p>\n<p>Reiteramos nuestra demanda de tener una mesa de car\u00e1cter resolutivo que nos permita enfrentar la emergencia y acelerar los trabajos que nos permitan un regreso digno y seguro a nuestros hogares, indicaron.<\/p>\n<p>Adem\u00e1s de declararse preparados para dialoga y dar seguimiento a los acuerdos logrados en los meses anteriores los damnificados se\u00f1alaron que desde el 12 de enero iniciamos la interlocuci\u00f3n en mesas de trabajo \u201cen la que se plasmaron compromisos vinculados con la entrega de dict\u00e1menes, correcci\u00f3n de deficiencias en la Plataforma CDMX y estudios t\u00e9cnicos de las zonas afectadas\u201d.<\/p>\n<p>As\u00ed mismo recordaron que antes de la renuncia del ex comisionado, se hab\u00eda acordado una reuni\u00f3n \u201cen la que se debatir\u00eda nuestra principal exigencia: la garant\u00eda de la reconstrucci\u00f3n financiada con recursos p\u00fablicos sin transitar por la ruta de los cr\u00e9ditos y la redensificaci\u00f3n\u201d.<\/p>\n<p>Inicaron que la pausa que se gener\u00f3 en la Comisi\u00f3n de Reconstrucci\u00f3n detuvo tareas importantes en varios predios, como la emisi\u00f3n de dict\u00e1menes \u2013en la delegaci\u00f3n Xochimilco- en predios que todav\u00eda carecen de este documento.<\/p>\n<p>Al citar el caso del Multifamiliar Tlalpan, puntualizaron que a pesar de que concluy\u00f3 la demolici\u00f3n del edificio 1C colapsado, no se cuenta con el proyecto ejecutivo para la reconstrucci\u00f3n del inmueble \u201cy tampoco sabemos qu\u00e9 entidad ser\u00e1 la responsable de llevar a cabo este trabajo, as\u00ed como el reforzamiento de los otros nueve edificios, ni mucho menos cu\u00e1ntos recursos ser\u00e1n asignados para ello y cu\u00e1l ser\u00e1 la fuente de egresos\u201d.<\/p>\n<p>\u201cA casi seis meses del sismo del 19 de septiembre, las y los damnificados seguimos fuera de nuestros hogares y todav\u00eda no sabemos c\u00f3mo ser\u00e1 solucionada la crisis que desat\u00f3 el terremoto\u201d denuncian.<\/p>\n<p>Las personas que habitan en los campamentos y albergues enfrentan d\u00eda a d\u00eda condiciones adversas que minan su salud y su estado de \u00e1nimo, se\u00f1alaron, al tiempo que demandaron que damnificados \u201cdebemos ser los interlocutores v\u00e1lidos para todas y cada una de las decisiones de pol\u00edtica p\u00fablica encaminadas al proceso de reconstrucci\u00f3n\u201d<\/p>\n<p>Aseguraron que a partir de la experiencia tenemos propuestas para funcionarios que tengan capacidad de decisi\u00f3n e insistieron en quese aumenten los recursos federales y locales para las tareas de reconstrucci\u00f3n.<\/p>\n<p>Advirtieron que \u201cincluso, en breve, presentaremos amparos para denunciar su insuficiencia\u201d.<\/p>\n<p><a href=\"https:\/\/regeneracion.mx\/cdmx-reconstruccion-secuestrada-por-intereses-ajenos\/\">https:\/\/regeneracion.mx\/cdmx-reconstruccion-secuestrada-por-intereses-ajenos\/<\/a><\/p>\n","protected":false},"excerpt":{"rendered":"<p>Gabriel RC A casi 6 meses de sismo, damnificados exigen reconstrucci\u00f3n con dinero p\u00fablico. Se amparar\u00e1n contra insuficiencia de recursos. Piden mesas resolutivas Regeneraci\u00f3n, 7 de marzo del 2018. Ante &hellip; <a href=\"https:\/\/www.grieta.org.mx\/index.php\/2018\/03\/07\/cdmx-reconstruccion-secuestrada-por-intereses-ajenos\/\" class=\"more-link\">Leer m\u00e1s<\/a><\/p>\n","protected":false},"author":2,"featured_media":22061,"comment_status":"closed","ping_status":"closed","sticky":false,"template":"","format":"standard","meta":{"ngg_post_thumbnail":0,"_jetpack_newsletter_access":"","_jetpack_dont_email_post_to_subs":false,"_jetpack_newsletter_tier_id":0,"_jetpack_memberships_contains_paywalled_content":false,"_jetpack_memberships_contains_paid_content":false,"footnotes":""},"categories":[80,14,1026,2],"tags":[1028,1027],"class_list":["post-22060","post","type-post","status-publish","format-standard","has-post-thumbnail","hentry","category-cintillo","category-ciudad-de-mexico","category-damnificados-por-el-sismo-del-19-de-septiembre","category-noticias-nacionales","tag-damnificados","tag-sismo-19-s","entry"],"jetpack_featured_media_url":"https:\/\/www.grieta.org.mx\/wp-content\/uploads\/2018\/03\/reconstruccion.jpg","jetpack_sharing_enabled":true,"jetpack_shortlink":"https:\/\/wp.me\/p7ZJR4-5JO","jetpack_likes_enabled":false,"jetpack-related-posts":[{"id":23394,"url":"https:\/\/www.grieta.org.mx\/index.php\/2018\/05\/30\/damnificados-montan-campamento-en-calzada-de-tlalpan-reclaman-que-autoridades-cumplan-con-reconstruccion\/","url_meta":{"origin":22060,"position":0},"title":"Damnificados montan campamento en calzada de Tlalpan; reclaman que autoridades cumplan con reconstrucci\u00f3n","author":"grieta","date":"30 mayo, 2018","format":false,"excerpt":"Redacci\u00f3n Animal Pol\u00edtico Damnificados del Multifamiliar dijeron que mantendr\u00e1n un campamento en calzada de Tlalpan, hasta que las autoridades de la CDMX cumplan con sus exigencias de reconstrucci\u00f3n de viviendas, luego de los da\u00f1os causados por el sismo del 19 de septiembre. Damnificados del Multifamiliar Tlalpan informaron la noche de\u2026","rel":"","context":"En &quot;CINTILLO&quot;","block_context":{"text":"CINTILLO","link":"https:\/\/www.grieta.org.mx\/index.php\/category\/cintillo\/"},"img":{"alt_text":"","src":"https:\/\/i0.wp.com\/www.grieta.org.mx\/wp-content\/uploads\/2018\/06\/tlalpan-960x500.jpg?resize=350%2C200&ssl=1","width":350,"height":200,"srcset":"https:\/\/i0.wp.com\/www.grieta.org.mx\/wp-content\/uploads\/2018\/06\/tlalpan-960x500.jpg?resize=350%2C200&ssl=1 1x, https:\/\/i0.wp.com\/www.grieta.org.mx\/wp-content\/uploads\/2018\/06\/tlalpan-960x500.jpg?resize=525%2C300&ssl=1 1.5x, https:\/\/i0.wp.com\/www.grieta.org.mx\/wp-content\/uploads\/2018\/06\/tlalpan-960x500.jpg?resize=700%2C400&ssl=1 2x"},"classes":[]},{"id":23950,"url":"https:\/\/www.grieta.org.mx\/index.php\/2018\/06\/22\/damnificados-de-tlalpan-doblan-al-gobierno-de-la-cdmx-consiguen-reconstruccion-con-recursos-publicos\/","url_meta":{"origin":22060,"position":1},"title":"Damnificados de Tlalpan doblan al gobierno de la CDMX: consiguen reconstrucci\u00f3n con recursos p\u00fablicos","author":"grieta","date":"22 junio, 2018","format":false,"excerpt":"Proceso CIUDAD DE M\u00c9XICO (apro).- De manera in\u00e9dita, el gobierno de la Ciudad de M\u00e9xico y la Asamblea Legislativa firmaron una declaratoria de compromisos para iniciar los trabajos de reconstrucci\u00f3n con recursos p\u00fablicos en beneficio de los damnificados que bloquearon alrededor de ocho horas la Calzada de Tlalpan. Esta madrugada,\u2026","rel":"","context":"En &quot;CINTILLO&quot;","block_context":{"text":"CINTILLO","link":"https:\/\/www.grieta.org.mx\/index.php\/category\/cintillo\/"},"img":{"alt_text":"","src":"https:\/\/i0.wp.com\/www.grieta.org.mx\/wp-content\/uploads\/2018\/06\/tlalpan-1.jpg?resize=350%2C200&ssl=1","width":350,"height":200,"srcset":"https:\/\/i0.wp.com\/www.grieta.org.mx\/wp-content\/uploads\/2018\/06\/tlalpan-1.jpg?resize=350%2C200&ssl=1 1x, https:\/\/i0.wp.com\/www.grieta.org.mx\/wp-content\/uploads\/2018\/06\/tlalpan-1.jpg?resize=525%2C300&ssl=1 1.5x, https:\/\/i0.wp.com\/www.grieta.org.mx\/wp-content\/uploads\/2018\/06\/tlalpan-1.jpg?resize=700%2C400&ssl=1 2x"},"classes":[]},{"id":66778,"url":"https:\/\/www.grieta.org.mx\/index.php\/2023\/04\/10\/damnificados-del-19s-denuncian-caos-en-el-invi-para-la-reconstruccion-de-sus-edificios-cdmx\/","url_meta":{"origin":22060,"position":2},"title":"Damnificados del 19S denuncian caos en el Invi para la reconstrucci\u00f3n de sus edificios (CDMX)","author":"grieta","date":"10 abril, 2023","format":false,"excerpt":"Marcha de Damnificados a un a\u00f1o del sismo 19S, para exigir a las autoridades la reconstrucci\u00f3n de sus viviendas. El 19-09-2018. Foto: Germ\u00e1n Canseco Sara Pantoja \/ Proceso En febrero pasado les confirmaron que sus edificios ya no ser\u00e1n atendidos por la Comisi\u00f3n para la Reconstrucci\u00f3n, sino por el Instituto\u2026","rel":"","context":"En &quot;CINTILLO&quot;","block_context":{"text":"CINTILLO","link":"https:\/\/www.grieta.org.mx\/index.php\/category\/cintillo\/"},"img":{"alt_text":"","src":"","width":0,"height":0},"classes":[]},{"id":35785,"url":"https:\/\/www.grieta.org.mx\/index.php\/2019\/07\/02\/deben-aparecer-3-mil-mdp-de-donaciones-damnificados-unidos-de-la-cdmx\/","url_meta":{"origin":22060,"position":3},"title":"Deben aparecer 3 mil mdp de donaciones: Damnificados Unidos de la CDMX","author":"grieta","date":"2 julio, 2019","format":false,"excerpt":"Redacci\u00f3n\/ PROCESO CIUDAD DE M\u00c9XICO (apro).- La organizaci\u00f3n ciudadana Damnificados Unidos de la Ciudad de M\u00e9xico exigi\u00f3 castigar a funcionarios del gobierno de Miguel \u00c1ngel Mancera y de Claudia Sheinbaum \u201cque propiciaron la opacidad\u201d de las donaciones nacionales e internacionales para atender la emergencia de los sismos del 7 y\u2026","rel":"","context":"En &quot;CINTILLO&quot;","block_context":{"text":"CINTILLO","link":"https:\/\/www.grieta.org.mx\/index.php\/category\/cintillo\/"},"img":{"alt_text":"","src":"https:\/\/i0.wp.com\/www.grieta.org.mx\/wp-content\/uploads\/2019\/07\/Damnificados.jpg?resize=350%2C200&ssl=1","width":350,"height":200,"srcset":"https:\/\/i0.wp.com\/www.grieta.org.mx\/wp-content\/uploads\/2019\/07\/Damnificados.jpg?resize=350%2C200&ssl=1 1x, https:\/\/i0.wp.com\/www.grieta.org.mx\/wp-content\/uploads\/2019\/07\/Damnificados.jpg?resize=525%2C300&ssl=1 1.5x, https:\/\/i0.wp.com\/www.grieta.org.mx\/wp-content\/uploads\/2019\/07\/Damnificados.jpg?resize=700%2C400&ssl=1 2x, https:\/\/i0.wp.com\/www.grieta.org.mx\/wp-content\/uploads\/2019\/07\/Damnificados.jpg?resize=1050%2C600&ssl=1 3x"},"classes":[]},{"id":51887,"url":"https:\/\/www.grieta.org.mx\/index.php\/2020\/06\/24\/por-su-inaccion-colectivo-de-damnificados-termina-relacion-con-el-comisionado-cesar-cravioto-ciudad-de-mexico\/","url_meta":{"origin":22060,"position":4},"title":"Por \u201csu inacci\u00f3n\u201d, colectivo de damnificados termina relaci\u00f3n con el comisionado C\u00e9sar Cravioto (Ciudad de M\u00e9xico)","author":"grieta","date":"24 junio, 2020","format":false,"excerpt":"C\u00e9sar Cravioto, comisionado para la Reconstrucci\u00f3n. Foto: Benjam\u00edn Flores Sara Pantoja \/ Proceso CIUDAD DE M\u00c9XICO (apro).- El colectivo Damnificados Unidos de la Ciudad de M\u00e9xico (DUCDMX) dio a conocer que termin\u00f3 la relaci\u00f3n con C\u00e9sar Cravioto, comisionado para la Reconstrucci\u00f3n, debido a \u201csu inacci\u00f3n, ineficacia y falta de resultados\u201d,\u2026","rel":"","context":"En &quot;CINTILLO&quot;","block_context":{"text":"CINTILLO","link":"https:\/\/www.grieta.org.mx\/index.php\/category\/cintillo\/"},"img":{"alt_text":"","src":"https:\/\/i0.wp.com\/www.grieta.org.mx\/wp-content\/uploads\/2020\/07\/Por-%E2%80%9Csu-inacci%C3%B3n%E2%80%9D-colectivo-de-damnificados-termina-relaci%C3%B3n-con-el-comisionado-C%C3%A9sar-Cravioto-cdmx-jul.jpg?resize=350%2C200&ssl=1","width":350,"height":200,"srcset":"https:\/\/i0.wp.com\/www.grieta.org.mx\/wp-content\/uploads\/2020\/07\/Por-%E2%80%9Csu-inacci%C3%B3n%E2%80%9D-colectivo-de-damnificados-termina-relaci%C3%B3n-con-el-comisionado-C%C3%A9sar-Cravioto-cdmx-jul.jpg?resize=350%2C200&ssl=1 1x, https:\/\/i0.wp.com\/www.grieta.org.mx\/wp-content\/uploads\/2020\/07\/Por-%E2%80%9Csu-inacci%C3%B3n%E2%80%9D-colectivo-de-damnificados-termina-relaci%C3%B3n-con-el-comisionado-C%C3%A9sar-Cravioto-cdmx-jul.jpg?resize=525%2C300&ssl=1 1.5x, https:\/\/i0.wp.com\/www.grieta.org.mx\/wp-content\/uploads\/2020\/07\/Por-%E2%80%9Csu-inacci%C3%B3n%E2%80%9D-colectivo-de-damnificados-termina-relaci%C3%B3n-con-el-comisionado-C%C3%A9sar-Cravioto-cdmx-jul.jpg?resize=700%2C400&ssl=1 2x"},"classes":[]},{"id":27175,"url":"https:\/\/www.grieta.org.mx\/index.php\/2018\/09\/22\/damnificados-del-edificio-centauro-perdieron-sus-escrituras-el-19s-y-no-saben-si-recuperaran-su-hogar\/","url_meta":{"origin":22060,"position":5},"title":"Damnificados del edificio Centauro perdieron sus escrituras el 19S y no saben si recuperar\u00e1n su hogar","author":"grieta","date":"22 septiembre, 2018","format":false,"excerpt":"","rel":"","context":"En &quot;CINTILLO&quot;","block_context":{"text":"CINTILLO","link":"https:\/\/www.grieta.org.mx\/index.php\/category\/cintillo\/"},"img":{"alt_text":"","src":"https:\/\/i0.wp.com\/www.grieta.org.mx\/wp-content\/uploads\/2018\/10\/Demolicion_Edificio_Osa_Mayor-5-e1537582336854-960x500.jpg?resize=350%2C200&ssl=1","width":350,"height":200,"srcset":"https:\/\/i0.wp.com\/www.grieta.org.mx\/wp-content\/uploads\/2018\/10\/Demolicion_Edificio_Osa_Mayor-5-e1537582336854-960x500.jpg?resize=350%2C200&ssl=1 1x, https:\/\/i0.wp.com\/www.grieta.org.mx\/wp-content\/uploads\/2018\/10\/Demolicion_Edificio_Osa_Mayor-5-e1537582336854-960x500.jpg?resize=525%2C300&ssl=1 1.5x, https:\/\/i0.wp.com\/www.grieta.org.mx\/wp-content\/uploads\/2018\/10\/Demolicion_Edificio_Osa_Mayor-5-e1537582336854-960x500.jpg?resize=700%2C400&ssl=1 2x"},"classes":[]}],"_links":{"self":[{"href":"https:\/\/www.grieta.org.mx\/index.php\/wp-json\/wp\/v2\/posts\/22060","targetHints":{"allow":["GET"]}}],"collection":[{"href":"https:\/\/www.grieta.org.mx\/index.php\/wp-json\/wp\/v2\/posts"}],"about":[{"href":"https:\/\/www.grieta.org.mx\/index.php\/wp-json\/wp\/v2\/types\/post"}],"author":[{"embeddable":true,"href":"https:\/\/www.grieta.org.mx\/index.php\/wp-json\/wp\/v2\/users\/2"}],"replies":[{"embeddable":true,"href":"https:\/\/www.grieta.org.mx\/index.php\/wp-json\/wp\/v2\/comments?post=22060"}],"version-history":[{"count":1,"href":"https:\/\/www.grieta.org.mx\/index.php\/wp-json\/wp\/v2\/posts\/22060\/revisions"}],"predecessor-version":[{"id":22062,"href":"https:\/\/www.grieta.org.mx\/index.php\/wp-json\/wp\/v2\/posts\/22060\/revisions\/22062"}],"wp:featuredmedia":[{"embeddable":true,"href":"https:\/\/www.grieta.org.mx\/index.php\/wp-json\/wp\/v2\/media\/22061"}],"wp:attachment":[{"href":"https:\/\/www.grieta.org.mx\/index.php\/wp-json\/wp\/v2\/media?parent=22060"}],"wp:term":[{"taxonomy":"category","embeddable":true,"href":"https:\/\/www.grieta.org.mx\/index.php\/wp-json\/wp\/v2\/categories?post=22060"},{"taxonomy":"post_tag","embeddable":true,"href":"https:\/\/www.grieta.org.mx\/index.php\/wp-json\/wp\/v2\/tags?post=22060"}],"curies":[{"name":"wp","href":"https:\/\/api.w.org\/{rel}","templated":true}]}}