{"id":22028,"date":"2018-03-09T14:47:32","date_gmt":"2018-03-09T20:47:32","guid":{"rendered":"http:\/\/www.grieta.org.mx\/?p=22028"},"modified":"2018-03-11T14:53:38","modified_gmt":"2018-03-11T20:53:38","slug":"damnificados-del-19-s-denuncian-que-presunto-sindicato-los-extorsiono-con-120-mil-pesos","status":"publish","type":"post","link":"https:\/\/www.grieta.org.mx\/index.php\/2018\/03\/09\/damnificados-del-19-s-denuncian-que-presunto-sindicato-los-extorsiono-con-120-mil-pesos\/","title":{"rendered":"Damnificados del 19-S denuncian que presunto \u2018sindicato\u2019 los extorsion\u00f3 con 120 mil pesos"},"content":{"rendered":"<p><img decoding=\"async\" data-attachment-id=\"22029\" data-permalink=\"https:\/\/www.grieta.org.mx\/index.php\/2018\/03\/09\/damnificados-del-19-s-denuncian-que-presunto-sindicato-los-extorsiono-con-120-mil-pesos\/unidadgirasolessismo\/\" data-orig-file=\"https:\/\/www.grieta.org.mx\/wp-content\/uploads\/2018\/03\/unidadgirasolessismo.jpg\" data-orig-size=\"640,397\" data-comments-opened=\"0\" data-image-meta=\"{&quot;aperture&quot;:&quot;0&quot;,&quot;credit&quot;:&quot;&quot;,&quot;camera&quot;:&quot;&quot;,&quot;caption&quot;:&quot;&quot;,&quot;created_timestamp&quot;:&quot;0&quot;,&quot;copyright&quot;:&quot;&quot;,&quot;focal_length&quot;:&quot;0&quot;,&quot;iso&quot;:&quot;0&quot;,&quot;shutter_speed&quot;:&quot;0&quot;,&quot;title&quot;:&quot;&quot;,&quot;orientation&quot;:&quot;0&quot;}\" data-image-title=\"unidadgirasolessismo\" data-image-description=\"\" data-image-caption=\"\" data-medium-file=\"https:\/\/www.grieta.org.mx\/wp-content\/uploads\/2018\/03\/unidadgirasolessismo-300x186.jpg\" data-large-file=\"https:\/\/www.grieta.org.mx\/wp-content\/uploads\/2018\/03\/unidadgirasolessismo.jpg\" src=\"http:\/\/www.grieta.org.mx\/wp-content\/uploads\/2018\/03\/unidadgirasolessismo.jpg\" alt=\"\" width=100% class=\"aligncenter size-full wp-image-22029\" srcset=\"https:\/\/www.grieta.org.mx\/wp-content\/uploads\/2018\/03\/unidadgirasolessismo.jpg 640w, https:\/\/www.grieta.org.mx\/wp-content\/uploads\/2018\/03\/unidadgirasolessismo-300x186.jpg 300w\" sizes=\"(max-width: 640px) 100vw, 640px\" \/><\/p>\n<blockquote><p>Los damnificados por el sismo del 19 de septiembre denunciaron que hombres les exigieron 120 mil pesos para que se pudiera continuar con las obras.<\/p><\/blockquote>\n<p>Regeneraci\u00f3n, 9 de marzo de 2018.- Las personas que resultaron afectadas por el sismo del 19 de septiembre de 2017 en la Ciudad de M\u00e9xico denunciaron que son v\u00edctimas de extorsionadores, quienes les est\u00e1n exigiendo dinero para permitirles reconstruir sus viviendas.<\/p>\n<p>En la colonia Girasoles, delegaci\u00f3n Coyoac\u00e1n, los habitantes de ocho edificios, quienes pagaron con sus propios ingresos el reforzamiento de cimientos y de muros, relataron que el pasado lunes varios sujetos les exigieron 120 mil pesos para que pudieran continuar con las obras.<\/p>\n<p>Los damnificados narraron a la agencia Reforma que los presuntos extorsionadores se identificaron como miembros del Sindicato Libertad, y que dicho pago deber\u00eda ser mensual, por el que a cambio les proporcionar\u00edan una placa como comprobante para que otro sindicato no les cobre.<\/p>\n<p>Un d\u00eda despu\u00e9s regresaron, y a gritos ordenaron que los trabajadores que suspendieran sus actividades, con la intenci\u00f3n de intimidar a los colonos, quienes llamaron a la polic\u00eda.<\/p>\n<p>\u201cEntraron a propiedad privada, nosotros tenemos una reja que divide la propiedad p\u00fablica de la privada, y exigieron a base de gritos que pararan la obra de inmediato, que no se pod\u00eda seguir trabajando como est\u00e1bamos, pero fueron gritos\u201d, comentaron los damnificados.<\/p>\n<p>Los sujetos aseguraron que pertenecen al Sindicato Libertad, agrupaci\u00f3n que tiene asolados a rutas de transporte p\u00fablico, comerciantes y ambulantes, a quienes piden cuotas a cambio de protecci\u00f3n.<\/p>\n<p>A los afectados les dijeron que les \u201cpermitir\u00edan\u201d llevar a cabo la reconstrucci\u00f3n y reforzamiento de sus viviendas, siempre y cuando les desembolsaran 15 mil pesos en efectivo por edificio, cuota que, como consuelo, dijeron no ser\u00eda para siempre, s\u00f3lo hasta que las obras terminaran.<\/p>\n<p>Son los afectados quienes con sus propios medios est\u00e1n pagando la rehabilitaci\u00f3n de los inmuebles, por lo que tambi\u00e9n tuvieron que endeudarse ante instituciones como el Instituto de Vivienda de la Ciudad. \u201cHemos pedido pr\u00e9stamos para hacer frente a esto porque hemos visto que no ha habido apoyos\u201d, expres\u00f3 una de las damnificadas.<\/p>\n<p>Un polic\u00eda cuida el predio en el que se ubican los edificios, los habitantes siguen preocupados por el intento de extorsi\u00f3n, \u201csiempre queda el temor de que estas gentes no s\u00e9 qu\u00e9 otro tipo de acciones puedan tomar, de que regresen\u201d, dijo una habitante.<\/p>\n<p><a href=\"https:\/\/regeneracion.mx\/damnificados-del-sismo-denuncian-que-fueron-extorsionados-por-un-presunto-sindicato\/\">https:\/\/regeneracion.mx\/damnificados-del-sismo-denuncian-que-fueron-extorsionados-por-un-presunto-sindicato\/<\/a><\/p>\n","protected":false},"excerpt":{"rendered":"<p>Los damnificados por el sismo del 19 de septiembre denunciaron que hombres les exigieron 120 mil pesos para que se pudiera continuar con las obras. Regeneraci\u00f3n, 9 de marzo de &hellip; <a href=\"https:\/\/www.grieta.org.mx\/index.php\/2018\/03\/09\/damnificados-del-19-s-denuncian-que-presunto-sindicato-los-extorsiono-con-120-mil-pesos\/\" class=\"more-link\">Leer m\u00e1s<\/a><\/p>\n","protected":false},"author":2,"featured_media":22029,"comment_status":"closed","ping_status":"closed","sticky":false,"template":"","format":"standard","meta":{"ngg_post_thumbnail":0,"_jetpack_newsletter_access":"","_jetpack_dont_email_post_to_subs":false,"_jetpack_newsletter_tier_id":0,"_jetpack_memberships_contains_paywalled_content":false,"_jetpack_memberships_contains_paid_content":false,"footnotes":""},"categories":[80,14,1026,2],"tags":[1028,1027],"class_list":["post-22028","post","type-post","status-publish","format-standard","has-post-thumbnail","hentry","category-cintillo","category-ciudad-de-mexico","category-damnificados-por-el-sismo-del-19-de-septiembre","category-noticias-nacionales","tag-damnificados","tag-sismo-19-s","entry"],"jetpack_featured_media_url":"https:\/\/www.grieta.org.mx\/wp-content\/uploads\/2018\/03\/unidadgirasolessismo.jpg","jetpack_sharing_enabled":true,"jetpack_shortlink":"https:\/\/wp.me\/p7ZJR4-5Ji","jetpack_likes_enabled":false,"jetpack-related-posts":[{"id":23394,"url":"https:\/\/www.grieta.org.mx\/index.php\/2018\/05\/30\/damnificados-montan-campamento-en-calzada-de-tlalpan-reclaman-que-autoridades-cumplan-con-reconstruccion\/","url_meta":{"origin":22028,"position":0},"title":"Damnificados montan campamento en calzada de Tlalpan; reclaman que autoridades cumplan con reconstrucci\u00f3n","author":"grieta","date":"30 mayo, 2018","format":false,"excerpt":"Redacci\u00f3n Animal Pol\u00edtico Damnificados del Multifamiliar dijeron que mantendr\u00e1n un campamento en calzada de Tlalpan, hasta que las autoridades de la CDMX cumplan con sus exigencias de reconstrucci\u00f3n de viviendas, luego de los da\u00f1os causados por el sismo del 19 de septiembre. Damnificados del Multifamiliar Tlalpan informaron la noche de\u2026","rel":"","context":"En &quot;CINTILLO&quot;","block_context":{"text":"CINTILLO","link":"https:\/\/www.grieta.org.mx\/index.php\/category\/cintillo\/"},"img":{"alt_text":"","src":"https:\/\/i0.wp.com\/www.grieta.org.mx\/wp-content\/uploads\/2018\/06\/tlalpan-960x500.jpg?resize=350%2C200&ssl=1","width":350,"height":200,"srcset":"https:\/\/i0.wp.com\/www.grieta.org.mx\/wp-content\/uploads\/2018\/06\/tlalpan-960x500.jpg?resize=350%2C200&ssl=1 1x, https:\/\/i0.wp.com\/www.grieta.org.mx\/wp-content\/uploads\/2018\/06\/tlalpan-960x500.jpg?resize=525%2C300&ssl=1 1.5x, https:\/\/i0.wp.com\/www.grieta.org.mx\/wp-content\/uploads\/2018\/06\/tlalpan-960x500.jpg?resize=700%2C400&ssl=1 2x"},"classes":[]},{"id":22057,"url":"https:\/\/www.grieta.org.mx\/index.php\/2018\/02\/26\/cdmx-denuncian-intimidacion-de-policia-contra-damnificados-otomis\/","url_meta":{"origin":22028,"position":1},"title":"CDMX: Denuncian intimidaci\u00f3n de polic\u00eda contra damnificados otom\u00eds","author":"grieta","date":"26 febrero, 2018","format":false,"excerpt":"Elementos de polic\u00eda de la CDMX arribaron en horas de la madrugada al campamento de damnificados por sismo pertenecientes a comunidad otom\u00ed. Temen desalojo Regeneraci\u00f3n, 26 de febrero del 2018. Integrantes del campamento de damnificados otom\u00eds de la Ciudad de Mexico, denunciaron que hoy lunes 26 de febrero, aproximadamente a\u2026","rel":"","context":"En &quot;CINTILLO&quot;","block_context":{"text":"CINTILLO","link":"https:\/\/www.grieta.org.mx\/index.php\/category\/cintillo\/"},"img":{"alt_text":"","src":"https:\/\/i0.wp.com\/www.grieta.org.mx\/wp-content\/uploads\/2018\/03\/patrulla_.jpg?resize=350%2C200&ssl=1","width":350,"height":200,"srcset":"https:\/\/i0.wp.com\/www.grieta.org.mx\/wp-content\/uploads\/2018\/03\/patrulla_.jpg?resize=350%2C200&ssl=1 1x, https:\/\/i0.wp.com\/www.grieta.org.mx\/wp-content\/uploads\/2018\/03\/patrulla_.jpg?resize=525%2C300&ssl=1 1.5x, https:\/\/i0.wp.com\/www.grieta.org.mx\/wp-content\/uploads\/2018\/03\/patrulla_.jpg?resize=700%2C400&ssl=1 2x"},"classes":[]},{"id":22156,"url":"https:\/\/www.grieta.org.mx\/index.php\/2018\/03\/13\/destino-de-millones-de-pesos-en-donativos-a-fondos-privados-para-damnificados-de-los-sismos-de-septiembre-es-incierto-cide\/","url_meta":{"origin":22028,"position":2},"title":"Destino de millones de pesos en donativos a fondos privados para damnificados de los sismos de septiembre, es incierto: CIDE","author":"grieta","date":"13 marzo, 2018","format":false,"excerpt":"Redacci\u00f3n Revoluci\u00f3n \u201cEl destino de millones de pesos en donativos a fondos privados para los damnificados de los sismos de septiembre en el pa\u00eds es incierto\u201d, denunciaron investigadores del Centro de Investigaci\u00f3n y Docencia Econ\u00f3micas (CIDE), quienes rastrearon donaciones hechas a bancos, fideicomisos privados y organizaciones. Adem\u00e1s, puntualizaron que \u201cno\u2026","rel":"","context":"En &quot;CINTILLO&quot;","block_context":{"text":"CINTILLO","link":"https:\/\/www.grieta.org.mx\/index.php\/category\/cintillo\/"},"img":{"alt_text":"","src":"https:\/\/i0.wp.com\/www.grieta.org.mx\/wp-content\/uploads\/2018\/03\/image_35_62-750x430.jpg?resize=350%2C200&ssl=1","width":350,"height":200,"srcset":"https:\/\/i0.wp.com\/www.grieta.org.mx\/wp-content\/uploads\/2018\/03\/image_35_62-750x430.jpg?resize=350%2C200&ssl=1 1x, https:\/\/i0.wp.com\/www.grieta.org.mx\/wp-content\/uploads\/2018\/03\/image_35_62-750x430.jpg?resize=525%2C300&ssl=1 1.5x, https:\/\/i0.wp.com\/www.grieta.org.mx\/wp-content\/uploads\/2018\/03\/image_35_62-750x430.jpg?resize=700%2C400&ssl=1 2x"},"classes":[]},{"id":39389,"url":"https:\/\/www.grieta.org.mx\/index.php\/2019\/09\/19\/dos-anos-del-s19-seguimos-en-la-calle-y-la-corrupcion-continua-recriminan-damnificados-unidos\/","url_meta":{"origin":22028,"position":3},"title":"Dos a\u00f1os del S19, seguimos en la calle y la corrupci\u00f3n contin\u00faa, recriminan Damnificados Unidos","author":"grieta","date":"19 septiembre, 2019","format":false,"excerpt":"Blanca Estela Flores, damnificada del Multifamiliar Tlalpan, detall\u00f3 que los damnificados denunciaron, el pasado mes de mayo, que en el edificio 4B del Multifamiliar Tlalpan, la empresa REM Ingenier\u00eda Ecol\u00f3gica, estaba vendiendo a sobre costos. Dijo que, por ejemplo, un juego de ba\u00f1o que vale 1,800 pesos, la empresa lo\u2026","rel":"","context":"En &quot;CINTILLO&quot;","block_context":{"text":"CINTILLO","link":"https:\/\/www.grieta.org.mx\/index.php\/category\/cintillo\/"},"img":{"alt_text":"","src":"https:\/\/i0.wp.com\/www.grieta.org.mx\/wp-content\/uploads\/2019\/09\/damnificados.jpg?resize=350%2C200&ssl=1","width":350,"height":200,"srcset":"https:\/\/i0.wp.com\/www.grieta.org.mx\/wp-content\/uploads\/2019\/09\/damnificados.jpg?resize=350%2C200&ssl=1 1x, https:\/\/i0.wp.com\/www.grieta.org.mx\/wp-content\/uploads\/2019\/09\/damnificados.jpg?resize=525%2C300&ssl=1 1.5x, https:\/\/i0.wp.com\/www.grieta.org.mx\/wp-content\/uploads\/2019\/09\/damnificados.jpg?resize=700%2C400&ssl=1 2x, https:\/\/i0.wp.com\/www.grieta.org.mx\/wp-content\/uploads\/2019\/09\/damnificados.jpg?resize=1050%2C600&ssl=1 3x"},"classes":[]},{"id":51887,"url":"https:\/\/www.grieta.org.mx\/index.php\/2020\/06\/24\/por-su-inaccion-colectivo-de-damnificados-termina-relacion-con-el-comisionado-cesar-cravioto-ciudad-de-mexico\/","url_meta":{"origin":22028,"position":4},"title":"Por \u201csu inacci\u00f3n\u201d, colectivo de damnificados termina relaci\u00f3n con el comisionado C\u00e9sar Cravioto (Ciudad de M\u00e9xico)","author":"grieta","date":"24 junio, 2020","format":false,"excerpt":"C\u00e9sar Cravioto, comisionado para la Reconstrucci\u00f3n. Foto: Benjam\u00edn Flores Sara Pantoja \/ Proceso CIUDAD DE M\u00c9XICO (apro).- El colectivo Damnificados Unidos de la Ciudad de M\u00e9xico (DUCDMX) dio a conocer que termin\u00f3 la relaci\u00f3n con C\u00e9sar Cravioto, comisionado para la Reconstrucci\u00f3n, debido a \u201csu inacci\u00f3n, ineficacia y falta de resultados\u201d,\u2026","rel":"","context":"En &quot;CINTILLO&quot;","block_context":{"text":"CINTILLO","link":"https:\/\/www.grieta.org.mx\/index.php\/category\/cintillo\/"},"img":{"alt_text":"","src":"https:\/\/i0.wp.com\/www.grieta.org.mx\/wp-content\/uploads\/2020\/07\/Por-%E2%80%9Csu-inacci%C3%B3n%E2%80%9D-colectivo-de-damnificados-termina-relaci%C3%B3n-con-el-comisionado-C%C3%A9sar-Cravioto-cdmx-jul.jpg?resize=350%2C200&ssl=1","width":350,"height":200,"srcset":"https:\/\/i0.wp.com\/www.grieta.org.mx\/wp-content\/uploads\/2020\/07\/Por-%E2%80%9Csu-inacci%C3%B3n%E2%80%9D-colectivo-de-damnificados-termina-relaci%C3%B3n-con-el-comisionado-C%C3%A9sar-Cravioto-cdmx-jul.jpg?resize=350%2C200&ssl=1 1x, https:\/\/i0.wp.com\/www.grieta.org.mx\/wp-content\/uploads\/2020\/07\/Por-%E2%80%9Csu-inacci%C3%B3n%E2%80%9D-colectivo-de-damnificados-termina-relaci%C3%B3n-con-el-comisionado-C%C3%A9sar-Cravioto-cdmx-jul.jpg?resize=525%2C300&ssl=1 1.5x, https:\/\/i0.wp.com\/www.grieta.org.mx\/wp-content\/uploads\/2020\/07\/Por-%E2%80%9Csu-inacci%C3%B3n%E2%80%9D-colectivo-de-damnificados-termina-relaci%C3%B3n-con-el-comisionado-C%C3%A9sar-Cravioto-cdmx-jul.jpg?resize=700%2C400&ssl=1 2x"},"classes":[]},{"id":66778,"url":"https:\/\/www.grieta.org.mx\/index.php\/2023\/04\/10\/damnificados-del-19s-denuncian-caos-en-el-invi-para-la-reconstruccion-de-sus-edificios-cdmx\/","url_meta":{"origin":22028,"position":5},"title":"Damnificados del 19S denuncian caos en el Invi para la reconstrucci\u00f3n de sus edificios (CDMX)","author":"grieta","date":"10 abril, 2023","format":false,"excerpt":"Marcha de Damnificados a un a\u00f1o del sismo 19S, para exigir a las autoridades la reconstrucci\u00f3n de sus viviendas. El 19-09-2018. Foto: Germ\u00e1n Canseco Sara Pantoja \/ Proceso En febrero pasado les confirmaron que sus edificios ya no ser\u00e1n atendidos por la Comisi\u00f3n para la Reconstrucci\u00f3n, sino por el Instituto\u2026","rel":"","context":"En &quot;CINTILLO&quot;","block_context":{"text":"CINTILLO","link":"https:\/\/www.grieta.org.mx\/index.php\/category\/cintillo\/"},"img":{"alt_text":"","src":"","width":0,"height":0},"classes":[]}],"_links":{"self":[{"href":"https:\/\/www.grieta.org.mx\/index.php\/wp-json\/wp\/v2\/posts\/22028","targetHints":{"allow":["GET"]}}],"collection":[{"href":"https:\/\/www.grieta.org.mx\/index.php\/wp-json\/wp\/v2\/posts"}],"about":[{"href":"https:\/\/www.grieta.org.mx\/index.php\/wp-json\/wp\/v2\/types\/post"}],"author":[{"embeddable":true,"href":"https:\/\/www.grieta.org.mx\/index.php\/wp-json\/wp\/v2\/users\/2"}],"replies":[{"embeddable":true,"href":"https:\/\/www.grieta.org.mx\/index.php\/wp-json\/wp\/v2\/comments?post=22028"}],"version-history":[{"count":1,"href":"https:\/\/www.grieta.org.mx\/index.php\/wp-json\/wp\/v2\/posts\/22028\/revisions"}],"predecessor-version":[{"id":22034,"href":"https:\/\/www.grieta.org.mx\/index.php\/wp-json\/wp\/v2\/posts\/22028\/revisions\/22034"}],"wp:featuredmedia":[{"embeddable":true,"href":"https:\/\/www.grieta.org.mx\/index.php\/wp-json\/wp\/v2\/media\/22029"}],"wp:attachment":[{"href":"https:\/\/www.grieta.org.mx\/index.php\/wp-json\/wp\/v2\/media?parent=22028"}],"wp:term":[{"taxonomy":"category","embeddable":true,"href":"https:\/\/www.grieta.org.mx\/index.php\/wp-json\/wp\/v2\/categories?post=22028"},{"taxonomy":"post_tag","embeddable":true,"href":"https:\/\/www.grieta.org.mx\/index.php\/wp-json\/wp\/v2\/tags?post=22028"}],"curies":[{"name":"wp","href":"https:\/\/api.w.org\/{rel}","templated":true}]}}