{"id":21968,"date":"2018-03-09T23:03:24","date_gmt":"2018-03-10T05:03:24","guid":{"rendered":"http:\/\/www.grieta.org.mx\/?p=21968"},"modified":"2018-03-09T23:03:24","modified_gmt":"2018-03-10T05:03:24","slug":"acordamos-vivir-y-como-para-nostras-vivir-es-luchar-pues-acordamos-luchar","status":"publish","type":"post","link":"https:\/\/www.grieta.org.mx\/index.php\/2018\/03\/09\/acordamos-vivir-y-como-para-nostras-vivir-es-luchar-pues-acordamos-luchar\/","title":{"rendered":"Acordamos vivir, y como para nostras vivir es luchar, pues acordamos luchar"},"content":{"rendered":"<p>En el Municipio Aut\u00f3nomo 17 de noviembre perteneciente al Caracol IV Morelia, Coraz\u00f3n del arco\u00edris de la esperanza, se inaugur\u00f3 el Primer Encuentro Internacional de Mujeres que Luchan.<\/p>\n<p>Un frio penetrante y Las Ma\u00f1anitas dieron inicio al Encuentro. Las primeras palabras escuchadas fue un especial saludo acompa\u00f1ado de condolencias para la familia de Elo\u00edsa Vega Castro, quien perdi\u00f3 la vida acompa\u00f1ando la caravana del CIG el pasado 14 de febrero.<\/p>\n<div data-carousel-extra='{&quot;blog_id&quot;:1,&quot;permalink&quot;:&quot;https:\/\/www.grieta.org.mx\/index.php\/2018\/03\/09\/acordamos-vivir-y-como-para-nostras-vivir-es-luchar-pues-acordamos-luchar\/&quot;}' id='gallery-1' class='gallery galleryid-21968 gallery-columns-3 gallery-size-thumbnail'><figure class='gallery-item'>\n\t\t\t<div class='gallery-icon landscape'>\n\t\t\t\t<a href='https:\/\/www.grieta.org.mx\/index.php\/2018\/03\/09\/acordamos-vivir-y-como-para-nostras-vivir-es-luchar-pues-acordamos-luchar\/11-3\/'><img loading=\"lazy\" decoding=\"async\" width=\"150\" height=\"150\" src=\"https:\/\/www.grieta.org.mx\/wp-content\/uploads\/2018\/03\/11-150x150.jpg\" class=\"attachment-thumbnail size-thumbnail\" alt=\"\" data-attachment-id=\"21979\" data-permalink=\"https:\/\/www.grieta.org.mx\/index.php\/2018\/03\/09\/acordamos-vivir-y-como-para-nostras-vivir-es-luchar-pues-acordamos-luchar\/11-3\/\" data-orig-file=\"https:\/\/www.grieta.org.mx\/wp-content\/uploads\/2018\/03\/11.jpg\" data-orig-size=\"1200,798\" data-comments-opened=\"0\" data-image-meta=\"{&quot;aperture&quot;:&quot;0&quot;,&quot;credit&quot;:&quot;&quot;,&quot;camera&quot;:&quot;&quot;,&quot;caption&quot;:&quot;&quot;,&quot;created_timestamp&quot;:&quot;1520488722&quot;,&quot;copyright&quot;:&quot;&quot;,&quot;focal_length&quot;:&quot;0&quot;,&quot;iso&quot;:&quot;0&quot;,&quot;shutter_speed&quot;:&quot;0&quot;,&quot;title&quot;:&quot;&quot;,&quot;orientation&quot;:&quot;0&quot;}\" data-image-title=\"11\" data-image-description=\"\" data-image-caption=\"\" data-medium-file=\"https:\/\/www.grieta.org.mx\/wp-content\/uploads\/2018\/03\/11-300x200.jpg\" data-large-file=\"https:\/\/www.grieta.org.mx\/wp-content\/uploads\/2018\/03\/11-1024x681.jpg\" \/><\/a>\n\t\t\t<\/div><\/figure><figure class='gallery-item'>\n\t\t\t<div class='gallery-icon landscape'>\n\t\t\t\t<a href='https:\/\/www.grieta.org.mx\/index.php\/2018\/03\/09\/acordamos-vivir-y-como-para-nostras-vivir-es-luchar-pues-acordamos-luchar\/10-2\/'><img loading=\"lazy\" decoding=\"async\" width=\"150\" height=\"150\" src=\"https:\/\/www.grieta.org.mx\/wp-content\/uploads\/2018\/03\/10-150x150.jpg\" class=\"attachment-thumbnail size-thumbnail\" alt=\"\" data-attachment-id=\"21978\" data-permalink=\"https:\/\/www.grieta.org.mx\/index.php\/2018\/03\/09\/acordamos-vivir-y-como-para-nostras-vivir-es-luchar-pues-acordamos-luchar\/10-2\/\" data-orig-file=\"https:\/\/www.grieta.org.mx\/wp-content\/uploads\/2018\/03\/10.jpg\" data-orig-size=\"1200,798\" data-comments-opened=\"0\" data-image-meta=\"{&quot;aperture&quot;:&quot;0&quot;,&quot;credit&quot;:&quot;&quot;,&quot;camera&quot;:&quot;&quot;,&quot;caption&quot;:&quot;&quot;,&quot;created_timestamp&quot;:&quot;1520486102&quot;,&quot;copyright&quot;:&quot;&quot;,&quot;focal_length&quot;:&quot;0&quot;,&quot;iso&quot;:&quot;0&quot;,&quot;shutter_speed&quot;:&quot;0&quot;,&quot;title&quot;:&quot;&quot;,&quot;orientation&quot;:&quot;0&quot;}\" data-image-title=\"10\" data-image-description=\"\" data-image-caption=\"\" data-medium-file=\"https:\/\/www.grieta.org.mx\/wp-content\/uploads\/2018\/03\/10-300x200.jpg\" data-large-file=\"https:\/\/www.grieta.org.mx\/wp-content\/uploads\/2018\/03\/10-1024x681.jpg\" \/><\/a>\n\t\t\t<\/div><\/figure><figure class='gallery-item'>\n\t\t\t<div class='gallery-icon landscape'>\n\t\t\t\t<a href='https:\/\/www.grieta.org.mx\/index.php\/2018\/03\/09\/acordamos-vivir-y-como-para-nostras-vivir-es-luchar-pues-acordamos-luchar\/attachment\/09\/'><img loading=\"lazy\" decoding=\"async\" width=\"150\" height=\"150\" src=\"https:\/\/www.grieta.org.mx\/wp-content\/uploads\/2018\/03\/09-150x150.jpg\" class=\"attachment-thumbnail size-thumbnail\" alt=\"\" data-attachment-id=\"21977\" data-permalink=\"https:\/\/www.grieta.org.mx\/index.php\/2018\/03\/09\/acordamos-vivir-y-como-para-nostras-vivir-es-luchar-pues-acordamos-luchar\/attachment\/09\/\" data-orig-file=\"https:\/\/www.grieta.org.mx\/wp-content\/uploads\/2018\/03\/09.jpg\" data-orig-size=\"1200,798\" data-comments-opened=\"0\" data-image-meta=\"{&quot;aperture&quot;:&quot;0&quot;,&quot;credit&quot;:&quot;&quot;,&quot;camera&quot;:&quot;&quot;,&quot;caption&quot;:&quot;&quot;,&quot;created_timestamp&quot;:&quot;1520474609&quot;,&quot;copyright&quot;:&quot;&quot;,&quot;focal_length&quot;:&quot;0&quot;,&quot;iso&quot;:&quot;0&quot;,&quot;shutter_speed&quot;:&quot;0&quot;,&quot;title&quot;:&quot;&quot;,&quot;orientation&quot;:&quot;0&quot;}\" data-image-title=\"09\" data-image-description=\"\" data-image-caption=\"\" data-medium-file=\"https:\/\/www.grieta.org.mx\/wp-content\/uploads\/2018\/03\/09-300x200.jpg\" data-large-file=\"https:\/\/www.grieta.org.mx\/wp-content\/uploads\/2018\/03\/09-1024x681.jpg\" \/><\/a>\n\t\t\t<\/div><\/figure><figure class='gallery-item'>\n\t\t\t<div class='gallery-icon landscape'>\n\t\t\t\t<a href='https:\/\/www.grieta.org.mx\/index.php\/2018\/03\/09\/acordamos-vivir-y-como-para-nostras-vivir-es-luchar-pues-acordamos-luchar\/attachment\/08\/'><img loading=\"lazy\" decoding=\"async\" width=\"150\" height=\"150\" src=\"https:\/\/www.grieta.org.mx\/wp-content\/uploads\/2018\/03\/08-150x150.jpg\" class=\"attachment-thumbnail size-thumbnail\" alt=\"\" data-attachment-id=\"21976\" data-permalink=\"https:\/\/www.grieta.org.mx\/index.php\/2018\/03\/09\/acordamos-vivir-y-como-para-nostras-vivir-es-luchar-pues-acordamos-luchar\/attachment\/08\/\" data-orig-file=\"https:\/\/www.grieta.org.mx\/wp-content\/uploads\/2018\/03\/08.jpg\" data-orig-size=\"1200,798\" data-comments-opened=\"0\" data-image-meta=\"{&quot;aperture&quot;:&quot;0&quot;,&quot;credit&quot;:&quot;&quot;,&quot;camera&quot;:&quot;&quot;,&quot;caption&quot;:&quot;&quot;,&quot;created_timestamp&quot;:&quot;1520485656&quot;,&quot;copyright&quot;:&quot;&quot;,&quot;focal_length&quot;:&quot;0&quot;,&quot;iso&quot;:&quot;0&quot;,&quot;shutter_speed&quot;:&quot;0&quot;,&quot;title&quot;:&quot;&quot;,&quot;orientation&quot;:&quot;0&quot;}\" data-image-title=\"08\" data-image-description=\"\" data-image-caption=\"\" data-medium-file=\"https:\/\/www.grieta.org.mx\/wp-content\/uploads\/2018\/03\/08-300x200.jpg\" data-large-file=\"https:\/\/www.grieta.org.mx\/wp-content\/uploads\/2018\/03\/08-1024x681.jpg\" \/><\/a>\n\t\t\t<\/div><\/figure><figure class='gallery-item'>\n\t\t\t<div class='gallery-icon landscape'>\n\t\t\t\t<a href='https:\/\/www.grieta.org.mx\/index.php\/2018\/03\/09\/acordamos-vivir-y-como-para-nostras-vivir-es-luchar-pues-acordamos-luchar\/07-3\/'><img loading=\"lazy\" decoding=\"async\" width=\"150\" height=\"150\" src=\"https:\/\/www.grieta.org.mx\/wp-content\/uploads\/2018\/03\/07-150x150.jpg\" class=\"attachment-thumbnail size-thumbnail\" alt=\"\" data-attachment-id=\"21975\" data-permalink=\"https:\/\/www.grieta.org.mx\/index.php\/2018\/03\/09\/acordamos-vivir-y-como-para-nostras-vivir-es-luchar-pues-acordamos-luchar\/07-3\/\" data-orig-file=\"https:\/\/www.grieta.org.mx\/wp-content\/uploads\/2018\/03\/07.jpg\" data-orig-size=\"1200,800\" data-comments-opened=\"0\" data-image-meta=\"{&quot;aperture&quot;:&quot;0&quot;,&quot;credit&quot;:&quot;&quot;,&quot;camera&quot;:&quot;&quot;,&quot;caption&quot;:&quot;&quot;,&quot;created_timestamp&quot;:&quot;1520520781&quot;,&quot;copyright&quot;:&quot;&quot;,&quot;focal_length&quot;:&quot;0&quot;,&quot;iso&quot;:&quot;0&quot;,&quot;shutter_speed&quot;:&quot;0&quot;,&quot;title&quot;:&quot;&quot;,&quot;orientation&quot;:&quot;0&quot;}\" data-image-title=\"07\" data-image-description=\"\" data-image-caption=\"\" data-medium-file=\"https:\/\/www.grieta.org.mx\/wp-content\/uploads\/2018\/03\/07-300x200.jpg\" data-large-file=\"https:\/\/www.grieta.org.mx\/wp-content\/uploads\/2018\/03\/07-1024x683.jpg\" \/><\/a>\n\t\t\t<\/div><\/figure><figure class='gallery-item'>\n\t\t\t<div class='gallery-icon landscape'>\n\t\t\t\t<a href='https:\/\/www.grieta.org.mx\/index.php\/2018\/03\/09\/acordamos-vivir-y-como-para-nostras-vivir-es-luchar-pues-acordamos-luchar\/06-3\/'><img loading=\"lazy\" decoding=\"async\" width=\"150\" height=\"150\" src=\"https:\/\/www.grieta.org.mx\/wp-content\/uploads\/2018\/03\/06-150x150.jpg\" class=\"attachment-thumbnail size-thumbnail\" alt=\"\" data-attachment-id=\"21974\" data-permalink=\"https:\/\/www.grieta.org.mx\/index.php\/2018\/03\/09\/acordamos-vivir-y-como-para-nostras-vivir-es-luchar-pues-acordamos-luchar\/06-3\/\" data-orig-file=\"https:\/\/www.grieta.org.mx\/wp-content\/uploads\/2018\/03\/06.jpg\" data-orig-size=\"1200,798\" data-comments-opened=\"0\" data-image-meta=\"{&quot;aperture&quot;:&quot;0&quot;,&quot;credit&quot;:&quot;&quot;,&quot;camera&quot;:&quot;&quot;,&quot;caption&quot;:&quot;&quot;,&quot;created_timestamp&quot;:&quot;1520466961&quot;,&quot;copyright&quot;:&quot;&quot;,&quot;focal_length&quot;:&quot;0&quot;,&quot;iso&quot;:&quot;0&quot;,&quot;shutter_speed&quot;:&quot;0&quot;,&quot;title&quot;:&quot;&quot;,&quot;orientation&quot;:&quot;0&quot;}\" data-image-title=\"06\" data-image-description=\"\" data-image-caption=\"\" data-medium-file=\"https:\/\/www.grieta.org.mx\/wp-content\/uploads\/2018\/03\/06-300x200.jpg\" data-large-file=\"https:\/\/www.grieta.org.mx\/wp-content\/uploads\/2018\/03\/06-1024x681.jpg\" \/><\/a>\n\t\t\t<\/div><\/figure><figure class='gallery-item'>\n\t\t\t<div class='gallery-icon landscape'>\n\t\t\t\t<a href='https:\/\/www.grieta.org.mx\/index.php\/2018\/03\/09\/acordamos-vivir-y-como-para-nostras-vivir-es-luchar-pues-acordamos-luchar\/attachment\/05\/'><img loading=\"lazy\" decoding=\"async\" width=\"150\" height=\"150\" src=\"https:\/\/www.grieta.org.mx\/wp-content\/uploads\/2018\/03\/05-150x150.jpg\" class=\"attachment-thumbnail size-thumbnail\" alt=\"\" data-attachment-id=\"21973\" data-permalink=\"https:\/\/www.grieta.org.mx\/index.php\/2018\/03\/09\/acordamos-vivir-y-como-para-nostras-vivir-es-luchar-pues-acordamos-luchar\/attachment\/05\/\" data-orig-file=\"https:\/\/www.grieta.org.mx\/wp-content\/uploads\/2018\/03\/05.jpg\" data-orig-size=\"1200,798\" data-comments-opened=\"0\" data-image-meta=\"{&quot;aperture&quot;:&quot;0&quot;,&quot;credit&quot;:&quot;&quot;,&quot;camera&quot;:&quot;&quot;,&quot;caption&quot;:&quot;&quot;,&quot;created_timestamp&quot;:&quot;1520459616&quot;,&quot;copyright&quot;:&quot;&quot;,&quot;focal_length&quot;:&quot;0&quot;,&quot;iso&quot;:&quot;0&quot;,&quot;shutter_speed&quot;:&quot;0&quot;,&quot;title&quot;:&quot;&quot;,&quot;orientation&quot;:&quot;0&quot;}\" data-image-title=\"05\" data-image-description=\"\" data-image-caption=\"\" data-medium-file=\"https:\/\/www.grieta.org.mx\/wp-content\/uploads\/2018\/03\/05-300x200.jpg\" data-large-file=\"https:\/\/www.grieta.org.mx\/wp-content\/uploads\/2018\/03\/05-1024x681.jpg\" \/><\/a>\n\t\t\t<\/div><\/figure><figure class='gallery-item'>\n\t\t\t<div class='gallery-icon landscape'>\n\t\t\t\t<a href='https:\/\/www.grieta.org.mx\/index.php\/2018\/03\/09\/acordamos-vivir-y-como-para-nostras-vivir-es-luchar-pues-acordamos-luchar\/attachment\/04\/'><img loading=\"lazy\" decoding=\"async\" width=\"150\" height=\"150\" src=\"https:\/\/www.grieta.org.mx\/wp-content\/uploads\/2018\/03\/04-150x150.jpg\" class=\"attachment-thumbnail size-thumbnail\" alt=\"\" data-attachment-id=\"21972\" data-permalink=\"https:\/\/www.grieta.org.mx\/index.php\/2018\/03\/09\/acordamos-vivir-y-como-para-nostras-vivir-es-luchar-pues-acordamos-luchar\/attachment\/04\/\" data-orig-file=\"https:\/\/www.grieta.org.mx\/wp-content\/uploads\/2018\/03\/04.jpg\" data-orig-size=\"1200,800\" data-comments-opened=\"0\" data-image-meta=\"{&quot;aperture&quot;:&quot;0&quot;,&quot;credit&quot;:&quot;&quot;,&quot;camera&quot;:&quot;&quot;,&quot;caption&quot;:&quot;&quot;,&quot;created_timestamp&quot;:&quot;1520496106&quot;,&quot;copyright&quot;:&quot;&quot;,&quot;focal_length&quot;:&quot;0&quot;,&quot;iso&quot;:&quot;0&quot;,&quot;shutter_speed&quot;:&quot;0&quot;,&quot;title&quot;:&quot;&quot;,&quot;orientation&quot;:&quot;0&quot;}\" data-image-title=\"04\" data-image-description=\"\" data-image-caption=\"\" data-medium-file=\"https:\/\/www.grieta.org.mx\/wp-content\/uploads\/2018\/03\/04-300x200.jpg\" data-large-file=\"https:\/\/www.grieta.org.mx\/wp-content\/uploads\/2018\/03\/04-1024x683.jpg\" \/><\/a>\n\t\t\t<\/div><\/figure><figure class='gallery-item'>\n\t\t\t<div class='gallery-icon landscape'>\n\t\t\t\t<a href='https:\/\/www.grieta.org.mx\/index.php\/2018\/03\/09\/acordamos-vivir-y-como-para-nostras-vivir-es-luchar-pues-acordamos-luchar\/03-2\/'><img loading=\"lazy\" decoding=\"async\" width=\"150\" height=\"150\" src=\"https:\/\/www.grieta.org.mx\/wp-content\/uploads\/2018\/03\/03-150x150.jpg\" class=\"attachment-thumbnail size-thumbnail\" alt=\"\" data-attachment-id=\"21971\" data-permalink=\"https:\/\/www.grieta.org.mx\/index.php\/2018\/03\/09\/acordamos-vivir-y-como-para-nostras-vivir-es-luchar-pues-acordamos-luchar\/03-2\/\" data-orig-file=\"https:\/\/www.grieta.org.mx\/wp-content\/uploads\/2018\/03\/03.jpg\" data-orig-size=\"1200,798\" data-comments-opened=\"0\" data-image-meta=\"{&quot;aperture&quot;:&quot;0&quot;,&quot;credit&quot;:&quot;Fernanda L\\u00f3pez&quot;,&quot;camera&quot;:&quot;&quot;,&quot;caption&quot;:&quot;&quot;,&quot;created_timestamp&quot;:&quot;1520459162&quot;,&quot;copyright&quot;:&quot;&quot;,&quot;focal_length&quot;:&quot;0&quot;,&quot;iso&quot;:&quot;0&quot;,&quot;shutter_speed&quot;:&quot;0&quot;,&quot;title&quot;:&quot;&quot;,&quot;orientation&quot;:&quot;0&quot;}\" data-image-title=\"03\" data-image-description=\"\" data-image-caption=\"\" data-medium-file=\"https:\/\/www.grieta.org.mx\/wp-content\/uploads\/2018\/03\/03-300x200.jpg\" data-large-file=\"https:\/\/www.grieta.org.mx\/wp-content\/uploads\/2018\/03\/03-1024x681.jpg\" \/><\/a>\n\t\t\t<\/div><\/figure><figure class='gallery-item'>\n\t\t\t<div class='gallery-icon landscape'>\n\t\t\t\t<a href='https:\/\/www.grieta.org.mx\/index.php\/2018\/03\/09\/acordamos-vivir-y-como-para-nostras-vivir-es-luchar-pues-acordamos-luchar\/02-2\/'><img loading=\"lazy\" decoding=\"async\" width=\"150\" height=\"150\" src=\"https:\/\/www.grieta.org.mx\/wp-content\/uploads\/2018\/03\/02-150x150.jpg\" class=\"attachment-thumbnail size-thumbnail\" alt=\"\" data-attachment-id=\"21970\" data-permalink=\"https:\/\/www.grieta.org.mx\/index.php\/2018\/03\/09\/acordamos-vivir-y-como-para-nostras-vivir-es-luchar-pues-acordamos-luchar\/02-2\/\" data-orig-file=\"https:\/\/www.grieta.org.mx\/wp-content\/uploads\/2018\/03\/02.jpg\" data-orig-size=\"1200,798\" data-comments-opened=\"0\" data-image-meta=\"{&quot;aperture&quot;:&quot;0&quot;,&quot;credit&quot;:&quot;&quot;,&quot;camera&quot;:&quot;&quot;,&quot;caption&quot;:&quot;&quot;,&quot;created_timestamp&quot;:&quot;1520458870&quot;,&quot;copyright&quot;:&quot;&quot;,&quot;focal_length&quot;:&quot;0&quot;,&quot;iso&quot;:&quot;0&quot;,&quot;shutter_speed&quot;:&quot;0&quot;,&quot;title&quot;:&quot;&quot;,&quot;orientation&quot;:&quot;0&quot;}\" data-image-title=\"02\" data-image-description=\"\" data-image-caption=\"\" data-medium-file=\"https:\/\/www.grieta.org.mx\/wp-content\/uploads\/2018\/03\/02-300x200.jpg\" data-large-file=\"https:\/\/www.grieta.org.mx\/wp-content\/uploads\/2018\/03\/02-1024x681.jpg\" \/><\/a>\n\t\t\t<\/div><\/figure><figure class='gallery-item'>\n\t\t\t<div class='gallery-icon landscape'>\n\t\t\t\t<a href='https:\/\/www.grieta.org.mx\/index.php\/2018\/03\/09\/acordamos-vivir-y-como-para-nostras-vivir-es-luchar-pues-acordamos-luchar\/01-2\/'><img loading=\"lazy\" decoding=\"async\" width=\"150\" height=\"150\" src=\"https:\/\/www.grieta.org.mx\/wp-content\/uploads\/2018\/03\/01-150x150.jpg\" class=\"attachment-thumbnail size-thumbnail\" alt=\"\" data-attachment-id=\"21969\" data-permalink=\"https:\/\/www.grieta.org.mx\/index.php\/2018\/03\/09\/acordamos-vivir-y-como-para-nostras-vivir-es-luchar-pues-acordamos-luchar\/01-2\/\" data-orig-file=\"https:\/\/www.grieta.org.mx\/wp-content\/uploads\/2018\/03\/01.jpg\" data-orig-size=\"1800,1197\" data-comments-opened=\"0\" data-image-meta=\"{&quot;aperture&quot;:&quot;0&quot;,&quot;credit&quot;:&quot;&quot;,&quot;camera&quot;:&quot;&quot;,&quot;caption&quot;:&quot;&quot;,&quot;created_timestamp&quot;:&quot;1520458026&quot;,&quot;copyright&quot;:&quot;&quot;,&quot;focal_length&quot;:&quot;0&quot;,&quot;iso&quot;:&quot;0&quot;,&quot;shutter_speed&quot;:&quot;0&quot;,&quot;title&quot;:&quot;&quot;,&quot;orientation&quot;:&quot;0&quot;}\" data-image-title=\"01\" data-image-description=\"\" data-image-caption=\"\" data-medium-file=\"https:\/\/www.grieta.org.mx\/wp-content\/uploads\/2018\/03\/01-300x200.jpg\" data-large-file=\"https:\/\/www.grieta.org.mx\/wp-content\/uploads\/2018\/03\/01-1024x681.jpg\" \/><\/a>\n\t\t\t<\/div><\/figure>\n\t\t<\/div>\n\n<p><a href=\"https:\/\/www.regeneracionradio.org\/index.php\/invitaciones-2\/especiales\/fotoreportajes\/item\/4872-fotorreportaje-acordamos-vivir-y-como-para-nosotras-vivir-es-luchar-pues-acordamos-luchar\" rel=\"noopener\" target=\"_blank\">https:\/\/www.regeneracionradio.org\/index.php\/invitaciones-2\/especiales\/fotoreportajes\/item\/4872-fotorreportaje-acordamos-vivir-y-como-para-nosotras-vivir-es-luchar-pues-acordamos-luchar<\/a><\/p>\n","protected":false},"excerpt":{"rendered":"<p>En el Municipio Aut\u00f3nomo 17 de noviembre perteneciente al Caracol IV Morelia, Coraz\u00f3n del arco\u00edris de la esperanza, se inaugur\u00f3 el Primer Encuentro Internacional de Mujeres que Luchan. Un frio &hellip; <a href=\"https:\/\/www.grieta.org.mx\/index.php\/2018\/03\/09\/acordamos-vivir-y-como-para-nostras-vivir-es-luchar-pues-acordamos-luchar\/\" class=\"more-link\">Leer m\u00e1s<\/a><\/p>\n","protected":false},"author":2,"featured_media":21969,"comment_status":"closed","ping_status":"closed","sticky":false,"template":"","format":"standard","meta":{"ngg_post_thumbnail":0,"_jetpack_newsletter_access":"","_jetpack_dont_email_post_to_subs":false,"_jetpack_newsletter_tier_id":0,"_jetpack_memberships_contains_paywalled_content":false,"_jetpack_memberships_contains_paid_content":false,"footnotes":""},"categories":[80,1018],"tags":[1019,466],"class_list":["post-21968","post","type-post","status-publish","format-standard","has-post-thumbnail","hentry","category-cintillo","category-primer-encuentro-internacional-politico-artistico-deportivo-y-cultural-de-mujeres-que-luchan","tag-encuentro-mujeres","tag-ezln","entry"],"jetpack_featured_media_url":"https:\/\/www.grieta.org.mx\/wp-content\/uploads\/2018\/03\/01.jpg","jetpack_sharing_enabled":true,"jetpack_shortlink":"https:\/\/wp.me\/p7ZJR4-5Ik","jetpack_likes_enabled":false,"jetpack-related-posts":[{"id":21934,"url":"https:\/\/www.grieta.org.mx\/index.php\/2018\/03\/09\/la-resistencia-y-la-rebeldia-que-lucha-es-tambien-una-fiesta\/","url_meta":{"origin":21968,"position":0},"title":"\u201cLa resistencia y la rebeld\u00eda que lucha es tambi\u00e9n una fiesta\u201d","author":"Admin","date":"9 marzo, 2018","format":false,"excerpt":"8 Marzo 2018, 6 am. Suenan las ma\u00f1anitas y abrimos los ojos al llamado \u201cque se escuche el grito de las mujeres\u201d. Entonces nos sacudimos el intenso fr\u00edo de la noche las miles de compa\u00f1eras que acudimos al I Encuentro Internacional Pol\u00edtico Art\u00edstico Deportivo y Cultural de Mujeres que Luchan,\u2026","rel":"","context":"En &quot;CINTILLO&quot;","block_context":{"text":"CINTILLO","link":"https:\/\/www.grieta.org.mx\/index.php\/category\/cintillo\/"},"img":{"alt_text":"","src":"https:\/\/i0.wp.com\/www.grieta.org.mx\/wp-content\/uploads\/2018\/03\/photo_2018-03-09_11-39-07.jpg?resize=350%2C200&ssl=1","width":350,"height":200,"srcset":"https:\/\/i0.wp.com\/www.grieta.org.mx\/wp-content\/uploads\/2018\/03\/photo_2018-03-09_11-39-07.jpg?resize=350%2C200&ssl=1 1x, https:\/\/i0.wp.com\/www.grieta.org.mx\/wp-content\/uploads\/2018\/03\/photo_2018-03-09_11-39-07.jpg?resize=525%2C300&ssl=1 1.5x, https:\/\/i0.wp.com\/www.grieta.org.mx\/wp-content\/uploads\/2018\/03\/photo_2018-03-09_11-39-07.jpg?resize=700%2C400&ssl=1 2x, https:\/\/i0.wp.com\/www.grieta.org.mx\/wp-content\/uploads\/2018\/03\/photo_2018-03-09_11-39-07.jpg?resize=1050%2C600&ssl=1 3x"},"classes":[]},{"id":35132,"url":"https:\/\/www.grieta.org.mx\/index.php\/2019\/06\/20\/posicionamiento-del-1er-encuentro-binacional-de-mujeres-que-luchan\/","url_meta":{"origin":21968,"position":1},"title":"POSICIONAMIENTO DEL 1ER ENCUENTRO BINACIONAL DE MUJERES QUE LUCHAN\u00a0","author":"Admin","date":"20 junio, 2019","format":false,"excerpt":"LOS ANGELES CALIFORNIA 15 DE JUNIO 2019. En el calendario maya 5 kej, en territorio ancestral Tong'va, nosotras, mujeres que luchan en defensa, recuperaci\u00f3n y sanaci\u00f3n de nuestro territorio, cuerpo-tierra. Somos mujeres que nos encontramos en esta geograf\u00eda, desde las entra\u00f1as del monstruo imperialista, este monstruo capitalista y depredador, replicando\u2026","rel":"","context":"En &quot;CINTILLO&quot;","block_context":{"text":"CINTILLO","link":"https:\/\/www.grieta.org.mx\/index.php\/category\/cintillo\/"},"img":{"alt_text":"","src":"https:\/\/i0.wp.com\/www.grieta.org.mx\/wp-content\/uploads\/2019\/06\/Captura-de-pantalla-2019-06-20-21.20.16.png?resize=350%2C200&ssl=1","width":350,"height":200},"classes":[]},{"id":21931,"url":"https:\/\/www.grieta.org.mx\/index.php\/2018\/03\/08\/palabras-a-nombre-de-las-mujeres-zapatistas-al-inicio-del-primer-encuentro-internacional-politico-artistico-deportivo-y-cultural-de-mujeres-que-luchan-2\/","url_meta":{"origin":21968,"position":2},"title":"PALABRAS A NOMBRE DE LAS MUJERES ZAPATISTAS AL INICIO DEL PRIMER ENCUENTRO INTERNACIONAL, POL\u00cdTICO, ART\u00cdSTICO, DEPORTIVO Y CULTURAL DE MUJERES QUE LUCHAN","author":"Admin","date":"8 marzo, 2018","format":false,"excerpt":"PALABRAS A NOMBRE DE LAS MUJERES ZAPATISTAS AL INICIO DEL PRIMER ENCUENTRO INTERNACIONAL, POL\u00cdTICO, ART\u00cdSTICO, DEPORTIVO Y CULTURAL DE MUJERES QUE LUCHAN. 8 de marzo del 2018. Caracol de Zona Tzots Choj. BUENOS D\u00cdAS HERMANAS DE M\u00c9XICO Y DEL MUNDO: BUENOS D\u00cdAS COMPA\u00d1ERAS DE LA SEXTA NACIONAL E INTERNACIONAL: BUENOS\u2026","rel":"","context":"En &quot;CINTILLO&quot;","block_context":{"text":"CINTILLO","link":"https:\/\/www.grieta.org.mx\/index.php\/category\/cintillo\/"},"img":{"alt_text":"","src":"https:\/\/i0.wp.com\/www.grieta.org.mx\/wp-content\/uploads\/2018\/03\/14524434_1106112876131411_958039263622046936_o.jpg?resize=350%2C200&ssl=1","width":350,"height":200,"srcset":"https:\/\/i0.wp.com\/www.grieta.org.mx\/wp-content\/uploads\/2018\/03\/14524434_1106112876131411_958039263622046936_o.jpg?resize=350%2C200&ssl=1 1x, https:\/\/i0.wp.com\/www.grieta.org.mx\/wp-content\/uploads\/2018\/03\/14524434_1106112876131411_958039263622046936_o.jpg?resize=525%2C300&ssl=1 1.5x, https:\/\/i0.wp.com\/www.grieta.org.mx\/wp-content\/uploads\/2018\/03\/14524434_1106112876131411_958039263622046936_o.jpg?resize=700%2C400&ssl=1 2x"},"classes":[]},{"id":22172,"url":"https:\/\/www.grieta.org.mx\/index.php\/2018\/03\/19\/sin-mujeres-no-hay-revolucion-documental-sobre-el-primer-encuentro-internacional-de-mujeres-que-luchan\/","url_meta":{"origin":21968,"position":3},"title":"&#8220;Sin Mujeres no hay Revoluci\u00f3n&#8221; Documental sobre el Primer Encuentro Internacional de Mujeres que Luchan","author":"Admin","date":"19 marzo, 2018","format":false,"excerpt":"https:\/\/www.facebook.com\/Somoselmedio\/videos\/1490806874351725\/ Somos el Medio http:\/\/somoselmedio.org\/article\/m%C3%A1s-de-6-mil-mujeres%C2%A0de-38%C2%A0pa%C3%ADses-participaron-en-el-primer-encuentro-de-mujeres","rel":"","context":"En &quot;CINTILLO&quot;","block_context":{"text":"CINTILLO","link":"https:\/\/www.grieta.org.mx\/index.php\/category\/cintillo\/"},"img":{"alt_text":"","src":"https:\/\/i0.wp.com\/www.grieta.org.mx\/wp-content\/uploads\/2018\/03\/Captura-de-pantalla-2018-03-20-a-las-14.42.48.png?resize=350%2C200&ssl=1","width":350,"height":200,"srcset":"https:\/\/i0.wp.com\/www.grieta.org.mx\/wp-content\/uploads\/2018\/03\/Captura-de-pantalla-2018-03-20-a-las-14.42.48.png?resize=350%2C200&ssl=1 1x, https:\/\/i0.wp.com\/www.grieta.org.mx\/wp-content\/uploads\/2018\/03\/Captura-de-pantalla-2018-03-20-a-las-14.42.48.png?resize=525%2C300&ssl=1 1.5x, https:\/\/i0.wp.com\/www.grieta.org.mx\/wp-content\/uploads\/2018\/03\/Captura-de-pantalla-2018-03-20-a-las-14.42.48.png?resize=700%2C400&ssl=1 2x"},"classes":[]},{"id":21940,"url":"https:\/\/www.grieta.org.mx\/index.php\/2018\/03\/09\/galeria-fotografica-del-primer-encuentro-internacional-politico-artistico-deportivo-y-cultura-de-mujeres-que-luchan\/","url_meta":{"origin":21968,"position":4},"title":"Galer\u00eda fotogr\u00e1fica del Primer Encuentro Internacional Pol\u00edtico Art\u00edstico Deportivo y Cultura de Mujeres que Luchan","author":"grieta","date":"9 marzo, 2018","format":false,"excerpt":"Fotograf\u00edas del Colectivo Tr\u00e1gameluz, tomadas del muro de facebook: https:\/\/www.facebook.com\/tragameluz\/","rel":"","context":"En &quot;CINTILLO&quot;","block_context":{"text":"CINTILLO","link":"https:\/\/www.grieta.org.mx\/index.php\/category\/cintillo\/"},"img":{"alt_text":"","src":"https:\/\/i0.wp.com\/www.grieta.org.mx\/wp-content\/uploads\/2018\/03\/28616512_1556505714384838_5156388268881851525_o.jpg?resize=350%2C200&ssl=1","width":350,"height":200,"srcset":"https:\/\/i0.wp.com\/www.grieta.org.mx\/wp-content\/uploads\/2018\/03\/28616512_1556505714384838_5156388268881851525_o.jpg?resize=350%2C200&ssl=1 1x, https:\/\/i0.wp.com\/www.grieta.org.mx\/wp-content\/uploads\/2018\/03\/28616512_1556505714384838_5156388268881851525_o.jpg?resize=525%2C300&ssl=1 1.5x, https:\/\/i0.wp.com\/www.grieta.org.mx\/wp-content\/uploads\/2018\/03\/28616512_1556505714384838_5156388268881851525_o.jpg?resize=700%2C400&ssl=1 2x"},"classes":[]},{"id":22070,"url":"https:\/\/www.grieta.org.mx\/index.php\/2018\/03\/11\/mas-de-6-mil-mujeres-de-38-paises-participaron-en-el-primer-encuentro-de-mujeres\/","url_meta":{"origin":21968,"position":5},"title":"M\u00e1s de 6 mil mujeres de 38 pa\u00edses participaron en el Primer Encuentro de Mujeres","author":"Admin","date":"11 marzo, 2018","format":false,"excerpt":"VICTORIA JAUD ROXANE \u00c9MIE https:\/\/www.facebook.com\/Somoselmedio\/videos\/1484875178278228\/?t=2 La frase \"no est\u00e1n solas\" nunca hab\u00eda sido tan real. Del 7 y al 11 de marzo, 6,000 mujeres de 38 pa\u00edses llegaron al Caracol de Morelia en Chiapas para asistir al Primer Encuentro Internacional Pol\u00edtico, Art\u00edstico, Deportivo y Cultural de mujeres que luchan. Durante\u2026","rel":"","context":"En &quot;CINTILLO&quot;","block_context":{"text":"CINTILLO","link":"https:\/\/www.grieta.org.mx\/index.php\/category\/cintillo\/"},"img":{"alt_text":"","src":"https:\/\/i0.wp.com\/www.grieta.org.mx\/wp-content\/uploads\/2018\/03\/Margarita-2.jpg?resize=350%2C200&ssl=1","width":350,"height":200,"srcset":"https:\/\/i0.wp.com\/www.grieta.org.mx\/wp-content\/uploads\/2018\/03\/Margarita-2.jpg?resize=350%2C200&ssl=1 1x, https:\/\/i0.wp.com\/www.grieta.org.mx\/wp-content\/uploads\/2018\/03\/Margarita-2.jpg?resize=525%2C300&ssl=1 1.5x, https:\/\/i0.wp.com\/www.grieta.org.mx\/wp-content\/uploads\/2018\/03\/Margarita-2.jpg?resize=700%2C400&ssl=1 2x"},"classes":[]}],"_links":{"self":[{"href":"https:\/\/www.grieta.org.mx\/index.php\/wp-json\/wp\/v2\/posts\/21968","targetHints":{"allow":["GET"]}}],"collection":[{"href":"https:\/\/www.grieta.org.mx\/index.php\/wp-json\/wp\/v2\/posts"}],"about":[{"href":"https:\/\/www.grieta.org.mx\/index.php\/wp-json\/wp\/v2\/types\/post"}],"author":[{"embeddable":true,"href":"https:\/\/www.grieta.org.mx\/index.php\/wp-json\/wp\/v2\/users\/2"}],"replies":[{"embeddable":true,"href":"https:\/\/www.grieta.org.mx\/index.php\/wp-json\/wp\/v2\/comments?post=21968"}],"version-history":[{"count":1,"href":"https:\/\/www.grieta.org.mx\/index.php\/wp-json\/wp\/v2\/posts\/21968\/revisions"}],"predecessor-version":[{"id":21982,"href":"https:\/\/www.grieta.org.mx\/index.php\/wp-json\/wp\/v2\/posts\/21968\/revisions\/21982"}],"wp:featuredmedia":[{"embeddable":true,"href":"https:\/\/www.grieta.org.mx\/index.php\/wp-json\/wp\/v2\/media\/21969"}],"wp:attachment":[{"href":"https:\/\/www.grieta.org.mx\/index.php\/wp-json\/wp\/v2\/media?parent=21968"}],"wp:term":[{"taxonomy":"category","embeddable":true,"href":"https:\/\/www.grieta.org.mx\/index.php\/wp-json\/wp\/v2\/categories?post=21968"},{"taxonomy":"post_tag","embeddable":true,"href":"https:\/\/www.grieta.org.mx\/index.php\/wp-json\/wp\/v2\/tags?post=21968"}],"curies":[{"name":"wp","href":"https:\/\/api.w.org\/{rel}","templated":true}]}}