{"id":21889,"date":"2018-02-20T14:18:19","date_gmt":"2018-02-20T20:18:19","guid":{"rendered":"http:\/\/www.grieta.org.mx\/?p=21889"},"modified":"2018-03-29T17:48:31","modified_gmt":"2018-03-29T23:48:31","slug":"grupo-modelo-perjudica-a-autotransportistas-zacatecas","status":"publish","type":"post","link":"https:\/\/www.grieta.org.mx\/index.php\/2018\/02\/20\/grupo-modelo-perjudica-a-autotransportistas-zacatecas\/","title":{"rendered":"Grupo Modelo perjudica a autotransportistas (Zacatecas)"},"content":{"rendered":"<p>Redacci\u00f3n\/Exc\u00e9lsior<br \/>\n<img loading=\"lazy\" decoding=\"async\" data-attachment-id=\"21890\" data-permalink=\"https:\/\/www.grieta.org.mx\/index.php\/2018\/02\/20\/grupo-modelo-perjudica-a-autotransportistas-zacatecas\/ex1\/\" data-orig-file=\"https:\/\/www.grieta.org.mx\/wp-content\/uploads\/2018\/03\/ex1.jpg\" data-orig-size=\"800,600\" data-comments-opened=\"0\" data-image-meta=\"{&quot;aperture&quot;:&quot;0&quot;,&quot;credit&quot;:&quot;&quot;,&quot;camera&quot;:&quot;&quot;,&quot;caption&quot;:&quot;&quot;,&quot;created_timestamp&quot;:&quot;0&quot;,&quot;copyright&quot;:&quot;&quot;,&quot;focal_length&quot;:&quot;0&quot;,&quot;iso&quot;:&quot;0&quot;,&quot;shutter_speed&quot;:&quot;0&quot;,&quot;title&quot;:&quot;&quot;,&quot;orientation&quot;:&quot;0&quot;}\" data-image-title=\"ex1\" data-image-description=\"\" data-image-caption=\"\" data-medium-file=\"https:\/\/www.grieta.org.mx\/wp-content\/uploads\/2018\/03\/ex1-300x225.jpg\" data-large-file=\"https:\/\/www.grieta.org.mx\/wp-content\/uploads\/2018\/03\/ex1.jpg\" src=\"http:\/\/www.grieta.org.mx\/wp-content\/uploads\/2018\/03\/ex1.jpg\" alt=\"\" width=\"800\" height=\"600\" class=\"aligncenter size-full wp-image-21890\" srcset=\"https:\/\/www.grieta.org.mx\/wp-content\/uploads\/2018\/03\/ex1.jpg 800w, https:\/\/www.grieta.org.mx\/wp-content\/uploads\/2018\/03\/ex1-300x225.jpg 300w, https:\/\/www.grieta.org.mx\/wp-content\/uploads\/2018\/03\/ex1-768x576.jpg 768w\" sizes=\"auto, (max-width: 800px) 100vw, 800px\" \/><\/p>\n<p>Comprar una cerveza Corona en la tienda de abarrotes m\u00e1s cercana es una tarea f\u00e1cil, pero detr\u00e1s de esa compra existen autotransportistas que no reciben un pago justo por su servicio.<\/p>\n<p>As\u00ed, distribuir la bebida por el pa\u00eds dej\u00f3 de ser rentable, pues Grupo Modelo, su fabricante, no brinda seguridad a los operadores de los camiones que trasladan sus productos y, en \u00faltimas fechas, les ha querido pagar menos de la mitad por cada viaje.<\/p>\n<p>De acuerdo con Francisco Javier Mart\u00ednez, secretario general del Sindicato Independiente del Operador en el Estado de Zacatecas (SIDEOPEZAC), antes, Grupo Modelo les pagaba de dos mil 800 a tres mil pesos por llevar cerveza hasta Michoac\u00e1n; ahora, s\u00f3lo ofrece mil 600 o mil 800 pesos.<\/p>\n<p>Adem\u00e1s, manifest\u00f3 que la empresa quiere que los operadores solamente conduzcan por seis horas y que descansen en zonas peligrosas, donde son presa f\u00e1cil de la delincuencia.<\/p>\n<p>Los operadores de camiones est\u00e1n haciendo la mitad de viajes por la mitad de dinero, lo que ha afectado severamente la calidad de vida de sus familias.<\/p>\n<p>El l\u00edder sindical dijo tambi\u00e9n que Grupo Modelo ha optado por contratar a grandes compa\u00f1\u00edas de transporte, las cuales han quitado empleo a trabajadores de la regi\u00f3n y algunos han abaratado sus servicios para mantener a flote el negocio.<\/p>\n<p>Asegur\u00f3 que los robos a los camiones son comunes y se han convertido en un severo problema, lo cual afecta directamente a los operadores, pues terminan en la &#8220;lista negra&#8221; de la compa\u00f1\u00eda y no pueden volver a trabajar para ella.<\/p>\n<p>Debido a dichas irregularidades, la semana pasada el Sideopezac bloque\u00f3 la entrada a la planta de Grupo Modelo en Zacatecas, aunque directivos del Grupo se han mostrado dispuestos a negociar con los operadores, ellos mantienen sus reservas, pues desde 2017 se enfrascaron en &#8220;negociaciones&#8221;, que no resolvieron ninguno de sus problemas.<\/p>\n<p><img loading=\"lazy\" decoding=\"async\" data-attachment-id=\"21891\" data-permalink=\"https:\/\/www.grieta.org.mx\/index.php\/2018\/02\/20\/grupo-modelo-perjudica-a-autotransportistas-zacatecas\/ex2\/\" data-orig-file=\"https:\/\/www.grieta.org.mx\/wp-content\/uploads\/2018\/03\/ex2.jpg\" data-orig-size=\"800,600\" data-comments-opened=\"0\" data-image-meta=\"{&quot;aperture&quot;:&quot;0&quot;,&quot;credit&quot;:&quot;&quot;,&quot;camera&quot;:&quot;&quot;,&quot;caption&quot;:&quot;&quot;,&quot;created_timestamp&quot;:&quot;0&quot;,&quot;copyright&quot;:&quot;&quot;,&quot;focal_length&quot;:&quot;0&quot;,&quot;iso&quot;:&quot;0&quot;,&quot;shutter_speed&quot;:&quot;0&quot;,&quot;title&quot;:&quot;&quot;,&quot;orientation&quot;:&quot;0&quot;}\" data-image-title=\"ex2\" data-image-description=\"\" data-image-caption=\"\" data-medium-file=\"https:\/\/www.grieta.org.mx\/wp-content\/uploads\/2018\/03\/ex2-300x225.jpg\" data-large-file=\"https:\/\/www.grieta.org.mx\/wp-content\/uploads\/2018\/03\/ex2.jpg\" src=\"http:\/\/www.grieta.org.mx\/wp-content\/uploads\/2018\/03\/ex2.jpg\" alt=\"\" width=\"800\" height=\"600\" class=\"aligncenter size-full wp-image-21891\" srcset=\"https:\/\/www.grieta.org.mx\/wp-content\/uploads\/2018\/03\/ex2.jpg 800w, https:\/\/www.grieta.org.mx\/wp-content\/uploads\/2018\/03\/ex2-300x225.jpg 300w, https:\/\/www.grieta.org.mx\/wp-content\/uploads\/2018\/03\/ex2-768x576.jpg 768w\" sizes=\"auto, (max-width: 800px) 100vw, 800px\" \/><\/p>\n<p><img loading=\"lazy\" decoding=\"async\" data-attachment-id=\"21892\" data-permalink=\"https:\/\/www.grieta.org.mx\/index.php\/2018\/02\/20\/grupo-modelo-perjudica-a-autotransportistas-zacatecas\/ex3\/\" data-orig-file=\"https:\/\/www.grieta.org.mx\/wp-content\/uploads\/2018\/03\/ex3.jpg\" data-orig-size=\"800,600\" data-comments-opened=\"0\" data-image-meta=\"{&quot;aperture&quot;:&quot;0&quot;,&quot;credit&quot;:&quot;&quot;,&quot;camera&quot;:&quot;&quot;,&quot;caption&quot;:&quot;&quot;,&quot;created_timestamp&quot;:&quot;0&quot;,&quot;copyright&quot;:&quot;&quot;,&quot;focal_length&quot;:&quot;0&quot;,&quot;iso&quot;:&quot;0&quot;,&quot;shutter_speed&quot;:&quot;0&quot;,&quot;title&quot;:&quot;&quot;,&quot;orientation&quot;:&quot;0&quot;}\" data-image-title=\"ex3\" data-image-description=\"\" data-image-caption=\"\" data-medium-file=\"https:\/\/www.grieta.org.mx\/wp-content\/uploads\/2018\/03\/ex3-300x225.jpg\" data-large-file=\"https:\/\/www.grieta.org.mx\/wp-content\/uploads\/2018\/03\/ex3.jpg\" src=\"http:\/\/www.grieta.org.mx\/wp-content\/uploads\/2018\/03\/ex3.jpg\" alt=\"\" width=\"800\" height=\"600\" class=\"aligncenter size-large wp-image-21892\" srcset=\"https:\/\/www.grieta.org.mx\/wp-content\/uploads\/2018\/03\/ex3.jpg 800w, https:\/\/www.grieta.org.mx\/wp-content\/uploads\/2018\/03\/ex3-300x225.jpg 300w, https:\/\/www.grieta.org.mx\/wp-content\/uploads\/2018\/03\/ex3-768x576.jpg 768w\" sizes=\"auto, (max-width: 800px) 100vw, 800px\" \/><\/p>\n<p><a href=\"http:\/\/www.excelsior.com.mx\/nacional\/2018\/02\/20\/1221502#imagen-3\" rel=\"noopener\" target=\"_blank\">http:\/\/www.excelsior.com.mx\/nacional\/2018\/02\/20\/1221502#imagen-3<\/a><\/p>\n","protected":false},"excerpt":{"rendered":"<p>Redacci\u00f3n\/Exc\u00e9lsior Comprar una cerveza Corona en la tienda de abarrotes m\u00e1s cercana es una tarea f\u00e1cil, pero detr\u00e1s de esa compra existen autotransportistas que no reciben un pago justo por &hellip; <a href=\"https:\/\/www.grieta.org.mx\/index.php\/2018\/02\/20\/grupo-modelo-perjudica-a-autotransportistas-zacatecas\/\" class=\"more-link\">Leer m\u00e1s<\/a><\/p>\n","protected":false},"author":2,"featured_media":21892,"comment_status":"closed","ping_status":"closed","sticky":false,"template":"","format":"standard","meta":{"ngg_post_thumbnail":0,"_jetpack_newsletter_access":"","_jetpack_dont_email_post_to_subs":false,"_jetpack_newsletter_tier_id":0,"_jetpack_memberships_contains_paywalled_content":false,"_jetpack_memberships_contains_paid_content":false,"footnotes":""},"categories":[80,910,1109,1110,76],"tags":[113,489,378],"class_list":["post-21889","post","type-post","status-publish","format-standard","has-post-thumbnail","hentry","category-cintillo","category-explotacion-y-precariedad-laboral","category-explotacion-y-precariedad-laboral-zacatecas","category-lucha-de-los-trabajadores-de-grupo-modelo","category-zacatecas","tag-conflictos-laborales","tag-grupo-modelo","tag-sindicatos","entry"],"jetpack_featured_media_url":"https:\/\/www.grieta.org.mx\/wp-content\/uploads\/2018\/03\/ex3.jpg","jetpack_sharing_enabled":true,"jetpack_shortlink":"https:\/\/wp.me\/p7ZJR4-5H3","jetpack_likes_enabled":false,"jetpack-related-posts":[{"id":21868,"url":"https:\/\/www.grieta.org.mx\/index.php\/2017\/05\/24\/sin-solucion-conflicto-en-grupo-modelo-zacatecas\/","url_meta":{"origin":21889,"position":0},"title":"Sin soluci\u00f3n, conflicto en Grupo Modelo (Zacatecas)","author":"grieta","date":"24 mayo, 2017","format":false,"excerpt":"Dante Godoy\/NTR Zacatecas Zacatecas.- Manuel Torres Barrios, l\u00edder de trabajadores despedidos por la empresa Grupo Modelo, explic\u00f3 que las negociaciones no han rendido frutos y el corporativo se niega a dar cabida al pliego petitorio del pretendido sindicato independiente que mantiene un bloqueo al acceso de camiones surtidores de materia\u2026","rel":"","context":"En &quot;CINTILLO&quot;","block_context":{"text":"CINTILLO","link":"https:\/\/www.grieta.org.mx\/index.php\/category\/cintillo\/"},"img":{"alt_text":"","src":"https:\/\/i0.wp.com\/www.grieta.org.mx\/wp-content\/uploads\/2018\/03\/gm1.jpg?resize=350%2C200&ssl=1","width":350,"height":200,"srcset":"https:\/\/i0.wp.com\/www.grieta.org.mx\/wp-content\/uploads\/2018\/03\/gm1.jpg?resize=350%2C200&ssl=1 1x, https:\/\/i0.wp.com\/www.grieta.org.mx\/wp-content\/uploads\/2018\/03\/gm1.jpg?resize=525%2C300&ssl=1 1.5x, https:\/\/i0.wp.com\/www.grieta.org.mx\/wp-content\/uploads\/2018\/03\/gm1.jpg?resize=700%2C400&ssl=1 2x"},"classes":[]},{"id":21885,"url":"https:\/\/www.grieta.org.mx\/index.php\/2018\/02\/12\/cierran-entrada-a-planta-modelo-zacatecas\/","url_meta":{"origin":21889,"position":1},"title":"Cierran entrada a planta Modelo (Zacatecas)","author":"grieta","date":"12 febrero, 2018","format":false,"excerpt":"Claudio Montes de Oca\/NTR Zacatecas ZACATECAS.- Integrantes del Sindicato Independiente del Operador en el Estado de Zacatecas (Sideopezac) contin\u00faan la toma de la carretera de entrada a la Cervecera de Grupo Modelo, pese a los constantes intentos por llegar a un acuerdo con Grupo Modelo. Sin embargo, por parte de\u2026","rel":"","context":"En &quot;CINTILLO&quot;","block_context":{"text":"CINTILLO","link":"https:\/\/www.grieta.org.mx\/index.php\/category\/cintillo\/"},"img":{"alt_text":"","src":"https:\/\/i0.wp.com\/www.grieta.org.mx\/wp-content\/uploads\/2018\/03\/paro-sideopezac-8-650x380.jpg?resize=350%2C200&ssl=1","width":350,"height":200,"srcset":"https:\/\/i0.wp.com\/www.grieta.org.mx\/wp-content\/uploads\/2018\/03\/paro-sideopezac-8-650x380.jpg?resize=350%2C200&ssl=1 1x, https:\/\/i0.wp.com\/www.grieta.org.mx\/wp-content\/uploads\/2018\/03\/paro-sideopezac-8-650x380.jpg?resize=525%2C300&ssl=1 1.5x"},"classes":[]},{"id":8280,"url":"https:\/\/www.grieta.org.mx\/index.php\/2015\/10\/06\/cerveceros-se-reintegran-a-sus-fuentes-de-trabajo\/","url_meta":{"origin":21889,"position":2},"title":"Cerveceros se reintegran a sus fuentes de trabajo","author":"grieta","date":"6 octubre, 2015","format":false,"excerpt":"6 octubre, 2015 Imagen Zacatecas CALERA.- La tarde de ayer, los trabajadores de la planta cervecera de Grupo Modelo se reintegraron a sus fuentes de trabajo para restablecer las operaciones de dicha planta, con lo que se espera se recupere la normalidad de la producci\u00f3n, inform\u00f3 Servicios Modelo de Zacatecas\u2026","rel":"","context":"En &quot;CINTILLO&quot;","block_context":{"text":"CINTILLO","link":"https:\/\/www.grieta.org.mx\/index.php\/category\/cintillo\/"},"img":{"alt_text":"","src":"https:\/\/i0.wp.com\/www.grieta.org.mx\/wp-content\/uploads\/2018\/03\/14524434_1106112876131411_958039263622046936_o.jpg?resize=350%2C200&ssl=1","width":350,"height":200,"srcset":"https:\/\/i0.wp.com\/www.grieta.org.mx\/wp-content\/uploads\/2018\/03\/14524434_1106112876131411_958039263622046936_o.jpg?resize=350%2C200&ssl=1 1x, https:\/\/i0.wp.com\/www.grieta.org.mx\/wp-content\/uploads\/2018\/03\/14524434_1106112876131411_958039263622046936_o.jpg?resize=525%2C300&ssl=1 1.5x, https:\/\/i0.wp.com\/www.grieta.org.mx\/wp-content\/uploads\/2018\/03\/14524434_1106112876131411_958039263622046936_o.jpg?resize=700%2C400&ssl=1 2x"},"classes":[]},{"id":21856,"url":"https:\/\/www.grieta.org.mx\/index.php\/2017\/05\/23\/se-manifiestan-contra-grupo-modelo-zacatecas\/","url_meta":{"origin":21889,"position":3},"title":"Se manifiestan contra Grupo Modelo (Zacatecas)","author":"grieta","date":"23 mayo, 2017","format":false,"excerpt":"Karen Calder\u00f3n\/NTR Zacatecas Zacatecas.- Al mediod\u00eda de este martes, integrantes del Frente Popular de Lucha de Zacatecas (FPLZ), del Sindicato Independiente del Operador en el Estado de Zacatecas (Sideopezac), as\u00ed como del sindicato de trabajadores de la Cervecera Modelo, se manifestaron de manera pac\u00edfica en la entrada vehicular de la\u2026","rel":"","context":"En &quot;CINTILLO&quot;","block_context":{"text":"CINTILLO","link":"https:\/\/www.grieta.org.mx\/index.php\/category\/cintillo\/"},"img":{"alt_text":"","src":"https:\/\/i0.wp.com\/www.grieta.org.mx\/wp-content\/uploads\/2017\/05\/modelo3.jpg?resize=350%2C200&ssl=1","width":350,"height":200,"srcset":"https:\/\/i0.wp.com\/www.grieta.org.mx\/wp-content\/uploads\/2017\/05\/modelo3.jpg?resize=350%2C200&ssl=1 1x, https:\/\/i0.wp.com\/www.grieta.org.mx\/wp-content\/uploads\/2017\/05\/modelo3.jpg?resize=525%2C300&ssl=1 1.5x, https:\/\/i0.wp.com\/www.grieta.org.mx\/wp-content\/uploads\/2017\/05\/modelo3.jpg?resize=700%2C400&ssl=1 2x"},"classes":[]},{"id":21878,"url":"https:\/\/www.grieta.org.mx\/index.php\/2017\/09\/01\/reprochan-despidos-en-la-modelo-zacatecas\/","url_meta":{"origin":21889,"position":4},"title":"Reprochan despidos en la Modelo (Zacatecas)","author":"grieta","date":"1 septiembre, 2017","format":false,"excerpt":"Claudio Montes de Oca\/NTR Zacatecas Zacatecas.- Integrantes del Sindicato Independiente de Trabajadores de la Compa\u00f1\u00eda Cervecera de Zacatecas reprocharon el despido injustificado del tesorero de esta organizaci\u00f3n, Jos\u00e9 Israel Luna Alvarado. El l\u00edder sindical Jos\u00e9 No\u00e9 Mart\u00ednez Sol\u00eds expuso que tras obtener la validez del sindicato, Grupo Modelo despidi\u00f3 al\u2026","rel":"","context":"En &quot;CINTILLO&quot;","block_context":{"text":"CINTILLO","link":"https:\/\/www.grieta.org.mx\/index.php\/category\/cintillo\/"},"img":{"alt_text":"","src":"https:\/\/i0.wp.com\/www.grieta.org.mx\/wp-content\/uploads\/2017\/09\/modelo-2.jpg?resize=350%2C200&ssl=1","width":350,"height":200,"srcset":"https:\/\/i0.wp.com\/www.grieta.org.mx\/wp-content\/uploads\/2017\/09\/modelo-2.jpg?resize=350%2C200&ssl=1 1x, https:\/\/i0.wp.com\/www.grieta.org.mx\/wp-content\/uploads\/2017\/09\/modelo-2.jpg?resize=525%2C300&ssl=1 1.5x"},"classes":[]},{"id":8282,"url":"https:\/\/www.grieta.org.mx\/index.php\/2015\/10\/02\/vuelve-conflicto-a-grupo-modelo\/","url_meta":{"origin":21889,"position":5},"title":"Vuelve conflicto a Grupo Modelo","author":"grieta","date":"2 octubre, 2015","format":false,"excerpt":"2 octubre, 2015 NTR Zacatecas Zacatecas.- Desde las 13 horas de este viernes, aproximadamente 200 trabajadores de Grupo Modelo, propiedad de la empresa belga Anheuser-BuschInBev (Av-InBev), se manifestaron afuera de las instalaciones de la cervecera para exigir que se reconozca un sindicato independiente dentro de la compa\u00f1\u00eda. Quienes encabezaron la\u2026","rel":"","context":"En &quot;CINTILLO&quot;","block_context":{"text":"CINTILLO","link":"https:\/\/www.grieta.org.mx\/index.php\/category\/cintillo\/"},"img":{"alt_text":"","src":"https:\/\/i0.wp.com\/www.grieta.org.mx\/wp-content\/uploads\/2018\/03\/14524434_1106112876131411_958039263622046936_o.jpg?resize=350%2C200&ssl=1","width":350,"height":200,"srcset":"https:\/\/i0.wp.com\/www.grieta.org.mx\/wp-content\/uploads\/2018\/03\/14524434_1106112876131411_958039263622046936_o.jpg?resize=350%2C200&ssl=1 1x, https:\/\/i0.wp.com\/www.grieta.org.mx\/wp-content\/uploads\/2018\/03\/14524434_1106112876131411_958039263622046936_o.jpg?resize=525%2C300&ssl=1 1.5x, https:\/\/i0.wp.com\/www.grieta.org.mx\/wp-content\/uploads\/2018\/03\/14524434_1106112876131411_958039263622046936_o.jpg?resize=700%2C400&ssl=1 2x"},"classes":[]}],"_links":{"self":[{"href":"https:\/\/www.grieta.org.mx\/index.php\/wp-json\/wp\/v2\/posts\/21889","targetHints":{"allow":["GET"]}}],"collection":[{"href":"https:\/\/www.grieta.org.mx\/index.php\/wp-json\/wp\/v2\/posts"}],"about":[{"href":"https:\/\/www.grieta.org.mx\/index.php\/wp-json\/wp\/v2\/types\/post"}],"author":[{"embeddable":true,"href":"https:\/\/www.grieta.org.mx\/index.php\/wp-json\/wp\/v2\/users\/2"}],"replies":[{"embeddable":true,"href":"https:\/\/www.grieta.org.mx\/index.php\/wp-json\/wp\/v2\/comments?post=21889"}],"version-history":[{"count":1,"href":"https:\/\/www.grieta.org.mx\/index.php\/wp-json\/wp\/v2\/posts\/21889\/revisions"}],"predecessor-version":[{"id":21893,"href":"https:\/\/www.grieta.org.mx\/index.php\/wp-json\/wp\/v2\/posts\/21889\/revisions\/21893"}],"wp:featuredmedia":[{"embeddable":true,"href":"https:\/\/www.grieta.org.mx\/index.php\/wp-json\/wp\/v2\/media\/21892"}],"wp:attachment":[{"href":"https:\/\/www.grieta.org.mx\/index.php\/wp-json\/wp\/v2\/media?parent=21889"}],"wp:term":[{"taxonomy":"category","embeddable":true,"href":"https:\/\/www.grieta.org.mx\/index.php\/wp-json\/wp\/v2\/categories?post=21889"},{"taxonomy":"post_tag","embeddable":true,"href":"https:\/\/www.grieta.org.mx\/index.php\/wp-json\/wp\/v2\/tags?post=21889"}],"curies":[{"name":"wp","href":"https:\/\/api.w.org\/{rel}","templated":true}]}}