{"id":21734,"date":"2018-02-05T22:26:33","date_gmt":"2018-02-06T04:26:33","guid":{"rendered":"http:\/\/www.grieta.org.mx\/?p=21734"},"modified":"2018-02-22T22:40:02","modified_gmt":"2018-02-23T04:40:02","slug":"michoacan-territorio-vedado-para-periodistas","status":"publish","type":"post","link":"https:\/\/www.grieta.org.mx\/index.php\/2018\/02\/05\/michoacan-territorio-vedado-para-periodistas\/","title":{"rendered":"Michoac\u00e1n: territorio vedado para periodistas"},"content":{"rendered":"<blockquote><p>Entre Tepalcatepec y Buenavista, tres reporteros que segu\u00edan la caravana de Marichuy fueron agredidos. Estes es el testimonio de uno de ellos <\/p><\/blockquote>\n<p>Cristian Rodr\u00edguez<\/p>\n<p>En la<strong> Costa michoacana<\/strong> hay un municipio que fascina a los<strong> grupos del crimen organizado<\/strong>: Aquila. Mide la mitad que el vecino estado de Colima, cuenta con extensas y solitarias playas, un pu\u00f1ado de vetas de hierro y prolifera el preciado \u00e1rbol sangualica.<\/p>\n<p>Aquila estaba convertido en tierra de nadie hasta que el 14 de junio de 2009, en Santa Mar\u00eda Ostula, uno de sus pueblos, se dio a conocer un manifiesto que cimbr\u00f3 la historia nacional.<\/p>\n<p>El <strong>Manifiesto de Ostula<\/strong> no era un documento cualquiera. Fue signado por representantes nahuas, pur\u00e9pechas, zapotecos, h\u00f1ah\u00f1us, cocas, tzeltales, mixtecos y rar\u00e1muris en asamblea del <strong>Congreso Nacional Ind\u00edgena<\/strong> (CNI); estaba respaldado por el art\u00edculo 39 constitucional y anunciaba un hecho sin precedentes: las y los<strong> ind\u00edgenas<\/strong> nahuas de ese pueblo, de menos de 2 mil habitantes, van a recuperar sus tierras \u201cpor la v\u00eda de los hechos\u201d.<\/p>\n<p>Los polic\u00edas de Ostula fueron elegidos por la asamblea, \u00fanica autoridad a la que est\u00e1n obligados a rendir cuentas, y desde 2009 han logrado recuperar mil 200 hect\u00e1reas de monta\u00f1a y playa de manos de peque\u00f1os propietarios, algunos de ellos ligados a<strong> Los Caballeros Templarios<\/strong> \u2014grupo surgido de La Familia Michoacana\u2014. Esa es su forma de demostrar que aspiran a vivir dignamente.<\/p>\n<p><strong>Autodefensas<\/strong><\/p>\n<p>A diferencia de la polic\u00eda comunitaria de Ostula, que se arm\u00f3 con machetes y rifles hechizos, que tiene similitud y simpat\u00eda con la polic\u00eda comunitaria del municipio de Cher\u00e1n y que sigue en pie, en el \u00faltimo lustro surgieron otros grupos armados que aspiraban a poner un alto a Los Caballeros Templarios:<\/p>\n<p>En el caluroso auditorio de la Uni\u00f3n Ganadera del municipio de Tepalcatepec, en la regi\u00f3n Tierra Caliente, la celebraci\u00f3n del D\u00eda de la Bandera de 2013 fue in\u00e9dita. \u201cVamos a rebelarnos\u201d, gritaba en\u00e9rgico Jos\u00e9 Far\u00edas \u00c1lvarez, alias El Abuelo, ante unos 5 mil ganaderos. Aquel d\u00eda, el entonces alcalde de Tepalcatepec, el pri\u00edsta Guillermo Valencia Reyes, no asisti\u00f3 al evento, pero en su representaci\u00f3n envi\u00f3 a su madre. La mujer, de avanzada edad, se sinti\u00f3 mal y sali\u00f3 del recinto a tomar aire, fue entonces cuando vio que familiares de El Abuelo \u2014vinculado con el C\u00e1rtel del Milenio y que en 2009 hab\u00eda sido procesado por portar hach\u00eds\u2014 bajaron armas de una camioneta del Ej\u00e9rcito y comenzaron a repartirlas a los ganaderos envalentonados.<\/p>\n<p>As\u00ed nacieron los grupos de autodefensa cuya cara m\u00e1s visible fue la del doctor Jos\u00e9 Mireles Valverde, mismos que en un a\u00f1o expulsaron a Los Templarios, pero terminaron siendo diluidos en fuerzas rurales por el comisionado de Seguridad, Alfredo Castillo Cervantes, mientras informes de inteligencia militar se\u00f1alan que, con toda esa revuelta, el C\u00e1rtel Jalisco Nueva Generaci\u00f3n sali\u00f3 beneficiado y se posicion\u00f3 en Tierra Caliente.<\/p>\n<p><strong>En Ostula, Marichuy no pidi\u00f3 firmas<\/strong><\/p>\n<p>A casi nueve a\u00f1os de tener dos frentes abiertos \u2014uno contra el crimen organizado y otro contra el gobierno\u2014, 36 comuneros de Ostula han sido asesinados y otros seis han sido desaparecidos.<\/p>\n<p>Ostula fue el primer pueblo michoacano de la gira de Mar\u00eda de Jes\u00fas Patricio, Marichuy, m\u00e9dico tradicional nahua de Tuxpan, Jalisco, quien es vocera del Concejo Ind\u00edgena de Gobierno (CIG) y aspira a una candidatura independiente para las elecciones presidenciales.<\/p>\n<p><a href=\"http:\/\/www.grieta.org.mx\/wp-content\/uploads\/2018\/02\/data55223997.jpg\"><img decoding=\"async\" data-attachment-id=\"21739\" data-permalink=\"https:\/\/www.grieta.org.mx\/index.php\/2018\/02\/05\/michoacan-territorio-vedado-para-periodistas\/data55223997\/\" data-orig-file=\"https:\/\/www.grieta.org.mx\/wp-content\/uploads\/2018\/02\/data55223997.jpg\" data-orig-size=\"441,294\" data-comments-opened=\"0\" data-image-meta=\"{&quot;aperture&quot;:&quot;0&quot;,&quot;credit&quot;:&quot;&quot;,&quot;camera&quot;:&quot;&quot;,&quot;caption&quot;:&quot;&quot;,&quot;created_timestamp&quot;:&quot;0&quot;,&quot;copyright&quot;:&quot;&quot;,&quot;focal_length&quot;:&quot;0&quot;,&quot;iso&quot;:&quot;0&quot;,&quot;shutter_speed&quot;:&quot;0&quot;,&quot;title&quot;:&quot;&quot;,&quot;orientation&quot;:&quot;0&quot;}\" data-image-title=\"data55223997\" data-image-description=\"\" data-image-caption=\"\" data-medium-file=\"https:\/\/www.grieta.org.mx\/wp-content\/uploads\/2018\/02\/data55223997-300x200.jpg\" data-large-file=\"https:\/\/www.grieta.org.mx\/wp-content\/uploads\/2018\/02\/data55223997.jpg\" src=\"http:\/\/www.grieta.org.mx\/wp-content\/uploads\/2018\/02\/data55223997.jpg\" alt=\"\" width=\"100%\"  class=\"aligncenter size-full wp-image-21739\" srcset=\"https:\/\/www.grieta.org.mx\/wp-content\/uploads\/2018\/02\/data55223997.jpg 441w, https:\/\/www.grieta.org.mx\/wp-content\/uploads\/2018\/02\/data55223997-300x200.jpg 300w\" sizes=\"(max-width: 441px) 100vw, 441px\" \/><\/a><br \/><em>Foto: Rodolfo Ayala.<\/em><br \/>\n&nbsp;<\/p>\n<p>El CIG tiene dos intenciones: que Marichuy visite las comunidades originarias para tejer redes de organizaci\u00f3n y que aparezca en los debates presidenciales y en la boleta para denunciar precisamente los despojos y violencia que sufren los pueblos de M\u00e9xico. Para este \u00faltimo objetivo debe recabar m\u00e1s de 866 mil firmas de apoyo, pero a menos de un mes de que termine el plazo, enfoca sus fuerzas y su discurso en fortalecer al CNI.<\/p>\n<p>El domingo 21 de enero, ante unas mil 200 personas resguardadas por polic\u00edas comunitarios, el l\u00edder nahua Evaristo Dom\u00ednguez Ramos ley\u00f3 un nuevo Manifiesto de Ostula. Este breve documento rechaza la mercantilizaci\u00f3n de la vida y los bienes de la Tierra; condena la criminalizaci\u00f3n y encarcelamiento de sus compa\u00f1eros y reafirma que seguir\u00e1n ejerciendo su autonom\u00eda.<\/p>\n<p><a href=\"http:\/\/www.grieta.org.mx\/wp-content\/uploads\/2018\/02\/data55224012.jpg\"><img decoding=\"async\" data-attachment-id=\"21738\" data-permalink=\"https:\/\/www.grieta.org.mx\/index.php\/2018\/02\/05\/michoacan-territorio-vedado-para-periodistas\/data55224012\/\" data-orig-file=\"https:\/\/www.grieta.org.mx\/wp-content\/uploads\/2018\/02\/data55224012.jpg\" data-orig-size=\"441,294\" data-comments-opened=\"0\" data-image-meta=\"{&quot;aperture&quot;:&quot;0&quot;,&quot;credit&quot;:&quot;&quot;,&quot;camera&quot;:&quot;&quot;,&quot;caption&quot;:&quot;&quot;,&quot;created_timestamp&quot;:&quot;0&quot;,&quot;copyright&quot;:&quot;&quot;,&quot;focal_length&quot;:&quot;0&quot;,&quot;iso&quot;:&quot;0&quot;,&quot;shutter_speed&quot;:&quot;0&quot;,&quot;title&quot;:&quot;&quot;,&quot;orientation&quot;:&quot;0&quot;}\" data-image-title=\"data55224012\" data-image-description=\"\" data-image-caption=\"\" data-medium-file=\"https:\/\/www.grieta.org.mx\/wp-content\/uploads\/2018\/02\/data55224012-300x200.jpg\" data-large-file=\"https:\/\/www.grieta.org.mx\/wp-content\/uploads\/2018\/02\/data55224012.jpg\" src=\"http:\/\/www.grieta.org.mx\/wp-content\/uploads\/2018\/02\/data55224012.jpg\" alt=\"\" width=\"100%\" class=\"aligncenter size-full wp-image-21738\" srcset=\"https:\/\/www.grieta.org.mx\/wp-content\/uploads\/2018\/02\/data55224012.jpg 441w, https:\/\/www.grieta.org.mx\/wp-content\/uploads\/2018\/02\/data55224012-300x200.jpg 300w\" sizes=\"(max-width: 441px) 100vw, 441px\" \/><\/a><br \/><em>Foto: Rodolfo Ayala.<\/em><br \/>\n&nbsp;<\/p>\n<p>Marichuy tom\u00f3 la palabra y, en vez de pedir firmas, hizo referencia a la reforma energ\u00e9tica, a la nueva ley de biodiversidad y a la necesidad de que los pueblos luchen unidos:<\/p>\n<p>\u201cNosotros hemos sido los due\u00f1os de las tierras antes de que llegaran ellos, y ellos han hecho todas estas leyes, todas estas reformas solamente para seguir asegurando este despojo [\u2026] Nuestra propuesta es que tenemos que organizarnos todos los pueblos, hacernos fuertes abajo. Y juntos, d\u00e1ndonos la mano, vamos a hacer posible que el que est\u00e9 arriba se ponga a temblar\u201d.<\/p>\n<p>Despu\u00e9s de los discursos, un mariachi tradicional y diferentes grupos de danzas conformados por ni\u00f1os, ni\u00f1as y j\u00f3venes dieron fe de la vida cultural de Ostula. Fue un rato de alegr\u00eda en esta comunidad en resistencia.<\/p>\n<p><strong>La ley de las armas<\/strong><\/p>\n<p>Los veh\u00edculos en los que viajaban los integrantes del CIG salieron de Ostula a las 14:00 horas rumbo a Paracho. El camino, de m\u00e1s de 360 kil\u00f3metros, es sinuoso, en partes deteriorado, y atravesaba la regi\u00f3n Tierra Caliente. Detr\u00e1s de los veh\u00edculos del CIG iba un Volkswagen Golf gris modelo 2005 con placas de la Ciudad de M\u00e9xico, en el que viaj\u00e1bamos tres periodistas independientes: Daliri Oropeza, Al-Dabi Olvera y Cristian Rodr\u00edguez, quienes desde mayo de 2017 comenzamos a dar cobertura period\u00edstica a la aspiraci\u00f3n del CIG.<\/p>\n<p>Al salir de Coalcom\u00e1n, alrededor de las 16:00 horas, los polic\u00edas comunitarios de Ostula que escoltaban la caravana dieron marcha atr\u00e1s. Ese ya no era su territorio. Ocho veh\u00edculos seguimos el rumbo. Nuestro Golf ahora estaba colocado al final. Despu\u00e9s de atravesar Tepalcatepec, la carretera rodea un inmenso valle limonero. Mientras Daliri conduc\u00eda, Al-Dabi y yo aprovechamos para fotografiar los cultivos, una de las principales fuentes de ingresos de la zona. Era un ejercicio period\u00edstico.<\/p>\n<p>Alrededor de las 18:00 horas, despu\u00e9s de capturar una r\u00e1faga de fotograf\u00edas desde mi asiento, detr\u00e1s del copiloto, me despegu\u00e9 la c\u00e1mara del ojo derecho y la baj\u00e9 a la altura de mi pecho cuando vi que al final de la curva, afuera de la carretera, estaba estacionada una camioneta Honda CR-V de modelo reciente tripulada por cinco hombres armados que dirig\u00edan sus miradas hacia nuestro veh\u00edculo. Baj\u00e9 la c\u00e1mara a la altura de mi ombligo y con la mano toqu\u00e9 el hombro izquierdo de Al-Dabi a quien le dije: \u201cBaja la c\u00e1mara, hermano\u201d.<\/p>\n<p>El final de esa curva era la entrada al poblado 18 de Marzo, municipio de Buenavista, unos 230 kil\u00f3metros al suroeste de Morelia. Despu\u00e9s de una recta de 350 metros partida por tres topes que obligan a los viajeros a disminuir la velocidad, la carretera gira a la derecha. Justo en esa vuelta la camioneta se emparej\u00f3 a nuestro veh\u00edculo y los hombres le gritaron a Daliri que detuviera nuestro Volkswagen.<\/p>\n<p>La camioneta de los hombres aceler\u00f3 para rebasarnos y se detuvo unos 150 metros adelante, afuera de la carretera. Con un aire de valent\u00eda, Daliri comenz\u00f3 a pisar el acelerador. Pensando en que nos aplicar\u00edan la ley fuga, Al-Dabi y yo le gritamos que se detuviera, lo que finalmente hizo. Nuestro veh\u00edculo qued\u00f3 10 metros delante de los hombres. Era un punto ciego.<\/p>\n<p><strong>Nos enca\u00f1onaron en Tierra Caliente<\/strong><\/p>\n<p>Dos hombres descendieron y caminaron hacia nuestro veh\u00edculo. Pens\u00e9 que probablemente se hab\u00edan molestado por vernos tomar fotograf\u00edas y que incluso sospechaban que los hab\u00edamos retratado, lo cual Al-Dabi y yo nunca hicimos. No conozco un manual que diga qu\u00e9 hacer frente a hombres armados. Lo que hicimos en ese momento fue por instinto de supervivencia.<\/p>\n<p>Mientras los hombres nos gritaban palabras altisonantes, baj\u00e9 del auto y Al-Dabi me secund\u00f3. \u201cNo se preocupen, no hay fotos suyas. Si quiere revisamos y borramos lo que usted diga\u201d, le dije al que se detuvo m\u00e1s cerca de m\u00ed, mientras mostraba el visor de la c\u00e1mara. El otro hombre que estaba a metro y medio de distancia levant\u00f3 el ca\u00f1\u00f3n de su cuerno de chivo, me apunt\u00f3 al est\u00f3mago y grit\u00f3: \u201c\u00a1Que nos den las c\u00e1maras, hijo de tu puta madre!\u201d. Estir\u00e9 la mano derecha para entregar el aparato al tiempo que volte\u00e9 la mirada al piso y comenc\u00e9 a temblar. Jam\u00e1s tuve tanto miedo a morir.<\/p>\n<p>Los hombres, uniformados de botas y pantal\u00f3n negro, camiseta gris de manga larga bajo un chaleco antibalas y cachucha negra con el escudo nacional y la palabra \u201cMichoac\u00e1n\u201d en letras doradas les pidieron la otra c\u00e1mara y los celulares a mis compa\u00f1eros. Ellos \u201ccooperaron\u201d. Yo comenc\u00e9 a buscar el m\u00edo sin \u00e9xito cuando escuch\u00e9 que dijeron: \u201cYa v\u00e1yanse y no chillen, que les fue bien, hijos de la chingada\u201d. De reojo vi que se retiraban. Pudieron llevarse todo, pero s\u00f3lo se llevaron nuestras c\u00e1maras y celulares. Al-Dabi y yo subimos al auto y Daliri arranc\u00f3 para alcanzar a la caravana.<\/p>\n<p><strong>Gobierno minimiza ataque<\/strong><\/p>\n<p>Despu\u00e9s de tomarnos las manos para bajarnos el susto, encontr\u00e9 mi celular bajo mi asiento y con \u00e9l pudimos comunicarnos con un compa\u00f1ero. La caravana nos esper\u00f3 en el poblado de Buenavista Tomatl\u00e1n. Los tres periodistas les explicamos lo sucedido. Un conductor nos pidi\u00f3 que nos posicion\u00e1ramos en medio de la caravana.<\/p>\n<p>En penumbras llegamos al crucero de Paracho alrededor de las 20:30 horas. All\u00ed nos esperaban la \u00fanica camioneta de la polic\u00eda michoacana que vi en todo el viaje y una camioneta deteriorada que dec\u00eda \u201cPolic\u00eda Municipal\u201d conducida por el que parec\u00eda un agente, pero en la parte de atr\u00e1s llevaba a dos hombres camuflados con uniforme no militar, encapuchados y portando dos AR-15.<\/p>\n<p>Por fin llegamos al Parque Comunal Tata Vasco, donde el CIG pasar\u00eda la noche. Los concejales fueron recibidos con incienso por unos 20 pur\u00e9pechas que los llevaron a una caba\u00f1a en la que hab\u00eda caf\u00e9 y tamales.<\/p>\n<p>Los tres periodistas fuimos llevados a otra caba\u00f1a, donde nos sentamos a la mesa con dos integrantes del CIG y un abogado de la asociaci\u00f3n civil \u201cLleg\u00f3 la hora del florecimiento de los pueblos\u201d, que respalda a Marichuy. Minutos despu\u00e9s Marichuy entr\u00f3 a la caba\u00f1a acompa\u00f1ada de dos concejales y se sent\u00f3 a la mesa para escucharnos. Luego de que hablamos todos, con su voz maternal nos dijo: \u201cGracias a Dios est\u00e1n vivos\u201d y nos recomend\u00f3 recibir un masaje para el susto.<\/p>\n<p>En un comunicado publicado la ma\u00f1ana siguiente, el CIG explic\u00f3 la situaci\u00f3n. Se dijo indignado por la guerra contra la palabra, \u201cherramienta fundamental para la organizaci\u00f3n de los pueblos\u201d, y de que 40 periodistas han sido asesinados en M\u00e9xico durante el mandato de Pe\u00f1a Nieto. Para entonces el gobierno de Michoac\u00e1n y varios medios afines ya hab\u00edan difundido una foto de Marichuy cenando tamales y calificando el ataque como un simple robo. Los tres periodistas y la asociaci\u00f3n civil presentamos denuncia en Uruapan.<\/p>\n<p><a href=\"http:\/\/www.grieta.org.mx\/wp-content\/uploads\/2018\/02\/data55224015.jpg\"><img decoding=\"async\" data-attachment-id=\"21737\" data-permalink=\"https:\/\/www.grieta.org.mx\/index.php\/2018\/02\/05\/michoacan-territorio-vedado-para-periodistas\/data55224015\/\" data-orig-file=\"https:\/\/www.grieta.org.mx\/wp-content\/uploads\/2018\/02\/data55224015.jpg\" data-orig-size=\"441,294\" data-comments-opened=\"0\" data-image-meta=\"{&quot;aperture&quot;:&quot;0&quot;,&quot;credit&quot;:&quot;&quot;,&quot;camera&quot;:&quot;&quot;,&quot;caption&quot;:&quot;&quot;,&quot;created_timestamp&quot;:&quot;0&quot;,&quot;copyright&quot;:&quot;&quot;,&quot;focal_length&quot;:&quot;0&quot;,&quot;iso&quot;:&quot;0&quot;,&quot;shutter_speed&quot;:&quot;0&quot;,&quot;title&quot;:&quot;&quot;,&quot;orientation&quot;:&quot;0&quot;}\" data-image-title=\"data55224015\" data-image-description=\"\" data-image-caption=\"\" data-medium-file=\"https:\/\/www.grieta.org.mx\/wp-content\/uploads\/2018\/02\/data55224015-300x200.jpg\" data-large-file=\"https:\/\/www.grieta.org.mx\/wp-content\/uploads\/2018\/02\/data55224015.jpg\" src=\"http:\/\/www.grieta.org.mx\/wp-content\/uploads\/2018\/02\/data55224015.jpg\" alt=\"\" width=\"100%\" class=\"aligncenter size-full wp-image-21737\" srcset=\"https:\/\/www.grieta.org.mx\/wp-content\/uploads\/2018\/02\/data55224015.jpg 441w, https:\/\/www.grieta.org.mx\/wp-content\/uploads\/2018\/02\/data55224015-300x200.jpg 300w\" sizes=\"(max-width: 441px) 100vw, 441px\" \/><\/a><br \/><em>Foto: Rodolfo Ayala.<\/em><br \/>\n&nbsp;<\/p>\n<p>Despu\u00e9s del ataque, los tres periodistas hemos recibido muchas muestras de apoyo de nuestros colegas. Es duro entender que lo que haces con pasi\u00f3n y con la intenci\u00f3n de ofrecer un bien com\u00fan, como la informaci\u00f3n, puede ponerte en riesgo de muerte. Es algo que no merec\u00edan los 40 periodistas asesinados en M\u00e9xico a lo largo del sexenio de Enrique Pe\u00f1a Nieto. Sabemos que debemos afinar nuestros protocolos de seguridad para continuar se\u00f1alando problemas no resueltos \u2014como los que sufren las comunidades ind\u00edgenas\u2014, documentar procesos disruptivos como el del CIG y tratar de llevar esas historias tan lejos como sea posible.<\/p>\n<p><a href=\"http:\/\/www.grieta.org.mx\/wp-content\/uploads\/2018\/02\/data55224021.jpg\"><img decoding=\"async\" data-attachment-id=\"21736\" data-permalink=\"https:\/\/www.grieta.org.mx\/index.php\/2018\/02\/05\/michoacan-territorio-vedado-para-periodistas\/data55224021\/\" data-orig-file=\"https:\/\/www.grieta.org.mx\/wp-content\/uploads\/2018\/02\/data55224021.jpg\" data-orig-size=\"441,294\" data-comments-opened=\"0\" data-image-meta=\"{&quot;aperture&quot;:&quot;0&quot;,&quot;credit&quot;:&quot;&quot;,&quot;camera&quot;:&quot;&quot;,&quot;caption&quot;:&quot;&quot;,&quot;created_timestamp&quot;:&quot;0&quot;,&quot;copyright&quot;:&quot;&quot;,&quot;focal_length&quot;:&quot;0&quot;,&quot;iso&quot;:&quot;0&quot;,&quot;shutter_speed&quot;:&quot;0&quot;,&quot;title&quot;:&quot;&quot;,&quot;orientation&quot;:&quot;0&quot;}\" data-image-title=\"data55224021\" data-image-description=\"\" data-image-caption=\"\" data-medium-file=\"https:\/\/www.grieta.org.mx\/wp-content\/uploads\/2018\/02\/data55224021-300x200.jpg\" data-large-file=\"https:\/\/www.grieta.org.mx\/wp-content\/uploads\/2018\/02\/data55224021.jpg\" src=\"http:\/\/www.grieta.org.mx\/wp-content\/uploads\/2018\/02\/data55224021.jpg\" alt=\"\" width=\"100%\"  class=\"aligncenter size-full wp-image-21736\" srcset=\"https:\/\/www.grieta.org.mx\/wp-content\/uploads\/2018\/02\/data55224021.jpg 441w, https:\/\/www.grieta.org.mx\/wp-content\/uploads\/2018\/02\/data55224021-300x200.jpg 300w\" sizes=\"(max-width: 441px) 100vw, 441px\" \/><\/a><br \/><em>Foto: Rodolfo Ayala.<\/em><\/p>\n<p><a href=\"http:\/\/www.eluniversal.com.mx\/estados\/michoacan-territorio-vedado-para-periodistas\" rel=\"noopener\" target=\"_blank\">http:\/\/www.eluniversal.com.mx\/estados\/michoacan-territorio-vedado-para-periodistas<\/a><\/p>\n","protected":false},"excerpt":{"rendered":"<p>Entre Tepalcatepec y Buenavista, tres reporteros que segu\u00edan la caravana de Marichuy fueron agredidos. Estes es el testimonio de uno de ellos Cristian Rodr\u00edguez En la Costa michoacana hay un &hellip; <a href=\"https:\/\/www.grieta.org.mx\/index.php\/2018\/02\/05\/michoacan-territorio-vedado-para-periodistas\/\" class=\"more-link\">Leer m\u00e1s<\/a><\/p>\n","protected":false},"author":1,"featured_media":21737,"comment_status":"closed","ping_status":"closed","sticky":false,"template":"","format":"standard","meta":{"ngg_post_thumbnail":0,"_jetpack_newsletter_access":"","_jetpack_dont_email_post_to_subs":false,"_jetpack_newsletter_tier_id":0,"_jetpack_memberships_contains_paywalled_content":false,"_jetpack_memberships_contains_paid_content":false,"footnotes":""},"categories":[8,80,21,88,1006],"tags":[1005,120],"class_list":["post-21734","post","type-post","status-publish","format-standard","has-post-thumbnail","hentry","category-1-ostula","category-cintillo","category-michoacan","category-violencia-contra-periodistas","category-violencia-contra-periodistas-en-michoacan","tag-cig","tag-violencia-contra-periodistas","entry"],"jetpack_featured_media_url":"https:\/\/www.grieta.org.mx\/wp-content\/uploads\/2018\/02\/data55224015.jpg","jetpack_sharing_enabled":true,"jetpack_shortlink":"https:\/\/wp.me\/p7ZJR4-5Ey","jetpack_likes_enabled":false,"jetpack-related-posts":[{"id":41062,"url":"https:\/\/www.grieta.org.mx\/index.php\/2019\/11\/03\/pobladores-de-ostula-michoacan-instalan-revisiones-vehiculares-tras-emboscada-a-guardia-local-michoacan\/","url_meta":{"origin":21734,"position":0},"title":"Pobladores de Ostula, Michoac\u00e1n, instalan revisiones vehiculares tras emboscada a Guardia Local (Michoac\u00e1n)","author":"grieta","date":"3 noviembre, 2019","format":false,"excerpt":"Por:Redacci\u00f3n \/ Noventa Grados, 03 de noviembre de 2019 Aquila, Michoac\u00e1n; a 03 de noviembre de 2019.- Ante la agresi\u00f3n armada que sufri\u00f3 esta tarde la Guardia Comunal de Aquila, el pueblo nahua de Ostula, que forma parte de este municipio, activ\u00f3 sus protocolos de seguridad e instal\u00f3 un filtro\u2026","rel":"","context":"En &quot;1. Ostula&quot;","block_context":{"text":"1. Ostula","link":"https:\/\/www.grieta.org.mx\/index.php\/category\/espejos-de-la-resistencia\/1-ostula\/"},"img":{"alt_text":"","src":"https:\/\/i0.wp.com\/www.grieta.org.mx\/wp-content\/uploads\/2019\/11\/0-grande.jpg?resize=350%2C200&ssl=1","width":350,"height":200,"srcset":"https:\/\/i0.wp.com\/www.grieta.org.mx\/wp-content\/uploads\/2019\/11\/0-grande.jpg?resize=350%2C200&ssl=1 1x, https:\/\/i0.wp.com\/www.grieta.org.mx\/wp-content\/uploads\/2019\/11\/0-grande.jpg?resize=525%2C300&ssl=1 1.5x, https:\/\/i0.wp.com\/www.grieta.org.mx\/wp-content\/uploads\/2019\/11\/0-grande.jpg?resize=700%2C400&ssl=1 2x"},"classes":[]},{"id":7754,"url":"https:\/\/www.grieta.org.mx\/index.php\/2015\/07\/19\/cargando-a-sangre-y-fuego-el-ejercito-realiza-detenciones-arbitrarias-en-santa-maria-ostula-contra-policias-comunitarios-y-autodefensas\/","url_meta":{"origin":21734,"position":1},"title":"Cargando a sangre y fuego el ej\u00e9rcito realiza detenciones arbitrarias en Santa Mar\u00eda Ostula contra polic\u00edas comunitarios y autodefensas","author":"Admin","date":"19 julio, 2015","format":false,"excerpt":"Bolet\u00edn N\u00b0 1 DETENIENE EL EJ\u00c9RCITO A MIEMBROS DE LA COMUNIDAD IND\u00cdGENA DE SANTA MAR\u00cdA OSTULA, Municipio de Aquila, Michoac\u00e1n. (19 de julio de 2015, 13 hrs) A LA SOCIEDAD CIVIL A LAS ORGANIZACIONES DE DERECHOS HUMANOS A LOS MEDIOS DE COMUNICACI\u00d3N HONESTOS ostula-indymediaEl d\u00eda de hoy aproximadamente a las\u2026","rel":"","context":"En &quot;CINTILLO&quot;","block_context":{"text":"CINTILLO","link":"https:\/\/www.grieta.org.mx\/index.php\/category\/cintillo\/"},"img":{"alt_text":"","src":"https:\/\/i0.wp.com\/www.grieta.org.mx\/wp-content\/uploads\/2018\/03\/14524434_1106112876131411_958039263622046936_o.jpg?resize=350%2C200&ssl=1","width":350,"height":200,"srcset":"https:\/\/i0.wp.com\/www.grieta.org.mx\/wp-content\/uploads\/2018\/03\/14524434_1106112876131411_958039263622046936_o.jpg?resize=350%2C200&ssl=1 1x, https:\/\/i0.wp.com\/www.grieta.org.mx\/wp-content\/uploads\/2018\/03\/14524434_1106112876131411_958039263622046936_o.jpg?resize=525%2C300&ssl=1 1.5x, https:\/\/i0.wp.com\/www.grieta.org.mx\/wp-content\/uploads\/2018\/03\/14524434_1106112876131411_958039263622046936_o.jpg?resize=700%2C400&ssl=1 2x"},"classes":[]},{"id":67612,"url":"https:\/\/www.grieta.org.mx\/index.php\/2023\/08\/09\/desaparece-lorenzo-froylan-guardia-comunal-en-santa-maria-ostula-michoacan-pobladores-acusan-a-grupo-criminal\/","url_meta":{"origin":21734,"position":2},"title":"Desaparece Lorenzo Froyl\u00e1n, guardia comunal en Santa Mar\u00eda Ostula, Michoac\u00e1n; pobladores acusan a grupo criminal","author":"grieta","date":"9 agosto, 2023","format":false,"excerpt":"Pobladores se\u00f1alaron al CJNG por la desaparici\u00f3n de Lorenzo Froyl\u00e1n de la Cruz, guardia comunal de Santa Mar\u00eda Ostula en Michoac\u00e1n. Acusan que desde 2009 suman 39 asesinatos relacionados con el grupo criminal. Lorenzo Froyl\u00e1n de la Cruz R\u00edos, guardia comunal en Santa Mar\u00eda Ostula, Michoac\u00e1n, fue reportado como desaparecido.\u2026","rel":"","context":"En &quot;CINTILLO&quot;","block_context":{"text":"CINTILLO","link":"https:\/\/www.grieta.org.mx\/index.php\/category\/cintillo\/"},"img":{"alt_text":"","src":"https:\/\/i0.wp.com\/www.grieta.org.mx\/wp-content\/uploads\/2023\/09\/guardia-comunal-Santa-Maria-Ostula-Michoacan-1024x683-1.webp?resize=350%2C200&ssl=1","width":350,"height":200,"srcset":"https:\/\/i0.wp.com\/www.grieta.org.mx\/wp-content\/uploads\/2023\/09\/guardia-comunal-Santa-Maria-Ostula-Michoacan-1024x683-1.webp?resize=350%2C200&ssl=1 1x, https:\/\/i0.wp.com\/www.grieta.org.mx\/wp-content\/uploads\/2023\/09\/guardia-comunal-Santa-Maria-Ostula-Michoacan-1024x683-1.webp?resize=525%2C300&ssl=1 1.5x, https:\/\/i0.wp.com\/www.grieta.org.mx\/wp-content\/uploads\/2023\/09\/guardia-comunal-Santa-Maria-Ostula-Michoacan-1024x683-1.webp?resize=700%2C400&ssl=1 2x"},"classes":[]},{"id":7757,"url":"https:\/\/www.grieta.org.mx\/index.php\/2015\/07\/19\/detienen-a-semei-verdi-comandante-de-los-autodefensas-de-ostula-michoacan\/","url_meta":{"origin":21734,"position":3},"title":"Detienen a Seme\u00ed Verd\u00ed comandante de los autodefensas de Ostula, Michoac\u00e1n","author":"Admin","date":"19 julio, 2015","format":false,"excerpt":"Un ni\u00f1o muerto y al menos dos menores heridos por el ej\u00e9rcito mexicano Un ni\u00f1o muerto, dos menores heridos, un autodefensa muerto y varios m\u00e1s heridos, as\u00ed como la detenci\u00f3n de Seme\u00ed Verd\u00ed, comandante de las ??autodefensas? del pueblo n\u00e1huatl de Ostula, municipio de Aquila, fueron el resultado del operativo\u2026","rel":"","context":"En &quot;CINTILLO&quot;","block_context":{"text":"CINTILLO","link":"https:\/\/www.grieta.org.mx\/index.php\/category\/cintillo\/"},"img":{"alt_text":"","src":"https:\/\/i0.wp.com\/www.grieta.org.mx\/wp-content\/uploads\/2018\/03\/14524434_1106112876131411_958039263622046936_o.jpg?resize=350%2C200&ssl=1","width":350,"height":200,"srcset":"https:\/\/i0.wp.com\/www.grieta.org.mx\/wp-content\/uploads\/2018\/03\/14524434_1106112876131411_958039263622046936_o.jpg?resize=350%2C200&ssl=1 1x, https:\/\/i0.wp.com\/www.grieta.org.mx\/wp-content\/uploads\/2018\/03\/14524434_1106112876131411_958039263622046936_o.jpg?resize=525%2C300&ssl=1 1.5x, https:\/\/i0.wp.com\/www.grieta.org.mx\/wp-content\/uploads\/2018\/03\/14524434_1106112876131411_958039263622046936_o.jpg?resize=700%2C400&ssl=1 2x"},"classes":[]},{"id":35795,"url":"https:\/\/www.grieta.org.mx\/index.php\/2019\/07\/01\/mexico-entre-la-violencia-y-la-autodeterminacion\/","url_meta":{"origin":21734,"position":4},"title":"M\u00e9xico: \u201cEntre la violencia y la autodeterminaci\u00f3n\u201d","author":"grieta","date":"1 julio, 2019","format":false,"excerpt":"La comunidad ind\u00edgena de Santa Mar\u00eda Ostula, en Michoac\u00e1n, ha pagado con sangre y muerte la defensa de su territorio que se disputan poderosos intereses. Los periodistas Marcela Turati y Heriberto Paredes hablaron con DW Deustche Welle, 01 de julio de 2019. El fotoperiodista mexicano Heriberto Paredes Coronel lleg\u00f3 a\u2026","rel":"","context":"En &quot;CINTILLO&quot;","block_context":{"text":"CINTILLO","link":"https:\/\/www.grieta.org.mx\/index.php\/category\/cintillo\/"},"img":{"alt_text":"","src":"https:\/\/i0.wp.com\/www.grieta.org.mx\/wp-content\/uploads\/2019\/07\/49422826_303.jpg?resize=350%2C200&ssl=1","width":350,"height":200,"srcset":"https:\/\/i0.wp.com\/www.grieta.org.mx\/wp-content\/uploads\/2019\/07\/49422826_303.jpg?resize=350%2C200&ssl=1 1x, https:\/\/i0.wp.com\/www.grieta.org.mx\/wp-content\/uploads\/2019\/07\/49422826_303.jpg?resize=525%2C300&ssl=1 1.5x, https:\/\/i0.wp.com\/www.grieta.org.mx\/wp-content\/uploads\/2019\/07\/49422826_303.jpg?resize=700%2C400&ssl=1 2x"},"classes":[]},{"id":30213,"url":"https:\/\/www.grieta.org.mx\/index.php\/2019\/03\/01\/ostula-en-alerta-ante-hostigamientos-michoacan\/","url_meta":{"origin":21734,"position":5},"title":"Ostula en alerta ante hostigamientos (Michoac\u00e1n)","author":"grieta","date":"1 marzo, 2019","format":false,"excerpt":"Agencia Subversiones, 1 de marzo de 2019. El martes 26 de febrero, habitantes de La Placita de Morelos, en el municipio de Aquila, convocaron a una \u00abreuni\u00f3n urgente\u00bb ante el bloqueo que mantiene la comunidad ind\u00edgena de Santa Mar\u00eda Ostula en el crucero conocido como \u00abTriques\u00bb demandando garant\u00edas para continuar\u2026","rel":"","context":"En &quot;CINTILLO&quot;","block_context":{"text":"CINTILLO","link":"https:\/\/www.grieta.org.mx\/index.php\/category\/cintillo\/"},"img":{"alt_text":"","src":"https:\/\/i0.wp.com\/www.grieta.org.mx\/wp-content\/uploads\/2019\/03\/blokmural.png?resize=350%2C200&ssl=1","width":350,"height":200},"classes":[]}],"_links":{"self":[{"href":"https:\/\/www.grieta.org.mx\/index.php\/wp-json\/wp\/v2\/posts\/21734","targetHints":{"allow":["GET"]}}],"collection":[{"href":"https:\/\/www.grieta.org.mx\/index.php\/wp-json\/wp\/v2\/posts"}],"about":[{"href":"https:\/\/www.grieta.org.mx\/index.php\/wp-json\/wp\/v2\/types\/post"}],"author":[{"embeddable":true,"href":"https:\/\/www.grieta.org.mx\/index.php\/wp-json\/wp\/v2\/users\/1"}],"replies":[{"embeddable":true,"href":"https:\/\/www.grieta.org.mx\/index.php\/wp-json\/wp\/v2\/comments?post=21734"}],"version-history":[{"count":1,"href":"https:\/\/www.grieta.org.mx\/index.php\/wp-json\/wp\/v2\/posts\/21734\/revisions"}],"predecessor-version":[{"id":21740,"href":"https:\/\/www.grieta.org.mx\/index.php\/wp-json\/wp\/v2\/posts\/21734\/revisions\/21740"}],"wp:featuredmedia":[{"embeddable":true,"href":"https:\/\/www.grieta.org.mx\/index.php\/wp-json\/wp\/v2\/media\/21737"}],"wp:attachment":[{"href":"https:\/\/www.grieta.org.mx\/index.php\/wp-json\/wp\/v2\/media?parent=21734"}],"wp:term":[{"taxonomy":"category","embeddable":true,"href":"https:\/\/www.grieta.org.mx\/index.php\/wp-json\/wp\/v2\/categories?post=21734"},{"taxonomy":"post_tag","embeddable":true,"href":"https:\/\/www.grieta.org.mx\/index.php\/wp-json\/wp\/v2\/tags?post=21734"}],"curies":[{"name":"wp","href":"https:\/\/api.w.org\/{rel}","templated":true}]}}