{"id":21730,"date":"2018-02-19T22:18:34","date_gmt":"2018-02-20T04:18:34","guid":{"rendered":"http:\/\/www.grieta.org.mx\/?p=21730"},"modified":"2018-02-22T22:23:02","modified_gmt":"2018-02-23T04:23:02","slug":"van-17-mujeres-asesinadas-durante-este-ano-en-michoacan","status":"publish","type":"post","link":"https:\/\/www.grieta.org.mx\/index.php\/2018\/02\/19\/van-17-mujeres-asesinadas-durante-este-ano-en-michoacan\/","title":{"rendered":"Van 17 mujeres asesinadas durante este a\u00f1o en Michoac\u00e1n"},"content":{"rendered":"<p>Por: Ibeth Cruz<\/p>\n<p>Morelia, Michoac\u00e1n (MiMorelia.com).- En lo que va de este a\u00f1o han sido asesinadas en Michoac\u00e1n 17 mujeres, seg\u00fan los registros de la Procuradur\u00eda General de Justicia del Estado (PGJE), de los cuales solo cuatro son considerados como homicidios.<\/p>\n<p>El d\u00eda de ayer, la misma PGJE inform\u00f3 sobre la apertura de dos carpetas de investigaci\u00f3n por los homicidios de igual n\u00famero de mujeres en Ixtl\u00e1n y Tingambato.<\/p>\n<p>En el caso de una de \u00e9stas, el procurador del estado, Jos\u00e9 Mart\u00edn Godoy Castro, coment\u00f3 que hay avances para detener al infractor, de quien podr\u00eda tratarse su pareja sentimental.<\/p>\n<p>\u201cSON TEMAS QUE POR EL MOMENTO TENEMOS IDENTIFICADO QUE UNO DE LOS CASOS FUE LA PAREJA Y BUENO ESTAMOS TRABAJANDO\u201d.<\/p>\n<p>Insisti\u00f3 que la causa por la que contin\u00faan present\u00e1ndose este tipo de delitos casos obedece a una cultura de la sociedad y se encuentra arraigados en el seno familiar y no a la falta de atenci\u00f3n de la autoridad estatal.<\/p>\n<p>Finalmente, asegur\u00f3 que es impredecible conocer si estos casos van a aumentar este a\u00f1o o disminuir\u00e1n en comparaci\u00f3n con los 114 que se denunciaron en la PGJE durante 2017 y de los cuales 26 se consideraron como feminicidios.<\/p>\n<p><a href=\"http:\/\/agenciatzacapu.com\/2018\/02\/van-17-mujeres-asesinadas-durante-este-ano-en-michoacan\/\" rel=\"noopener\" target=\"_blank\">http:\/\/agenciatzacapu.com\/2018\/02\/van-17-mujeres-asesinadas-durante-este-ano-en-michoacan\/<\/a><\/p>\n","protected":false},"excerpt":{"rendered":"<p>Por: Ibeth Cruz Morelia, Michoac\u00e1n (MiMorelia.com).- En lo que va de este a\u00f1o han sido asesinadas en Michoac\u00e1n 17 mujeres, seg\u00fan los registros de la Procuradur\u00eda General de Justicia del &hellip; <a href=\"https:\/\/www.grieta.org.mx\/index.php\/2018\/02\/19\/van-17-mujeres-asesinadas-durante-este-ano-en-michoacan\/\" class=\"more-link\">Leer m\u00e1s<\/a><\/p>\n","protected":false},"author":1,"featured_media":21733,"comment_status":"closed","ping_status":"closed","sticky":false,"template":"","format":"standard","meta":{"ngg_post_thumbnail":0,"_jetpack_newsletter_access":"","_jetpack_dont_email_post_to_subs":false,"_jetpack_newsletter_tier_id":0,"_jetpack_memberships_contains_paywalled_content":false,"_jetpack_memberships_contains_paid_content":false,"footnotes":""},"categories":[80,84,906,21],"tags":[81],"class_list":["post-21730","post","type-post","status-publish","format-standard","has-post-thumbnail","hentry","category-cintillo","category-feminicidios","category-feminicidios-en-michoacan","category-michoacan","tag-feminicidios","entry"],"jetpack_featured_media_url":"https:\/\/www.grieta.org.mx\/wp-content\/uploads\/2018\/02\/semefo-3.jpg","jetpack_sharing_enabled":true,"jetpack_shortlink":"https:\/\/wp.me\/p7ZJR4-5Eu","jetpack_likes_enabled":false,"jetpack-related-posts":[{"id":60463,"url":"https:\/\/www.grieta.org.mx\/index.php\/2021\/07\/13\/cerraremos-el-ano-con-el-doble-de-mujeres-asesinadas-en-2020-feministas-michoacan\/","url_meta":{"origin":21730,"position":0},"title":"Cerraremos el a\u00f1o con el doble de mujeres asesinadas en 2020: feministas (Michoac\u00e1n)","author":"grieta","date":"13 julio, 2021","format":false,"excerpt":"Por Karla Garc\u00eda - 13 - julio - 2021. CB Televisi\u00f3n. Morelia, Michoac\u00e1n.- A causa de los recientes casos de violencia hacia las mujeres en todo el estado de Michoac\u00e1n, feministas han realizado actividades de protesta en exigencia de una soluci\u00f3n. A trav\u00e9s de un comunicado, las colectivas feministas resaltaron\u2026","rel":"","context":"En &quot;CINTILLO&quot;","block_context":{"text":"CINTILLO","link":"https:\/\/www.grieta.org.mx\/index.php\/category\/cintillo\/"},"img":{"alt_text":"","src":"https:\/\/i0.wp.com\/www.grieta.org.mx\/wp-content\/uploads\/2021\/07\/Captura-de-pantalla-2021-07-15-a-las-18.35.31.png?resize=350%2C200&ssl=1","width":350,"height":200,"srcset":"https:\/\/i0.wp.com\/www.grieta.org.mx\/wp-content\/uploads\/2021\/07\/Captura-de-pantalla-2021-07-15-a-las-18.35.31.png?resize=350%2C200&ssl=1 1x, https:\/\/i0.wp.com\/www.grieta.org.mx\/wp-content\/uploads\/2021\/07\/Captura-de-pantalla-2021-07-15-a-las-18.35.31.png?resize=525%2C300&ssl=1 1.5x, https:\/\/i0.wp.com\/www.grieta.org.mx\/wp-content\/uploads\/2021\/07\/Captura-de-pantalla-2021-07-15-a-las-18.35.31.png?resize=700%2C400&ssl=1 2x, https:\/\/i0.wp.com\/www.grieta.org.mx\/wp-content\/uploads\/2021\/07\/Captura-de-pantalla-2021-07-15-a-las-18.35.31.png?resize=1050%2C600&ssl=1 3x"},"classes":[]},{"id":63079,"url":"https:\/\/www.grieta.org.mx\/index.php\/2022\/01\/08\/cerro-2021-con-incremento-de-21-73-en-homicidios-dolosos-de-mujeres-michoacan\/","url_meta":{"origin":21730,"position":1},"title":"Cerr\u00f3 2021 con incremento de 21.73% en homicidios dolosos de mujeres  (Michoac\u00e1n)","author":"grieta","date":"8 enero, 2022","format":false,"excerpt":"Cecilia Sierra\/Quadrat\u00edn, 08 DE ENERO DE 2022 El texto original de este art\u00edculo fue publicado por la Agencia Quadrat\u00edn en la siguiente direcci\u00f3n: https:\/\/www.quadratin.com.mx\/principal\/cerro-2021-con-incremento-de-21-73-en-homicidios-dolosos-de-mujeres\/?utm_source=pocket_mylist Este contenido se encuentra protegido por la ley. Si lo cita, por favor mencione la fuente y haga un enlace a la nota original de donde\u2026","rel":"","context":"En &quot;CINTILLO&quot;","block_context":{"text":"CINTILLO","link":"https:\/\/www.grieta.org.mx\/index.php\/category\/cintillo\/"},"img":{"alt_text":"","src":"https:\/\/i0.wp.com\/www.grieta.org.mx\/wp-content\/uploads\/2018\/03\/14524434_1106112876131411_958039263622046936_o.jpg?resize=350%2C200&ssl=1","width":350,"height":200,"srcset":"https:\/\/i0.wp.com\/www.grieta.org.mx\/wp-content\/uploads\/2018\/03\/14524434_1106112876131411_958039263622046936_o.jpg?resize=350%2C200&ssl=1 1x, https:\/\/i0.wp.com\/www.grieta.org.mx\/wp-content\/uploads\/2018\/03\/14524434_1106112876131411_958039263622046936_o.jpg?resize=525%2C300&ssl=1 1.5x, https:\/\/i0.wp.com\/www.grieta.org.mx\/wp-content\/uploads\/2018\/03\/14524434_1106112876131411_958039263622046936_o.jpg?resize=700%2C400&ssl=1 2x"},"classes":[]},{"id":54041,"url":"https:\/\/www.grieta.org.mx\/index.php\/2020\/10\/03\/de-161-asesinadas-en-michoacan-solo-13-fueron-tipificadas-como-feminicidios\/","url_meta":{"origin":21730,"position":2},"title":"De 161 asesinadas en Michoac\u00e1n, s\u00f3lo 13 fueron tipificadas como feminicidios","author":"grieta","date":"3 octubre, 2020","format":false,"excerpt":"Mujeres piden a pol\u00edticos y gobernantes pasar de los mensajes a las acciones a favor del derecho de las mujeres a una vida sin violencia Zuhey Medina | El Sol de Morelia, 03 de octubre de 2020 Morelia, Michoac\u00e1n (OEM Infomex).- En lo que va de este 2020 se han\u2026","rel":"","context":"En &quot;CINTILLO&quot;","block_context":{"text":"CINTILLO","link":"https:\/\/www.grieta.org.mx\/index.php\/category\/cintillo\/"},"img":{"alt_text":"","src":"https:\/\/i0.wp.com\/www.grieta.org.mx\/wp-content\/uploads\/2020\/10\/feministas-1.jpg?resize=350%2C200&ssl=1","width":350,"height":200},"classes":[]},{"id":46012,"url":"https:\/\/www.grieta.org.mx\/index.php\/2020\/03\/06\/michoacan-en-los-primeros-lugares-en-homicidios-de-mujeres-y-violencia-de-genero\/","url_meta":{"origin":21730,"position":3},"title":"Michoac\u00e1n en los primeros lugares en homicidios de mujeres y violencia de g\u00e9nero","author":"grieta","date":"6 marzo, 2020","format":false,"excerpt":"Benjamin Alvarez\/ contramuro.com, 06 de marzo de 2020 Morelia, Michoac\u00e1n.- Durante enero de este a\u00f1o, Michoac\u00e1n se coloc\u00f3 en cuarto lugar a nivel nacional en cuanto al n\u00famero de feminicidios y homicidios dolosos contra las mujeres, seg\u00fan el reporte del Secretariado Ejecutivo del Sistema Nacional de Seguridad P\u00fablica (SESNSP). De\u2026","rel":"","context":"En &quot;CINTILLO&quot;","block_context":{"text":"CINTILLO","link":"https:\/\/www.grieta.org.mx\/index.php\/category\/cintillo\/"},"img":{"alt_text":"","src":"https:\/\/i0.wp.com\/www.grieta.org.mx\/wp-content\/uploads\/2020\/03\/7F543F6E-2149-4BAF-AF48-455DDCA17FF1.jpeg?resize=350%2C200&ssl=1","width":350,"height":200,"srcset":"https:\/\/i0.wp.com\/www.grieta.org.mx\/wp-content\/uploads\/2020\/03\/7F543F6E-2149-4BAF-AF48-455DDCA17FF1.jpeg?resize=350%2C200&ssl=1 1x, https:\/\/i0.wp.com\/www.grieta.org.mx\/wp-content\/uploads\/2020\/03\/7F543F6E-2149-4BAF-AF48-455DDCA17FF1.jpeg?resize=525%2C300&ssl=1 1.5x, https:\/\/i0.wp.com\/www.grieta.org.mx\/wp-content\/uploads\/2020\/03\/7F543F6E-2149-4BAF-AF48-455DDCA17FF1.jpeg?resize=700%2C400&ssl=1 2x, https:\/\/i0.wp.com\/www.grieta.org.mx\/wp-content\/uploads\/2020\/03\/7F543F6E-2149-4BAF-AF48-455DDCA17FF1.jpeg?resize=1050%2C600&ssl=1 3x"},"classes":[]},{"id":21724,"url":"https:\/\/www.grieta.org.mx\/index.php\/2018\/02\/09\/michoacan-numero-11-a-nivel-nacional-en-feminicidios\/","url_meta":{"origin":21730,"position":4},"title":"Michoac\u00e1n numero 11 a nivel nacional en feminicidios","author":"Admin","date":"9 febrero, 2018","format":false,"excerpt":"Por: Leonardo Anguiano Debido al creciente numero de casos de feminicidio en el Estado, se ubic\u00f3 a Michoac\u00e1n como el numero 11 a nivel nacional con un total de 142 asesinatos de mujeres. De los 142 asesinatos de mujeres que se tienen registrados son s\u00f3lo 27 los que est\u00e1n tipificados\u2026","rel":"","context":"En &quot;CINTILLO&quot;","block_context":{"text":"CINTILLO","link":"https:\/\/www.grieta.org.mx\/index.php\/category\/cintillo\/"},"img":{"alt_text":"","src":"https:\/\/i0.wp.com\/www.grieta.org.mx\/wp-content\/uploads\/2018\/02\/WhatsApp-Image-2018-02-09-at-16.37.23.jpeg?resize=350%2C200&ssl=1","width":350,"height":200,"srcset":"https:\/\/i0.wp.com\/www.grieta.org.mx\/wp-content\/uploads\/2018\/02\/WhatsApp-Image-2018-02-09-at-16.37.23.jpeg?resize=350%2C200&ssl=1 1x, https:\/\/i0.wp.com\/www.grieta.org.mx\/wp-content\/uploads\/2018\/02\/WhatsApp-Image-2018-02-09-at-16.37.23.jpeg?resize=525%2C300&ssl=1 1.5x, https:\/\/i0.wp.com\/www.grieta.org.mx\/wp-content\/uploads\/2018\/02\/WhatsApp-Image-2018-02-09-at-16.37.23.jpeg?resize=700%2C400&ssl=1 2x"},"classes":[]},{"id":44749,"url":"https:\/\/www.grieta.org.mx\/index.php\/2020\/02\/18\/con-mantas-activistas-exigen-justicia-por-feminicidios-en-michoacan\/","url_meta":{"origin":21730,"position":5},"title":"Con mantas, activistas exigen justicia por feminicidios en Michoac\u00e1n","author":"grieta","date":"18 febrero, 2020","format":false,"excerpt":"Colectivos de mujeres cubrieron con una manta la fuente de \"Las Tarascas\" con la leyenda 'M\u00e9xico feminicida', para exigir cese la brutalidad en contra de las mujeres. Rogelio Agust\u00edn Esteban y Jocelyn Estrada, Milenio Digital Guerrero y Michoac\u00e1n \/ 18.02.2020 Colectivos de mujeres cubrieron con mantas la emblem\u00e1tica fuente de\u2026","rel":"","context":"En &quot;CINTILLO&quot;","block_context":{"text":"CINTILLO","link":"https:\/\/www.grieta.org.mx\/index.php\/category\/cintillo\/"},"img":{"alt_text":"","src":"https:\/\/i0.wp.com\/www.grieta.org.mx\/wp-content\/uploads\/2020\/02\/colectivos-mujeres-cubrieron-mantas-emblematica_124_0_749_466.jpeg?resize=350%2C200&ssl=1","width":350,"height":200,"srcset":"https:\/\/i0.wp.com\/www.grieta.org.mx\/wp-content\/uploads\/2020\/02\/colectivos-mujeres-cubrieron-mantas-emblematica_124_0_749_466.jpeg?resize=350%2C200&ssl=1 1x, https:\/\/i0.wp.com\/www.grieta.org.mx\/wp-content\/uploads\/2020\/02\/colectivos-mujeres-cubrieron-mantas-emblematica_124_0_749_466.jpeg?resize=525%2C300&ssl=1 1.5x, https:\/\/i0.wp.com\/www.grieta.org.mx\/wp-content\/uploads\/2020\/02\/colectivos-mujeres-cubrieron-mantas-emblematica_124_0_749_466.jpeg?resize=700%2C400&ssl=1 2x"},"classes":[]}],"_links":{"self":[{"href":"https:\/\/www.grieta.org.mx\/index.php\/wp-json\/wp\/v2\/posts\/21730","targetHints":{"allow":["GET"]}}],"collection":[{"href":"https:\/\/www.grieta.org.mx\/index.php\/wp-json\/wp\/v2\/posts"}],"about":[{"href":"https:\/\/www.grieta.org.mx\/index.php\/wp-json\/wp\/v2\/types\/post"}],"author":[{"embeddable":true,"href":"https:\/\/www.grieta.org.mx\/index.php\/wp-json\/wp\/v2\/users\/1"}],"replies":[{"embeddable":true,"href":"https:\/\/www.grieta.org.mx\/index.php\/wp-json\/wp\/v2\/comments?post=21730"}],"version-history":[{"count":1,"href":"https:\/\/www.grieta.org.mx\/index.php\/wp-json\/wp\/v2\/posts\/21730\/revisions"}],"predecessor-version":[{"id":21731,"href":"https:\/\/www.grieta.org.mx\/index.php\/wp-json\/wp\/v2\/posts\/21730\/revisions\/21731"}],"wp:featuredmedia":[{"embeddable":true,"href":"https:\/\/www.grieta.org.mx\/index.php\/wp-json\/wp\/v2\/media\/21733"}],"wp:attachment":[{"href":"https:\/\/www.grieta.org.mx\/index.php\/wp-json\/wp\/v2\/media?parent=21730"}],"wp:term":[{"taxonomy":"category","embeddable":true,"href":"https:\/\/www.grieta.org.mx\/index.php\/wp-json\/wp\/v2\/categories?post=21730"},{"taxonomy":"post_tag","embeddable":true,"href":"https:\/\/www.grieta.org.mx\/index.php\/wp-json\/wp\/v2\/tags?post=21730"}],"curies":[{"name":"wp","href":"https:\/\/api.w.org\/{rel}","templated":true}]}}