{"id":2169,"date":"2016-02-22T19:48:09","date_gmt":"2016-02-22T19:48:09","guid":{"rendered":"http:\/\/50.22.11.12\/~grietaor\/?p=2169"},"modified":"2019-01-29T12:24:11","modified_gmt":"2019-01-29T18:24:11","slug":"maestros-hacen-paro-en-conalep-de-gp","status":"publish","type":"post","link":"https:\/\/www.grieta.org.mx\/index.php\/2016\/02\/22\/maestros-hacen-paro-en-conalep-de-gp\/","title":{"rendered":"Maestros hacen paro en Conalep de GP"},"content":{"rendered":"<figure id=\"attachment_2170\" aria-describedby=\"caption-attachment-2170\" style=\"width: 680px\" class=\"wp-caption aligncenter\"><img loading=\"lazy\" decoding=\"async\" data-attachment-id=\"2170\" data-permalink=\"https:\/\/www.grieta.org.mx\/index.php\/2016\/02\/22\/maestros-hacen-paro-en-conalep-de-gp\/maestros-paro-conalep-gp\/\" data-orig-file=\"https:\/\/www.grieta.org.mx\/wp-content\/uploads\/2016\/03\/maestros-paro-Conalep-GP.jpeg\" data-orig-size=\"1024,683\" data-comments-opened=\"0\" data-image-meta=\"{&quot;aperture&quot;:&quot;0&quot;,&quot;credit&quot;:&quot;&quot;,&quot;camera&quot;:&quot;&quot;,&quot;caption&quot;:&quot;&quot;,&quot;created_timestamp&quot;:&quot;0&quot;,&quot;copyright&quot;:&quot;&quot;,&quot;focal_length&quot;:&quot;0&quot;,&quot;iso&quot;:&quot;0&quot;,&quot;shutter_speed&quot;:&quot;0&quot;,&quot;title&quot;:&quot;&quot;,&quot;orientation&quot;:&quot;0&quot;}\" data-image-title=\"Maestros paro Conalep G\u00f3mez Palacio\" data-image-description=\"\" data-image-caption=\"&lt;p&gt;Los maestros tienen programada para este viernes el estallamiento de huelga. (El Siglo de Durango)&lt;\/p&gt;\n\" data-medium-file=\"https:\/\/www.grieta.org.mx\/wp-content\/uploads\/2016\/03\/maestros-paro-Conalep-GP-300x200.jpeg\" data-large-file=\"https:\/\/www.grieta.org.mx\/wp-content\/uploads\/2016\/03\/maestros-paro-Conalep-GP-1024x683.jpeg\" class=\"wp-image-2170\" src=\"http:\/\/grieta.org.mx\/wp-content\/uploads\/2016\/03\/maestros-paro-Conalep-GP-300x200.jpeg\" alt=\"Los maestros tienen programada para este viernes el estallamiento de huelga. (El Siglo de Durango)\" width=\"680\" height=\"454\" srcset=\"https:\/\/www.grieta.org.mx\/wp-content\/uploads\/2016\/03\/maestros-paro-Conalep-GP-300x200.jpeg 300w, https:\/\/www.grieta.org.mx\/wp-content\/uploads\/2016\/03\/maestros-paro-Conalep-GP-768x512.jpeg 768w, https:\/\/www.grieta.org.mx\/wp-content\/uploads\/2016\/03\/maestros-paro-Conalep-GP.jpeg 1024w\" sizes=\"auto, (max-width: 680px) 100vw, 680px\" \/><figcaption id=\"caption-attachment-2170\" class=\"wp-caption-text\">Los maestros tienen programada para este viernes el estallamiento de huelga. (El Siglo de Durango)<\/figcaption><\/figure>\n<blockquote><p>Maestros del Sindicato \u00danico de Trabajadores Acad\u00e9micos del Conalep en G\u00f3mez Palacio realizaron esta ma\u00f1ana un paro de labores, en exigencia a la resoluci\u00f3n de peticiones que se han realizado a la instituci\u00f3n.<\/p><\/blockquote>\n<p>Los maestros tienen programada para este viernes el estallamiento de huelga, por lo que se deber\u00e1n presentar ante la Junta Local de conciliaci\u00f3n y Arbitraje de G\u00f3mez Palacio, al igual que los directivos del Conalep para tratar de llegar a un acuerdo, sobre la problem\u00e1tica que en este momento se est\u00e1 tratando, que es la falta de pago de una prestaci\u00f3n.<\/p>\n<p>El profesor Armando Buend\u00eda V\u00e1zquez, integrante de la organizaci\u00f3n sindical, coment\u00f3 que por la homologaci\u00f3n salarial del a\u00f1o anterior, se les comenz\u00f3 a pagar un total de 573 pesos pero en forma de vales de despensa, los cuales recibieron hasta el pasado mes de diciembre. En lo que va del presente a\u00f1o no se les ha vuelto a pagar.<\/p>\n<p>Adem\u00e1s, est\u00e1n solicitando que se lleve a cabo la revisi\u00f3n del contrato colectivo, ya que buscan modificar o agregar algunas cl\u00e1usulas, como d\u00edas de apoyo por enfermedad o por alg\u00fan familiar, entre otras.<\/p>\n<p>Indicaron que no se ha recibido ning\u00fan ofrecimiento por parte de la parte patronal, por ello se tom\u00f3 la decisi\u00f3n de parar labores y aseguraron que podr\u00edan seguirlo haciendo en los pr\u00f3ximos d\u00edas, de no darse apertura por parte de la direcci\u00f3n del plantel.<\/p>\n<p>Ante esto, el director del Conalep, V\u00edctor G\u00f3mez Hern\u00e1ndez, se\u00f1al\u00f3 que esta prestaci\u00f3n conclu\u00eda en diciembre del 2015 y que adem\u00e1s tiene una cl\u00e1usula de estar sujeta a la disponibilidad de los recursos, los cuales se\u00f1ala, en el presente a\u00f1o no han sido asignados.<\/p>\n<p><a href=\"http:\/\/www.elsiglodedurango.com.mx\/noticia\/645940.maestros-hacen-paro-en-conalep-de-gp.html\" target=\"_blank\">www.elsiglodedurango.com.mx\/noticia\/645940.maestros-hacen-paro-en-conalep-de-gp.html<\/a><\/p>\n","protected":false},"excerpt":{"rendered":"<p>Maestros del Sindicato \u00danico de Trabajadores Acad\u00e9micos del Conalep en G\u00f3mez Palacio realizaron esta ma\u00f1ana un paro de labores, en exigencia a la resoluci\u00f3n de peticiones que se han realizado &hellip; <a href=\"https:\/\/www.grieta.org.mx\/index.php\/2016\/02\/22\/maestros-hacen-paro-en-conalep-de-gp\/\" class=\"more-link\">Leer m\u00e1s<\/a><\/p>\n","protected":false},"author":2,"featured_media":21928,"comment_status":"closed","ping_status":"open","sticky":false,"template":"","format":"standard","meta":{"ngg_post_thumbnail":0,"_jetpack_newsletter_access":"","_jetpack_dont_email_post_to_subs":false,"_jetpack_newsletter_tier_id":0,"_jetpack_memberships_contains_paywalled_content":false,"_jetpack_memberships_contains_paid_content":false,"footnotes":""},"categories":[80,2018,15,173,910,1101,2,83],"tags":[240,241],"class_list":{"0":"post-2169","1":"post","2":"type-post","3":"status-publish","4":"format-standard","5":"has-post-thumbnail","6":"hentry","7":"category-cintillo","8":"category-conflictos-en-el-conalep","9":"category-durango","11":"category-explotacion-y-precariedad-laboral","12":"category-conflictos-laborales-en-durango","13":"category-noticias-nacionales","14":"category-temas-nacionales","15":"tag-conalep","16":"tag-paro","17":"entry"},"jetpack_featured_media_url":"https:\/\/www.grieta.org.mx\/wp-content\/uploads\/2018\/03\/14524434_1106112876131411_958039263622046936_o.jpg","jetpack_sharing_enabled":true,"jetpack_shortlink":"https:\/\/wp.me\/p7ZJR4-yZ","jetpack_likes_enabled":false,"jetpack-related-posts":[{"id":2166,"url":"https:\/\/www.grieta.org.mx\/index.php\/2016\/02\/26\/conalep-sigue-con-paros-escalonados\/","url_meta":{"origin":2169,"position":0},"title":"Conalep sigue con paros escalonados","author":"grieta","date":"26 febrero, 2016","format":false,"excerpt":"Por: Liliana Rinc\u00f3n G\u00f3mez Palacio, Durango (26\/02\/2016).- Desde el lunes 22 de febrero los maestros del Conalep ubicado en la colonia Fidel Vel\u00e1zquez de G\u00f3mez Palacio, realizan paros de labores escalonados como medida de protesta porque dejaron de recibir vales de despensa, por poco m\u00e1s de quinientos pesos mensuales. Eleazar\u2026","rel":"","context":"En &quot;CINTILLO&quot;","block_context":{"text":"CINTILLO","link":"https:\/\/www.grieta.org.mx\/index.php\/category\/cintillo\/"},"img":{"alt_text":"","src":"https:\/\/i0.wp.com\/www.grieta.org.mx\/wp-content\/uploads\/2018\/03\/14524434_1106112876131411_958039263622046936_o.jpg?resize=350%2C200&ssl=1","width":350,"height":200,"srcset":"https:\/\/i0.wp.com\/www.grieta.org.mx\/wp-content\/uploads\/2018\/03\/14524434_1106112876131411_958039263622046936_o.jpg?resize=350%2C200&ssl=1 1x, https:\/\/i0.wp.com\/www.grieta.org.mx\/wp-content\/uploads\/2018\/03\/14524434_1106112876131411_958039263622046936_o.jpg?resize=525%2C300&ssl=1 1.5x, https:\/\/i0.wp.com\/www.grieta.org.mx\/wp-content\/uploads\/2018\/03\/14524434_1106112876131411_958039263622046936_o.jpg?resize=700%2C400&ssl=1 2x"},"classes":[]},{"id":40267,"url":"https:\/\/www.grieta.org.mx\/index.php\/2019\/10\/14\/califican-huelga-como-improcedente-y-regresan-a-clases-en-conalep-campeche\/","url_meta":{"origin":2169,"position":1},"title":"Califican huelga como improcedente y regresan a clases en Conalep (Campeche)","author":"grieta","date":"14 octubre, 2019","format":false,"excerpt":"Gabriel Graniel Herrera \/ Foto: Tomada de Twitter\/La Jornada Maya Ciudad del Carmen, Campeche Luego que el movimiento de huelga emprendido por el Sindicato del Personal Docente del Conalep del Estado de Campeche, fuera declarado por la Junta Local de Conciliaci\u00f3n y Arbitraje como improcedente, este lunes, m\u00e1s de 600\u2026","rel":"","context":"En &quot;Campeche&quot;","block_context":{"text":"Campeche","link":"https:\/\/www.grieta.org.mx\/index.php\/category\/noticias-nacionales\/campeche\/"},"img":{"alt_text":"","src":"https:\/\/i0.wp.com\/www.grieta.org.mx\/wp-content\/uploads\/2019\/10\/ConalepHuelga2.png?resize=350%2C200&ssl=1","width":350,"height":200},"classes":[]},{"id":40264,"url":"https:\/\/www.grieta.org.mx\/index.php\/2019\/10\/07\/inicia-huelga-en-tres-planteles-del-conalep-en-campeche\/","url_meta":{"origin":2169,"position":2},"title":"Inicia huelga en tres planteles del Conalep en Campeche","author":"grieta","date":"7 octubre, 2019","format":false,"excerpt":"Exigen cumplimiento de lo establecido en el Contrato Colectivo de Trabajo Gabriel Graniel Herrera\/ La Jornada Maya Ciudad del Carmen, Campeche Luego de varios paros escalonados desde el inicio del semestre julio-diciembre, maestros del Colegio Nacional de Educaci\u00f3n Profesional T\u00e9cnica (Conalep), de los tres planteles de la entidad, iniciaron la\u2026","rel":"","context":"En &quot;Campeche&quot;","block_context":{"text":"Campeche","link":"https:\/\/www.grieta.org.mx\/index.php\/category\/noticias-nacionales\/campeche\/"},"img":{"alt_text":"","src":"https:\/\/i0.wp.com\/www.grieta.org.mx\/wp-content\/uploads\/2019\/10\/HuelgaConalep.png?resize=350%2C200&ssl=1","width":350,"height":200,"srcset":"https:\/\/i0.wp.com\/www.grieta.org.mx\/wp-content\/uploads\/2019\/10\/HuelgaConalep.png?resize=350%2C200&ssl=1 1x, https:\/\/i0.wp.com\/www.grieta.org.mx\/wp-content\/uploads\/2019\/10\/HuelgaConalep.png?resize=525%2C300&ssl=1 1.5x"},"classes":[]},{"id":39977,"url":"https:\/\/www.grieta.org.mx\/index.php\/2019\/10\/03\/maestros-de-conalep-de-cancun-de-brazos-cruzados-piden-auditoria-a-director-general\/","url_meta":{"origin":2169,"position":3},"title":"Maestros de Conalep de Canc\u00fan, de brazos cruzados; piden auditor\u00eda a director general","author":"grieta","date":"3 octubre, 2019","format":false,"excerpt":"La Palabra del Caribe Canc\u00fan.- Los docentes de los siete planteles de Conalep en el estado iniciaron hoy un paro de \u201cbrazos ca\u00eddos\u201d de dos horas en sus dos turnos, el que ser\u00e1 aumentado a tres el pr\u00f3ximo lunes, para exigir la recategorizaci\u00f3n de la planta laboral, as\u00ed como la\u2026","rel":"","context":"En &quot;CINTILLO&quot;","block_context":{"text":"CINTILLO","link":"https:\/\/www.grieta.org.mx\/index.php\/category\/cintillo\/"},"img":{"alt_text":"","src":"https:\/\/i0.wp.com\/www.grieta.org.mx\/wp-content\/uploads\/2019\/10\/conalep.jpg?resize=350%2C200&ssl=1","width":350,"height":200,"srcset":"https:\/\/i0.wp.com\/www.grieta.org.mx\/wp-content\/uploads\/2019\/10\/conalep.jpg?resize=350%2C200&ssl=1 1x, https:\/\/i0.wp.com\/www.grieta.org.mx\/wp-content\/uploads\/2019\/10\/conalep.jpg?resize=525%2C300&ssl=1 1.5x, https:\/\/i0.wp.com\/www.grieta.org.mx\/wp-content\/uploads\/2019\/10\/conalep.jpg?resize=700%2C400&ssl=1 2x"},"classes":[]},{"id":11753,"url":"https:\/\/www.grieta.org.mx\/index.php\/2016\/05\/04\/exigen-maestros-pagos-de-jubilaciones-y-medicamentos-en-la-laguna-de-durango\/","url_meta":{"origin":2169,"position":4},"title":"Exigen maestros pagos de jubilaciones y medicamentos en La Laguna de Durango","author":"grieta","date":"4 mayo, 2016","format":false,"excerpt":"Mayela Avila G\u00f3mez Palacio, Durango (04\/05\/2016).- Este mi\u00e9rcoles, maestros de la secci\u00f3n 44 del Sindicato Nacional de Trabajadores de la Educaci\u00f3n se manifestaron en las instalaciones de la subsecretar\u00eda de Educaci\u00f3n en la regi\u00f3n Laguna con sede en G\u00f3mez Palacio, en protesta por irregularidades para el pago de finiquitos y\u2026","rel":"","context":"En &quot;CINTILLO&quot;","block_context":{"text":"CINTILLO","link":"https:\/\/www.grieta.org.mx\/index.php\/category\/cintillo\/"},"img":{"alt_text":"","src":"https:\/\/i0.wp.com\/www.grieta.org.mx\/wp-content\/uploads\/2018\/03\/14524434_1106112876131411_958039263622046936_o.jpg?resize=350%2C200&ssl=1","width":350,"height":200,"srcset":"https:\/\/i0.wp.com\/www.grieta.org.mx\/wp-content\/uploads\/2018\/03\/14524434_1106112876131411_958039263622046936_o.jpg?resize=350%2C200&ssl=1 1x, https:\/\/i0.wp.com\/www.grieta.org.mx\/wp-content\/uploads\/2018\/03\/14524434_1106112876131411_958039263622046936_o.jpg?resize=525%2C300&ssl=1 1.5x, https:\/\/i0.wp.com\/www.grieta.org.mx\/wp-content\/uploads\/2018\/03\/14524434_1106112876131411_958039263622046936_o.jpg?resize=700%2C400&ssl=1 2x"},"classes":[]},{"id":32909,"url":"https:\/\/www.grieta.org.mx\/index.php\/2019\/05\/02\/en-pleno-desfile-protesta-contra-agustin-de-la-huerta-tamaulipas\/","url_meta":{"origin":2169,"position":5},"title":"En pleno desfile protesta contra Agust\u00edn de la Huerta (Tamaulipas)","author":"grieta","date":"2 mayo, 2019","format":false,"excerpt":"Daisy Ver\u00f3nica Herrera Medrano \/ El Mercurio Acusan a de la Huerta Mejia de vulnerar los derechos laborales de los trabajadores . En pleno desfile del d\u00eda del trabajo este 1 de mayo, trabajadores del Colegio de Educaci\u00f3n Profesional T\u00e9cnica de Tamaulipas (Conalep), \u201ctronaron\u201d en contra de su director general,\u2026","rel":"","context":"En &quot;CINTILLO&quot;","block_context":{"text":"CINTILLO","link":"https:\/\/www.grieta.org.mx\/index.php\/category\/cintillo\/"},"img":{"alt_text":"","src":"https:\/\/i0.wp.com\/www.grieta.org.mx\/wp-content\/uploads\/2019\/05\/En-pleno-desfile-protesta-contra-Agust%C3%ADn-de-la-Huerta-tama-may.jpg?resize=350%2C200&ssl=1","width":350,"height":200,"srcset":"https:\/\/i0.wp.com\/www.grieta.org.mx\/wp-content\/uploads\/2019\/05\/En-pleno-desfile-protesta-contra-Agust%C3%ADn-de-la-Huerta-tama-may.jpg?resize=350%2C200&ssl=1 1x, https:\/\/i0.wp.com\/www.grieta.org.mx\/wp-content\/uploads\/2019\/05\/En-pleno-desfile-protesta-contra-Agust%C3%ADn-de-la-Huerta-tama-may.jpg?resize=525%2C300&ssl=1 1.5x, https:\/\/i0.wp.com\/www.grieta.org.mx\/wp-content\/uploads\/2019\/05\/En-pleno-desfile-protesta-contra-Agust%C3%ADn-de-la-Huerta-tama-may.jpg?resize=700%2C400&ssl=1 2x, https:\/\/i0.wp.com\/www.grieta.org.mx\/wp-content\/uploads\/2019\/05\/En-pleno-desfile-protesta-contra-Agust%C3%ADn-de-la-Huerta-tama-may.jpg?resize=1050%2C600&ssl=1 3x"},"classes":[]}],"_links":{"self":[{"href":"https:\/\/www.grieta.org.mx\/index.php\/wp-json\/wp\/v2\/posts\/2169","targetHints":{"allow":["GET"]}}],"collection":[{"href":"https:\/\/www.grieta.org.mx\/index.php\/wp-json\/wp\/v2\/posts"}],"about":[{"href":"https:\/\/www.grieta.org.mx\/index.php\/wp-json\/wp\/v2\/types\/post"}],"author":[{"embeddable":true,"href":"https:\/\/www.grieta.org.mx\/index.php\/wp-json\/wp\/v2\/users\/2"}],"replies":[{"embeddable":true,"href":"https:\/\/www.grieta.org.mx\/index.php\/wp-json\/wp\/v2\/comments?post=2169"}],"version-history":[{"count":1,"href":"https:\/\/www.grieta.org.mx\/index.php\/wp-json\/wp\/v2\/posts\/2169\/revisions"}],"predecessor-version":[{"id":2171,"href":"https:\/\/www.grieta.org.mx\/index.php\/wp-json\/wp\/v2\/posts\/2169\/revisions\/2171"}],"wp:featuredmedia":[{"embeddable":true,"href":"https:\/\/www.grieta.org.mx\/index.php\/wp-json\/wp\/v2\/media\/21928"}],"wp:attachment":[{"href":"https:\/\/www.grieta.org.mx\/index.php\/wp-json\/wp\/v2\/media?parent=2169"}],"wp:term":[{"taxonomy":"category","embeddable":true,"href":"https:\/\/www.grieta.org.mx\/index.php\/wp-json\/wp\/v2\/categories?post=2169"},{"taxonomy":"post_tag","embeddable":true,"href":"https:\/\/www.grieta.org.mx\/index.php\/wp-json\/wp\/v2\/tags?post=2169"}],"curies":[{"name":"wp","href":"https:\/\/api.w.org\/{rel}","templated":true}]}}