{"id":2166,"date":"2016-02-26T19:44:25","date_gmt":"2016-02-26T19:44:25","guid":{"rendered":"http:\/\/50.22.11.12\/~grietaor\/?p=2166"},"modified":"2019-01-29T12:22:54","modified_gmt":"2019-01-29T18:22:54","slug":"conalep-sigue-con-paros-escalonados","status":"publish","type":"post","link":"https:\/\/www.grieta.org.mx\/index.php\/2016\/02\/26\/conalep-sigue-con-paros-escalonados\/","title":{"rendered":"Conalep sigue con paros escalonados"},"content":{"rendered":"<p><strong><img loading=\"lazy\" decoding=\"async\" data-attachment-id=\"2167\" data-permalink=\"https:\/\/www.grieta.org.mx\/index.php\/2016\/02\/26\/conalep-sigue-con-paros-escalonados\/conalep-gomez-palacio\/\" data-orig-file=\"https:\/\/www.grieta.org.mx\/wp-content\/uploads\/2016\/03\/Conalep-Gomez-Palacio.jpg\" data-orig-size=\"800,450\" data-comments-opened=\"0\" data-image-meta=\"{&quot;aperture&quot;:&quot;2.6&quot;,&quot;credit&quot;:&quot;&quot;,&quot;camera&quot;:&quot;GT-I9195L&quot;,&quot;caption&quot;:&quot;&quot;,&quot;created_timestamp&quot;:&quot;1456487070&quot;,&quot;copyright&quot;:&quot;&quot;,&quot;focal_length&quot;:&quot;3.7&quot;,&quot;iso&quot;:&quot;50&quot;,&quot;shutter_speed&quot;:&quot;0.000635324015248&quot;,&quot;title&quot;:&quot;&quot;,&quot;orientation&quot;:&quot;1&quot;}\" data-image-title=\"Paro Conalep G\u00f3mez Palacio\" data-image-description=\"\" data-image-caption=\"\" data-medium-file=\"https:\/\/www.grieta.org.mx\/wp-content\/uploads\/2016\/03\/Conalep-Gomez-Palacio-300x169.jpg\" data-large-file=\"https:\/\/www.grieta.org.mx\/wp-content\/uploads\/2016\/03\/Conalep-Gomez-Palacio.jpg\" class=\"aligncenter wp-image-2167\" src=\"http:\/\/grieta.org.mx\/wp-content\/uploads\/2016\/03\/Conalep-Gomez-Palacio-300x169.jpg\" alt=\"Paro Conalep G\u00f3mez Palacio\" width=\"680\" height=\"383\" srcset=\"https:\/\/www.grieta.org.mx\/wp-content\/uploads\/2016\/03\/Conalep-Gomez-Palacio-300x169.jpg 300w, https:\/\/www.grieta.org.mx\/wp-content\/uploads\/2016\/03\/Conalep-Gomez-Palacio-768x432.jpg 768w, https:\/\/www.grieta.org.mx\/wp-content\/uploads\/2016\/03\/Conalep-Gomez-Palacio.jpg 800w\" sizes=\"auto, (max-width: 680px) 100vw, 680px\" \/><\/strong><\/p>\n<p><strong>Por: Liliana Rinc\u00f3n<\/strong><\/p>\n<p><strong>G\u00f3mez Palacio, Durango (26\/02\/2016).-<\/strong> Desde el lunes 22 de febrero los maestros del Conalep ubicado en la colonia Fidel Vel\u00e1zquez de G\u00f3mez Palacio, realizan paros de labores escalonados como medida de protesta porque dejaron de recibir vales de despensa, por poco m\u00e1s de quinientos pesos mensuales.<\/p>\n<p>Eleazar Monarrez, integrante del sindicato, indic\u00f3 que el emplazamiento a huelga se difiri\u00f3 y ya no vence este viernes, como estaba previsto, sino hasta el jueves de la pr\u00f3xima semana.<\/p>\n<p>Por la ma\u00f1ana las actividades se suspenden a las 9:50, pero las clases concluyen antes del receso, es decir a las 9:30, y en tarde a las 4.<\/p>\n<p>Los trabajadores afectados son 74 y a la instituci\u00f3n acuden alrededor de mil 500 alumnos.<\/p>\n<p><a href=\"http:\/\/www.noticierosgrem.com.mx\/conalep-sigue-con-paros-escalonados\" target=\"_blank\">www.noticierosgrem.com.mx\/conalep-sigue-con-paros-escalonados<\/a><\/p>\n","protected":false},"excerpt":{"rendered":"<p>Por: Liliana Rinc\u00f3n G\u00f3mez Palacio, Durango (26\/02\/2016).- Desde el lunes 22 de febrero los maestros del Conalep ubicado en la colonia Fidel Vel\u00e1zquez de G\u00f3mez Palacio, realizan paros de labores &hellip; <a href=\"https:\/\/www.grieta.org.mx\/index.php\/2016\/02\/26\/conalep-sigue-con-paros-escalonados\/\" class=\"more-link\">Leer m\u00e1s<\/a><\/p>\n","protected":false},"author":2,"featured_media":21928,"comment_status":"closed","ping_status":"open","sticky":false,"template":"","format":"standard","meta":{"ngg_post_thumbnail":0,"_jetpack_newsletter_access":"","_jetpack_dont_email_post_to_subs":false,"_jetpack_newsletter_tier_id":0,"_jetpack_memberships_contains_paywalled_content":false,"_jetpack_memberships_contains_paid_content":false,"footnotes":""},"categories":[80,2018,173,15,910,1101,2,83],"tags":[240,181,241],"class_list":{"0":"post-2166","1":"post","2":"type-post","3":"status-publish","4":"format-standard","5":"has-post-thumbnail","6":"hentry","7":"category-cintillo","8":"category-conflictos-en-el-conalep","9":"category-durango","11":"category-explotacion-y-precariedad-laboral","12":"category-conflictos-laborales-en-durango","13":"category-noticias-nacionales","14":"category-temas-nacionales","15":"tag-conalep","16":"tag-gomez-palacio","17":"tag-paro","18":"entry"},"jetpack_featured_media_url":"https:\/\/www.grieta.org.mx\/wp-content\/uploads\/2018\/03\/14524434_1106112876131411_958039263622046936_o.jpg","jetpack_sharing_enabled":true,"jetpack_shortlink":"https:\/\/wp.me\/p7ZJR4-yW","jetpack_likes_enabled":false,"jetpack-related-posts":[{"id":2169,"url":"https:\/\/www.grieta.org.mx\/index.php\/2016\/02\/22\/maestros-hacen-paro-en-conalep-de-gp\/","url_meta":{"origin":2166,"position":0},"title":"Maestros hacen paro en Conalep de GP","author":"grieta","date":"22 febrero, 2016","format":false,"excerpt":"Maestros del Sindicato \u00danico de Trabajadores Acad\u00e9micos del Conalep en G\u00f3mez Palacio realizaron esta ma\u00f1ana un paro de labores, en exigencia a la resoluci\u00f3n de peticiones que se han realizado a la instituci\u00f3n. Los maestros tienen programada para este viernes el estallamiento de huelga, por lo que se deber\u00e1n presentar\u2026","rel":"","context":"En &quot;CINTILLO&quot;","block_context":{"text":"CINTILLO","link":"https:\/\/www.grieta.org.mx\/index.php\/category\/cintillo\/"},"img":{"alt_text":"","src":"https:\/\/i0.wp.com\/www.grieta.org.mx\/wp-content\/uploads\/2018\/03\/14524434_1106112876131411_958039263622046936_o.jpg?resize=350%2C200&ssl=1","width":350,"height":200,"srcset":"https:\/\/i0.wp.com\/www.grieta.org.mx\/wp-content\/uploads\/2018\/03\/14524434_1106112876131411_958039263622046936_o.jpg?resize=350%2C200&ssl=1 1x, https:\/\/i0.wp.com\/www.grieta.org.mx\/wp-content\/uploads\/2018\/03\/14524434_1106112876131411_958039263622046936_o.jpg?resize=525%2C300&ssl=1 1.5x, https:\/\/i0.wp.com\/www.grieta.org.mx\/wp-content\/uploads\/2018\/03\/14524434_1106112876131411_958039263622046936_o.jpg?resize=700%2C400&ssl=1 2x"},"classes":[]},{"id":32909,"url":"https:\/\/www.grieta.org.mx\/index.php\/2019\/05\/02\/en-pleno-desfile-protesta-contra-agustin-de-la-huerta-tamaulipas\/","url_meta":{"origin":2166,"position":1},"title":"En pleno desfile protesta contra Agust\u00edn de la Huerta (Tamaulipas)","author":"grieta","date":"2 mayo, 2019","format":false,"excerpt":"Daisy Ver\u00f3nica Herrera Medrano \/ El Mercurio Acusan a de la Huerta Mejia de vulnerar los derechos laborales de los trabajadores . En pleno desfile del d\u00eda del trabajo este 1 de mayo, trabajadores del Colegio de Educaci\u00f3n Profesional T\u00e9cnica de Tamaulipas (Conalep), \u201ctronaron\u201d en contra de su director general,\u2026","rel":"","context":"En &quot;CINTILLO&quot;","block_context":{"text":"CINTILLO","link":"https:\/\/www.grieta.org.mx\/index.php\/category\/cintillo\/"},"img":{"alt_text":"","src":"https:\/\/i0.wp.com\/www.grieta.org.mx\/wp-content\/uploads\/2019\/05\/En-pleno-desfile-protesta-contra-Agust%C3%ADn-de-la-Huerta-tama-may.jpg?resize=350%2C200&ssl=1","width":350,"height":200,"srcset":"https:\/\/i0.wp.com\/www.grieta.org.mx\/wp-content\/uploads\/2019\/05\/En-pleno-desfile-protesta-contra-Agust%C3%ADn-de-la-Huerta-tama-may.jpg?resize=350%2C200&ssl=1 1x, https:\/\/i0.wp.com\/www.grieta.org.mx\/wp-content\/uploads\/2019\/05\/En-pleno-desfile-protesta-contra-Agust%C3%ADn-de-la-Huerta-tama-may.jpg?resize=525%2C300&ssl=1 1.5x, https:\/\/i0.wp.com\/www.grieta.org.mx\/wp-content\/uploads\/2019\/05\/En-pleno-desfile-protesta-contra-Agust%C3%ADn-de-la-Huerta-tama-may.jpg?resize=700%2C400&ssl=1 2x, https:\/\/i0.wp.com\/www.grieta.org.mx\/wp-content\/uploads\/2019\/05\/En-pleno-desfile-protesta-contra-Agust%C3%ADn-de-la-Huerta-tama-may.jpg?resize=1050%2C600&ssl=1 3x"},"classes":[]},{"id":34417,"url":"https:\/\/www.grieta.org.mx\/index.php\/2019\/06\/05\/empleados-de-coca-cola-se-van-a-paro-en-gomez-palacio-acusan-trato-inhumano-durango\/","url_meta":{"origin":2166,"position":2},"title":"Empleados de Coca-Cola se van a paro en G\u00f3mez Palacio, acusan trato &#8220;inhumano&#8221; (Durango)","author":"grieta","date":"5 junio, 2019","format":false,"excerpt":"LUIS ALATORRE\/Milenio. 30 repartidores de no recorrieron sus rutas hoy mi\u00e9rcoles, para manifestarse por la falta de vacaciones, turnos de hasta 14 horas y la falta de personal. https:\/\/www.milenio.com\/estados\/empleados-coca-cola-paro-gomez-palacio-acusan-trato-inhumano G\u00f3mez Palacio, Durango. Empleados de la Embotelladora Coca Cola en Santa Rita, Durango, se declararon en paro y acusaron que los\u2026","rel":"","context":"En &quot;CINTILLO&quot;","block_context":{"text":"CINTILLO","link":"https:\/\/www.grieta.org.mx\/index.php\/category\/cintillo\/"},"img":{"alt_text":"","src":"https:\/\/i0.wp.com\/www.grieta.org.mx\/wp-content\/uploads\/2019\/06\/repartidores-camion-trabajadores-estibar-cajas_0_71_555_344.jpg?resize=350%2C200&ssl=1","width":350,"height":200,"srcset":"https:\/\/i0.wp.com\/www.grieta.org.mx\/wp-content\/uploads\/2019\/06\/repartidores-camion-trabajadores-estibar-cajas_0_71_555_344.jpg?resize=350%2C200&ssl=1 1x, https:\/\/i0.wp.com\/www.grieta.org.mx\/wp-content\/uploads\/2019\/06\/repartidores-camion-trabajadores-estibar-cajas_0_71_555_344.jpg?resize=525%2C300&ssl=1 1.5x, https:\/\/i0.wp.com\/www.grieta.org.mx\/wp-content\/uploads\/2019\/06\/repartidores-camion-trabajadores-estibar-cajas_0_71_555_344.jpg?resize=700%2C400&ssl=1 2x"},"classes":[]},{"id":11753,"url":"https:\/\/www.grieta.org.mx\/index.php\/2016\/05\/04\/exigen-maestros-pagos-de-jubilaciones-y-medicamentos-en-la-laguna-de-durango\/","url_meta":{"origin":2166,"position":3},"title":"Exigen maestros pagos de jubilaciones y medicamentos en La Laguna de Durango","author":"grieta","date":"4 mayo, 2016","format":false,"excerpt":"Mayela Avila G\u00f3mez Palacio, Durango (04\/05\/2016).- Este mi\u00e9rcoles, maestros de la secci\u00f3n 44 del Sindicato Nacional de Trabajadores de la Educaci\u00f3n se manifestaron en las instalaciones de la subsecretar\u00eda de Educaci\u00f3n en la regi\u00f3n Laguna con sede en G\u00f3mez Palacio, en protesta por irregularidades para el pago de finiquitos y\u2026","rel":"","context":"En &quot;CINTILLO&quot;","block_context":{"text":"CINTILLO","link":"https:\/\/www.grieta.org.mx\/index.php\/category\/cintillo\/"},"img":{"alt_text":"","src":"https:\/\/i0.wp.com\/www.grieta.org.mx\/wp-content\/uploads\/2018\/03\/14524434_1106112876131411_958039263622046936_o.jpg?resize=350%2C200&ssl=1","width":350,"height":200,"srcset":"https:\/\/i0.wp.com\/www.grieta.org.mx\/wp-content\/uploads\/2018\/03\/14524434_1106112876131411_958039263622046936_o.jpg?resize=350%2C200&ssl=1 1x, https:\/\/i0.wp.com\/www.grieta.org.mx\/wp-content\/uploads\/2018\/03\/14524434_1106112876131411_958039263622046936_o.jpg?resize=525%2C300&ssl=1 1.5x, https:\/\/i0.wp.com\/www.grieta.org.mx\/wp-content\/uploads\/2018\/03\/14524434_1106112876131411_958039263622046936_o.jpg?resize=700%2C400&ssl=1 2x"},"classes":[]},{"id":40385,"url":"https:\/\/www.grieta.org.mx\/index.php\/2019\/10\/18\/continuan-inconformes-docentes-de-preparatorias-de-gomez-palacio-durango\/","url_meta":{"origin":2166,"position":4},"title":"Contin\u00faan inconformes docentes de preparatorias de G\u00f3mez Palacio (Durango)","author":"grieta","date":"18 octubre, 2019","format":false,"excerpt":"Piden se tomen en cuenta los puntos expuestos en un pliego petitorio dirigido a autoridades de la Subsecretar\u00eda de Educaci\u00f3n P\u00fablica Regi\u00f3n Laguna Durango. https:\/\/www.milenio.com\/aula\/continuan-inconformes-docentes-preparatorias-gomez-palacio Liliana Y\u00e1\u00f1ez\/ MILENIO LAGUNA Docentes de las preparatorias Jaime Torres Bodet del turno matutino; Alicia Fierro de M\u00e9ndez, del turno vespertino y Luis Fierro Lares,\u2026","rel":"","context":"En &quot;CINTILLO&quot;","block_context":{"text":"CINTILLO","link":"https:\/\/www.grieta.org.mx\/index.php\/category\/cintillo\/"},"img":{"alt_text":"","src":"https:\/\/i0.wp.com\/www.grieta.org.mx\/wp-content\/uploads\/2019\/10\/maestros-paro-labores-afectando.jpeg?resize=350%2C200&ssl=1","width":350,"height":200,"srcset":"https:\/\/i0.wp.com\/www.grieta.org.mx\/wp-content\/uploads\/2019\/10\/maestros-paro-labores-afectando.jpeg?resize=350%2C200&ssl=1 1x, https:\/\/i0.wp.com\/www.grieta.org.mx\/wp-content\/uploads\/2019\/10\/maestros-paro-labores-afectando.jpeg?resize=525%2C300&ssl=1 1.5x, https:\/\/i0.wp.com\/www.grieta.org.mx\/wp-content\/uploads\/2019\/10\/maestros-paro-labores-afectando.jpeg?resize=700%2C400&ssl=1 2x"},"classes":[]},{"id":40264,"url":"https:\/\/www.grieta.org.mx\/index.php\/2019\/10\/07\/inicia-huelga-en-tres-planteles-del-conalep-en-campeche\/","url_meta":{"origin":2166,"position":5},"title":"Inicia huelga en tres planteles del Conalep en Campeche","author":"grieta","date":"7 octubre, 2019","format":false,"excerpt":"Exigen cumplimiento de lo establecido en el Contrato Colectivo de Trabajo Gabriel Graniel Herrera\/ La Jornada Maya Ciudad del Carmen, Campeche Luego de varios paros escalonados desde el inicio del semestre julio-diciembre, maestros del Colegio Nacional de Educaci\u00f3n Profesional T\u00e9cnica (Conalep), de los tres planteles de la entidad, iniciaron la\u2026","rel":"","context":"En &quot;Campeche&quot;","block_context":{"text":"Campeche","link":"https:\/\/www.grieta.org.mx\/index.php\/category\/noticias-nacionales\/campeche\/"},"img":{"alt_text":"","src":"https:\/\/i0.wp.com\/www.grieta.org.mx\/wp-content\/uploads\/2019\/10\/HuelgaConalep.png?resize=350%2C200&ssl=1","width":350,"height":200,"srcset":"https:\/\/i0.wp.com\/www.grieta.org.mx\/wp-content\/uploads\/2019\/10\/HuelgaConalep.png?resize=350%2C200&ssl=1 1x, https:\/\/i0.wp.com\/www.grieta.org.mx\/wp-content\/uploads\/2019\/10\/HuelgaConalep.png?resize=525%2C300&ssl=1 1.5x"},"classes":[]}],"_links":{"self":[{"href":"https:\/\/www.grieta.org.mx\/index.php\/wp-json\/wp\/v2\/posts\/2166","targetHints":{"allow":["GET"]}}],"collection":[{"href":"https:\/\/www.grieta.org.mx\/index.php\/wp-json\/wp\/v2\/posts"}],"about":[{"href":"https:\/\/www.grieta.org.mx\/index.php\/wp-json\/wp\/v2\/types\/post"}],"author":[{"embeddable":true,"href":"https:\/\/www.grieta.org.mx\/index.php\/wp-json\/wp\/v2\/users\/2"}],"replies":[{"embeddable":true,"href":"https:\/\/www.grieta.org.mx\/index.php\/wp-json\/wp\/v2\/comments?post=2166"}],"version-history":[{"count":1,"href":"https:\/\/www.grieta.org.mx\/index.php\/wp-json\/wp\/v2\/posts\/2166\/revisions"}],"predecessor-version":[{"id":2168,"href":"https:\/\/www.grieta.org.mx\/index.php\/wp-json\/wp\/v2\/posts\/2166\/revisions\/2168"}],"wp:featuredmedia":[{"embeddable":true,"href":"https:\/\/www.grieta.org.mx\/index.php\/wp-json\/wp\/v2\/media\/21928"}],"wp:attachment":[{"href":"https:\/\/www.grieta.org.mx\/index.php\/wp-json\/wp\/v2\/media?parent=2166"}],"wp:term":[{"taxonomy":"category","embeddable":true,"href":"https:\/\/www.grieta.org.mx\/index.php\/wp-json\/wp\/v2\/categories?post=2166"},{"taxonomy":"post_tag","embeddable":true,"href":"https:\/\/www.grieta.org.mx\/index.php\/wp-json\/wp\/v2\/tags?post=2166"}],"curies":[{"name":"wp","href":"https:\/\/api.w.org\/{rel}","templated":true}]}}