{"id":21616,"date":"2016-09-05T21:42:04","date_gmt":"2016-09-06T02:42:04","guid":{"rendered":"http:\/\/www.grieta.org.mx\/?p=21616"},"modified":"2016-09-13T21:47:01","modified_gmt":"2016-09-14T02:47:01","slug":"resistencia-y-despojo-por-gasoducto-el-encino-topolobampo","status":"publish","type":"post","link":"https:\/\/www.grieta.org.mx\/index.php\/2016\/09\/05\/resistencia-y-despojo-por-gasoducto-el-encino-topolobampo\/","title":{"rendered":"Resistencia y despojo por gasoducto El Encino-Topolobampo"},"content":{"rendered":"<p><strong>05\/09\/16. <\/strong><a href=\"http:\/\/www.grieta.org.mx\/index.php\/2016\/09\/04\/denuncian-engano-por-gasoducto-en-tierras-indigenas-chihuahua\/\">Denuncian enga\u00f1o por gasoducto en tierras ind\u00edgenas<\/a><br  \/><em>El Diario<\/em><br  \/><\/p>\n","protected":false},"excerpt":{"rendered":"<p>05\/09\/16. Denuncian enga\u00f1o por gasoducto en tierras ind\u00edgenasEl Diario<\/p>\n","protected":false},"author":2,"featured_media":21928,"comment_status":"closed","ping_status":"closed","sticky":false,"template":"","format":"standard","meta":{"ngg_post_thumbnail":0,"_jetpack_newsletter_access":"","_jetpack_dont_email_post_to_subs":false,"_jetpack_newsletter_tier_id":0,"_jetpack_memberships_contains_paywalled_content":false,"_jetpack_memberships_contains_paid_content":false,"footnotes":""},"categories":[12],"tags":[],"class_list":["post-21616","post","type-post","status-publish","format-standard","has-post-thumbnail","hentry","category-chihuahua","entry"],"jetpack_featured_media_url":"https:\/\/www.grieta.org.mx\/wp-content\/uploads\/2018\/03\/14524434_1106112876131411_958039263622046936_o.jpg","jetpack_sharing_enabled":true,"jetpack_shortlink":"https:\/\/wp.me\/p7ZJR4-5CE","jetpack_likes_enabled":false,"jetpack-related-posts":[{"id":25524,"url":"https:\/\/www.grieta.org.mx\/index.php\/2018\/08\/12\/policias-desalojan-a-grupo-que-protestaba-en-el-gasoducto-encino-topolobampo-en-chihuahua\/","url_meta":{"origin":21616,"position":0},"title":"Polic\u00edas desalojan a grupo que protestaba en el gasoducto Encino-Topolobampo en Chihuahua","author":"grieta","date":"12 agosto, 2018","format":false,"excerpt":"Patricia Mayorga\/Proceso CIUDAD DE MEXICO (proceso.com.mx).- Agentes estatales desalojaron con violencia a la comunidad ind\u00edgena de La Laguna, en el municipio de Bocoyna, que se manifestaba en contra de una empresa que opera el gasoducto Encino-Topolobampo. La Red en Defensa de Territorios Ind\u00edgenas de la Sierra Tarahumara conden\u00f3 el desalojo\u2026","rel":"","context":"En &quot;Chihuahua&quot;","block_context":{"text":"Chihuahua","link":"https:\/\/www.grieta.org.mx\/index.php\/category\/noticias-nacionales\/chihuahua\/"},"img":{"alt_text":"","src":"https:\/\/i0.wp.com\/www.grieta.org.mx\/wp-content\/uploads\/2018\/03\/14524434_1106112876131411_958039263622046936_o.jpg?resize=350%2C200&ssl=1","width":350,"height":200,"srcset":"https:\/\/i0.wp.com\/www.grieta.org.mx\/wp-content\/uploads\/2018\/03\/14524434_1106112876131411_958039263622046936_o.jpg?resize=350%2C200&ssl=1 1x, https:\/\/i0.wp.com\/www.grieta.org.mx\/wp-content\/uploads\/2018\/03\/14524434_1106112876131411_958039263622046936_o.jpg?resize=525%2C300&ssl=1 1.5x, https:\/\/i0.wp.com\/www.grieta.org.mx\/wp-content\/uploads\/2018\/03\/14524434_1106112876131411_958039263622046936_o.jpg?resize=700%2C400&ssl=1 2x"},"classes":[]},{"id":21618,"url":"https:\/\/www.grieta.org.mx\/index.php\/2016\/09\/04\/denuncian-engano-por-gasoducto-en-tierras-indigenas-chihuahua\/","url_meta":{"origin":21616,"position":1},"title":"Denuncian enga\u00f1o por gasoducto en tierras ind\u00edgenas (Chihuahua)","author":"grieta","date":"4 septiembre, 2016","format":false,"excerpt":"El Diario Patricia Mayorga El sacerdote jesuita, Javier \u2018El Pato\u2019 \u00c1vila, denunci\u00f3 una serie de irregularidades utilizadas por la Comisi\u00f3n Federal de Electricidad (CFE) y la empresa Transportadora de Gas Natural del Noroeste (TGNN), para simular que la comunidad ind\u00edgena de San Ignacio de Arareco, en el municipio de Bocoyna,\u2026","rel":"","context":"En &quot;Chihuahua&quot;","block_context":{"text":"Chihuahua","link":"https:\/\/www.grieta.org.mx\/index.php\/category\/noticias-nacionales\/chihuahua\/"},"img":{"alt_text":"","src":"https:\/\/i0.wp.com\/www.grieta.org.mx\/wp-content\/uploads\/2018\/03\/14524434_1106112876131411_958039263622046936_o.jpg?resize=350%2C200&ssl=1","width":350,"height":200,"srcset":"https:\/\/i0.wp.com\/www.grieta.org.mx\/wp-content\/uploads\/2018\/03\/14524434_1106112876131411_958039263622046936_o.jpg?resize=350%2C200&ssl=1 1x, https:\/\/i0.wp.com\/www.grieta.org.mx\/wp-content\/uploads\/2018\/03\/14524434_1106112876131411_958039263622046936_o.jpg?resize=525%2C300&ssl=1 1.5x, https:\/\/i0.wp.com\/www.grieta.org.mx\/wp-content\/uploads\/2018\/03\/14524434_1106112876131411_958039263622046936_o.jpg?resize=700%2C400&ssl=1 2x"},"classes":[]},{"id":22841,"url":"https:\/\/www.grieta.org.mx\/index.php\/2015\/01\/24\/raramuris-impiden-construccion-del-gasoducto-en-batopilas\/","url_meta":{"origin":21616,"position":2},"title":"Rar\u00e1muris impiden construcci\u00f3n del gasoducto en Batopilas (Chihuahua)","author":"grieta","date":"24 enero, 2015","format":false,"excerpt":"Cientos de ind\u00edgenas lograron detener de forma pac\u00edfica, sin que exista una resoluci\u00f3n judicial, pues acordaron que se realice primero una consulta en los pueblos rar\u00e1muris por no haber respetado los derechos de los pueblos rar\u00e1muri. Se trata del gasoducto El Encino-Topolobampo, que implica construir 530 kil\u00f3metros de tuber\u00eda de\u2026","rel":"","context":"En &quot;Chihuahua&quot;","block_context":{"text":"Chihuahua","link":"https:\/\/www.grieta.org.mx\/index.php\/category\/noticias-nacionales\/chihuahua\/"},"img":{"alt_text":"","src":"https:\/\/i0.wp.com\/www.grieta.org.mx\/wp-content\/uploads\/2018\/03\/14524434_1106112876131411_958039263622046936_o.jpg?resize=350%2C200&ssl=1","width":350,"height":200,"srcset":"https:\/\/i0.wp.com\/www.grieta.org.mx\/wp-content\/uploads\/2018\/03\/14524434_1106112876131411_958039263622046936_o.jpg?resize=350%2C200&ssl=1 1x, https:\/\/i0.wp.com\/www.grieta.org.mx\/wp-content\/uploads\/2018\/03\/14524434_1106112876131411_958039263622046936_o.jpg?resize=525%2C300&ssl=1 1.5x, https:\/\/i0.wp.com\/www.grieta.org.mx\/wp-content\/uploads\/2018\/03\/14524434_1106112876131411_958039263622046936_o.jpg?resize=700%2C400&ssl=1 2x"},"classes":[]},{"id":22839,"url":"https:\/\/www.grieta.org.mx\/index.php\/2014\/10\/31\/repudian-raramuris-proyecto-de-gasoducto-en-chihuahua\/","url_meta":{"origin":21616,"position":3},"title":"Repudian rar\u00e1muris proyecto de gasoducto en Chihuahua","author":"grieta","date":"31 octubre, 2014","format":false,"excerpt":"Patricia Mayorga CHIHUAHUA, Chih. (apro).- Las organizaciones que acompa\u00f1an a las comunidades ind\u00edgenas por donde pasar\u00e1 el gasoducto El Encino-Topolobampo pidieron seguridad para los rar\u00e1muri, quienes han exigido consulta previa para que avance el proyecto, debido a que est\u00e1n siendo intimidados para desistir y aceptar la construcci\u00f3n de la obra.\u2026","rel":"","context":"En &quot;Chihuahua&quot;","block_context":{"text":"Chihuahua","link":"https:\/\/www.grieta.org.mx\/index.php\/category\/noticias-nacionales\/chihuahua\/"},"img":{"alt_text":"","src":"https:\/\/i0.wp.com\/www.grieta.org.mx\/wp-content\/uploads\/2018\/03\/14524434_1106112876131411_958039263622046936_o.jpg?resize=350%2C200&ssl=1","width":350,"height":200,"srcset":"https:\/\/i0.wp.com\/www.grieta.org.mx\/wp-content\/uploads\/2018\/03\/14524434_1106112876131411_958039263622046936_o.jpg?resize=350%2C200&ssl=1 1x, https:\/\/i0.wp.com\/www.grieta.org.mx\/wp-content\/uploads\/2018\/03\/14524434_1106112876131411_958039263622046936_o.jpg?resize=525%2C300&ssl=1 1.5x, https:\/\/i0.wp.com\/www.grieta.org.mx\/wp-content\/uploads\/2018\/03\/14524434_1106112876131411_958039263622046936_o.jpg?resize=700%2C400&ssl=1 2x"},"classes":[]},{"id":10111,"url":"https:\/\/www.grieta.org.mx\/index.php\/2016\/05\/25\/danos-y-despojo-por-construccion-de-gasoductos-en-sinaloa\/","url_meta":{"origin":21616,"position":4},"title":"Da\u00f1os y despojo por construcci\u00f3n de gasoductos en Sinaloa","author":"grieta","date":"25 mayo, 2016","format":false,"excerpt":"25\/05\/16. Reanudar\u00e1n el gasoducto tras seis meses del bloqueo El Debate 07\/04\/16. Sinaloa ve soluci\u00f3n a conflicto del gasoducto El Debate 06\/04\/16. Gasoducto paralizado desde diciembre pasado El Debate 09\/02\/16. Declaran campesinos por da\u00f1os a obra del gasoducto L\u00ednea Directa","rel":"","context":"En &quot;Hidrocarburos&quot;","block_context":{"text":"Hidrocarburos","link":"https:\/\/www.grieta.org.mx\/index.php\/category\/megaproyectos\/hidrocarburos\/"},"img":{"alt_text":"","src":"https:\/\/i0.wp.com\/www.grieta.org.mx\/wp-content\/uploads\/2018\/03\/14524434_1106112876131411_958039263622046936_o.jpg?resize=350%2C200&ssl=1","width":350,"height":200,"srcset":"https:\/\/i0.wp.com\/www.grieta.org.mx\/wp-content\/uploads\/2018\/03\/14524434_1106112876131411_958039263622046936_o.jpg?resize=350%2C200&ssl=1 1x, https:\/\/i0.wp.com\/www.grieta.org.mx\/wp-content\/uploads\/2018\/03\/14524434_1106112876131411_958039263622046936_o.jpg?resize=525%2C300&ssl=1 1.5x, https:\/\/i0.wp.com\/www.grieta.org.mx\/wp-content\/uploads\/2018\/03\/14524434_1106112876131411_958039263622046936_o.jpg?resize=700%2C400&ssl=1 2x"},"classes":[]},{"id":1172,"url":"https:\/\/www.grieta.org.mx\/index.php\/2016\/04\/19\/protestas-contra-gasoducto-en-atotonilco\/","url_meta":{"origin":21616,"position":5},"title":"Protestas contra gasoducto en Atotonilco","author":"grieta","date":"19 abril, 2016","format":false,"excerpt":"19\/04\/16. No permitir\u00e1n el paso al gasoducto aunque les den obras a\u00a0cambioNueva Imagen 11\/04\/16. \u00a1No al gasoducto!Plaza Ju\u00e1rez 28\/01\/16. Detienen construcci\u00f3n de ramal de gasoductoEl Sol de Hidalgo 22\/01\/16. Campesinos de 4 ejidos bloquearon la obra del gasoducto Ramal Tula para exigir trabajoLa Regi\u00f3n 12\/12\/15. Ordena la Corte cancelar obras\u2026","rel":"","context":"En &quot;Hidalgo&quot;","block_context":{"text":"Hidalgo","link":"https:\/\/www.grieta.org.mx\/index.php\/category\/noticias-nacionales\/hidalgo\/"},"img":{"alt_text":"","src":"https:\/\/i0.wp.com\/www.grieta.org.mx\/wp-content\/uploads\/2018\/03\/14524434_1106112876131411_958039263622046936_o.jpg?resize=350%2C200&ssl=1","width":350,"height":200,"srcset":"https:\/\/i0.wp.com\/www.grieta.org.mx\/wp-content\/uploads\/2018\/03\/14524434_1106112876131411_958039263622046936_o.jpg?resize=350%2C200&ssl=1 1x, https:\/\/i0.wp.com\/www.grieta.org.mx\/wp-content\/uploads\/2018\/03\/14524434_1106112876131411_958039263622046936_o.jpg?resize=525%2C300&ssl=1 1.5x, https:\/\/i0.wp.com\/www.grieta.org.mx\/wp-content\/uploads\/2018\/03\/14524434_1106112876131411_958039263622046936_o.jpg?resize=700%2C400&ssl=1 2x"},"classes":[]}],"_links":{"self":[{"href":"https:\/\/www.grieta.org.mx\/index.php\/wp-json\/wp\/v2\/posts\/21616","targetHints":{"allow":["GET"]}}],"collection":[{"href":"https:\/\/www.grieta.org.mx\/index.php\/wp-json\/wp\/v2\/posts"}],"about":[{"href":"https:\/\/www.grieta.org.mx\/index.php\/wp-json\/wp\/v2\/types\/post"}],"author":[{"embeddable":true,"href":"https:\/\/www.grieta.org.mx\/index.php\/wp-json\/wp\/v2\/users\/2"}],"replies":[{"embeddable":true,"href":"https:\/\/www.grieta.org.mx\/index.php\/wp-json\/wp\/v2\/comments?post=21616"}],"version-history":[{"count":1,"href":"https:\/\/www.grieta.org.mx\/index.php\/wp-json\/wp\/v2\/posts\/21616\/revisions"}],"predecessor-version":[{"id":21620,"href":"https:\/\/www.grieta.org.mx\/index.php\/wp-json\/wp\/v2\/posts\/21616\/revisions\/21620"}],"wp:featuredmedia":[{"embeddable":true,"href":"https:\/\/www.grieta.org.mx\/index.php\/wp-json\/wp\/v2\/media\/21928"}],"wp:attachment":[{"href":"https:\/\/www.grieta.org.mx\/index.php\/wp-json\/wp\/v2\/media?parent=21616"}],"wp:term":[{"taxonomy":"category","embeddable":true,"href":"https:\/\/www.grieta.org.mx\/index.php\/wp-json\/wp\/v2\/categories?post=21616"},{"taxonomy":"post_tag","embeddable":true,"href":"https:\/\/www.grieta.org.mx\/index.php\/wp-json\/wp\/v2\/tags?post=21616"}],"curies":[{"name":"wp","href":"https:\/\/api.w.org\/{rel}","templated":true}]}}