{"id":21561,"date":"2016-09-05T13:07:11","date_gmt":"2016-09-05T18:07:11","guid":{"rendered":"http:\/\/www.grieta.org.mx\/?p=21561"},"modified":"2016-09-13T13:07:56","modified_gmt":"2016-09-13T18:07:56","slug":"violencia-en-colima","status":"publish","type":"post","link":"https:\/\/www.grieta.org.mx\/index.php\/2016\/09\/05\/violencia-en-colima\/","title":{"rendered":"Violencia en Colima"},"content":{"rendered":"<p><strong>05\/09\/16. <\/strong><a href=\"http:\/\/www.grieta.org.mx\/index.php\/2016\/09\/05\/menores-de-edad-asesinados-en-colima\/\" >Menores de edad, asesinados en Colima<\/a><br \/><em>Diario Avanzada<\/em><br  \/><\/p>\n","protected":false},"excerpt":{"rendered":"<p>05\/09\/16. Menores de edad, asesinados en ColimaDiario Avanzada<\/p>\n","protected":false},"author":2,"featured_media":21928,"comment_status":"closed","ping_status":"closed","sticky":false,"template":"","format":"standard","meta":{"ngg_post_thumbnail":0,"_jetpack_newsletter_access":"","_jetpack_dont_email_post_to_subs":false,"_jetpack_newsletter_tier_id":0,"_jetpack_memberships_contains_paywalled_content":false,"_jetpack_memberships_contains_paid_content":false,"footnotes":""},"categories":[13,2],"tags":[],"class_list":["post-21561","post","type-post","status-publish","format-standard","has-post-thumbnail","hentry","category-colima","category-noticias-nacionales","entry"],"jetpack_featured_media_url":"https:\/\/www.grieta.org.mx\/wp-content\/uploads\/2018\/03\/14524434_1106112876131411_958039263622046936_o.jpg","jetpack_sharing_enabled":true,"jetpack_shortlink":"https:\/\/wp.me\/p7ZJR4-5BL","jetpack_likes_enabled":false,"jetpack-related-posts":[{"id":65945,"url":"https:\/\/www.grieta.org.mx\/index.php\/2022\/12\/04\/colima-entre-los-estados-mas-inseguros-para-ninas-y-adolescentes\/","url_meta":{"origin":21561,"position":0},"title":"Colima, entre los estados m\u00e1s inseguros para ni\u00f1as y adolescentes","author":"grieta","date":"4 diciembre, 2022","format":false,"excerpt":"Imagen: Diario Avanzada Heidi de Le\u00f3n Guti\u00e9rrez \/ Diario Avanzada Colima, M\u00e9xico, Avanzada (04\/12\/2022).- Colima se encuentra entre los 14 estados m\u00e1s inseguros para las ni\u00f1as y adolescentes, de acuerdo al monitoreo que realiz\u00f3 la organizaci\u00f3n: Aqu\u00ed estamos: feminicidio infantil en M\u00e9xico. El reporte fue elaborado por un grupo de\u2026","rel":"","context":"En &quot;CINTILLO&quot;","block_context":{"text":"CINTILLO","link":"https:\/\/www.grieta.org.mx\/index.php\/category\/cintillo\/"},"img":{"alt_text":"","src":"https:\/\/i0.wp.com\/www.grieta.org.mx\/wp-content\/uploads\/2022\/12\/image-25-1.png?resize=350%2C200&ssl=1","width":350,"height":200,"srcset":"https:\/\/i0.wp.com\/www.grieta.org.mx\/wp-content\/uploads\/2022\/12\/image-25-1.png?resize=350%2C200&ssl=1 1x, https:\/\/i0.wp.com\/www.grieta.org.mx\/wp-content\/uploads\/2022\/12\/image-25-1.png?resize=525%2C300&ssl=1 1.5x"},"classes":[]},{"id":40664,"url":"https:\/\/www.grieta.org.mx\/index.php\/2019\/10\/16\/ninos-desaparecidos-colima-es-sexto-lugar-nacional\/","url_meta":{"origin":21561,"position":1},"title":"Ni\u00f1os desaparecidos, Colima es sexto lugar nacional","author":"grieta","date":"16 octubre, 2019","format":false,"excerpt":"Foto: Diario Avanzada Heidi de Le\u00f3n Guti\u00e9rrez \/ Diario Avanzada Colima, M\u00e9xico, Avanzada (16\/10\/2019).- Entre 2014 y 2018 desaparecieron en Colima 61 menores de 17 a\u00f1os de edad. Los casos m\u00e1s conocidos son el de Kelsy Naomy Casta\u00f1eda C\u00f3rdova y Rodrigo Flores, ambos de ocho a\u00f1os de edad y que\u2026","rel":"","context":"En &quot;CINTILLO&quot;","block_context":{"text":"CINTILLO","link":"https:\/\/www.grieta.org.mx\/index.php\/category\/cintillo\/"},"img":{"alt_text":"","src":"https:\/\/i0.wp.com\/www.grieta.org.mx\/wp-content\/uploads\/2019\/10\/25594252_724029911140260_1773902415716327852_n.jpg?resize=350%2C200&ssl=1","width":350,"height":200,"srcset":"https:\/\/i0.wp.com\/www.grieta.org.mx\/wp-content\/uploads\/2019\/10\/25594252_724029911140260_1773902415716327852_n.jpg?resize=350%2C200&ssl=1 1x, https:\/\/i0.wp.com\/www.grieta.org.mx\/wp-content\/uploads\/2019\/10\/25594252_724029911140260_1773902415716327852_n.jpg?resize=525%2C300&ssl=1 1.5x"},"classes":[]},{"id":59124,"url":"https:\/\/www.grieta.org.mx\/index.php\/2021\/05\/01\/sufren-abuso-sexual-infantil-24-de-cada-100-mil-infantes-en-colima\/","url_meta":{"origin":21561,"position":2},"title":"Sufren abuso sexual infantil 24 de cada 100 mil infantes en Colima","author":"grieta","date":"1 mayo, 2021","format":false,"excerpt":"Imagen: Diario Avanzada Heidi de Le\u00f3n Guti\u00e9rrez \/ Diario Avanzada Colima, M\u00e9xico, Avanzada (01\/05\/2021).- Los altos \u00edndices de violencia que se registran en el estado, no s\u00f3lo afectan a los adultos, tambi\u00e9n a los ni\u00f1os y las ni\u00f1as, quienes son v\u00edctimas de diversos delitos, como el abuso sexual o conductas\u2026","rel":"","context":"En &quot;CINTILLO&quot;","block_context":{"text":"CINTILLO","link":"https:\/\/www.grieta.org.mx\/index.php\/category\/cintillo\/"},"img":{"alt_text":"","src":"https:\/\/i0.wp.com\/www.grieta.org.mx\/wp-content\/uploads\/2021\/05\/Nin%CC%83o-Proletario-1.jpg?resize=350%2C200&ssl=1","width":350,"height":200,"srcset":"https:\/\/i0.wp.com\/www.grieta.org.mx\/wp-content\/uploads\/2021\/05\/Nin%CC%83o-Proletario-1.jpg?resize=350%2C200&ssl=1 1x, https:\/\/i0.wp.com\/www.grieta.org.mx\/wp-content\/uploads\/2021\/05\/Nin%CC%83o-Proletario-1.jpg?resize=525%2C300&ssl=1 1.5x, https:\/\/i0.wp.com\/www.grieta.org.mx\/wp-content\/uploads\/2021\/05\/Nin%CC%83o-Proletario-1.jpg?resize=700%2C400&ssl=1 2x"},"classes":[]},{"id":68284,"url":"https:\/\/www.grieta.org.mx\/index.php\/2023\/11\/30\/desaparecen-17-mujeres-en-colima-9-son-menores-de-edad-colima\/","url_meta":{"origin":21561,"position":3},"title":"Desaparecen 17 mujeres en Colima, 9 son menores de edad (Colima)","author":"grieta","date":"30 noviembre, 2023","format":false,"excerpt":"Imagen: Diario Avanzada Heidi de Le\u00f3n Guti\u00e9rrez \/ Diario Avanzada Colima, M\u00e9xico, Avanzada (28\/11\/2023).- Diecisiete mujeres desaparecieron en el estado de Colima durante los meses de octubre y noviembre, sin que la autoridad detalle informaci\u00f3n sobre las l\u00edneas de investigaci\u00f3n que siguen para localizarlas. El sistema de Alerta Alba de\u2026","rel":"","context":"En &quot;CINTILLO&quot;","block_context":{"text":"CINTILLO","link":"https:\/\/www.grieta.org.mx\/index.php\/category\/cintillo\/"},"img":{"alt_text":"","src":"https:\/\/i0.wp.com\/www.grieta.org.mx\/wp-content\/uploads\/2023\/12\/Imagen-de-WhatsApp-2023-11-30-a-las-14.26.12_49d5d050-1200x1500-1.webp?resize=350%2C200&ssl=1","width":350,"height":200,"srcset":"https:\/\/i0.wp.com\/www.grieta.org.mx\/wp-content\/uploads\/2023\/12\/Imagen-de-WhatsApp-2023-11-30-a-las-14.26.12_49d5d050-1200x1500-1.webp?resize=350%2C200&ssl=1 1x, https:\/\/i0.wp.com\/www.grieta.org.mx\/wp-content\/uploads\/2023\/12\/Imagen-de-WhatsApp-2023-11-30-a-las-14.26.12_49d5d050-1200x1500-1.webp?resize=525%2C300&ssl=1 1.5x, https:\/\/i0.wp.com\/www.grieta.org.mx\/wp-content\/uploads\/2023\/12\/Imagen-de-WhatsApp-2023-11-30-a-las-14.26.12_49d5d050-1200x1500-1.webp?resize=700%2C400&ssl=1 2x, https:\/\/i0.wp.com\/www.grieta.org.mx\/wp-content\/uploads\/2023\/12\/Imagen-de-WhatsApp-2023-11-30-a-las-14.26.12_49d5d050-1200x1500-1.webp?resize=1050%2C600&ssl=1 3x"},"classes":[]},{"id":49339,"url":"https:\/\/www.grieta.org.mx\/index.php\/2020\/05\/11\/20-mil-ninos-trabajan-en-colima-56-en-actividades-peligrosas\/","url_meta":{"origin":21561,"position":4},"title":"20 mil ni\u00f1os trabajan en Colima; 56% en actividades peligrosas","author":"grieta","date":"11 mayo, 2020","format":false,"excerpt":"Foto: Ilustrativa Heidi de Le\u00f3n Guti\u00e9rrez \/ Diario Avanzada Colima, M\u00e9xico, Avanzada (11\/05\/2020).- La secretar\u00eda de Trabajo y Previsi\u00f3n Social (STYPS) detect\u00f3 a 20 mil 86 ni\u00f1os, ni\u00f1as y adolescentes que realizan una ocupaci\u00f3n o actividad laboral que no est\u00e1 permitida, principalmente en el campo colimense. Adem\u00e1s de esos 20\u2026","rel":"","context":"En &quot;CINTILLO&quot;","block_context":{"text":"CINTILLO","link":"https:\/\/www.grieta.org.mx\/index.php\/category\/cintillo\/"},"img":{"alt_text":"","src":"https:\/\/i0.wp.com\/www.grieta.org.mx\/wp-content\/uploads\/2020\/05\/b2d91eca3_normal_noticia.jpg?resize=350%2C200&ssl=1","width":350,"height":200,"srcset":"https:\/\/i0.wp.com\/www.grieta.org.mx\/wp-content\/uploads\/2020\/05\/b2d91eca3_normal_noticia.jpg?resize=350%2C200&ssl=1 1x, https:\/\/i0.wp.com\/www.grieta.org.mx\/wp-content\/uploads\/2020\/05\/b2d91eca3_normal_noticia.jpg?resize=525%2C300&ssl=1 1.5x, https:\/\/i0.wp.com\/www.grieta.org.mx\/wp-content\/uploads\/2020\/05\/b2d91eca3_normal_noticia.jpg?resize=700%2C400&ssl=1 2x"},"classes":[]},{"id":41035,"url":"https:\/\/www.grieta.org.mx\/index.php\/2019\/11\/07\/colima-tiene-la-tasa-mas-alta-de-menores-desaparecidos-victimas-del-crimen-organizado-revela-la-cndh\/","url_meta":{"origin":21561,"position":5},"title":"Colima tiene la tasa m\u00e1s alta de menores desaparecidos v\u00edctimas del crimen organizado, revela la CNDH","author":"grieta","date":"7 noviembre, 2019","format":false,"excerpt":"Foto: Avanzada Heidi de Le\u00f3n Guti\u00e9rrez \/ Avanzada Colima, M\u00e9xico, Avanzada (07\/11\/2019).- La Comisi\u00f3n Nacional de Derechos Humanos (CNDH) revel\u00f3 que Colima tiene la tasa m\u00e1s alta de ni\u00f1as, ni\u00f1os, y adolescentes desaparecidos por cada 100 mil habitantes. En el informe titulado \u201cEstudio Ni\u00f1as, ni\u00f1os y Adolescentes v\u00edctimas del crimen\u2026","rel":"","context":"En &quot;CINTILLO&quot;","block_context":{"text":"CINTILLO","link":"https:\/\/www.grieta.org.mx\/index.php\/category\/cintillo\/"},"img":{"alt_text":"","src":"https:\/\/i0.wp.com\/www.grieta.org.mx\/wp-content\/uploads\/2019\/10\/25594252_724029911140260_1773902415716327852_n.jpg?resize=350%2C200&ssl=1","width":350,"height":200,"srcset":"https:\/\/i0.wp.com\/www.grieta.org.mx\/wp-content\/uploads\/2019\/10\/25594252_724029911140260_1773902415716327852_n.jpg?resize=350%2C200&ssl=1 1x, https:\/\/i0.wp.com\/www.grieta.org.mx\/wp-content\/uploads\/2019\/10\/25594252_724029911140260_1773902415716327852_n.jpg?resize=525%2C300&ssl=1 1.5x"},"classes":[]}],"_links":{"self":[{"href":"https:\/\/www.grieta.org.mx\/index.php\/wp-json\/wp\/v2\/posts\/21561","targetHints":{"allow":["GET"]}}],"collection":[{"href":"https:\/\/www.grieta.org.mx\/index.php\/wp-json\/wp\/v2\/posts"}],"about":[{"href":"https:\/\/www.grieta.org.mx\/index.php\/wp-json\/wp\/v2\/types\/post"}],"author":[{"embeddable":true,"href":"https:\/\/www.grieta.org.mx\/index.php\/wp-json\/wp\/v2\/users\/2"}],"replies":[{"embeddable":true,"href":"https:\/\/www.grieta.org.mx\/index.php\/wp-json\/wp\/v2\/comments?post=21561"}],"version-history":[{"count":1,"href":"https:\/\/www.grieta.org.mx\/index.php\/wp-json\/wp\/v2\/posts\/21561\/revisions"}],"predecessor-version":[{"id":21565,"href":"https:\/\/www.grieta.org.mx\/index.php\/wp-json\/wp\/v2\/posts\/21561\/revisions\/21565"}],"wp:featuredmedia":[{"embeddable":true,"href":"https:\/\/www.grieta.org.mx\/index.php\/wp-json\/wp\/v2\/media\/21928"}],"wp:attachment":[{"href":"https:\/\/www.grieta.org.mx\/index.php\/wp-json\/wp\/v2\/media?parent=21561"}],"wp:term":[{"taxonomy":"category","embeddable":true,"href":"https:\/\/www.grieta.org.mx\/index.php\/wp-json\/wp\/v2\/categories?post=21561"},{"taxonomy":"post_tag","embeddable":true,"href":"https:\/\/www.grieta.org.mx\/index.php\/wp-json\/wp\/v2\/tags?post=21561"}],"curies":[{"name":"wp","href":"https:\/\/api.w.org\/{rel}","templated":true}]}}