{"id":21557,"date":"2016-09-05T13:02:07","date_gmt":"2016-09-05T18:02:07","guid":{"rendered":"http:\/\/www.grieta.org.mx\/?p=21557"},"modified":"2016-09-13T13:06:58","modified_gmt":"2016-09-13T18:06:58","slug":"menores-de-edad-asesinados-en-colima","status":"publish","type":"post","link":"https:\/\/www.grieta.org.mx\/index.php\/2016\/09\/05\/menores-de-edad-asesinados-en-colima\/","title":{"rendered":"Menores de edad, asesinados en Colima"},"content":{"rendered":"<p>Redacci\u00f3n Diario Avanzada<\/p>\n<p><img loading=\"lazy\" decoding=\"async\" data-attachment-id=\"21559\" data-permalink=\"https:\/\/www.grieta.org.mx\/index.php\/2016\/09\/05\/menores-de-edad-asesinados-en-colima\/maec\/\" data-orig-file=\"https:\/\/www.grieta.org.mx\/wp-content\/uploads\/2016\/09\/maec.jpg\" data-orig-size=\"680,373\" data-comments-opened=\"0\" data-image-meta=\"{&quot;aperture&quot;:&quot;0&quot;,&quot;credit&quot;:&quot;&quot;,&quot;camera&quot;:&quot;&quot;,&quot;caption&quot;:&quot;&quot;,&quot;created_timestamp&quot;:&quot;0&quot;,&quot;copyright&quot;:&quot;&quot;,&quot;focal_length&quot;:&quot;0&quot;,&quot;iso&quot;:&quot;0&quot;,&quot;shutter_speed&quot;:&quot;0&quot;,&quot;title&quot;:&quot;&quot;,&quot;orientation&quot;:&quot;1&quot;}\" data-image-title=\"maec\" data-image-description=\"\" data-image-caption=\"\" data-medium-file=\"https:\/\/www.grieta.org.mx\/wp-content\/uploads\/2016\/09\/maec-300x165.jpg\" data-large-file=\"https:\/\/www.grieta.org.mx\/wp-content\/uploads\/2016\/09\/maec.jpg\" src=\"http:\/\/www.grieta.org.mx\/wp-content\/uploads\/2016\/09\/maec-300x165.jpg\" alt=\"maec\" width=\"300\" height=\"165\" class=\"alignleft size-medium wp-image-21559\" srcset=\"https:\/\/www.grieta.org.mx\/wp-content\/uploads\/2016\/09\/maec-300x165.jpg 300w, https:\/\/www.grieta.org.mx\/wp-content\/uploads\/2016\/09\/maec.jpg 680w\" sizes=\"auto, (max-width: 300px) 100vw, 300px\" \/><\/p>\n<p>Colima, M\u00e9xico (5 de septiembre de 2016) Luis, de 14 a\u00f1os de edad; Wilber y Adri\u00e1n, de 15 a\u00f1os de edad; Irma Jazm\u00edn, de 9 a\u00f1os de edad, nunca se conocieron pero tienen dos cosas en com\u00fan, son menores de edad y fueron asesinados en el estado de Colima, sin que hasta el momento la autoridad haya esclarecido sus homicidios.<\/p>\n<p>En la crisis de violencia que enfrenta el estado de Colima en los \u00faltimos cinco a\u00f1os, y que se ha agudizado en este 2016, entre los muertos por la violencia tambi\u00e9n se contabilizan menores de edad, entre ellos un ni\u00f1o de dos a\u00f1os de edad, que fue acribillado a balazos junto con sus padres en la colonia Santa Elena en la capital del Estado en 2011.<\/p>\n<p>El 23 de febrero de este a\u00f1o, el secretario general de Gobierno Arnoldo Ochoa Gonz\u00e1lez se\u00f1al\u00f3 que la mayor\u00eda de las personas que han sido asesinadas en Colima est\u00e1n ligadas a la delincuencia: \u201cEs entre ellos, no han matado ciudadanos honestos, la lucha es entre ellos\u201d, dijo.<\/p>\n<p>Ese d\u00eda, insisti\u00f3 que los niveles de inseguridad que se registran en la entidad son consecuencia de una lucha entre c\u00e1rteles y descart\u00f3 que el incremento en los \u00edndices delictivos tenga que ver con la falta de resultados del secretario de Seguridad.<\/p>\n<p>Sin embargo, hasta el momento, la Procuradur\u00eda de Justicia del Estado no ha aclarado, ni ha comprobado las causas por las que fueron asesinados los menores de edad en Colima.<\/p>\n<p>De acuerdo a la informaci\u00f3n, este domingo por la noche en la colonia Las Torres en la capital del Estado un grupo armado ingres\u00f3 a una vivienda y abri\u00f3 fuego en contra de los habitantes de la casa; en el lugar murieron tres personas, entre ellos Luis, un menor de 14 a\u00f1os de edad.<\/p>\n<p>El pasado 31 de agosto, en la comunidad de El Colomo en Manzanillo, un menor de 15 a\u00f1os de edad fue asesinado, aparentemente cuando se encontraba realizando la tarea para irse a la escuela.<\/p>\n<p>Los hechos se suscitaron cerca de la caseta de polic\u00edas, Wilber de 15 a\u00f1os de edad, recibi\u00f3 un balazo en la cabeza.<\/p>\n<p>El pasado 18 de agosto, Adri\u00e1n, un joven de 15 a\u00f1os de edad fue asesinado en Tecom\u00e1n y su cuerpo fue localizado cerca de la comunidad de Cerro de Ortega.<\/p>\n<p>Mientras que el 26 de febrero, una ni\u00f1a de nueve a\u00f1os de edad, de nombre Yamileth, result\u00f3 con heridas despu\u00e9s de que asesinaran a un joven en la colonia Indeco; la ni\u00f1a se encontraba dentro de su vivienda.<\/p>\n<p>Adem\u00e1s, en julio, en una de las fosas clandestinas que se localizaron en Manzanillo fue descubierto el cuerpo sin vida de Fernando Miguel Pina Garc\u00eda, de 18 a\u00f1os de edad, quien estudiaba en el Conalep.<\/p>\n<p>El 17 de octubre de 2011, en la colonia Santa Elena en Colima, un menor de dos a\u00f1os de edad fue asesinado junto con sus padres y dos a\u00f1os despu\u00e9s, Irma Jazm\u00edn, de 11 a\u00f1os fue asesinada en Tecom\u00e1n enero de 2013; Irma Jazm\u00edn ten\u00eda huellas de tortura y su cuerpo fue calcinado.<\/p>\n<p>Hasta el momento, ninguno de los casos ha sido esclarecido, por lo que a\u00fan se desconocen las causas de los asesinatos de estos menores de edad.<\/p>\n<p>En el caso de Irma Jazm\u00edn, en el 2013, el gobierno del Estado boletin\u00f3 que el asesino de la menor hab\u00eda sido detenido.<\/p>\n<p><a href=\"http:\/\/www.diarioavanzada.com.mx\/index.php\/especiales\/19265-menores-de-edad-asesinados-en-colima\" target=\"_blank\">http:\/\/www.diarioavanzada.com.mx\/index.php\/especiales\/19265-menores-de-edad-asesinados-en-colima<\/a><\/p>\n","protected":false},"excerpt":{"rendered":"<p>Redacci\u00f3n Diario Avanzada Colima, M\u00e9xico (5 de septiembre de 2016) Luis, de 14 a\u00f1os de edad; Wilber y Adri\u00e1n, de 15 a\u00f1os de edad; Irma Jazm\u00edn, de 9 a\u00f1os de &hellip; <a href=\"https:\/\/www.grieta.org.mx\/index.php\/2016\/09\/05\/menores-de-edad-asesinados-en-colima\/\" class=\"more-link\">Leer m\u00e1s<\/a><\/p>\n","protected":false},"author":2,"featured_media":21928,"comment_status":"closed","ping_status":"closed","sticky":false,"template":"","format":"standard","meta":{"ngg_post_thumbnail":0,"_jetpack_newsletter_access":"","_jetpack_dont_email_post_to_subs":false,"_jetpack_newsletter_tier_id":0,"_jetpack_memberships_contains_paywalled_content":false,"_jetpack_memberships_contains_paid_content":false,"footnotes":""},"categories":[80],"tags":[174],"class_list":["post-21557","post","type-post","status-publish","format-standard","has-post-thumbnail","hentry","category-cintillo","tag-derechos-humanos","entry"],"jetpack_featured_media_url":"https:\/\/www.grieta.org.mx\/wp-content\/uploads\/2018\/03\/14524434_1106112876131411_958039263622046936_o.jpg","jetpack_sharing_enabled":true,"jetpack_shortlink":"https:\/\/wp.me\/p7ZJR4-5BH","jetpack_likes_enabled":false,"jetpack-related-posts":[{"id":68332,"url":"https:\/\/www.grieta.org.mx\/index.php\/2024\/01\/10\/colima-registra-213-menores-desaparecidos\/","url_meta":{"origin":21557,"position":0},"title":"Colima registra 213 menores desaparecidos","author":"grieta","date":"10 enero, 2024","format":false,"excerpt":"*En la fotograf\u00eda: Kelsy Naomi, desapareci\u00f3 en mayo de 20219 en Tecom\u00e1n. Heidi de Le\u00f3n Gutierrez \/ DIario Avanzada Colima, M\u00e9xico, Avanzada (10\/01\/2024).- La violencia que afecta al estado no distingue edad ni g\u00e9nero. En la entidad existen 213 menores en calidad de desaparecidos o no localizados. Entre los menores\u2026","rel":"","context":"En &quot;Colima&quot;","block_context":{"text":"Colima","link":"https:\/\/www.grieta.org.mx\/index.php\/category\/noticias-nacionales\/colima\/"},"img":{"alt_text":"","src":"https:\/\/i0.wp.com\/www.grieta.org.mx\/wp-content\/uploads\/2024\/01\/Kelsy-Naomi.png?resize=350%2C200&ssl=1","width":350,"height":200,"srcset":"https:\/\/i0.wp.com\/www.grieta.org.mx\/wp-content\/uploads\/2024\/01\/Kelsy-Naomi.png?resize=350%2C200&ssl=1 1x, https:\/\/i0.wp.com\/www.grieta.org.mx\/wp-content\/uploads\/2024\/01\/Kelsy-Naomi.png?resize=525%2C300&ssl=1 1.5x"},"classes":[]},{"id":65945,"url":"https:\/\/www.grieta.org.mx\/index.php\/2022\/12\/04\/colima-entre-los-estados-mas-inseguros-para-ninas-y-adolescentes\/","url_meta":{"origin":21557,"position":1},"title":"Colima, entre los estados m\u00e1s inseguros para ni\u00f1as y adolescentes","author":"grieta","date":"4 diciembre, 2022","format":false,"excerpt":"Imagen: Diario Avanzada Heidi de Le\u00f3n Guti\u00e9rrez \/ Diario Avanzada Colima, M\u00e9xico, Avanzada (04\/12\/2022).- Colima se encuentra entre los 14 estados m\u00e1s inseguros para las ni\u00f1as y adolescentes, de acuerdo al monitoreo que realiz\u00f3 la organizaci\u00f3n: Aqu\u00ed estamos: feminicidio infantil en M\u00e9xico. El reporte fue elaborado por un grupo de\u2026","rel":"","context":"En &quot;CINTILLO&quot;","block_context":{"text":"CINTILLO","link":"https:\/\/www.grieta.org.mx\/index.php\/category\/cintillo\/"},"img":{"alt_text":"","src":"https:\/\/i0.wp.com\/www.grieta.org.mx\/wp-content\/uploads\/2022\/12\/image-25-1.png?resize=350%2C200&ssl=1","width":350,"height":200,"srcset":"https:\/\/i0.wp.com\/www.grieta.org.mx\/wp-content\/uploads\/2022\/12\/image-25-1.png?resize=350%2C200&ssl=1 1x, https:\/\/i0.wp.com\/www.grieta.org.mx\/wp-content\/uploads\/2022\/12\/image-25-1.png?resize=525%2C300&ssl=1 1.5x"},"classes":[]},{"id":21561,"url":"https:\/\/www.grieta.org.mx\/index.php\/2016\/09\/05\/violencia-en-colima\/","url_meta":{"origin":21557,"position":2},"title":"Violencia en Colima","author":"grieta","date":"5 septiembre, 2016","format":false,"excerpt":"05\/09\/16. Menores de edad, asesinados en ColimaDiario Avanzada","rel":"","context":"En &quot;Colima&quot;","block_context":{"text":"Colima","link":"https:\/\/www.grieta.org.mx\/index.php\/category\/noticias-nacionales\/colima\/"},"img":{"alt_text":"","src":"https:\/\/i0.wp.com\/www.grieta.org.mx\/wp-content\/uploads\/2018\/03\/14524434_1106112876131411_958039263622046936_o.jpg?resize=350%2C200&ssl=1","width":350,"height":200,"srcset":"https:\/\/i0.wp.com\/www.grieta.org.mx\/wp-content\/uploads\/2018\/03\/14524434_1106112876131411_958039263622046936_o.jpg?resize=350%2C200&ssl=1 1x, https:\/\/i0.wp.com\/www.grieta.org.mx\/wp-content\/uploads\/2018\/03\/14524434_1106112876131411_958039263622046936_o.jpg?resize=525%2C300&ssl=1 1.5x, https:\/\/i0.wp.com\/www.grieta.org.mx\/wp-content\/uploads\/2018\/03\/14524434_1106112876131411_958039263622046936_o.jpg?resize=700%2C400&ssl=1 2x"},"classes":[]},{"id":68284,"url":"https:\/\/www.grieta.org.mx\/index.php\/2023\/11\/30\/desaparecen-17-mujeres-en-colima-9-son-menores-de-edad-colima\/","url_meta":{"origin":21557,"position":3},"title":"Desaparecen 17 mujeres en Colima, 9 son menores de edad (Colima)","author":"grieta","date":"30 noviembre, 2023","format":false,"excerpt":"Imagen: Diario Avanzada Heidi de Le\u00f3n Guti\u00e9rrez \/ Diario Avanzada Colima, M\u00e9xico, Avanzada (28\/11\/2023).- Diecisiete mujeres desaparecieron en el estado de Colima durante los meses de octubre y noviembre, sin que la autoridad detalle informaci\u00f3n sobre las l\u00edneas de investigaci\u00f3n que siguen para localizarlas. El sistema de Alerta Alba de\u2026","rel":"","context":"En &quot;CINTILLO&quot;","block_context":{"text":"CINTILLO","link":"https:\/\/www.grieta.org.mx\/index.php\/category\/cintillo\/"},"img":{"alt_text":"","src":"https:\/\/i0.wp.com\/www.grieta.org.mx\/wp-content\/uploads\/2023\/12\/Imagen-de-WhatsApp-2023-11-30-a-las-14.26.12_49d5d050-1200x1500-1.webp?resize=350%2C200&ssl=1","width":350,"height":200,"srcset":"https:\/\/i0.wp.com\/www.grieta.org.mx\/wp-content\/uploads\/2023\/12\/Imagen-de-WhatsApp-2023-11-30-a-las-14.26.12_49d5d050-1200x1500-1.webp?resize=350%2C200&ssl=1 1x, https:\/\/i0.wp.com\/www.grieta.org.mx\/wp-content\/uploads\/2023\/12\/Imagen-de-WhatsApp-2023-11-30-a-las-14.26.12_49d5d050-1200x1500-1.webp?resize=525%2C300&ssl=1 1.5x, https:\/\/i0.wp.com\/www.grieta.org.mx\/wp-content\/uploads\/2023\/12\/Imagen-de-WhatsApp-2023-11-30-a-las-14.26.12_49d5d050-1200x1500-1.webp?resize=700%2C400&ssl=1 2x, https:\/\/i0.wp.com\/www.grieta.org.mx\/wp-content\/uploads\/2023\/12\/Imagen-de-WhatsApp-2023-11-30-a-las-14.26.12_49d5d050-1200x1500-1.webp?resize=1050%2C600&ssl=1 3x"},"classes":[]},{"id":68879,"url":"https:\/\/www.grieta.org.mx\/index.php\/2024\/04\/30\/ocupan-trabajos-peligrosos-8265-menores-en-colima-enti\/","url_meta":{"origin":21557,"position":4},"title":"Ocupan trabajos peligrosos 8,265 menores en Colima: ENTI","author":"grieta","date":"30 abril, 2024","format":false,"excerpt":"Imagen: El Comentario C\u00e9sar Barrera \/ El Comentario En el marco del\u00a0D\u00eda del Ni\u00f1o y la Ni\u00f1a\u00a0las estad\u00edsticas en materia laboral para este sector no son positivas, pues el n\u00famero de menores de edad, de 5 a 17 a\u00f1os, que trabajan en ocupaciones peligrosas aument\u00f3 en el estado de Colima\u2026","rel":"","context":"En &quot;CINTILLO&quot;","block_context":{"text":"CINTILLO","link":"https:\/\/www.grieta.org.mx\/index.php\/category\/cintillo\/"},"img":{"alt_text":"","src":"https:\/\/i0.wp.com\/www.grieta.org.mx\/wp-content\/uploads\/2024\/05\/gfbhnj.webp?resize=350%2C200&ssl=1","width":350,"height":200,"srcset":"https:\/\/i0.wp.com\/www.grieta.org.mx\/wp-content\/uploads\/2024\/05\/gfbhnj.webp?resize=350%2C200&ssl=1 1x, https:\/\/i0.wp.com\/www.grieta.org.mx\/wp-content\/uploads\/2024\/05\/gfbhnj.webp?resize=525%2C300&ssl=1 1.5x, https:\/\/i0.wp.com\/www.grieta.org.mx\/wp-content\/uploads\/2024\/05\/gfbhnj.webp?resize=700%2C400&ssl=1 2x, https:\/\/i0.wp.com\/www.grieta.org.mx\/wp-content\/uploads\/2024\/05\/gfbhnj.webp?resize=1050%2C600&ssl=1 3x, https:\/\/i0.wp.com\/www.grieta.org.mx\/wp-content\/uploads\/2024\/05\/gfbhnj.webp?resize=1400%2C800&ssl=1 4x"},"classes":[]},{"id":53254,"url":"https:\/\/www.grieta.org.mx\/index.php\/2020\/09\/08\/camioneta-con-trabajadores-del-campo-cae-a-un-canal-murio-nino-de-5-anos-otro-esta-desaparecido-colima\/","url_meta":{"origin":21557,"position":5},"title":"Camioneta con trabajadores del campo cae a un canal; muri\u00f3 ni\u00f1o de 5 a\u00f1os, otro est\u00e1 desaparecido (Colima)","author":"grieta","date":"8 septiembre, 2020","format":false,"excerpt":"Foto: Luis Rosales Redacci\u00f3n \/ Diario Avanzada Colima, M\u00e9xico, Avanzada (07\/09\/2020).- Un menor de cinco a\u00f1os de edad muri\u00f3 y otro m\u00e1s se encuentra desaparecido, porque la camioneta en la que viajaban junto con otros ni\u00f1os trabajadores del campo, se volc\u00f3 en un canal de agua. Los hechos ocurrieron en\u2026","rel":"","context":"En &quot;CINTILLO&quot;","block_context":{"text":"CINTILLO","link":"https:\/\/www.grieta.org.mx\/index.php\/category\/cintillo\/"},"img":{"alt_text":"","src":"https:\/\/i0.wp.com\/www.grieta.org.mx\/wp-content\/uploads\/2020\/09\/image-50.png?resize=350%2C200&ssl=1","width":350,"height":200,"srcset":"https:\/\/i0.wp.com\/www.grieta.org.mx\/wp-content\/uploads\/2020\/09\/image-50.png?resize=350%2C200&ssl=1 1x, https:\/\/i0.wp.com\/www.grieta.org.mx\/wp-content\/uploads\/2020\/09\/image-50.png?resize=525%2C300&ssl=1 1.5x, https:\/\/i0.wp.com\/www.grieta.org.mx\/wp-content\/uploads\/2020\/09\/image-50.png?resize=700%2C400&ssl=1 2x"},"classes":[]}],"_links":{"self":[{"href":"https:\/\/www.grieta.org.mx\/index.php\/wp-json\/wp\/v2\/posts\/21557","targetHints":{"allow":["GET"]}}],"collection":[{"href":"https:\/\/www.grieta.org.mx\/index.php\/wp-json\/wp\/v2\/posts"}],"about":[{"href":"https:\/\/www.grieta.org.mx\/index.php\/wp-json\/wp\/v2\/types\/post"}],"author":[{"embeddable":true,"href":"https:\/\/www.grieta.org.mx\/index.php\/wp-json\/wp\/v2\/users\/2"}],"replies":[{"embeddable":true,"href":"https:\/\/www.grieta.org.mx\/index.php\/wp-json\/wp\/v2\/comments?post=21557"}],"version-history":[{"count":1,"href":"https:\/\/www.grieta.org.mx\/index.php\/wp-json\/wp\/v2\/posts\/21557\/revisions"}],"predecessor-version":[{"id":21560,"href":"https:\/\/www.grieta.org.mx\/index.php\/wp-json\/wp\/v2\/posts\/21557\/revisions\/21560"}],"wp:featuredmedia":[{"embeddable":true,"href":"https:\/\/www.grieta.org.mx\/index.php\/wp-json\/wp\/v2\/media\/21928"}],"wp:attachment":[{"href":"https:\/\/www.grieta.org.mx\/index.php\/wp-json\/wp\/v2\/media?parent=21557"}],"wp:term":[{"taxonomy":"category","embeddable":true,"href":"https:\/\/www.grieta.org.mx\/index.php\/wp-json\/wp\/v2\/categories?post=21557"},{"taxonomy":"post_tag","embeddable":true,"href":"https:\/\/www.grieta.org.mx\/index.php\/wp-json\/wp\/v2\/tags?post=21557"}],"curies":[{"name":"wp","href":"https:\/\/api.w.org\/{rel}","templated":true}]}}