{"id":2145,"date":"2015-06-16T15:42:12","date_gmt":"2015-06-16T15:42:12","guid":{"rendered":"http:\/\/50.22.11.12\/~grietaor\/?p=2145"},"modified":"2016-03-11T15:46:52","modified_gmt":"2016-03-11T15:46:52","slug":"marina-dispara-desde-helicoptero-contra-ninos-y-adolescentes-en-poblado-de-durango-hay-muertos-y-heridos","status":"publish","type":"post","link":"https:\/\/www.grieta.org.mx\/index.php\/2015\/06\/16\/marina-dispara-desde-helicoptero-contra-ninos-y-adolescentes-en-poblado-de-durango-hay-muertos-y-heridos\/","title":{"rendered":"Marina dispara desde helic\u00f3ptero contra ni\u00f1os y adolescentes en poblado de Durango; hay muertos y heridos"},"content":{"rendered":"<p>(16 de junio, 2015. Revoluci\u00f3n TRESPUNTO).- Eran aproximadamente las 9 de la ma\u00f1ana del domingo pasado cuando un grupo de adolescentes, del poblado de Acachuane, en Tamazula, Durango, se dirig\u00edan a cortar ca\u00f1a, poco despu\u00e9s se escucharon tres helic\u00f3pteros sobrevolando la zona, as\u00ed fue como llegaron a nuestra comunidad gente de la Marina.<\/p>\n<p>Emboscaron a los muchachos sin motivo, abrieron fuego contra ellos, quienes no llevaban ning\u00fan tipo de arma, m\u00e1s que s\u00f3lo machetes, porque iban a cortar tallos gruesos de ca\u00f1a, sin embargo no les import\u00f3 que eran menores de edad indefensos. O los quer\u00edan matar o inculpar, los adolescentes estaban asustados y pidieron que pararan, no eran delincuentes\u2026 no les hicieron caso, siguieron disparando sin cesar.<\/p>\n<p>Los marinos dispararon a todo lo que se moviera, carros, casas y testigos, algunos dispararon desde el helic\u00f3ptero y otros desde tierra, los muchachos corrieron a resguardarse, quienes quedaron vivos fueron detenidos e inculpados de haber sido detenidos por el uso de armamento de alto poder y abrir fuego en contra de los elementos de las fuerzas armadas.<\/p>\n<p>Pero los muchachos ni siquiera conocen esas armas, menos sabr\u00edan usarlas, sin embargo, los marinos los obligaron de forma violeta a que las tocaran, para dejar ah\u00ed marcadas sus huellas y poder conseguir una acusaci\u00f3n en contra de ellos.<\/p>\n<p>Al m\u00e1s chico de los muchachos, el de trece a\u00f1os, lo hicieron agarrar una pistola y como \u00e9l se neg\u00f3 en un primer momento, le pegaron en la espalda; al otro chico de 17 a\u00f1os lo hicieron sostener un rifle para que lo disparara y como no lo hizo lo ultrajaron.<\/p>\n<p>Nuestros hijos ten\u00edan marcas de golpes, se las ense\u00f1amos a las autoridades, pero no nos hicieron caso, y eso que a simple vista se le nota lastimados; en medio de las balas y sin dejar de atacarnos hubo varios fallecidos, en su mayor\u00eda j\u00f3venes.<\/p>\n<p>Ah\u00ed tambi\u00e9n cay\u00f3 herido un menor de edad de nombre Jos\u00e9 Roberto, quien no ten\u00eda ninguna relaci\u00f3n con los muchachos, sino que iba a entrar a su casa corriendo para esconderse, pero lo lograron ubicar y as\u00ed fue como le dispararon y result\u00f3 severamente herido. Narra para Revoluci\u00f3n TRESPUNTOCERO Mar\u00eda, madre de uno de los menores detenidos.<\/p>\n<p>Un familiar de uno de los adolescentes declar\u00f3 a Revoluci\u00f3n TRESPUNTOCERO, a reserva de decir su nombre por cuestiones de seguridad, que \u201cal escuchar los disparos quisimos ir a ver qu\u00e9 pasaba, porque hab\u00eda sido bastante cercano a donde est\u00e1bamos, pero esperamos a que se calmara la situaci\u00f3n, yo no sab\u00eda que los muchachos hab\u00edan salido, pero cuando quisimos llegar hasta la zona, nos intercept\u00f3 la Marina, y nos amenazaron con sus armas, para inmediatamente corrernos, porque nos dijeron que el paso estaba prohibido\u201d.<\/p>\n<p>Adem\u00e1s relata: \u201cno dejaron ni un s\u00f3lo lugar sin un disparo, los marinos llegaron como en cacer\u00eda de brujas, para ver a qui\u00e9n se llevaban preso y hacerlo pasar como delincuente, ya que ellos acostumbran a hacerlo, siempre van contra los j\u00f3venes o adolescentes, porque los creen indefensos, cuando quisimos subir y nos taparon el paso, hab\u00edan como m\u00e1s de 20 carros de la Marina, hab\u00edan helic\u00f3pteros sobrevolando la zona, como vivimos cerca nos asustamos, le pedimos a los polic\u00edas municipales que nos ayudaran, pero nos dijeron que no pod\u00edan porque a ellos tambi\u00e9n pod\u00edan dispararles, porque la ley ah\u00ed es la Marina, a\u00fan por encima del ej\u00e9rcito y el presidente municipal, fuimos con los militares, pidiendo hicieran algo para que nos dejaran pasar, nada m\u00e1s para saber si nuestras familias, estaban bien, pero no quisieron, porque no pod\u00edan hacer guerra entre ellos\u201d.<\/p>\n<p>Entre lagrimas el testigo comenta: \u201cnosotros no entendemos c\u00f3mo pueden ser tan malos con nosotros, hace meses sali\u00f3 en la televisi\u00f3n que hab\u00edan agarrado a delincuentes, cuando era gente humilde del pueblo, pero r\u00e1pido todo el pa\u00eds odi\u00f3 a los que se supone eran delincuentes y le aplaudieron a quienes deber\u00edan haber metido a la c\u00e1rcel por mentir y culpar inocentes, porque as\u00ed le hacen, las comunidades de la sierra servimos para que Marina, ej\u00e9rcito y polic\u00eda federal se vengan a surtir de dizque delincuentes y narcos, as\u00ed ellos quedan bien, nosotros jodidos, y los verdaderos criminales siguen sus negocios\u201d.<\/p>\n<p>Y puntualiza que \u201cdesde Calder\u00f3n y ahora con Pe\u00f1a Nieto, Marina, ej\u00e9rcito y polic\u00eda est\u00e1n vaciando y despoblando a nuestras comunidades, somos sus f\u00e1bricas de delincuentes, vienen, atacan, detienen y directito a exhibirnos en la maldita televisi\u00f3n que los solapa, pero antes golpean, torturan para que se mienta al tenerse que autonombrar delincuente, pero claro all\u00e1 afuera Enrique Pe\u00f1a dice que se deben respetar los derechos humanos, el asesino hablando de prevenir asesinatos, burla total\u201d.<\/p>\n<p>Sobre el tema, la visitadora General de la Comisi\u00f3n Estatal de Derechos Humanos de Sinaloa (CEDH), Nuria Alejandra Gonz\u00e1lez Elizalde, declara a Revoluci\u00f3n TRESPUNTOCERO, que \u201cdesde el 14 de junio la CEDH recibi\u00f3 la solicitud para que tuvi\u00e9semos la intervenci\u00f3n correspondiente a los hechos ocurridos cerca del municipio de Tamazula, Durango, se precis\u00f3 que durante el suceso hubo un menor lesionado, quien fue trasladado a Culiac\u00e1n para ser internado en el Hospital Pedi\u00e1trico, en cuanto tuvimos conocimiento que arrib\u00f3 a la ciudad, junto a sus familiares, localizamos a la madre para entrevistarla y recibir la queja correspondiente, en dicho testimonio se se\u00f1al\u00f3 la agresi\u00f3n por parte de elementos de la Marina en contra del menor\u201d.<\/p>\n<p>Al mismo tiempo comenta: \u201cteniendo los elementos correspondientes, entablamos comunicaci\u00f3n con la Procuradur\u00eda General de Justicia del Estado, a efecto de que el programa de atenci\u00f3n de v\u00edctimas del delito tuviese conocimiento del hecho y brinde en su caso la atenci\u00f3n correspondiente al menor y su familia\u201d.<\/p>\n<p>Jos\u00e9 Roberto, el ni\u00f1o que fue alcanzado por las balas, pudo ser rescatado por su madre, quien narra para Revoluci\u00f3n TRESPUNTOCERO que \u201cfue gracias a que llegu\u00e9 a tiempo, sub\u00ed a mi hijo a una moto y lo llev\u00e9 a Tamazula, ped\u00ed ayuda y atendieron ah\u00ed a mi hijo, fue que sigue vivo, sino hubiera fallecido ah\u00ed tirado desangr\u00e1ndose. La Marina no ayud\u00f3, los m\u00e9dicos lo trasladaron, debido a su gravedad, en una avioneta y ya en Sinaloa lo esperaban varios m\u00e9dicos que r\u00e1pidamente se movilizaron para mantenerlo vivo, que es lo m\u00e1s importante, meterse con el gobierno y las fuerzas armadas es arriesgarse a que nuevamente nos ataquen, si lo hacen sin que la debamos, haciendo algo con mucha m\u00e1s raz\u00f3n\u201d.<\/p>\n<p>Seg\u00fan la explicaci\u00f3n, para Revoluci\u00f3n TRESPUNTOCERO, del director del Hospital Pedi\u00e1trico de Culiac\u00e1n, Sinaloa, el menor result\u00f3 herido con tres impactos de bala, pero para las dos de la tarde del lunes, se encontraba fuera de peligro, y ser\u00eda durante el transcurso de la tarde, que proceder\u00edan a quitarle los tubos que le ayudaron con la respiraci\u00f3n, a\u00fan con esto, precis\u00f3, las lesiones deben ser vigiladas \u201cmuy de cerca\u201d, ya que la cadera result\u00f3 lesionada, adem\u00e1s de los m\u00fasculos de sus manos, esperando que pronto recupere el conocimiento.<\/p>\n<p>En tanto, despu\u00e9s de la irrupci\u00f3n de la Marina, los elementos de dicho \u00f3rgano, detuvieron a cuatro de los menores, a quienes presentaron este lunes ante el Tutelar para Menores en Culiac\u00e1n, sin embargo hasta la noche de ayer, los familiares desconoc\u00edan cu\u00e1les eran los cargos que se les imputaba a los adolescentes, por su parte la Secretar\u00eda de la Marina ha evadido el tema y no existe versi\u00f3n oficial acerca de los sucesos.<\/p>\n<p>\u201cEl lunes recibimos a un grupo de personas, en su mayor\u00eda vecinos de las comunidades de Tamazula y otras zonas aleda\u00f1as de Durango, ellos nos precisaron de una manera m\u00e1s amplia lo que pas\u00f3 el domingo, apuntando que resultaron muchachos detenidos, todos menores de edad, adem\u00e1s informaron que dos personas perdieron la vida, al saber esto, de forma inmediata lo hicimos del conocimiento de la Comisi\u00f3n Nacional de Derechos Humanos para que sea quien intervenga de forma correspondiente, sobre todo por tratarse de una queja que involucra a autoridades de car\u00e1cter federal\u201d, precisa Gonz\u00e1lez Elizalde.<\/p>\n<p>Y explica que hasta el momento, adem\u00e1s de la queja de la madre y de quienes se presentaron en las oficinas, \u201cseguiremos recabando testimonios de los agraviados, en primer lugar de los adolescentes que se encuentran a disposici\u00f3n del Ministerio P\u00fablico Especializado en Justicia para Adolescentes\u201d.<\/p>\n<p>Hasta las cinco de la tarde de este lunes, la visitadora de la CEDH de Sinaloa a\u00fan no ten\u00eda acceso a informaci\u00f3n que diera a conocer cu\u00e1l era el motivo de la detenci\u00f3n de los adolescentes, y solamente infer\u00eda que se les pudo haber inculpado de la participaci\u00f3n de alguna conducta delictuosa, asegurando que en ese momento era la principal diligencia que estaba llevando a cabo, conocer el delito por el cual se les manten\u00eda en detenci\u00f3n a los menores\u201d.<\/p>\n<p>Los menores son Manuel N de 15 a\u00f1os, Jos\u00e9 Luis N de 17, Yasir N de 13 y Juan Carlos N de 13 a\u00f1os. En medio de los disparos, se sabe que tambi\u00e9n un hombre y otro menor de edad murieron, sin que se conozca la identidad de ambos hasta ahora.<\/p>\n<p>En 2011, la CEDH tuvo una primera intervenci\u00f3n en el municipio de Tamazula, cuyo prop\u00f3sito fue la investigaci\u00f3n de una presunta violaci\u00f3n de los derechos fundamentales de sus habitantes; seg\u00fan la queja enviada por parte de los habitantes.<\/p>\n<p>En dicha ocasi\u00f3n, la denuncia fue en contra del Grupo A\u00e9reo de Fuerzas Especiales (GAFE), en donde se incluy\u00f3 testimonios que daban cuenta de agresiones f\u00edsicas, verbales, psicol\u00f3gicas, tortura y detenciones arbitrarias por parte de las fuerzas castrenses.El resultado de la queja qued\u00f3 en averiguaci\u00f3n y las fuerzas armadas siguieron acosando a los pobladores, seg\u00fan sus declaraciones.<\/p>\n<p><a href=\"http:\/\/revoluciontrespuntocero.com\/marina-dispara-desde-helicoptero-contra-ninos-y-adolescentes-en-poblado-de-durango-hay-muertos-y-heridos\" target=\"_blank\">revoluciontrespuntocero.com\/marina-dispara-desde-helicoptero-contra-ninos-y-adolescentes-en-poblado-de-durango-hay-muertos-y-heridos<\/a><\/p>\n","protected":false},"excerpt":{"rendered":"<p>(16 de junio, 2015. Revoluci\u00f3n TRESPUNTO).- Eran aproximadamente las 9 de la ma\u00f1ana del domingo pasado cuando un grupo de adolescentes, del poblado de Acachuane, en Tamazula, Durango, se dirig\u00edan &hellip; <a href=\"https:\/\/www.grieta.org.mx\/index.php\/2015\/06\/16\/marina-dispara-desde-helicoptero-contra-ninos-y-adolescentes-en-poblado-de-durango-hay-muertos-y-heridos\/\" class=\"more-link\">Leer m\u00e1s<\/a><\/p>\n","protected":false},"author":2,"featured_media":21928,"comment_status":"closed","ping_status":"open","sticky":false,"template":"","format":"standard","meta":{"ngg_post_thumbnail":0,"_jetpack_newsletter_access":"","_jetpack_dont_email_post_to_subs":false,"_jetpack_newsletter_tier_id":0,"_jetpack_memberships_contains_paywalled_content":false,"_jetpack_memberships_contains_paid_content":false,"footnotes":""},"categories":[80,173],"tags":[174,233],"class_list":["post-2145","post","type-post","status-publish","format-standard","has-post-thumbnail","hentry","category-cintillo","category-durango","tag-derechos-humanos","tag-tamazula","entry"],"jetpack_featured_media_url":"https:\/\/www.grieta.org.mx\/wp-content\/uploads\/2018\/03\/14524434_1106112876131411_958039263622046936_o.jpg","jetpack_sharing_enabled":true,"jetpack_shortlink":"https:\/\/wp.me\/p7ZJR4-yB","jetpack_likes_enabled":false,"jetpack-related-posts":[{"id":3628,"url":"https:\/\/www.grieta.org.mx\/index.php\/2016\/01\/18\/habitantes-de-tamazula-huyen-de-sus-comunidades-por-miedo-a-operativos-de-la-marina\/","url_meta":{"origin":2145,"position":0},"title":"Habitantes de Tamazula huyen de sus comunidades por miedo a operativos de la Marina","author":"grieta","date":"18 enero, 2016","format":false,"excerpt":"18\/01\/16. As\u00ed, la caza de \u201cEl Chapo\u201d no suena tan heroica Sin Embargo 28\/10\/15. Mantienen apoyo a los desplazados El Siglo de Torre\u00f3n 24\/10\/15. Un menor, detenido por operativo en Tamazula El Siglo de Durango 22\/10\/15. S\u00ed hay quejas por violaci\u00f3n de derechos humanos en Tamazula: R\u00edos Estavillo L\u00ednea Directa\u2026","rel":"","context":"En &quot;Desaparecidos&quot;","block_context":{"text":"Desaparecidos","link":"https:\/\/www.grieta.org.mx\/index.php\/category\/temas-nacionales\/desaparecidos\/"},"img":{"alt_text":"","src":"https:\/\/i0.wp.com\/www.grieta.org.mx\/wp-content\/uploads\/2018\/03\/14524434_1106112876131411_958039263622046936_o.jpg?resize=350%2C200&ssl=1","width":350,"height":200,"srcset":"https:\/\/i0.wp.com\/www.grieta.org.mx\/wp-content\/uploads\/2018\/03\/14524434_1106112876131411_958039263622046936_o.jpg?resize=350%2C200&ssl=1 1x, https:\/\/i0.wp.com\/www.grieta.org.mx\/wp-content\/uploads\/2018\/03\/14524434_1106112876131411_958039263622046936_o.jpg?resize=525%2C300&ssl=1 1.5x, https:\/\/i0.wp.com\/www.grieta.org.mx\/wp-content\/uploads\/2018\/03\/14524434_1106112876131411_958039263622046936_o.jpg?resize=700%2C400&ssl=1 2x"},"classes":[]},{"id":2143,"url":"https:\/\/www.grieta.org.mx\/index.php\/2015\/08\/23\/habitantes-de-tamazula-se-manifiestan-en-contra-de-la-violencia-de-la-marina-elementos-siguieron-a-quienes-marcharon\/","url_meta":{"origin":2145,"position":1},"title":"Habitantes de Tamazula se manifiestan en contra de la violencia de la Marina; elementos siguieron a quienes marcharon","author":"grieta","date":"23 agosto, 2015","format":false,"excerpt":"(23 de agosto, 2015).- En Tamazula pobladores, acompa\u00f1ados de comunidades aleda\u00f1as, pertenecientes a Durango, se manifestaron en contra de la Secretar\u00eda de Marina Armada de M\u00e9xico (Semar), a dos meses del ataque en que murieron dos j\u00f3venes y otros resultaron heridos, en las poblaciones de Topiba y Los Medios, en\u2026","rel":"","context":"En &quot;CINTILLO&quot;","block_context":{"text":"CINTILLO","link":"https:\/\/www.grieta.org.mx\/index.php\/category\/cintillo\/"},"img":{"alt_text":"","src":"https:\/\/i0.wp.com\/www.grieta.org.mx\/wp-content\/uploads\/2018\/03\/14524434_1106112876131411_958039263622046936_o.jpg?resize=350%2C200&ssl=1","width":350,"height":200,"srcset":"https:\/\/i0.wp.com\/www.grieta.org.mx\/wp-content\/uploads\/2018\/03\/14524434_1106112876131411_958039263622046936_o.jpg?resize=350%2C200&ssl=1 1x, https:\/\/i0.wp.com\/www.grieta.org.mx\/wp-content\/uploads\/2018\/03\/14524434_1106112876131411_958039263622046936_o.jpg?resize=525%2C300&ssl=1 1.5x, https:\/\/i0.wp.com\/www.grieta.org.mx\/wp-content\/uploads\/2018\/03\/14524434_1106112876131411_958039263622046936_o.jpg?resize=700%2C400&ssl=1 2x"},"classes":[]},{"id":2137,"url":"https:\/\/www.grieta.org.mx\/index.php\/2015\/10\/13\/cosala-sinaloa-recibe-a-desplazados-de-tamazula-durango-alcalde\/","url_meta":{"origin":2145,"position":2},"title":"Cosal\u00e1, Sinaloa, recibe a desplazados de Tamazula, Durango: alcalde","author":"grieta","date":"13 octubre, 2015","format":false,"excerpt":"Funcionarios del municipio de Durango acudieron a Cosal\u00e1 para proporcionar v\u00edveres a sus desplazados, pero no informaron el motivo de la huida de las personas, mientras que la gente coment\u00f3 que no encontraban condiciones de seguridad en su municipio, por eso su llegada a Cosal\u00e1. Debido al desplazamiento de personas\u2026","rel":"","context":"En &quot;CINTILLO&quot;","block_context":{"text":"CINTILLO","link":"https:\/\/www.grieta.org.mx\/index.php\/category\/cintillo\/"},"img":{"alt_text":"","src":"https:\/\/i0.wp.com\/www.grieta.org.mx\/wp-content\/uploads\/2018\/03\/14524434_1106112876131411_958039263622046936_o.jpg?resize=350%2C200&ssl=1","width":350,"height":200,"srcset":"https:\/\/i0.wp.com\/www.grieta.org.mx\/wp-content\/uploads\/2018\/03\/14524434_1106112876131411_958039263622046936_o.jpg?resize=350%2C200&ssl=1 1x, https:\/\/i0.wp.com\/www.grieta.org.mx\/wp-content\/uploads\/2018\/03\/14524434_1106112876131411_958039263622046936_o.jpg?resize=525%2C300&ssl=1 1.5x, https:\/\/i0.wp.com\/www.grieta.org.mx\/wp-content\/uploads\/2018\/03\/14524434_1106112876131411_958039263622046936_o.jpg?resize=700%2C400&ssl=1 2x"},"classes":[]},{"id":2117,"url":"https:\/\/www.grieta.org.mx\/index.php\/2015\/10\/21\/marina-incrementa-numero-de-elementos-en-el-triangulo-dorado-para-capturar-al-chapo\/","url_meta":{"origin":2145,"position":3},"title":"Marina incrementa n\u00famero de elementos en el Tri\u00e1ngulo Dorado para capturar al Chapo","author":"grieta","date":"21 octubre, 2015","format":false,"excerpt":"(21 de Octubre, 2015).- Con el objetivo de detener al l\u00edder del C\u00e1rtel de Sinaloa, Joaqu\u00edn Guzm\u00e1n Loera, la Secretar\u00eda de la Marina Armada de M\u00e9xico (Semar) ha incrementado el n\u00famero de elementos que buscan al narcotraficante en el llamado \u201cTri\u00e1ngulo Dorado\u201d, principalmente en los municipios de Cosal\u00e1, Sinaloa y\u2026","rel":"","context":"En &quot;CINTILLO&quot;","block_context":{"text":"CINTILLO","link":"https:\/\/www.grieta.org.mx\/index.php\/category\/cintillo\/"},"img":{"alt_text":"","src":"https:\/\/i0.wp.com\/www.grieta.org.mx\/wp-content\/uploads\/2018\/03\/14524434_1106112876131411_958039263622046936_o.jpg?resize=350%2C200&ssl=1","width":350,"height":200,"srcset":"https:\/\/i0.wp.com\/www.grieta.org.mx\/wp-content\/uploads\/2018\/03\/14524434_1106112876131411_958039263622046936_o.jpg?resize=350%2C200&ssl=1 1x, https:\/\/i0.wp.com\/www.grieta.org.mx\/wp-content\/uploads\/2018\/03\/14524434_1106112876131411_958039263622046936_o.jpg?resize=525%2C300&ssl=1 1.5x, https:\/\/i0.wp.com\/www.grieta.org.mx\/wp-content\/uploads\/2018\/03\/14524434_1106112876131411_958039263622046936_o.jpg?resize=700%2C400&ssl=1 2x"},"classes":[]},{"id":2114,"url":"https:\/\/www.grieta.org.mx\/index.php\/2015\/10\/21\/desplazados-quieren-regresar-a-tamazula\/","url_meta":{"origin":2145,"position":4},"title":"Desplazados quieren regresar a Tamazula","author":"grieta","date":"21 octubre, 2015","format":false,"excerpt":"Los desplazados de Tamazula a Cosal\u00e1 por la intervenci\u00f3n de la Marina quieren regresarse a sus casas, pero no pueden porque los efectivos de la Secretar\u00eda de Marina sigue asentada en sus comunidades; en Cosal\u00e1 no tienen en d\u00f3nde trabajar por la falta de empleo. Eduardo Mej\u00eda, secretario del Ayuntamiento\u2026","rel":"","context":"En &quot;CINTILLO&quot;","block_context":{"text":"CINTILLO","link":"https:\/\/www.grieta.org.mx\/index.php\/category\/cintillo\/"},"img":{"alt_text":"","src":"https:\/\/i0.wp.com\/www.grieta.org.mx\/wp-content\/uploads\/2018\/03\/14524434_1106112876131411_958039263622046936_o.jpg?resize=350%2C200&ssl=1","width":350,"height":200,"srcset":"https:\/\/i0.wp.com\/www.grieta.org.mx\/wp-content\/uploads\/2018\/03\/14524434_1106112876131411_958039263622046936_o.jpg?resize=350%2C200&ssl=1 1x, https:\/\/i0.wp.com\/www.grieta.org.mx\/wp-content\/uploads\/2018\/03\/14524434_1106112876131411_958039263622046936_o.jpg?resize=525%2C300&ssl=1 1.5x, https:\/\/i0.wp.com\/www.grieta.org.mx\/wp-content\/uploads\/2018\/03\/14524434_1106112876131411_958039263622046936_o.jpg?resize=700%2C400&ssl=1 2x"},"classes":[]},{"id":2130,"url":"https:\/\/www.grieta.org.mx\/index.php\/2015\/10\/16\/siguen-en-cosala-los-desplazados-de-tamazula\/","url_meta":{"origin":2145,"position":5},"title":"Siguen en Cosal\u00e1 los desplazados de Tamazula","author":"grieta","date":"16 octubre, 2015","format":false,"excerpt":"Los desplazados de Tamazula, Durango, a Cosal\u00e1, Sinaloa, permanecen en este segundo municipio; van para cinco d\u00edas y nadie se ha regresado, se\u00f1ala Eduardo Mej\u00eda, secretario del Ayuntamiento del municipio duranguense. En la ciudad sinaloense est\u00e1n con familiares y en el albergue, alrededor de 180 duranguenses que abandonaron sus viviendas\u2026","rel":"","context":"En &quot;CINTILLO&quot;","block_context":{"text":"CINTILLO","link":"https:\/\/www.grieta.org.mx\/index.php\/category\/cintillo\/"},"img":{"alt_text":"","src":"https:\/\/i0.wp.com\/www.grieta.org.mx\/wp-content\/uploads\/2018\/03\/14524434_1106112876131411_958039263622046936_o.jpg?resize=350%2C200&ssl=1","width":350,"height":200,"srcset":"https:\/\/i0.wp.com\/www.grieta.org.mx\/wp-content\/uploads\/2018\/03\/14524434_1106112876131411_958039263622046936_o.jpg?resize=350%2C200&ssl=1 1x, https:\/\/i0.wp.com\/www.grieta.org.mx\/wp-content\/uploads\/2018\/03\/14524434_1106112876131411_958039263622046936_o.jpg?resize=525%2C300&ssl=1 1.5x, https:\/\/i0.wp.com\/www.grieta.org.mx\/wp-content\/uploads\/2018\/03\/14524434_1106112876131411_958039263622046936_o.jpg?resize=700%2C400&ssl=1 2x"},"classes":[]}],"_links":{"self":[{"href":"https:\/\/www.grieta.org.mx\/index.php\/wp-json\/wp\/v2\/posts\/2145","targetHints":{"allow":["GET"]}}],"collection":[{"href":"https:\/\/www.grieta.org.mx\/index.php\/wp-json\/wp\/v2\/posts"}],"about":[{"href":"https:\/\/www.grieta.org.mx\/index.php\/wp-json\/wp\/v2\/types\/post"}],"author":[{"embeddable":true,"href":"https:\/\/www.grieta.org.mx\/index.php\/wp-json\/wp\/v2\/users\/2"}],"replies":[{"embeddable":true,"href":"https:\/\/www.grieta.org.mx\/index.php\/wp-json\/wp\/v2\/comments?post=2145"}],"version-history":[{"count":1,"href":"https:\/\/www.grieta.org.mx\/index.php\/wp-json\/wp\/v2\/posts\/2145\/revisions"}],"predecessor-version":[{"id":2146,"href":"https:\/\/www.grieta.org.mx\/index.php\/wp-json\/wp\/v2\/posts\/2145\/revisions\/2146"}],"wp:featuredmedia":[{"embeddable":true,"href":"https:\/\/www.grieta.org.mx\/index.php\/wp-json\/wp\/v2\/media\/21928"}],"wp:attachment":[{"href":"https:\/\/www.grieta.org.mx\/index.php\/wp-json\/wp\/v2\/media?parent=2145"}],"wp:term":[{"taxonomy":"category","embeddable":true,"href":"https:\/\/www.grieta.org.mx\/index.php\/wp-json\/wp\/v2\/categories?post=2145"},{"taxonomy":"post_tag","embeddable":true,"href":"https:\/\/www.grieta.org.mx\/index.php\/wp-json\/wp\/v2\/tags?post=2145"}],"curies":[{"name":"wp","href":"https:\/\/api.w.org\/{rel}","templated":true}]}}