{"id":21443,"date":"2016-09-07T11:23:00","date_gmt":"2016-09-07T16:23:00","guid":{"rendered":"http:\/\/www.grieta.org.mx\/?p=21443"},"modified":"2016-09-13T11:32:37","modified_gmt":"2016-09-13T16:32:37","slug":"burocratas-se-manifiestan-piden-restituir-dinero-a-ipejal-jalisco","status":"publish","type":"post","link":"https:\/\/www.grieta.org.mx\/index.php\/2016\/09\/07\/burocratas-se-manifiestan-piden-restituir-dinero-a-ipejal-jalisco\/","title":{"rendered":"Bur\u00f3cratas se manifiestan; piden restituir dinero a Ipejal (Jalisco)"},"content":{"rendered":"<p>Exigen se restitutyan los 4 mil millones de pesos de ahorros de los trabajadores del estado<\/p>\n<figure id=\"attachment_21444\" aria-describedby=\"caption-attachment-21444\" style=\"width: 300px\" class=\"wp-caption alignleft\"><img loading=\"lazy\" decoding=\"async\" data-attachment-id=\"21444\" data-permalink=\"https:\/\/www.grieta.org.mx\/index.php\/2016\/09\/07\/burocratas-se-manifiestan-piden-restituir-dinero-a-ipejal-jalisco\/trabajadores-ipejal_0\/\" data-orig-file=\"https:\/\/www.grieta.org.mx\/wp-content\/uploads\/2016\/09\/trabajadores-Ipejal_0.jpg\" data-orig-size=\"660,370\" data-comments-opened=\"0\" data-image-meta=\"{&quot;aperture&quot;:&quot;0&quot;,&quot;credit&quot;:&quot;&quot;,&quot;camera&quot;:&quot;&quot;,&quot;caption&quot;:&quot;&quot;,&quot;created_timestamp&quot;:&quot;0&quot;,&quot;copyright&quot;:&quot;&quot;,&quot;focal_length&quot;:&quot;0&quot;,&quot;iso&quot;:&quot;0&quot;,&quot;shutter_speed&quot;:&quot;0&quot;,&quot;title&quot;:&quot;&quot;,&quot;orientation&quot;:&quot;0&quot;}\" data-image-title=\"trabajadores-ipejal_0\" data-image-description=\"\" data-image-caption=\"&lt;p&gt;Foto tomada de twitter\/ @veronika_red&lt;\/p&gt;\n\" data-medium-file=\"https:\/\/www.grieta.org.mx\/wp-content\/uploads\/2016\/09\/trabajadores-Ipejal_0-300x168.jpg\" data-large-file=\"https:\/\/www.grieta.org.mx\/wp-content\/uploads\/2016\/09\/trabajadores-Ipejal_0.jpg\" src=\"http:\/\/www.grieta.org.mx\/wp-content\/uploads\/2016\/09\/trabajadores-Ipejal_0-300x168.jpg\" alt=\"Foto tomada de twitter\/ @veronika_red\" width=\"300\" height=\"168\" class=\"size-medium wp-image-21444\" srcset=\"https:\/\/www.grieta.org.mx\/wp-content\/uploads\/2016\/09\/trabajadores-Ipejal_0-300x168.jpg 300w, https:\/\/www.grieta.org.mx\/wp-content\/uploads\/2016\/09\/trabajadores-Ipejal_0.jpg 660w\" sizes=\"auto, (max-width: 300px) 100vw, 300px\" \/><figcaption id=\"caption-attachment-21444\" class=\"wp-caption-text\">Foto tomada de twitter\/ @veronika_red<\/figcaption><\/figure>\n<p>Redacci\u00f3n I Un1\u00f3n Jalisco   <\/p>\n<p>Trabajadores del Sindicato Independiente de Servidores P\u00fablicos se manifiestaron esta ma\u00f1ana para exigir se reponga al Instituto de Pensiones del Estado de Jalisco (Ipejal) el dinero de un supuesto desfalco. <\/p>\n<p>Los empleados bloqueraon el paso de veh\u00edculos en el cruce de Avenida Am\u00e9ricas y Eulogio Parra.<\/p>\n<p>Con mantas y cartulinas  exigieron al Gobernador Jorge Ariist\u00f3teles Sandoval D\u00edaz restituir el dinero faltante, el cual ascender\u00eda a unos 4 mil millones de pesos.<\/p>\n<p>La manifestaci\u00f3n rebas\u00f3 el centenar de empleados, quienes acusaron a magistrados de ser comparsa de otras autoridades para no solucionar el problema y restituir los fondos a Ipejal.<\/p>\n<p><a href=\"http:\/\/www.unionjalisco.mx\/articulo\/2016\/09\/07\/gobierno\/guadalajara\/burocratas-se-manifiestan-piden-restituir-dinero-ipejal\" target=\"_blank\">http:\/\/www.unionjalisco.mx\/articulo\/2016\/09\/07\/gobierno\/guadalajara\/burocratas-se-manifiestan-piden-restituir-dinero-ipejal<\/a><\/p>\n","protected":false},"excerpt":{"rendered":"<p>Exigen se restitutyan los 4 mil millones de pesos de ahorros de los trabajadores del estado Redacci\u00f3n I Un1\u00f3n Jalisco Trabajadores del Sindicato Independiente de Servidores P\u00fablicos se manifiestaron esta &hellip; <a href=\"https:\/\/www.grieta.org.mx\/index.php\/2016\/09\/07\/burocratas-se-manifiestan-piden-restituir-dinero-a-ipejal-jalisco\/\" class=\"more-link\">Leer m\u00e1s<\/a><\/p>\n","protected":false},"author":2,"featured_media":21928,"comment_status":"closed","ping_status":"closed","sticky":false,"template":"","format":"standard","meta":{"ngg_post_thumbnail":0,"_jetpack_newsletter_access":"","_jetpack_dont_email_post_to_subs":false,"_jetpack_newsletter_tier_id":0,"_jetpack_memberships_contains_paywalled_content":false,"_jetpack_memberships_contains_paid_content":false,"footnotes":""},"categories":[80],"tags":[],"class_list":["post-21443","post","type-post","status-publish","format-standard","has-post-thumbnail","hentry","category-cintillo","entry"],"jetpack_featured_media_url":"https:\/\/www.grieta.org.mx\/wp-content\/uploads\/2018\/03\/14524434_1106112876131411_958039263622046936_o.jpg","jetpack_sharing_enabled":true,"jetpack_shortlink":"https:\/\/wp.me\/p7ZJR4-5zR","jetpack_likes_enabled":false,"jetpack-related-posts":[{"id":5431,"url":"https:\/\/www.grieta.org.mx\/index.php\/2016\/09\/07\/conflictos-laborales-en-jalisco\/","url_meta":{"origin":21443,"position":0},"title":"Conflictos laborales de trabajadores del estado en Jalisco","author":"grieta","date":"7 septiembre, 2016","format":false,"excerpt":"07\/09\/16. Bur\u00f3cratas se manifiestan; piden restituir dinero a IpejalUni\u00f3n Jalisco 06\/07\/16. Trabajadores exigen aumento de salarioNtr Guadalajara 07\/06\/16. Exigen trabajadores dinero de sus pensionesNtr Guadalajara 24\/05\/16. Jalisco invierte dinero de sus bur\u00f3cratas en desarrollos hotelerosEl Financiero 20\/02\/16. Trabajadores de Cruz Roja Guadalajara exigen prestaciones m\u00e9dicas P\u00e1gina 24 29\/01\/16. Trabajadores del\u2026","rel":"","context":"En &quot;CINTILLO&quot;","block_context":{"text":"CINTILLO","link":"https:\/\/www.grieta.org.mx\/index.php\/category\/cintillo\/"},"img":{"alt_text":"","src":"https:\/\/i0.wp.com\/www.grieta.org.mx\/wp-content\/uploads\/2018\/03\/14524434_1106112876131411_958039263622046936_o.jpg?resize=350%2C200&ssl=1","width":350,"height":200,"srcset":"https:\/\/i0.wp.com\/www.grieta.org.mx\/wp-content\/uploads\/2018\/03\/14524434_1106112876131411_958039263622046936_o.jpg?resize=350%2C200&ssl=1 1x, https:\/\/i0.wp.com\/www.grieta.org.mx\/wp-content\/uploads\/2018\/03\/14524434_1106112876131411_958039263622046936_o.jpg?resize=525%2C300&ssl=1 1.5x, https:\/\/i0.wp.com\/www.grieta.org.mx\/wp-content\/uploads\/2018\/03\/14524434_1106112876131411_958039263622046936_o.jpg?resize=700%2C400&ssl=1 2x"},"classes":[]},{"id":34739,"url":"https:\/\/www.grieta.org.mx\/index.php\/2019\/05\/02\/ipejal-un-blanco-de-protesta-jalisco\/","url_meta":{"origin":21443,"position":1},"title":"Ipejal, un blanco de protesta (Jalisco)","author":"grieta","date":"2 mayo, 2019","format":false,"excerpt":"Ignacio P\u00e9rez Vega \/ La Cr\u00f3nica Jalisco Una gran parte de los m\u00e1s de 100 mil afiliados al Instituto de Pensiones del Estado de Jalisco (Ipejal), insisten en que se apliquen sanciones a quienes cometieron actos de corrupci\u00f3n, en el manejo del fondo de pensiones, del que dependen 36 mil\u2026","rel":"","context":"En &quot;CINTILLO&quot;","block_context":{"text":"CINTILLO","link":"https:\/\/www.grieta.org.mx\/index.php\/category\/cintillo\/"},"img":{"alt_text":"","src":"https:\/\/i0.wp.com\/www.grieta.org.mx\/wp-content\/uploads\/2019\/06\/2019-05-02_12-05-30___1784.jpg?resize=350%2C200&ssl=1","width":350,"height":200,"srcset":"https:\/\/i0.wp.com\/www.grieta.org.mx\/wp-content\/uploads\/2019\/06\/2019-05-02_12-05-30___1784.jpg?resize=350%2C200&ssl=1 1x, https:\/\/i0.wp.com\/www.grieta.org.mx\/wp-content\/uploads\/2019\/06\/2019-05-02_12-05-30___1784.jpg?resize=525%2C300&ssl=1 1.5x"},"classes":[]},{"id":13846,"url":"https:\/\/www.grieta.org.mx\/index.php\/2016\/06\/07\/exigen-trabajadores-dinero-de-sus-pensiones\/","url_meta":{"origin":21443,"position":2},"title":"Exigen trabajadores dinero de sus pensiones (Jalisco)","author":"grieta","date":"7 junio, 2016","format":false,"excerpt":"Elizabeth Ortiz, Luego de manifestarse frente a Palacio de Gobierno de Jalisco, integrantes de la Federaci\u00f3n General de Trabajadores del Estado y Municipios (FGTEM) entregaron un pliego petitorio en el que exigen el regreso del dinero que el gobierno invirti\u00f3 en proyectos inmobiliarios. Encabezados por Cuauht\u00e9moc Pe\u00f1a Cort\u00e9s, los inconformes\u2026","rel":"","context":"En &quot;CINTILLO&quot;","block_context":{"text":"CINTILLO","link":"https:\/\/www.grieta.org.mx\/index.php\/category\/cintillo\/"},"img":{"alt_text":"","src":"https:\/\/i0.wp.com\/www.grieta.org.mx\/wp-content\/uploads\/2018\/03\/14524434_1106112876131411_958039263622046936_o.jpg?resize=350%2C200&ssl=1","width":350,"height":200,"srcset":"https:\/\/i0.wp.com\/www.grieta.org.mx\/wp-content\/uploads\/2018\/03\/14524434_1106112876131411_958039263622046936_o.jpg?resize=350%2C200&ssl=1 1x, https:\/\/i0.wp.com\/www.grieta.org.mx\/wp-content\/uploads\/2018\/03\/14524434_1106112876131411_958039263622046936_o.jpg?resize=525%2C300&ssl=1 1.5x, https:\/\/i0.wp.com\/www.grieta.org.mx\/wp-content\/uploads\/2018\/03\/14524434_1106112876131411_958039263622046936_o.jpg?resize=700%2C400&ssl=1 2x"},"classes":[]},{"id":46506,"url":"https:\/\/www.grieta.org.mx\/index.php\/2020\/03\/09\/exige-renuncia-del-director-de-ipejal-jalisco\/","url_meta":{"origin":21443,"position":3},"title":"Exige renuncia del director de Ipejal (Jalisco)","author":"grieta","date":"9 marzo, 2020","format":false,"excerpt":"Foto: Archivo Redacci\u00f3n \/ El Diario NTR Esta informaci\u00f3n es originalmente trabajada por una mujer, quien hoy est\u00e1 en paro. Por diversas irregularidades y la carencia de medicamentos, el Colectivo de Jubilados y Pensionados de Jalisco exigi\u00f3 la renuncia del titular del Instituto de Pensiones del Estado (Ipejal), Iv\u00e1n Arg\u00fcelles.\u2026","rel":"","context":"En &quot;CINTILLO&quot;","block_context":{"text":"CINTILLO","link":"https:\/\/www.grieta.org.mx\/index.php\/category\/cintillo\/"},"img":{"alt_text":"","src":"https:\/\/i0.wp.com\/www.grieta.org.mx\/wp-content\/uploads\/2020\/03\/2020-03-09_01-03-51___6849.jpg?resize=350%2C200&ssl=1","width":350,"height":200,"srcset":"https:\/\/i0.wp.com\/www.grieta.org.mx\/wp-content\/uploads\/2020\/03\/2020-03-09_01-03-51___6849.jpg?resize=350%2C200&ssl=1 1x, https:\/\/i0.wp.com\/www.grieta.org.mx\/wp-content\/uploads\/2020\/03\/2020-03-09_01-03-51___6849.jpg?resize=525%2C300&ssl=1 1.5x, https:\/\/i0.wp.com\/www.grieta.org.mx\/wp-content\/uploads\/2020\/03\/2020-03-09_01-03-51___6849.jpg?resize=700%2C400&ssl=1 2x"},"classes":[]},{"id":30707,"url":"https:\/\/www.grieta.org.mx\/index.php\/2019\/03\/14\/revelan-deuda-del-cobaej-al-instituto-de-pensiones-de-jalisco\/","url_meta":{"origin":21443,"position":4},"title":"Revelan deuda del Cobaej al Instituto de Pensiones de Jalisco","author":"grieta","date":"14 marzo, 2019","format":false,"excerpt":"\u00c9dgar Flores \/ El Diario NTR Al dejar de pagar diversas percepciones al Instituto de Pensiones del Estado de Jalisco (Ipejal), el Colegio de Bachilleres del Estado de Jalisco (Cobaej) adeuda a la instituci\u00f3n 20 millones 691 mil 766 pesos, corte hecho hasta la \u00faltima quincena de febrero. Adicional a\u00a0esta\u2026","rel":"","context":"En &quot;CINTILLO&quot;","block_context":{"text":"CINTILLO","link":"https:\/\/www.grieta.org.mx\/index.php\/category\/cintillo\/"},"img":{"alt_text":"","src":"https:\/\/i0.wp.com\/www.grieta.org.mx\/wp-content\/uploads\/2019\/03\/2019-03-13_11-03-39___7373.jpg?resize=350%2C200&ssl=1","width":350,"height":200,"srcset":"https:\/\/i0.wp.com\/www.grieta.org.mx\/wp-content\/uploads\/2019\/03\/2019-03-13_11-03-39___7373.jpg?resize=350%2C200&ssl=1 1x, https:\/\/i0.wp.com\/www.grieta.org.mx\/wp-content\/uploads\/2019\/03\/2019-03-13_11-03-39___7373.jpg?resize=525%2C300&ssl=1 1.5x, https:\/\/i0.wp.com\/www.grieta.org.mx\/wp-content\/uploads\/2019\/03\/2019-03-13_11-03-39___7373.jpg?resize=700%2C400&ssl=1 2x"},"classes":[]},{"id":45303,"url":"https:\/\/www.grieta.org.mx\/index.php\/2020\/02\/25\/protestan-pensionados-ante-ipejal-por-falta-de-medicamentos-jalisco\/","url_meta":{"origin":21443,"position":5},"title":"Protestan pensionados ante IPEJAL por falta de medicamentos (Jalisco)","author":"grieta","date":"25 febrero, 2020","format":false,"excerpt":"Foto: Rafael Hern\u00e1ndez Rafael Harn\u00e1ndez \/ UDGTV Con la exigencia de la renuncia inmediata del director del Instituto de Pensiones del Estado de Jalisco (IPEJAL), Iv\u00e1n Arg\u00fcelles, y de todos los directivos de este organismo,\u00a0alrededor de 200 pensionados protestaron en las afueras del edificio principal. Jos\u00e9 Luis Tinoco Mangas, representante\u2026","rel":"","context":"En &quot;CINTILLO&quot;","block_context":{"text":"CINTILLO","link":"https:\/\/www.grieta.org.mx\/index.php\/category\/cintillo\/"},"img":{"alt_text":"","src":"https:\/\/i0.wp.com\/www.grieta.org.mx\/wp-content\/uploads\/2020\/02\/WhatsApp-Image-2020-02-25-at-11.46.24-696x522.jpeg?resize=350%2C200&ssl=1","width":350,"height":200,"srcset":"https:\/\/i0.wp.com\/www.grieta.org.mx\/wp-content\/uploads\/2020\/02\/WhatsApp-Image-2020-02-25-at-11.46.24-696x522.jpeg?resize=350%2C200&ssl=1 1x, https:\/\/i0.wp.com\/www.grieta.org.mx\/wp-content\/uploads\/2020\/02\/WhatsApp-Image-2020-02-25-at-11.46.24-696x522.jpeg?resize=525%2C300&ssl=1 1.5x"},"classes":[]}],"_links":{"self":[{"href":"https:\/\/www.grieta.org.mx\/index.php\/wp-json\/wp\/v2\/posts\/21443","targetHints":{"allow":["GET"]}}],"collection":[{"href":"https:\/\/www.grieta.org.mx\/index.php\/wp-json\/wp\/v2\/posts"}],"about":[{"href":"https:\/\/www.grieta.org.mx\/index.php\/wp-json\/wp\/v2\/types\/post"}],"author":[{"embeddable":true,"href":"https:\/\/www.grieta.org.mx\/index.php\/wp-json\/wp\/v2\/users\/2"}],"replies":[{"embeddable":true,"href":"https:\/\/www.grieta.org.mx\/index.php\/wp-json\/wp\/v2\/comments?post=21443"}],"version-history":[{"count":1,"href":"https:\/\/www.grieta.org.mx\/index.php\/wp-json\/wp\/v2\/posts\/21443\/revisions"}],"predecessor-version":[{"id":21445,"href":"https:\/\/www.grieta.org.mx\/index.php\/wp-json\/wp\/v2\/posts\/21443\/revisions\/21445"}],"wp:featuredmedia":[{"embeddable":true,"href":"https:\/\/www.grieta.org.mx\/index.php\/wp-json\/wp\/v2\/media\/21928"}],"wp:attachment":[{"href":"https:\/\/www.grieta.org.mx\/index.php\/wp-json\/wp\/v2\/media?parent=21443"}],"wp:term":[{"taxonomy":"category","embeddable":true,"href":"https:\/\/www.grieta.org.mx\/index.php\/wp-json\/wp\/v2\/categories?post=21443"},{"taxonomy":"post_tag","embeddable":true,"href":"https:\/\/www.grieta.org.mx\/index.php\/wp-json\/wp\/v2\/tags?post=21443"}],"curies":[{"name":"wp","href":"https:\/\/api.w.org\/{rel}","templated":true}]}}