{"id":2143,"date":"2015-08-23T15:39:18","date_gmt":"2015-08-23T15:39:18","guid":{"rendered":"http:\/\/50.22.11.12\/~grietaor\/?p=2143"},"modified":"2016-03-11T15:41:16","modified_gmt":"2016-03-11T15:41:16","slug":"habitantes-de-tamazula-se-manifiestan-en-contra-de-la-violencia-de-la-marina-elementos-siguieron-a-quienes-marcharon","status":"publish","type":"post","link":"https:\/\/www.grieta.org.mx\/index.php\/2015\/08\/23\/habitantes-de-tamazula-se-manifiestan-en-contra-de-la-violencia-de-la-marina-elementos-siguieron-a-quienes-marcharon\/","title":{"rendered":"Habitantes de Tamazula se manifiestan en contra de la violencia de la Marina; elementos siguieron a quienes marcharon"},"content":{"rendered":"<p>(23 de agosto, 2015).- En Tamazula pobladores, acompa\u00f1ados de comunidades aleda\u00f1as, pertenecientes a Durango, se manifestaron en contra de la Secretar\u00eda de Marina Armada de M\u00e9xico (Semar), a dos meses del ataque en que murieron dos j\u00f3venes y otros resultaron heridos, en las poblaciones de Topiba y Los Medios, en esta regi\u00f3n.<\/p>\n<p>Los inconformes realizaron un plant\u00f3n en la plazuela de la cabecera municipal durante la ma\u00f1ana de este domingo, y marcharon hasta llegar a las instalaciones de la Marina para exigir justicia y cesen los abusos de los uniformados en perjuicio de civiles. La protesta fue convocada por habitantes de esta regi\u00f3n, muy cercana a Culiac\u00e1n, la capital de Sinaloa, y por dirigentes de la organizaci\u00f3n ciudadana La Casa del Pueblo.<\/p>\n<p>Alrededor de un centenar de pobladores salieron alrededor de las 12 del d\u00eda de este domingo en una marcha pacifica rumbo al parque Ismael Hernandez Deras, donde tiene instalaciones provisionales la SEMAR.<\/p>\n<p>Con pancartas de inconformidad y al grito de \u201c\u00a1Justicia!\u201d, llegaron a las instalaciones, donde no ninguna autoridad sali\u00f3 a recibirlos. Solamente se lograron visualizar adentro del parque alrededor de siete elementos resguardaban la entrada.<\/p>\n<p>Desde el inicio de la manifestaci\u00f3n elementos de la SEDENA pasaban y tomaban fotos y v\u00eddeos a los manifestantes. Al llegar un ciudadano Tamazulence, record\u00f3 los hechos ocurridos el pasado 14 de julio donde elementos de la marina dispararon a algunos j\u00f3venes de los cuales dos fallecieron y otro menor quedo herido.<\/p>\n<p>\u00c9sta no es la primera vez que los pobladores denuncian p\u00fablicamente a la Marina, en los \u00faltimos meses han pedido auxilio a las autoridades estatales y Derechos Humanos tras la incursi\u00f3n de la Marina Armada en las comunidades de Tamazula, Durango.<\/p>\n<p>El 15 de junio pasado, los pobladores aseguraron que horas de terror vivieron pobladores de la zona serrana, luego de que un operativo de la Marina dej\u00f3 como saldo cuatro veh\u00edculos quemados, dos personas muertas y cuatro menores de edad detenidos, aunque los infantes salieron libres porque los marinos no pudieron demostrar su culpabilidad, la Marina jam\u00e1s dio explicaci\u00f3n alguna.<\/p>\n<p>Los miembros de las comunidades han asegurado que frecuentemente los marinos realizan operativos arbitrarios, ya que sin respetar nada, entran golpean a quienes se opongan y se llevan las cosas que ellos prefiere, porque hasta \u201cse detienen a escogerlas\u201d.<\/p>\n<p><a href=\"http:\/\/revoluciontrespuntocero.com\/habitantes-de-tamazula-se-manifiestan-en-contra-de-la-violencia-de-la-marina-elementos-siguieron-a-quienes-marcharon\" target=\"_blank\">revoluciontrespuntocero.com\/habitantes-de-tamazula-se-manifiestan-en-contra-de-la-violencia-de-la-marina-elementos-siguieron-a-quienes-marcharon<\/a><\/p>\n","protected":false},"excerpt":{"rendered":"<p>(23 de agosto, 2015).- En Tamazula pobladores, acompa\u00f1ados de comunidades aleda\u00f1as, pertenecientes a Durango, se manifestaron en contra de la Secretar\u00eda de Marina Armada de M\u00e9xico (Semar), a dos meses &hellip; <a href=\"https:\/\/www.grieta.org.mx\/index.php\/2015\/08\/23\/habitantes-de-tamazula-se-manifiestan-en-contra-de-la-violencia-de-la-marina-elementos-siguieron-a-quienes-marcharon\/\" class=\"more-link\">Leer m\u00e1s<\/a><\/p>\n","protected":false},"author":2,"featured_media":21928,"comment_status":"closed","ping_status":"open","sticky":false,"template":"","format":"standard","meta":{"ngg_post_thumbnail":0,"_jetpack_newsletter_access":"","_jetpack_dont_email_post_to_subs":false,"_jetpack_newsletter_tier_id":0,"_jetpack_memberships_contains_paywalled_content":false,"_jetpack_memberships_contains_paid_content":false,"footnotes":""},"categories":[80,173],"tags":[182,233],"class_list":["post-2143","post","type-post","status-publish","format-standard","has-post-thumbnail","hentry","category-cintillo","category-durango","tag-criminalizacion","tag-tamazula","entry"],"jetpack_featured_media_url":"https:\/\/www.grieta.org.mx\/wp-content\/uploads\/2018\/03\/14524434_1106112876131411_958039263622046936_o.jpg","jetpack_sharing_enabled":true,"jetpack_shortlink":"https:\/\/wp.me\/p7ZJR4-yz","jetpack_likes_enabled":false,"jetpack-related-posts":[{"id":3628,"url":"https:\/\/www.grieta.org.mx\/index.php\/2016\/01\/18\/habitantes-de-tamazula-huyen-de-sus-comunidades-por-miedo-a-operativos-de-la-marina\/","url_meta":{"origin":2143,"position":0},"title":"Habitantes de Tamazula huyen de sus comunidades por miedo a operativos de la Marina","author":"grieta","date":"18 enero, 2016","format":false,"excerpt":"18\/01\/16. As\u00ed, la caza de \u201cEl Chapo\u201d no suena tan heroica Sin Embargo 28\/10\/15. Mantienen apoyo a los desplazados El Siglo de Torre\u00f3n 24\/10\/15. Un menor, detenido por operativo en Tamazula El Siglo de Durango 22\/10\/15. S\u00ed hay quejas por violaci\u00f3n de derechos humanos en Tamazula: R\u00edos Estavillo L\u00ednea Directa\u2026","rel":"","context":"En &quot;Desaparecidos&quot;","block_context":{"text":"Desaparecidos","link":"https:\/\/www.grieta.org.mx\/index.php\/category\/temas-nacionales\/desaparecidos\/"},"img":{"alt_text":"","src":"https:\/\/i0.wp.com\/www.grieta.org.mx\/wp-content\/uploads\/2018\/03\/14524434_1106112876131411_958039263622046936_o.jpg?resize=350%2C200&ssl=1","width":350,"height":200,"srcset":"https:\/\/i0.wp.com\/www.grieta.org.mx\/wp-content\/uploads\/2018\/03\/14524434_1106112876131411_958039263622046936_o.jpg?resize=350%2C200&ssl=1 1x, https:\/\/i0.wp.com\/www.grieta.org.mx\/wp-content\/uploads\/2018\/03\/14524434_1106112876131411_958039263622046936_o.jpg?resize=525%2C300&ssl=1 1.5x, https:\/\/i0.wp.com\/www.grieta.org.mx\/wp-content\/uploads\/2018\/03\/14524434_1106112876131411_958039263622046936_o.jpg?resize=700%2C400&ssl=1 2x"},"classes":[]},{"id":2139,"url":"https:\/\/www.grieta.org.mx\/index.php\/2015\/10\/10\/se-reune-comision-de-defensa-de-derechos-humanos-de-sinaloa-con-habitantes-de-tamazula\/","url_meta":{"origin":2143,"position":1},"title":"Se re\u00fane Comisi\u00f3n de Defensa de Derechos Humanos de Sinaloa con habitantes de Tamazula","author":"grieta","date":"10 octubre, 2015","format":false,"excerpt":"MAZATL\u00c1N._ El presidente de la Comisi\u00f3n de la Defensa de los Derechos Humanos en Sinaloa, Leones Aguirre Meza y \u00d3scar Loza Ochoa, secretario del organismo, se reunieron esta ma\u00f1ana con habitantes de Tamazula en Cosal\u00e1, quienes acusan atropellos y violaciones a lo derechos humanos de parte de Infantes de Marina.\u2026","rel":"","context":"En &quot;CINTILLO&quot;","block_context":{"text":"CINTILLO","link":"https:\/\/www.grieta.org.mx\/index.php\/category\/cintillo\/"},"img":{"alt_text":"","src":"https:\/\/i0.wp.com\/www.grieta.org.mx\/wp-content\/uploads\/2018\/03\/14524434_1106112876131411_958039263622046936_o.jpg?resize=350%2C200&ssl=1","width":350,"height":200,"srcset":"https:\/\/i0.wp.com\/www.grieta.org.mx\/wp-content\/uploads\/2018\/03\/14524434_1106112876131411_958039263622046936_o.jpg?resize=350%2C200&ssl=1 1x, https:\/\/i0.wp.com\/www.grieta.org.mx\/wp-content\/uploads\/2018\/03\/14524434_1106112876131411_958039263622046936_o.jpg?resize=525%2C300&ssl=1 1.5x, https:\/\/i0.wp.com\/www.grieta.org.mx\/wp-content\/uploads\/2018\/03\/14524434_1106112876131411_958039263622046936_o.jpg?resize=700%2C400&ssl=1 2x"},"classes":[]},{"id":2133,"url":"https:\/\/www.grieta.org.mx\/index.php\/2015\/10\/14\/federales-que-buscan-al-chapo-nos-dejan-en-el-fuego-cruzado-denuncian-desplazados-de-tamazula\/","url_meta":{"origin":2143,"position":2},"title":"Federales que buscan al \u201cChapo\u201d nos dejan en el fuego cruzado, denuncian desplazados de Tamazula","author":"grieta","date":"14 octubre, 2015","format":false,"excerpt":"Los enfrentamientos entre elementos de la Marina y del Ej\u00e9rcito en contra de sicarios han dejado a los habitantes del Tamazula en el fuego cruzado. No son pocas las denuncias por abusos en contra de estas corporaciones SinEmbargo\/Noroeste).\u2013 Alrededor de 250 pobladores de todas las edades provenientes Tamazula, Durango, municipio\u2026","rel":"","context":"En &quot;CINTILLO&quot;","block_context":{"text":"CINTILLO","link":"https:\/\/www.grieta.org.mx\/index.php\/category\/cintillo\/"},"img":{"alt_text":"","src":"https:\/\/i0.wp.com\/www.grieta.org.mx\/wp-content\/uploads\/2018\/03\/14524434_1106112876131411_958039263622046936_o.jpg?resize=350%2C200&ssl=1","width":350,"height":200,"srcset":"https:\/\/i0.wp.com\/www.grieta.org.mx\/wp-content\/uploads\/2018\/03\/14524434_1106112876131411_958039263622046936_o.jpg?resize=350%2C200&ssl=1 1x, https:\/\/i0.wp.com\/www.grieta.org.mx\/wp-content\/uploads\/2018\/03\/14524434_1106112876131411_958039263622046936_o.jpg?resize=525%2C300&ssl=1 1.5x, https:\/\/i0.wp.com\/www.grieta.org.mx\/wp-content\/uploads\/2018\/03\/14524434_1106112876131411_958039263622046936_o.jpg?resize=700%2C400&ssl=1 2x"},"classes":[]},{"id":2114,"url":"https:\/\/www.grieta.org.mx\/index.php\/2015\/10\/21\/desplazados-quieren-regresar-a-tamazula\/","url_meta":{"origin":2143,"position":3},"title":"Desplazados quieren regresar a Tamazula","author":"grieta","date":"21 octubre, 2015","format":false,"excerpt":"Los desplazados de Tamazula a Cosal\u00e1 por la intervenci\u00f3n de la Marina quieren regresarse a sus casas, pero no pueden porque los efectivos de la Secretar\u00eda de Marina sigue asentada en sus comunidades; en Cosal\u00e1 no tienen en d\u00f3nde trabajar por la falta de empleo. Eduardo Mej\u00eda, secretario del Ayuntamiento\u2026","rel":"","context":"En &quot;CINTILLO&quot;","block_context":{"text":"CINTILLO","link":"https:\/\/www.grieta.org.mx\/index.php\/category\/cintillo\/"},"img":{"alt_text":"","src":"https:\/\/i0.wp.com\/www.grieta.org.mx\/wp-content\/uploads\/2018\/03\/14524434_1106112876131411_958039263622046936_o.jpg?resize=350%2C200&ssl=1","width":350,"height":200,"srcset":"https:\/\/i0.wp.com\/www.grieta.org.mx\/wp-content\/uploads\/2018\/03\/14524434_1106112876131411_958039263622046936_o.jpg?resize=350%2C200&ssl=1 1x, https:\/\/i0.wp.com\/www.grieta.org.mx\/wp-content\/uploads\/2018\/03\/14524434_1106112876131411_958039263622046936_o.jpg?resize=525%2C300&ssl=1 1.5x, https:\/\/i0.wp.com\/www.grieta.org.mx\/wp-content\/uploads\/2018\/03\/14524434_1106112876131411_958039263622046936_o.jpg?resize=700%2C400&ssl=1 2x"},"classes":[]},{"id":2130,"url":"https:\/\/www.grieta.org.mx\/index.php\/2015\/10\/16\/siguen-en-cosala-los-desplazados-de-tamazula\/","url_meta":{"origin":2143,"position":4},"title":"Siguen en Cosal\u00e1 los desplazados de Tamazula","author":"grieta","date":"16 octubre, 2015","format":false,"excerpt":"Los desplazados de Tamazula, Durango, a Cosal\u00e1, Sinaloa, permanecen en este segundo municipio; van para cinco d\u00edas y nadie se ha regresado, se\u00f1ala Eduardo Mej\u00eda, secretario del Ayuntamiento del municipio duranguense. En la ciudad sinaloense est\u00e1n con familiares y en el albergue, alrededor de 180 duranguenses que abandonaron sus viviendas\u2026","rel":"","context":"En &quot;CINTILLO&quot;","block_context":{"text":"CINTILLO","link":"https:\/\/www.grieta.org.mx\/index.php\/category\/cintillo\/"},"img":{"alt_text":"","src":"https:\/\/i0.wp.com\/www.grieta.org.mx\/wp-content\/uploads\/2018\/03\/14524434_1106112876131411_958039263622046936_o.jpg?resize=350%2C200&ssl=1","width":350,"height":200,"srcset":"https:\/\/i0.wp.com\/www.grieta.org.mx\/wp-content\/uploads\/2018\/03\/14524434_1106112876131411_958039263622046936_o.jpg?resize=350%2C200&ssl=1 1x, https:\/\/i0.wp.com\/www.grieta.org.mx\/wp-content\/uploads\/2018\/03\/14524434_1106112876131411_958039263622046936_o.jpg?resize=525%2C300&ssl=1 1.5x, https:\/\/i0.wp.com\/www.grieta.org.mx\/wp-content\/uploads\/2018\/03\/14524434_1106112876131411_958039263622046936_o.jpg?resize=700%2C400&ssl=1 2x"},"classes":[]},{"id":2137,"url":"https:\/\/www.grieta.org.mx\/index.php\/2015\/10\/13\/cosala-sinaloa-recibe-a-desplazados-de-tamazula-durango-alcalde\/","url_meta":{"origin":2143,"position":5},"title":"Cosal\u00e1, Sinaloa, recibe a desplazados de Tamazula, Durango: alcalde","author":"grieta","date":"13 octubre, 2015","format":false,"excerpt":"Funcionarios del municipio de Durango acudieron a Cosal\u00e1 para proporcionar v\u00edveres a sus desplazados, pero no informaron el motivo de la huida de las personas, mientras que la gente coment\u00f3 que no encontraban condiciones de seguridad en su municipio, por eso su llegada a Cosal\u00e1. Debido al desplazamiento de personas\u2026","rel":"","context":"En &quot;CINTILLO&quot;","block_context":{"text":"CINTILLO","link":"https:\/\/www.grieta.org.mx\/index.php\/category\/cintillo\/"},"img":{"alt_text":"","src":"https:\/\/i0.wp.com\/www.grieta.org.mx\/wp-content\/uploads\/2018\/03\/14524434_1106112876131411_958039263622046936_o.jpg?resize=350%2C200&ssl=1","width":350,"height":200,"srcset":"https:\/\/i0.wp.com\/www.grieta.org.mx\/wp-content\/uploads\/2018\/03\/14524434_1106112876131411_958039263622046936_o.jpg?resize=350%2C200&ssl=1 1x, https:\/\/i0.wp.com\/www.grieta.org.mx\/wp-content\/uploads\/2018\/03\/14524434_1106112876131411_958039263622046936_o.jpg?resize=525%2C300&ssl=1 1.5x, https:\/\/i0.wp.com\/www.grieta.org.mx\/wp-content\/uploads\/2018\/03\/14524434_1106112876131411_958039263622046936_o.jpg?resize=700%2C400&ssl=1 2x"},"classes":[]}],"_links":{"self":[{"href":"https:\/\/www.grieta.org.mx\/index.php\/wp-json\/wp\/v2\/posts\/2143","targetHints":{"allow":["GET"]}}],"collection":[{"href":"https:\/\/www.grieta.org.mx\/index.php\/wp-json\/wp\/v2\/posts"}],"about":[{"href":"https:\/\/www.grieta.org.mx\/index.php\/wp-json\/wp\/v2\/types\/post"}],"author":[{"embeddable":true,"href":"https:\/\/www.grieta.org.mx\/index.php\/wp-json\/wp\/v2\/users\/2"}],"replies":[{"embeddable":true,"href":"https:\/\/www.grieta.org.mx\/index.php\/wp-json\/wp\/v2\/comments?post=2143"}],"version-history":[{"count":1,"href":"https:\/\/www.grieta.org.mx\/index.php\/wp-json\/wp\/v2\/posts\/2143\/revisions"}],"predecessor-version":[{"id":2144,"href":"https:\/\/www.grieta.org.mx\/index.php\/wp-json\/wp\/v2\/posts\/2143\/revisions\/2144"}],"wp:featuredmedia":[{"embeddable":true,"href":"https:\/\/www.grieta.org.mx\/index.php\/wp-json\/wp\/v2\/media\/21928"}],"wp:attachment":[{"href":"https:\/\/www.grieta.org.mx\/index.php\/wp-json\/wp\/v2\/media?parent=2143"}],"wp:term":[{"taxonomy":"category","embeddable":true,"href":"https:\/\/www.grieta.org.mx\/index.php\/wp-json\/wp\/v2\/categories?post=2143"},{"taxonomy":"post_tag","embeddable":true,"href":"https:\/\/www.grieta.org.mx\/index.php\/wp-json\/wp\/v2\/tags?post=2143"}],"curies":[{"name":"wp","href":"https:\/\/api.w.org\/{rel}","templated":true}]}}