{"id":21400,"date":"2016-09-07T10:10:28","date_gmt":"2016-09-07T15:10:28","guid":{"rendered":"http:\/\/www.grieta.org.mx\/?p=21400"},"modified":"2016-09-13T10:15:22","modified_gmt":"2016-09-13T15:15:22","slug":"hostigan-a-defensores-de-bosque-en-jalisco","status":"publish","type":"post","link":"https:\/\/www.grieta.org.mx\/index.php\/2016\/09\/07\/hostigan-a-defensores-de-bosque-en-jalisco\/","title":{"rendered":"Hostigan a defensores de bosque en Jalisco"},"content":{"rendered":"<p>Empresa que pretende deforestar El Nixticuil acusa a los ambientalistas de extorsi\u00f3n y chantaje<br \/>\nSididh<\/p>\n<p>Ciudad de M\u00e9xico, 07 de septiembre de 2016.- La inmobiliaria Spinelli Corporation, que pretende deforestar el jalisciense bosque El Nixticuil para construir un fraccionamiento habitacional, denunci\u00f3 a los defensores ambientalistas del Comit\u00e9 Salvabosque por extorsi\u00f3n y chantaje.<\/p>\n<p>Spinelli Corporation trabaja desde 2015 en la construcci\u00f3n del fraccionamiento Bosque Encantado, en el bosque El Nixticuil ubicado en Zapopan, Jalisco, a lo que se han opuestos los activistas e incluso el ayuntamiento.<\/p>\n<p>\u201cAnte la campa\u00f1a de intimidaci\u00f3n y criminalizaci\u00f3n que la empresa inmobiliaria #SpinelliCorp ha montado en contra de nuestra organizaci\u00f3n, demand\u00e1ndonos \u2013sin fundamento\u2013 por supuesta \u2018extorsi\u00f3n y chantaje\u2019, a nosotros nos queda decir con firmeza que NO TENEMOS MIEDO, y que una vez m\u00e1s Spinelli est\u00e1 mintiendo para proteger sus intereses econ\u00f3micos y continuar destruyendo el #bosque Nixticuil y las casas de nuestras comunidades con su fraccionamiento ecocida Bosque Encantado\u201d, se\u00f1al\u00f3 el Comit\u00e9.<\/p>\n<p>El predio objeto de la disputa ha sido amenazado por los fraccionadores desde hace al menos siete a\u00f1os. Spinelli  derrib\u00f3, en los \u00faltimos dos a\u00f1os, al menos 150 \u00e1rboles en dos hect\u00e1reas de terreno.<\/p>\n<p>Hace un mes, la Procuradur\u00eda Federal de Protecci\u00f3n al Ambiente (PROFEPA) public\u00f3 una nota de prensa se\u00f1alando que hizo un an\u00e1lisis en el predio donde Spinelli Corporation pretende realizar el fraccionamiento  y determin\u00f3 que se trata de un predio no forestal y que no forma parte del bosque Nixticuil, extremo que los ambientalistas -que cuidan el bosque desde hace una d\u00e9cada- han desmentido.<\/p>\n<p>En la p\u00e1gina Desinform\u00e9monos, diversos defensores del territorio se pronunciaron a favor del Comit\u00e9 Salvabosque.<\/p>\n<p><a href=\"http:\/\/somoselmedio.org\/article\/hostigan-defensores-de-bosque-en-jalisco\" target=\"_blank\">http:\/\/somoselmedio.org\/article\/hostigan-defensores-de-bosque-en-jalisco<\/a><\/p>\n","protected":false},"excerpt":{"rendered":"<p>Empresa que pretende deforestar El Nixticuil acusa a los ambientalistas de extorsi\u00f3n y chantaje Sididh Ciudad de M\u00e9xico, 07 de septiembre de 2016.- La inmobiliaria Spinelli Corporation, que pretende deforestar &hellip; <a href=\"https:\/\/www.grieta.org.mx\/index.php\/2016\/09\/07\/hostigan-a-defensores-de-bosque-en-jalisco\/\" class=\"more-link\">Leer m\u00e1s<\/a><\/p>\n","protected":false},"author":2,"featured_media":21928,"comment_status":"closed","ping_status":"closed","sticky":false,"template":"","format":"standard","meta":{"ngg_post_thumbnail":0,"_jetpack_newsletter_access":"","_jetpack_dont_email_post_to_subs":false,"_jetpack_newsletter_tier_id":0,"_jetpack_memberships_contains_paywalled_content":false,"_jetpack_memberships_contains_paid_content":false,"footnotes":""},"categories":[80,230],"tags":[154,459,399],"class_list":["post-21400","post","type-post","status-publish","format-standard","has-post-thumbnail","hentry","category-cintillo","category-jalisco","tag-areas-naturales-protegidas","tag-ataques-a-defensores-ambientales","tag-proyecto-inmobiliario","entry"],"jetpack_featured_media_url":"https:\/\/www.grieta.org.mx\/wp-content\/uploads\/2018\/03\/14524434_1106112876131411_958039263622046936_o.jpg","jetpack_sharing_enabled":true,"jetpack_shortlink":"https:\/\/wp.me\/p7ZJR4-5za","jetpack_likes_enabled":false,"jetpack-related-posts":[{"id":21402,"url":"https:\/\/www.grieta.org.mx\/index.php\/2016\/09\/13\/ataques-contra-defensores-del-medio-ambiente-en-jalisco\/","url_meta":{"origin":21400,"position":0},"title":"Ataques contra defensores del medio ambiente en Jalisco","author":"grieta","date":"13 septiembre, 2016","format":false,"excerpt":"13\/09\/16. Miembros del Comit\u00e9 Salvabosque del Nixticuil temen por su integridadP\u00e1gina 24 07\/09\/16. Empresa que pretende deforestar El Nixticuil acusa a los ambientalistas de extorsi\u00f3n y chantajeSomos el Medio","rel":"","context":"En &quot;Jalisco&quot;","block_context":{"text":"Jalisco","link":"https:\/\/www.grieta.org.mx\/index.php\/category\/noticias-nacionales\/jalisco\/"},"img":{"alt_text":"","src":"https:\/\/i0.wp.com\/www.grieta.org.mx\/wp-content\/uploads\/2018\/03\/14524434_1106112876131411_958039263622046936_o.jpg?resize=350%2C200&ssl=1","width":350,"height":200,"srcset":"https:\/\/i0.wp.com\/www.grieta.org.mx\/wp-content\/uploads\/2018\/03\/14524434_1106112876131411_958039263622046936_o.jpg?resize=350%2C200&ssl=1 1x, https:\/\/i0.wp.com\/www.grieta.org.mx\/wp-content\/uploads\/2018\/03\/14524434_1106112876131411_958039263622046936_o.jpg?resize=525%2C300&ssl=1 1.5x, https:\/\/i0.wp.com\/www.grieta.org.mx\/wp-content\/uploads\/2018\/03\/14524434_1106112876131411_958039263622046936_o.jpg?resize=700%2C400&ssl=1 2x"},"classes":[]},{"id":20797,"url":"https:\/\/www.grieta.org.mx\/index.php\/2016\/09\/02\/no-le-tenemos-miedo-a-spinelli-jalisco\/","url_meta":{"origin":21400,"position":1},"title":"No le tenemos miedo a Spinelli (Jalisco)","author":"grieta","date":"2 septiembre, 2016","format":false,"excerpt":"Su demanda no nos quita el sue\u00f1o, revira el Comit\u00e9 Salvabosque Tras el recurso legal por da\u00f1o moral interpuesto por la fraccionadora, los activistas difundieron un comunicado en Facebook donde dijeron que no ser\u00e1n amedrentados, pues se les acusa de \u201csupuesta \u2018extorsi\u00f3n y chantaje\u2019\u201d; ciudadanos los apoyaron en la red\u2026","rel":"","context":"En &quot;CINTILLO&quot;","block_context":{"text":"CINTILLO","link":"https:\/\/www.grieta.org.mx\/index.php\/category\/cintillo\/"},"img":{"alt_text":"","src":"https:\/\/i0.wp.com\/www.grieta.org.mx\/wp-content\/uploads\/2018\/03\/14524434_1106112876131411_958039263622046936_o.jpg?resize=350%2C200&ssl=1","width":350,"height":200,"srcset":"https:\/\/i0.wp.com\/www.grieta.org.mx\/wp-content\/uploads\/2018\/03\/14524434_1106112876131411_958039263622046936_o.jpg?resize=350%2C200&ssl=1 1x, https:\/\/i0.wp.com\/www.grieta.org.mx\/wp-content\/uploads\/2018\/03\/14524434_1106112876131411_958039263622046936_o.jpg?resize=525%2C300&ssl=1 1.5x, https:\/\/i0.wp.com\/www.grieta.org.mx\/wp-content\/uploads\/2018\/03\/14524434_1106112876131411_958039263622046936_o.jpg?resize=700%2C400&ssl=1 2x"},"classes":[]},{"id":7695,"url":"https:\/\/www.grieta.org.mx\/index.php\/2016\/03\/20\/defensores-de-el-nixticuil-se-manifestaran-contra-el-proyecto-bosque-encantado\/","url_meta":{"origin":21400,"position":2},"title":"Defensores de El Nixticuil se manifestar\u00e1n contra el proyecto \u201cBosque Encantado\u201d","author":"grieta","date":"20 marzo, 2016","format":false,"excerpt":"Nelda Judith Anzar Como un ejercicio de denuncia y memoria, a un a\u00f1o de la tala de m\u00e1s de 150 \u00e1rboles en el bosque El Nixticuil por parte de la empresa inmobiliaria Spinelli Corporation, y con la complicidad que ante este ecocidio ha prevalecido en todas las instancias gubernamentales municipales,\u2026","rel":"","context":"En &quot;CINTILLO&quot;","block_context":{"text":"CINTILLO","link":"https:\/\/www.grieta.org.mx\/index.php\/category\/cintillo\/"},"img":{"alt_text":"","src":"https:\/\/i0.wp.com\/www.grieta.org.mx\/wp-content\/uploads\/2018\/03\/14524434_1106112876131411_958039263622046936_o.jpg?resize=350%2C200&ssl=1","width":350,"height":200,"srcset":"https:\/\/i0.wp.com\/www.grieta.org.mx\/wp-content\/uploads\/2018\/03\/14524434_1106112876131411_958039263622046936_o.jpg?resize=350%2C200&ssl=1 1x, https:\/\/i0.wp.com\/www.grieta.org.mx\/wp-content\/uploads\/2018\/03\/14524434_1106112876131411_958039263622046936_o.jpg?resize=525%2C300&ssl=1 1.5x, https:\/\/i0.wp.com\/www.grieta.org.mx\/wp-content\/uploads\/2018\/03\/14524434_1106112876131411_958039263622046936_o.jpg?resize=700%2C400&ssl=1 2x"},"classes":[]},{"id":15342,"url":"https:\/\/www.grieta.org.mx\/index.php\/2016\/06\/26\/el-nixticuil-estara-a-salvo-cuando-le-revoquen-la-licencia-a-spinelli\/","url_meta":{"origin":21400,"position":3},"title":"El Nixticuil estar\u00e1 a salvo cuando le revoquen la licencia a Spinelli","author":"grieta","date":"26 junio, 2016","format":false,"excerpt":"Clausura de Bosque Encantado no durar\u00e1: Comit\u00e9 Salvabosque Hasta el momento no se ha planteado un \u00e1rea de amortiguamiento, y adem\u00e1s han excluido a la comunidad para integrarse en el comit\u00e9 t\u00e9cnico que supuestamente cuidar\u00e1 el \u00e1rea verde Por Adri\u00e1n Montiel Gonz\u00e1lez El Comit\u00e9 Salvabosque en Defensa del Bosque de\u2026","rel":"","context":"En &quot;CINTILLO&quot;","block_context":{"text":"CINTILLO","link":"https:\/\/www.grieta.org.mx\/index.php\/category\/cintillo\/"},"img":{"alt_text":"","src":"https:\/\/i0.wp.com\/www.grieta.org.mx\/wp-content\/uploads\/2018\/03\/14524434_1106112876131411_958039263622046936_o.jpg?resize=350%2C200&ssl=1","width":350,"height":200,"srcset":"https:\/\/i0.wp.com\/www.grieta.org.mx\/wp-content\/uploads\/2018\/03\/14524434_1106112876131411_958039263622046936_o.jpg?resize=350%2C200&ssl=1 1x, https:\/\/i0.wp.com\/www.grieta.org.mx\/wp-content\/uploads\/2018\/03\/14524434_1106112876131411_958039263622046936_o.jpg?resize=525%2C300&ssl=1 1.5x, https:\/\/i0.wp.com\/www.grieta.org.mx\/wp-content\/uploads\/2018\/03\/14524434_1106112876131411_958039263622046936_o.jpg?resize=700%2C400&ssl=1 2x"},"classes":[]},{"id":7730,"url":"https:\/\/www.grieta.org.mx\/index.php\/2015\/03\/15\/hostigan-a-defensores-del-bosque-de-nixticuil\/","url_meta":{"origin":21400,"position":4},"title":"Hostigan a defensores del bosque de Nixticuil","author":"grieta","date":"15 marzo, 2015","format":false,"excerpt":"V\u00edctor Manuel Ch\u00e1vez Ogaz\u00f3n Enmedio de la lluvia y actos de hostigamiento, defensores del Bosque El Nixticuil emprendieron la recolecci\u00f3n de firmas para impulsar una iniciativa en la que el Ayuntamiento de Zapopan permute el predio destinado para el fraccionamiento Bosque Encantado, pero que afecta al bosque. Lanzaron la convocatoria\u2026","rel":"","context":"En &quot;CINTILLO&quot;","block_context":{"text":"CINTILLO","link":"https:\/\/www.grieta.org.mx\/index.php\/category\/cintillo\/"},"img":{"alt_text":"","src":"https:\/\/i0.wp.com\/www.grieta.org.mx\/wp-content\/uploads\/2018\/03\/14524434_1106112876131411_958039263622046936_o.jpg?resize=350%2C200&ssl=1","width":350,"height":200,"srcset":"https:\/\/i0.wp.com\/www.grieta.org.mx\/wp-content\/uploads\/2018\/03\/14524434_1106112876131411_958039263622046936_o.jpg?resize=350%2C200&ssl=1 1x, https:\/\/i0.wp.com\/www.grieta.org.mx\/wp-content\/uploads\/2018\/03\/14524434_1106112876131411_958039263622046936_o.jpg?resize=525%2C300&ssl=1 1.5x, https:\/\/i0.wp.com\/www.grieta.org.mx\/wp-content\/uploads\/2018\/03\/14524434_1106112876131411_958039263622046936_o.jpg?resize=700%2C400&ssl=1 2x"},"classes":[]},{"id":64512,"url":"https:\/\/www.grieta.org.mx\/index.php\/2022\/07\/07\/el-comite-en-defensa-del-bosque-nixticuil-denuncia-amenazas-en-contra-de-sus-integrantes-jalisco\/","url_meta":{"origin":21400,"position":5},"title":"El Comit\u00e9 en Defensa del Bosque Nixticuil denuncia amenazas en contra de sus integrantes (Jalisco)","author":"grieta","date":"7 julio, 2022","format":false,"excerpt":"Imagen: Somos El Medio Hay dos carpetas de investigaci\u00f3n abiertas en contra de integrantes del Comit\u00e9 en Defensa del Bosque Nixticuil Adriana G\u00f3mez \/ Somos El Medio Los integrantes del\u00a0Comit\u00e9 en Defensa del Bosque Nixticuil del municipio de Zapopan,\u00a0Jalisco, a trav\u00e9s de un comunicado, dieron a conocer las carpetas de\u2026","rel":"","context":"En &quot;Amenazas contra activistas en Jalisco&quot;","block_context":{"text":"Amenazas contra activistas en Jalisco","link":"https:\/\/www.grieta.org.mx\/index.php\/category\/noticias-nacionales\/jalisco\/amenazas-contra-activistas-en-jalisco\/"},"img":{"alt_text":"","src":"https:\/\/i0.wp.com\/www.grieta.org.mx\/wp-content\/uploads\/2022\/07\/asdfghj.jpg?resize=350%2C200&ssl=1","width":350,"height":200,"srcset":"https:\/\/i0.wp.com\/www.grieta.org.mx\/wp-content\/uploads\/2022\/07\/asdfghj.jpg?resize=350%2C200&ssl=1 1x, https:\/\/i0.wp.com\/www.grieta.org.mx\/wp-content\/uploads\/2022\/07\/asdfghj.jpg?resize=525%2C300&ssl=1 1.5x, https:\/\/i0.wp.com\/www.grieta.org.mx\/wp-content\/uploads\/2022\/07\/asdfghj.jpg?resize=700%2C400&ssl=1 2x"},"classes":[]}],"_links":{"self":[{"href":"https:\/\/www.grieta.org.mx\/index.php\/wp-json\/wp\/v2\/posts\/21400","targetHints":{"allow":["GET"]}}],"collection":[{"href":"https:\/\/www.grieta.org.mx\/index.php\/wp-json\/wp\/v2\/posts"}],"about":[{"href":"https:\/\/www.grieta.org.mx\/index.php\/wp-json\/wp\/v2\/types\/post"}],"author":[{"embeddable":true,"href":"https:\/\/www.grieta.org.mx\/index.php\/wp-json\/wp\/v2\/users\/2"}],"replies":[{"embeddable":true,"href":"https:\/\/www.grieta.org.mx\/index.php\/wp-json\/wp\/v2\/comments?post=21400"}],"version-history":[{"count":1,"href":"https:\/\/www.grieta.org.mx\/index.php\/wp-json\/wp\/v2\/posts\/21400\/revisions"}],"predecessor-version":[{"id":21401,"href":"https:\/\/www.grieta.org.mx\/index.php\/wp-json\/wp\/v2\/posts\/21400\/revisions\/21401"}],"wp:featuredmedia":[{"embeddable":true,"href":"https:\/\/www.grieta.org.mx\/index.php\/wp-json\/wp\/v2\/media\/21928"}],"wp:attachment":[{"href":"https:\/\/www.grieta.org.mx\/index.php\/wp-json\/wp\/v2\/media?parent=21400"}],"wp:term":[{"taxonomy":"category","embeddable":true,"href":"https:\/\/www.grieta.org.mx\/index.php\/wp-json\/wp\/v2\/categories?post=21400"},{"taxonomy":"post_tag","embeddable":true,"href":"https:\/\/www.grieta.org.mx\/index.php\/wp-json\/wp\/v2\/tags?post=21400"}],"curies":[{"name":"wp","href":"https:\/\/api.w.org\/{rel}","templated":true}]}}