{"id":2137,"date":"2015-10-13T15:29:52","date_gmt":"2015-10-13T15:29:52","guid":{"rendered":"http:\/\/50.22.11.12\/~grietaor\/?p=2137"},"modified":"2016-03-11T15:32:18","modified_gmt":"2016-03-11T15:32:18","slug":"cosala-sinaloa-recibe-a-desplazados-de-tamazula-durango-alcalde","status":"publish","type":"post","link":"https:\/\/www.grieta.org.mx\/index.php\/2015\/10\/13\/cosala-sinaloa-recibe-a-desplazados-de-tamazula-durango-alcalde\/","title":{"rendered":"Cosal\u00e1, Sinaloa, recibe a desplazados de Tamazula, Durango: alcalde"},"content":{"rendered":"<blockquote><p>Funcionarios del municipio de Durango acudieron a Cosal\u00e1 para proporcionar v\u00edveres a sus desplazados, pero no informaron el motivo de la huida de las personas, mientras que la gente coment\u00f3 que no encontraban condiciones de seguridad en su municipio, por eso su llegada a Cosal\u00e1.<\/p><\/blockquote>\n<p>Debido al desplazamiento de personas de la frontera de Durango que huyen hacia el municipio de Cosal\u00e1, Sinaloa, tras el operativo que la Secretar\u00eda de Marina est\u00e1 realizando muchas de las personas realizaron una traves\u00eda de hasta tres d\u00edas para poder llegar a Cosal\u00e1, se inform\u00f3 en el programa Atando Cabos.<\/p>\n<p>En su traves\u00eda fueron acompa\u00f1adas por Leonel Aguirre Meza, presidente de la Comisi\u00f3n de la Defensa de los Derechos Humanos en Sinaloa; por \u00d3scar Loza Ochoa, integrante de este organismo, y por autoridades de Tamazula.<\/p>\n<p>Y en ese sentido, el presidente municipal de este municipio de Sinaloa, Samuel Liz\u00e1rraga, manifest\u00f3 que est\u00e1 entre cuatro o cinco horas de donde la gente se est\u00e1 movilizando en veh\u00edculo, por la carretera municipal de Cosal\u00e1.<\/p>\n<p>Indic\u00f3 en entrevista con Denise Maerker que para atender a los desplazados, a trav\u00e9s del DIF se elabor\u00f3 un plan para ayudar a la gente.<\/p>\n<p>\u201cEl d\u00eda lunes el gobierno del estado de Durango envi\u00f3 a un representante con algunos apoyos y del municipio de Tamazula, el director del DIF municipal, nos acompa\u00f1\u00f3 tambi\u00e9n con algunos apoyos para la gente\u201d.<\/p>\n<p>Indic\u00f3 que no se sabe del paradero del alcalde de Tamazula, municipio de Durango y solamente ha tenido coordinaci\u00f3n con su gente para brindar apoyo a sus desplazados \u201cy ayer vinieron a Cosal\u00e1 a proveer de cobijas, colchonetas y despensas, y esa es la comunicaci\u00f3n que yo he tenido con estos funcionarios\u201d.<\/p>\n<p>Abund\u00f3 que dichos funcionarios del municipio de Durango no le informaron el motivo del desplazamiento de las personas, mientras que la gente coment\u00f3 que no encontraban condiciones de seguridad en su municipio, por eso su llegada a Cosal\u00e1.<\/p>\n<p><a href=\"http:\/\/www.radioformula.com.mx\/notas.asp?Idn=539941&#038;idFC=2015#sthash.nzqv9geE.dpuf\" target=\"_blank\">www.radioformula.com.mx\/notas.asp?Idn=539941&#038;idFC=2015#sthash.nzqv9geE.dpuf<\/a><\/p>\n","protected":false},"excerpt":{"rendered":"<p>Funcionarios del municipio de Durango acudieron a Cosal\u00e1 para proporcionar v\u00edveres a sus desplazados, pero no informaron el motivo de la huida de las personas, mientras que la gente coment\u00f3 &hellip; <a href=\"https:\/\/www.grieta.org.mx\/index.php\/2015\/10\/13\/cosala-sinaloa-recibe-a-desplazados-de-tamazula-durango-alcalde\/\" class=\"more-link\">Leer m\u00e1s<\/a><\/p>\n","protected":false},"author":2,"featured_media":21928,"comment_status":"closed","ping_status":"open","sticky":false,"template":"","format":"standard","meta":{"ngg_post_thumbnail":0,"_jetpack_newsletter_access":"","_jetpack_dont_email_post_to_subs":false,"_jetpack_newsletter_tier_id":0,"_jetpack_memberships_contains_paywalled_content":false,"_jetpack_memberships_contains_paid_content":false,"footnotes":""},"categories":[80,173],"tags":[234,232,233],"class_list":["post-2137","post","type-post","status-publish","format-standard","has-post-thumbnail","hentry","category-cintillo","category-durango","tag-cosala","tag-desplazados","tag-tamazula","entry"],"jetpack_featured_media_url":"https:\/\/www.grieta.org.mx\/wp-content\/uploads\/2018\/03\/14524434_1106112876131411_958039263622046936_o.jpg","jetpack_sharing_enabled":true,"jetpack_shortlink":"https:\/\/wp.me\/p7ZJR4-yt","jetpack_likes_enabled":false,"jetpack-related-posts":[{"id":2130,"url":"https:\/\/www.grieta.org.mx\/index.php\/2015\/10\/16\/siguen-en-cosala-los-desplazados-de-tamazula\/","url_meta":{"origin":2137,"position":0},"title":"Siguen en Cosal\u00e1 los desplazados de Tamazula","author":"grieta","date":"16 octubre, 2015","format":false,"excerpt":"Los desplazados de Tamazula, Durango, a Cosal\u00e1, Sinaloa, permanecen en este segundo municipio; van para cinco d\u00edas y nadie se ha regresado, se\u00f1ala Eduardo Mej\u00eda, secretario del Ayuntamiento del municipio duranguense. En la ciudad sinaloense est\u00e1n con familiares y en el albergue, alrededor de 180 duranguenses que abandonaron sus viviendas\u2026","rel":"","context":"En &quot;CINTILLO&quot;","block_context":{"text":"CINTILLO","link":"https:\/\/www.grieta.org.mx\/index.php\/category\/cintillo\/"},"img":{"alt_text":"","src":"https:\/\/i0.wp.com\/www.grieta.org.mx\/wp-content\/uploads\/2018\/03\/14524434_1106112876131411_958039263622046936_o.jpg?resize=350%2C200&ssl=1","width":350,"height":200,"srcset":"https:\/\/i0.wp.com\/www.grieta.org.mx\/wp-content\/uploads\/2018\/03\/14524434_1106112876131411_958039263622046936_o.jpg?resize=350%2C200&ssl=1 1x, https:\/\/i0.wp.com\/www.grieta.org.mx\/wp-content\/uploads\/2018\/03\/14524434_1106112876131411_958039263622046936_o.jpg?resize=525%2C300&ssl=1 1.5x, https:\/\/i0.wp.com\/www.grieta.org.mx\/wp-content\/uploads\/2018\/03\/14524434_1106112876131411_958039263622046936_o.jpg?resize=700%2C400&ssl=1 2x"},"classes":[]},{"id":2114,"url":"https:\/\/www.grieta.org.mx\/index.php\/2015\/10\/21\/desplazados-quieren-regresar-a-tamazula\/","url_meta":{"origin":2137,"position":1},"title":"Desplazados quieren regresar a Tamazula","author":"grieta","date":"21 octubre, 2015","format":false,"excerpt":"Los desplazados de Tamazula a Cosal\u00e1 por la intervenci\u00f3n de la Marina quieren regresarse a sus casas, pero no pueden porque los efectivos de la Secretar\u00eda de Marina sigue asentada en sus comunidades; en Cosal\u00e1 no tienen en d\u00f3nde trabajar por la falta de empleo. Eduardo Mej\u00eda, secretario del Ayuntamiento\u2026","rel":"","context":"En &quot;CINTILLO&quot;","block_context":{"text":"CINTILLO","link":"https:\/\/www.grieta.org.mx\/index.php\/category\/cintillo\/"},"img":{"alt_text":"","src":"https:\/\/i0.wp.com\/www.grieta.org.mx\/wp-content\/uploads\/2018\/03\/14524434_1106112876131411_958039263622046936_o.jpg?resize=350%2C200&ssl=1","width":350,"height":200,"srcset":"https:\/\/i0.wp.com\/www.grieta.org.mx\/wp-content\/uploads\/2018\/03\/14524434_1106112876131411_958039263622046936_o.jpg?resize=350%2C200&ssl=1 1x, https:\/\/i0.wp.com\/www.grieta.org.mx\/wp-content\/uploads\/2018\/03\/14524434_1106112876131411_958039263622046936_o.jpg?resize=525%2C300&ssl=1 1.5x, https:\/\/i0.wp.com\/www.grieta.org.mx\/wp-content\/uploads\/2018\/03\/14524434_1106112876131411_958039263622046936_o.jpg?resize=700%2C400&ssl=1 2x"},"classes":[]},{"id":3628,"url":"https:\/\/www.grieta.org.mx\/index.php\/2016\/01\/18\/habitantes-de-tamazula-huyen-de-sus-comunidades-por-miedo-a-operativos-de-la-marina\/","url_meta":{"origin":2137,"position":2},"title":"Habitantes de Tamazula huyen de sus comunidades por miedo a operativos de la Marina","author":"grieta","date":"18 enero, 2016","format":false,"excerpt":"18\/01\/16. As\u00ed, la caza de \u201cEl Chapo\u201d no suena tan heroica Sin Embargo 28\/10\/15. Mantienen apoyo a los desplazados El Siglo de Torre\u00f3n 24\/10\/15. Un menor, detenido por operativo en Tamazula El Siglo de Durango 22\/10\/15. S\u00ed hay quejas por violaci\u00f3n de derechos humanos en Tamazula: R\u00edos Estavillo L\u00ednea Directa\u2026","rel":"","context":"En &quot;Desaparecidos&quot;","block_context":{"text":"Desaparecidos","link":"https:\/\/www.grieta.org.mx\/index.php\/category\/temas-nacionales\/desaparecidos\/"},"img":{"alt_text":"","src":"https:\/\/i0.wp.com\/www.grieta.org.mx\/wp-content\/uploads\/2018\/03\/14524434_1106112876131411_958039263622046936_o.jpg?resize=350%2C200&ssl=1","width":350,"height":200,"srcset":"https:\/\/i0.wp.com\/www.grieta.org.mx\/wp-content\/uploads\/2018\/03\/14524434_1106112876131411_958039263622046936_o.jpg?resize=350%2C200&ssl=1 1x, https:\/\/i0.wp.com\/www.grieta.org.mx\/wp-content\/uploads\/2018\/03\/14524434_1106112876131411_958039263622046936_o.jpg?resize=525%2C300&ssl=1 1.5x, https:\/\/i0.wp.com\/www.grieta.org.mx\/wp-content\/uploads\/2018\/03\/14524434_1106112876131411_958039263622046936_o.jpg?resize=700%2C400&ssl=1 2x"},"classes":[]},{"id":2139,"url":"https:\/\/www.grieta.org.mx\/index.php\/2015\/10\/10\/se-reune-comision-de-defensa-de-derechos-humanos-de-sinaloa-con-habitantes-de-tamazula\/","url_meta":{"origin":2137,"position":3},"title":"Se re\u00fane Comisi\u00f3n de Defensa de Derechos Humanos de Sinaloa con habitantes de Tamazula","author":"grieta","date":"10 octubre, 2015","format":false,"excerpt":"MAZATL\u00c1N._ El presidente de la Comisi\u00f3n de la Defensa de los Derechos Humanos en Sinaloa, Leones Aguirre Meza y \u00d3scar Loza Ochoa, secretario del organismo, se reunieron esta ma\u00f1ana con habitantes de Tamazula en Cosal\u00e1, quienes acusan atropellos y violaciones a lo derechos humanos de parte de Infantes de Marina.\u2026","rel":"","context":"En &quot;CINTILLO&quot;","block_context":{"text":"CINTILLO","link":"https:\/\/www.grieta.org.mx\/index.php\/category\/cintillo\/"},"img":{"alt_text":"","src":"https:\/\/i0.wp.com\/www.grieta.org.mx\/wp-content\/uploads\/2018\/03\/14524434_1106112876131411_958039263622046936_o.jpg?resize=350%2C200&ssl=1","width":350,"height":200,"srcset":"https:\/\/i0.wp.com\/www.grieta.org.mx\/wp-content\/uploads\/2018\/03\/14524434_1106112876131411_958039263622046936_o.jpg?resize=350%2C200&ssl=1 1x, https:\/\/i0.wp.com\/www.grieta.org.mx\/wp-content\/uploads\/2018\/03\/14524434_1106112876131411_958039263622046936_o.jpg?resize=525%2C300&ssl=1 1.5x, https:\/\/i0.wp.com\/www.grieta.org.mx\/wp-content\/uploads\/2018\/03\/14524434_1106112876131411_958039263622046936_o.jpg?resize=700%2C400&ssl=1 2x"},"classes":[]},{"id":2133,"url":"https:\/\/www.grieta.org.mx\/index.php\/2015\/10\/14\/federales-que-buscan-al-chapo-nos-dejan-en-el-fuego-cruzado-denuncian-desplazados-de-tamazula\/","url_meta":{"origin":2137,"position":4},"title":"Federales que buscan al \u201cChapo\u201d nos dejan en el fuego cruzado, denuncian desplazados de Tamazula","author":"grieta","date":"14 octubre, 2015","format":false,"excerpt":"Los enfrentamientos entre elementos de la Marina y del Ej\u00e9rcito en contra de sicarios han dejado a los habitantes del Tamazula en el fuego cruzado. No son pocas las denuncias por abusos en contra de estas corporaciones SinEmbargo\/Noroeste).\u2013 Alrededor de 250 pobladores de todas las edades provenientes Tamazula, Durango, municipio\u2026","rel":"","context":"En &quot;CINTILLO&quot;","block_context":{"text":"CINTILLO","link":"https:\/\/www.grieta.org.mx\/index.php\/category\/cintillo\/"},"img":{"alt_text":"","src":"https:\/\/i0.wp.com\/www.grieta.org.mx\/wp-content\/uploads\/2018\/03\/14524434_1106112876131411_958039263622046936_o.jpg?resize=350%2C200&ssl=1","width":350,"height":200,"srcset":"https:\/\/i0.wp.com\/www.grieta.org.mx\/wp-content\/uploads\/2018\/03\/14524434_1106112876131411_958039263622046936_o.jpg?resize=350%2C200&ssl=1 1x, https:\/\/i0.wp.com\/www.grieta.org.mx\/wp-content\/uploads\/2018\/03\/14524434_1106112876131411_958039263622046936_o.jpg?resize=525%2C300&ssl=1 1.5x, https:\/\/i0.wp.com\/www.grieta.org.mx\/wp-content\/uploads\/2018\/03\/14524434_1106112876131411_958039263622046936_o.jpg?resize=700%2C400&ssl=1 2x"},"classes":[]},{"id":2102,"url":"https:\/\/www.grieta.org.mx\/index.php\/2015\/10\/28\/mantienen-apoyo-a-los-desplazados\/","url_meta":{"origin":2137,"position":5},"title":"Mantienen apoyo a los desplazados","author":"grieta","date":"28 octubre, 2015","format":false,"excerpt":"EL SIGLO DE TORRE\u00f3N La Comisi\u00f3n Nacional de Derechos Humanos (CNDH) mantiene presencia en la zona lim\u00edtrofe entre Durango y Sinaloa; por su parte, la CEDH busca ayudar a que las condiciones de estancia de las familias que han huido de sus localidades, sean lo mejor posibles. As\u00ed lo indic\u00f3\u2026","rel":"","context":"En &quot;CINTILLO&quot;","block_context":{"text":"CINTILLO","link":"https:\/\/www.grieta.org.mx\/index.php\/category\/cintillo\/"},"img":{"alt_text":"","src":"https:\/\/i0.wp.com\/www.grieta.org.mx\/wp-content\/uploads\/2018\/03\/14524434_1106112876131411_958039263622046936_o.jpg?resize=350%2C200&ssl=1","width":350,"height":200,"srcset":"https:\/\/i0.wp.com\/www.grieta.org.mx\/wp-content\/uploads\/2018\/03\/14524434_1106112876131411_958039263622046936_o.jpg?resize=350%2C200&ssl=1 1x, https:\/\/i0.wp.com\/www.grieta.org.mx\/wp-content\/uploads\/2018\/03\/14524434_1106112876131411_958039263622046936_o.jpg?resize=525%2C300&ssl=1 1.5x, https:\/\/i0.wp.com\/www.grieta.org.mx\/wp-content\/uploads\/2018\/03\/14524434_1106112876131411_958039263622046936_o.jpg?resize=700%2C400&ssl=1 2x"},"classes":[]}],"_links":{"self":[{"href":"https:\/\/www.grieta.org.mx\/index.php\/wp-json\/wp\/v2\/posts\/2137","targetHints":{"allow":["GET"]}}],"collection":[{"href":"https:\/\/www.grieta.org.mx\/index.php\/wp-json\/wp\/v2\/posts"}],"about":[{"href":"https:\/\/www.grieta.org.mx\/index.php\/wp-json\/wp\/v2\/types\/post"}],"author":[{"embeddable":true,"href":"https:\/\/www.grieta.org.mx\/index.php\/wp-json\/wp\/v2\/users\/2"}],"replies":[{"embeddable":true,"href":"https:\/\/www.grieta.org.mx\/index.php\/wp-json\/wp\/v2\/comments?post=2137"}],"version-history":[{"count":1,"href":"https:\/\/www.grieta.org.mx\/index.php\/wp-json\/wp\/v2\/posts\/2137\/revisions"}],"predecessor-version":[{"id":2138,"href":"https:\/\/www.grieta.org.mx\/index.php\/wp-json\/wp\/v2\/posts\/2137\/revisions\/2138"}],"wp:featuredmedia":[{"embeddable":true,"href":"https:\/\/www.grieta.org.mx\/index.php\/wp-json\/wp\/v2\/media\/21928"}],"wp:attachment":[{"href":"https:\/\/www.grieta.org.mx\/index.php\/wp-json\/wp\/v2\/media?parent=2137"}],"wp:term":[{"taxonomy":"category","embeddable":true,"href":"https:\/\/www.grieta.org.mx\/index.php\/wp-json\/wp\/v2\/categories?post=2137"},{"taxonomy":"post_tag","embeddable":true,"href":"https:\/\/www.grieta.org.mx\/index.php\/wp-json\/wp\/v2\/tags?post=2137"}],"curies":[{"name":"wp","href":"https:\/\/api.w.org\/{rel}","templated":true}]}}