{"id":2133,"date":"2015-10-14T15:16:43","date_gmt":"2015-10-14T15:16:43","guid":{"rendered":"http:\/\/50.22.11.12\/~grietaor\/?p=2133"},"modified":"2016-03-11T15:28:43","modified_gmt":"2016-03-11T15:28:43","slug":"federales-que-buscan-al-chapo-nos-dejan-en-el-fuego-cruzado-denuncian-desplazados-de-tamazula","status":"publish","type":"post","link":"https:\/\/www.grieta.org.mx\/index.php\/2015\/10\/14\/federales-que-buscan-al-chapo-nos-dejan-en-el-fuego-cruzado-denuncian-desplazados-de-tamazula\/","title":{"rendered":"Federales que buscan al \u201cChapo\u201d nos dejan en el fuego cruzado, denuncian desplazados de Tamazula"},"content":{"rendered":"<blockquote><p><strong>Los enfrentamientos entre elementos de la Marina y del Ej\u00e9rcito en contra de sicarios han dejado a los habitantes del Tamazula en el fuego cruzado. No son pocas las denuncias por abusos en contra de estas corporaciones<\/strong><\/p><\/blockquote>\n<figure id=\"attachment_2135\" aria-describedby=\"caption-attachment-2135\" style=\"width: 680px\" class=\"wp-caption aligncenter\"><img loading=\"lazy\" decoding=\"async\" data-attachment-id=\"2135\" data-permalink=\"https:\/\/www.grieta.org.mx\/index.php\/2015\/10\/14\/federales-que-buscan-al-chapo-nos-dejan-en-el-fuego-cruzado-denuncian-desplazados-de-tamazula\/fuego-cruzado-desplazados-tamazula-2\/\" data-orig-file=\"https:\/\/www.grieta.org.mx\/wp-content\/uploads\/2016\/03\/fuego-cruzado-desplazados-Tamazula-2.jpg\" data-orig-size=\"700,399\" data-comments-opened=\"0\" data-image-meta=\"{&quot;aperture&quot;:&quot;0&quot;,&quot;credit&quot;:&quot;&quot;,&quot;camera&quot;:&quot;&quot;,&quot;caption&quot;:&quot;&quot;,&quot;created_timestamp&quot;:&quot;0&quot;,&quot;copyright&quot;:&quot;&quot;,&quot;focal_length&quot;:&quot;0&quot;,&quot;iso&quot;:&quot;0&quot;,&quot;shutter_speed&quot;:&quot;0&quot;,&quot;title&quot;:&quot;&quot;,&quot;orientation&quot;:&quot;1&quot;}\" data-image-title=\"fuego-cruzado-desplazados-Tamazula-2\" data-image-description=\"\" data-image-caption=\"\" data-medium-file=\"https:\/\/www.grieta.org.mx\/wp-content\/uploads\/2016\/03\/fuego-cruzado-desplazados-Tamazula-2-300x171.jpg\" data-large-file=\"https:\/\/www.grieta.org.mx\/wp-content\/uploads\/2016\/03\/fuego-cruzado-desplazados-Tamazula-2.jpg\" class=\"wp-image-2135\" src=\"http:\/\/grieta.org.mx\/wp-content\/uploads\/2016\/03\/fuego-cruzado-desplazados-Tamazula-2-300x171.jpg\" alt=\"fuego-cruzado-desplazados-Tamazula-2\" width=\"680\" height=\"388\" srcset=\"https:\/\/www.grieta.org.mx\/wp-content\/uploads\/2016\/03\/fuego-cruzado-desplazados-Tamazula-2-300x171.jpg 300w, https:\/\/www.grieta.org.mx\/wp-content\/uploads\/2016\/03\/fuego-cruzado-desplazados-Tamazula-2.jpg 700w\" sizes=\"auto, (max-width: 680px) 100vw, 680px\" \/><figcaption id=\"caption-attachment-2135\" class=\"wp-caption-text\">Vecinos de los pueblos de Tamazula, Durango, llegan en grupos de tres, cuatro o cinco personas a Cosal\u00e1. Foto: Noroeste\/Eduardo Res\u00e9ndiz.<\/figcaption><\/figure>\n<p>SinEmbargo\/Noroeste).\u2013 Alrededor de 250 pobladores de todas las edades provenientes Tamazula, Durango, municipio situado en los l\u00edmites con Sinaloa, han dejado sus tierras al verlas convertidas en un \u201ccampo de batalla\u201d entre las fuerzas federales e integrantes del crimen organizado con una fuerte presencia en la zona.<\/p>\n<p>El Gobernador Mario L\u00f3pez Valdez dijo esta ma\u00f1ana al diario Noroeste que el cerco militar que implementa la Marina en la sierra de Durango tiene como objetivo prioritario la recaptura de Joaqu\u00edn Guzm\u00e1n Loera, l\u00edder del C\u00e1rtel de Sinaloa.<\/p>\n<p>En entrevista en el Puerto de Mazatl\u00e1n, el mandatario estatal fue parco al responder la pregunta:<\/p>\n<p>-\u00bfYa se sabe por qui\u00e9n va la Marina?, le preguntaron.<\/p>\n<p>-Ustedes ya lo saben, respondi\u00f3.<\/p>\n<p>-\u00bfEs \u201cEl Chapo\u201d?<\/p>\n<p>-S\u00ed.<\/p>\n<p>De acuerdo a versiones y testimonios de los pobladores desplazados a las que tuvo acceso SinEmbargo, la zona entre ambos estados es un verdadero campo de batalla, donde a cada momento se escuchan detonaciones de armas de alto calibre y sobre vuelos de aviones y helic\u00f3pteros.<\/p>\n<p>Los enfrentamientos entre elementos de la Secretar\u00eda de Marina (Semar) y de la Defensa Nacional (Sedena) en contra de sicarios han dejado a los habitantes del municipio duranguense en el fuego cruzado. No son aisladas las denuncias por abusos en contra de estas corporaciones.<\/p>\n<p>En junio pasado se acus\u00f3 a marinos de asesinar a dos j\u00f3venes y de herir a un menor en un ataque a\u00e9reo. No obstante, la dependencia a cargo del Almirante Vidal Francisco Sober\u00f3n Sanz neg\u00f3 cualquier exceso de sus elementos. En otro caso, este fin de semana una de las habitantes de Tamazula narr\u00f3 al diario Noroeste que su vivienda fue objeto de disparos, seg\u00fan ella, desde el aire.<\/p>\n<blockquote><p>\u201cDesde el helic\u00f3ptero dispararon. Mi hija se asust\u00f3 tanto. Corr\u00ed a agarrarla para escondernos\u201d, coment\u00f3 al medio. En respuesta a \u00e9sta y otras acusaciones, la Marina emiti\u00f3 un comunicado en el que neg\u00f3 haber cometido abusos o ataques contra los pobladores de la zona serrana de Tamazula, y asegur\u00f3 que lo que realizan en la zona son recorridos de disuasi\u00f3n en estricto apego a la Ley.<\/p><\/blockquote>\n<p>\u201cCon relaci\u00f3n a la informaci\u00f3n difundida en diversos medios de comunicaci\u00f3n sobre supuestos abusos cometidos por personal de la Armada de M\u00e9xico en municipios del estado de Durango, la Secretar\u00eda de Marina informa que\u2026 actualmente mantiene presencia, entre otros, en el municipio de Tamazula, Durango, donde realiza recorridos de disuasi\u00f3n en estricto apego a la legislaci\u00f3n vigente y en absoluto respeto a los derechos humanos de las personas\u201d, dijo la dependencia.<\/p>\n<p>Noroeste inform\u00f3 el domingo que la \u00fanica respuesta que dan los marinos es que buscan \u201ca un hombre que se hace acompa\u00f1ar de varios individuos\u201d.<\/p>\n<p>Fuentes consultadas por SinEmbargo refieren que los criminales que mantienen en enfrentamiento con las fuerzas federales mexicanas lo hacen para supuestamente proteger a Joaqu\u00edn Guzm\u00e1n Loera, \u201cEl Chapo\u201d, l\u00edder del C\u00e1rtel de Sinaloa, que se resiste a ser recapturado. Esa misma informaci\u00f3n, que no ha sido confirmada por ninguna autoridad federal, indica que en el operativo participan elementos de la Marina Armada de M\u00e9xico.<\/p>\n<p>Esta versi\u00f3n es ratificada tanto por el Gobernador de Sinaloa, como por varios de los habitantes desplazados que tuvieron que esconderse para no ser confundidos por los militares y por los criminales.<\/p>\n<p>Fuentes cercanas al caso dijeron a NBC News que agentes antidrogas estadounidenses interceptaron se\u00f1ales de tel\u00e9fonos celulares que confirmaban la presencia de \u201cEl Chapo\u201d Guzm\u00e1n en un rancho localizado en las monta\u00f1as de esta zona.<\/p>\n<p>Sin embargo, cuando los infantes de Marina mexicanos allanaron el rancho en la Sierra Madre la semana pasada, lo \u00fanico que encontraron fueron los tel\u00e9fonos celulares y la ropa que cre\u00edan podr\u00edan haber pertenecido al jefe del narcotr\u00e1fico, seg\u00fan las fuentes.<\/p>\n<figure id=\"attachment_2134\" aria-describedby=\"caption-attachment-2134\" style=\"width: 680px\" class=\"wp-caption aligncenter\"><img loading=\"lazy\" decoding=\"async\" data-attachment-id=\"2134\" data-permalink=\"https:\/\/www.grieta.org.mx\/index.php\/2015\/10\/14\/federales-que-buscan-al-chapo-nos-dejan-en-el-fuego-cruzado-denuncian-desplazados-de-tamazula\/fuego-cruzado-desplazados-tamazula\/\" data-orig-file=\"https:\/\/www.grieta.org.mx\/wp-content\/uploads\/2016\/03\/fuego-cruzado-desplazados-Tamazula.jpg\" data-orig-size=\"700,370\" data-comments-opened=\"0\" data-image-meta=\"{&quot;aperture&quot;:&quot;0&quot;,&quot;credit&quot;:&quot;&quot;,&quot;camera&quot;:&quot;&quot;,&quot;caption&quot;:&quot;&quot;,&quot;created_timestamp&quot;:&quot;0&quot;,&quot;copyright&quot;:&quot;&quot;,&quot;focal_length&quot;:&quot;0&quot;,&quot;iso&quot;:&quot;0&quot;,&quot;shutter_speed&quot;:&quot;0&quot;,&quot;title&quot;:&quot;&quot;,&quot;orientation&quot;:&quot;1&quot;}\" data-image-title=\"fuego-cruzado-desplazados-Tamazula\" data-image-description=\"\" data-image-caption=\"\" data-medium-file=\"https:\/\/www.grieta.org.mx\/wp-content\/uploads\/2016\/03\/fuego-cruzado-desplazados-Tamazula-300x159.jpg\" data-large-file=\"https:\/\/www.grieta.org.mx\/wp-content\/uploads\/2016\/03\/fuego-cruzado-desplazados-Tamazula.jpg\" class=\"wp-image-2134\" src=\"http:\/\/grieta.org.mx\/wp-content\/uploads\/2016\/03\/fuego-cruzado-desplazados-Tamazula-300x159.jpg\" alt=\"fuego-cruzado-desplazados-Tamazula\" width=\"680\" height=\"359\" srcset=\"https:\/\/www.grieta.org.mx\/wp-content\/uploads\/2016\/03\/fuego-cruzado-desplazados-Tamazula-300x159.jpg 300w, https:\/\/www.grieta.org.mx\/wp-content\/uploads\/2016\/03\/fuego-cruzado-desplazados-Tamazula.jpg 700w\" sizes=\"auto, (max-width: 680px) 100vw, 680px\" \/><figcaption id=\"caption-attachment-2134\" class=\"wp-caption-text\">El operativo iniciado por la Marina en poblados del municipio de Tamazula fue ampliado a la cabecera municipal de Cosal\u00e1. Foto: Noroeste.<\/figcaption><\/figure>\n<p>Esta semana se dio a conocer que el Alcalde de Tamazu\u00adla Ricardo Ochoa Beltr\u00e1n es concu\u00f1o de\u201dEl Cha\u00adpo\u201d Guzm\u00e1n. La informaci\u00f3n refer\u00eda que la esposa del Presidente Municipal, Ericka Guadalupe Coronel Aispuro, es hermana de la actual espo\u00adsa de Guzm\u00e1n Loera, Emma Coronel Aispuro.<\/p>\n<p>En declaraciones al diario Noroeste, la presidenta del Sistema DIF de Tamazula asegur\u00f3 que no tiene ning\u00fan parentesco con la c\u00f3nyuge de \u201cEl Chapo\u201d Guzm\u00e1n y tampoco la conoce.<\/p>\n<blockquote><p>\u201cNosotros somos origi\u00adnarios de La Junta, Sinaloa, mi pap\u00e1 es originario de all\u00e1, ya falleci\u00f3, y mi mam\u00e1 es de aqu\u00ed de Tamazula\u201d, dijo. \u201cLos apellidos dan igual [a los de Emma] y a lo mejor nos relacionan por vivir en Tamazula, que es donde est\u00e1 ahorita el conflicto\u201d, dijo, al referirse a operativos de la Marina.<\/p><\/blockquote>\n<p>El Alcalde duranguense expres\u00f3 a su vez que la acusaci\u00f3n era falsa y los afectaba p\u00fa\u00adblicamente. Dijo que \u00e9l no co\u00adnoce al capo sinaloense y tampoco tiene alg\u00fan tipo de v\u00ednculo con \u00e9l.<\/p>\n<p>\u201cEs mentira, es una false\u00addad porque no tenemos nin\u00adguna relaci\u00f3n con esa gente, mi esposa no es hermana de Emma Coronel, yo no s\u00e9 de d\u00f3nde sacaron esa informa\u00adci\u00f3n y s\u00ed nos molesta porque no es verdad\u201d, indic\u00f3.<\/p>\n<p>En tanto, el Alcalde de Cosal\u00e1, Samuel Liz\u00e1rraga, dijo que desconoce si los operativos implementados por la Marina en los poblados de Tamazula tienen como objetivo buscar a Joaqu\u00edn Guzm\u00e1n Loera.<\/p>\n<p>En entrevista telef\u00f3nica dijo al Noticiero Noroeste que en la \u00faltima semana se ha ofrecido atenci\u00f3n a las familias que arriban a la cabecera municipal.<\/p>\n<p>\u201cLa gente llega cansada, busca la atenci\u00f3n, que le demos un trato en el DIF municipal. No tengo informaci\u00f3n de ning\u00fan tipo de eso [operativo de b\u00fasqueda de \u2018El Chapo\u2019]. Quien ha centrado m\u00e1s la atenci\u00f3n es el DIF estatal\u201d, se\u00f1al\u00f3.<\/p>\n<p>Liz\u00e1rraga dijo que la gente lo que desea es regresar al lugar donde dej\u00f3 su patrimonio, sus casas, animales, su siembra \u201clo que buscan es retomar otra vez su estilo de vida, que lleva hasta antes de esos acontecimientos\u201d.<\/p>\n<p>Cifras oficiales del DIF de Coasal\u00e1 refieren que se han atendido aproximadamente a 250 personas entre ni\u00f1os, j\u00f3venes, adultos mayores que han llegado a las oficinas a pedir apoyo.<\/p>\n<p>El diario Noroeste informa este d\u00eda que el operativo por tierra y por aire que inici\u00f3 la Marina el pasado martes 6 de octubre en poblados del municipio de Tamazula fue ampliado durante la presente semana a la cabecera municipal de Cosal\u00e1.<\/p>\n<p>Desde el pasado lunes, dice el medio, se observ\u00f3 que un avi\u00f3n de dos h\u00e9lices de dicha instituci\u00f3n sobrevol\u00f3 la cabecera municipal cosalteca, pero ayer el sobrevuelo de esa misma aeronave fue de manera m\u00e1s constante y en una ocasi\u00f3n a muy baja altura por la zona Centro.<\/p>\n<p>Un helic\u00f3ptero tambi\u00e9n sobrevol\u00f3 ayer dicha cabecera municipal en varias ocasiones, en tanto que personal en tierra mantiene desde el pasado fin de semana un ret\u00e9n en la entrada a Cosal\u00e1, donde realizan revisiones a personas y veh\u00edculos.<\/p>\n<p>Otros elementos m\u00e1s a bordo de camionetas realizar recorridos de vigilancia por la ciudad y ayer por la ma\u00f1ana unos permanecieron frente a la plazuela mientras los aviones y un helic\u00f3ptero realizaban los sobrevuelos.<\/p>\n<blockquote><p>\u201cEs nada m\u00e1s para hacer presencia, para que la gente nos conozca\u201d, manifest\u00f3 escuetamente el personal de la Semar a Noroeste.<\/p><\/blockquote>\n<p>El reporte indica que un avi\u00f3n m\u00e1s peque\u00f1o y de guerra sobrevol\u00f3 tambi\u00e9n a gran velocidad sobre la cabecera municipal haciendo r\u00e1pidos movimientos para inclinarse por algunos segundos en la parte norte de esa ciudad y despu\u00e9s desapareci\u00f3 como con rumbo a Culiac\u00e1n.<\/p>\n<p>El sobrevuelo de aviones y helic\u00f3pteros en la zona serrana del municipio de Tamazula, a entre cuatro y cinco horas por tierra desde Cosal\u00e1, se pudo constatar el s\u00e1bado anterior cuando el presidente de la Comisi\u00f3n de Derechos Humanos del Estado de Sinaloa, Leonel Aguirre Meza, en compa\u00f1\u00eda del tambi\u00e9n integrante de ese organismo, Oscar Loza Ochoa, y de funcionarios del Municipio de Tamazula, acompa\u00f1ados de familiares de habitantes de esa zona acudieron para constatar como estaban las personas en ese lugar y llev\u00e1rselas a la cabecera municipal cosalteca con sus veh\u00edculos, pertenencias y algunos animales.<\/p>\n<p>Un total de cerca de 30 personas, de 42 habitantes, decidieron desplazarse a la cabecera municipal cosalteca ante el temor de que elementos de la Marina regresaran a agredirlos como hicieron el martes 6 de octubre cuando desde un helic\u00f3ptero dispararon a una casa donde se encontraba solamente una se\u00f1ora con su hija de un a\u00f1o y ocho meses de edad.<\/p>\n<p>El trayecto que hicieron las personas desplazadas y sus acompa\u00f1antes, pasando dos retenes de la Semar previas identificaciones a los integrantes del convoy que transit\u00f3 por un camino de terracer\u00eda escabroso, sorteando fuertes causes de r\u00edos y arroyos, concluy\u00f3 cerca de la media noche del mismo s\u00e1bado en Cosal\u00e1.<\/p>\n<p><a href=\"http:\/\/www.sinembargo.mx\/14-10-2015\/1518274\" target=\"_blank\">http:\/\/www.sinembargo.mx\/14-10-2015\/1518274<\/a><\/p>\n","protected":false},"excerpt":{"rendered":"<p>Los enfrentamientos entre elementos de la Marina y del Ej\u00e9rcito en contra de sicarios han dejado a los habitantes del Tamazula en el fuego cruzado. No son pocas las denuncias &hellip; <a href=\"https:\/\/www.grieta.org.mx\/index.php\/2015\/10\/14\/federales-que-buscan-al-chapo-nos-dejan-en-el-fuego-cruzado-denuncian-desplazados-de-tamazula\/\" class=\"more-link\">Leer m\u00e1s<\/a><\/p>\n","protected":false},"author":2,"featured_media":21928,"comment_status":"closed","ping_status":"open","sticky":false,"template":"","format":"standard","meta":{"ngg_post_thumbnail":0,"_jetpack_newsletter_access":"","_jetpack_dont_email_post_to_subs":false,"_jetpack_newsletter_tier_id":0,"_jetpack_memberships_contains_paywalled_content":false,"_jetpack_memberships_contains_paid_content":false,"footnotes":""},"categories":[80,173],"tags":[234,232,233],"class_list":["post-2133","post","type-post","status-publish","format-standard","has-post-thumbnail","hentry","category-cintillo","category-durango","tag-cosala","tag-desplazados","tag-tamazula","entry"],"jetpack_featured_media_url":"https:\/\/www.grieta.org.mx\/wp-content\/uploads\/2018\/03\/14524434_1106112876131411_958039263622046936_o.jpg","jetpack_sharing_enabled":true,"jetpack_shortlink":"https:\/\/wp.me\/p7ZJR4-yp","jetpack_likes_enabled":false,"jetpack-related-posts":[{"id":3628,"url":"https:\/\/www.grieta.org.mx\/index.php\/2016\/01\/18\/habitantes-de-tamazula-huyen-de-sus-comunidades-por-miedo-a-operativos-de-la-marina\/","url_meta":{"origin":2133,"position":0},"title":"Habitantes de Tamazula huyen de sus comunidades por miedo a operativos de la Marina","author":"grieta","date":"18 enero, 2016","format":false,"excerpt":"18\/01\/16. As\u00ed, la caza de \u201cEl Chapo\u201d no suena tan heroica Sin Embargo 28\/10\/15. Mantienen apoyo a los desplazados El Siglo de Torre\u00f3n 24\/10\/15. Un menor, detenido por operativo en Tamazula El Siglo de Durango 22\/10\/15. S\u00ed hay quejas por violaci\u00f3n de derechos humanos en Tamazula: R\u00edos Estavillo L\u00ednea Directa\u2026","rel":"","context":"En &quot;Desaparecidos&quot;","block_context":{"text":"Desaparecidos","link":"https:\/\/www.grieta.org.mx\/index.php\/category\/temas-nacionales\/desaparecidos\/"},"img":{"alt_text":"","src":"https:\/\/i0.wp.com\/www.grieta.org.mx\/wp-content\/uploads\/2018\/03\/14524434_1106112876131411_958039263622046936_o.jpg?resize=350%2C200&ssl=1","width":350,"height":200,"srcset":"https:\/\/i0.wp.com\/www.grieta.org.mx\/wp-content\/uploads\/2018\/03\/14524434_1106112876131411_958039263622046936_o.jpg?resize=350%2C200&ssl=1 1x, https:\/\/i0.wp.com\/www.grieta.org.mx\/wp-content\/uploads\/2018\/03\/14524434_1106112876131411_958039263622046936_o.jpg?resize=525%2C300&ssl=1 1.5x, https:\/\/i0.wp.com\/www.grieta.org.mx\/wp-content\/uploads\/2018\/03\/14524434_1106112876131411_958039263622046936_o.jpg?resize=700%2C400&ssl=1 2x"},"classes":[]},{"id":2137,"url":"https:\/\/www.grieta.org.mx\/index.php\/2015\/10\/13\/cosala-sinaloa-recibe-a-desplazados-de-tamazula-durango-alcalde\/","url_meta":{"origin":2133,"position":1},"title":"Cosal\u00e1, Sinaloa, recibe a desplazados de Tamazula, Durango: alcalde","author":"grieta","date":"13 octubre, 2015","format":false,"excerpt":"Funcionarios del municipio de Durango acudieron a Cosal\u00e1 para proporcionar v\u00edveres a sus desplazados, pero no informaron el motivo de la huida de las personas, mientras que la gente coment\u00f3 que no encontraban condiciones de seguridad en su municipio, por eso su llegada a Cosal\u00e1. Debido al desplazamiento de personas\u2026","rel":"","context":"En &quot;CINTILLO&quot;","block_context":{"text":"CINTILLO","link":"https:\/\/www.grieta.org.mx\/index.php\/category\/cintillo\/"},"img":{"alt_text":"","src":"https:\/\/i0.wp.com\/www.grieta.org.mx\/wp-content\/uploads\/2018\/03\/14524434_1106112876131411_958039263622046936_o.jpg?resize=350%2C200&ssl=1","width":350,"height":200,"srcset":"https:\/\/i0.wp.com\/www.grieta.org.mx\/wp-content\/uploads\/2018\/03\/14524434_1106112876131411_958039263622046936_o.jpg?resize=350%2C200&ssl=1 1x, https:\/\/i0.wp.com\/www.grieta.org.mx\/wp-content\/uploads\/2018\/03\/14524434_1106112876131411_958039263622046936_o.jpg?resize=525%2C300&ssl=1 1.5x, https:\/\/i0.wp.com\/www.grieta.org.mx\/wp-content\/uploads\/2018\/03\/14524434_1106112876131411_958039263622046936_o.jpg?resize=700%2C400&ssl=1 2x"},"classes":[]},{"id":2130,"url":"https:\/\/www.grieta.org.mx\/index.php\/2015\/10\/16\/siguen-en-cosala-los-desplazados-de-tamazula\/","url_meta":{"origin":2133,"position":2},"title":"Siguen en Cosal\u00e1 los desplazados de Tamazula","author":"grieta","date":"16 octubre, 2015","format":false,"excerpt":"Los desplazados de Tamazula, Durango, a Cosal\u00e1, Sinaloa, permanecen en este segundo municipio; van para cinco d\u00edas y nadie se ha regresado, se\u00f1ala Eduardo Mej\u00eda, secretario del Ayuntamiento del municipio duranguense. En la ciudad sinaloense est\u00e1n con familiares y en el albergue, alrededor de 180 duranguenses que abandonaron sus viviendas\u2026","rel":"","context":"En &quot;CINTILLO&quot;","block_context":{"text":"CINTILLO","link":"https:\/\/www.grieta.org.mx\/index.php\/category\/cintillo\/"},"img":{"alt_text":"","src":"https:\/\/i0.wp.com\/www.grieta.org.mx\/wp-content\/uploads\/2018\/03\/14524434_1106112876131411_958039263622046936_o.jpg?resize=350%2C200&ssl=1","width":350,"height":200,"srcset":"https:\/\/i0.wp.com\/www.grieta.org.mx\/wp-content\/uploads\/2018\/03\/14524434_1106112876131411_958039263622046936_o.jpg?resize=350%2C200&ssl=1 1x, https:\/\/i0.wp.com\/www.grieta.org.mx\/wp-content\/uploads\/2018\/03\/14524434_1106112876131411_958039263622046936_o.jpg?resize=525%2C300&ssl=1 1.5x, https:\/\/i0.wp.com\/www.grieta.org.mx\/wp-content\/uploads\/2018\/03\/14524434_1106112876131411_958039263622046936_o.jpg?resize=700%2C400&ssl=1 2x"},"classes":[]},{"id":2114,"url":"https:\/\/www.grieta.org.mx\/index.php\/2015\/10\/21\/desplazados-quieren-regresar-a-tamazula\/","url_meta":{"origin":2133,"position":3},"title":"Desplazados quieren regresar a Tamazula","author":"grieta","date":"21 octubre, 2015","format":false,"excerpt":"Los desplazados de Tamazula a Cosal\u00e1 por la intervenci\u00f3n de la Marina quieren regresarse a sus casas, pero no pueden porque los efectivos de la Secretar\u00eda de Marina sigue asentada en sus comunidades; en Cosal\u00e1 no tienen en d\u00f3nde trabajar por la falta de empleo. Eduardo Mej\u00eda, secretario del Ayuntamiento\u2026","rel":"","context":"En &quot;CINTILLO&quot;","block_context":{"text":"CINTILLO","link":"https:\/\/www.grieta.org.mx\/index.php\/category\/cintillo\/"},"img":{"alt_text":"","src":"https:\/\/i0.wp.com\/www.grieta.org.mx\/wp-content\/uploads\/2018\/03\/14524434_1106112876131411_958039263622046936_o.jpg?resize=350%2C200&ssl=1","width":350,"height":200,"srcset":"https:\/\/i0.wp.com\/www.grieta.org.mx\/wp-content\/uploads\/2018\/03\/14524434_1106112876131411_958039263622046936_o.jpg?resize=350%2C200&ssl=1 1x, https:\/\/i0.wp.com\/www.grieta.org.mx\/wp-content\/uploads\/2018\/03\/14524434_1106112876131411_958039263622046936_o.jpg?resize=525%2C300&ssl=1 1.5x, https:\/\/i0.wp.com\/www.grieta.org.mx\/wp-content\/uploads\/2018\/03\/14524434_1106112876131411_958039263622046936_o.jpg?resize=700%2C400&ssl=1 2x"},"classes":[]},{"id":2139,"url":"https:\/\/www.grieta.org.mx\/index.php\/2015\/10\/10\/se-reune-comision-de-defensa-de-derechos-humanos-de-sinaloa-con-habitantes-de-tamazula\/","url_meta":{"origin":2133,"position":4},"title":"Se re\u00fane Comisi\u00f3n de Defensa de Derechos Humanos de Sinaloa con habitantes de Tamazula","author":"grieta","date":"10 octubre, 2015","format":false,"excerpt":"MAZATL\u00c1N._ El presidente de la Comisi\u00f3n de la Defensa de los Derechos Humanos en Sinaloa, Leones Aguirre Meza y \u00d3scar Loza Ochoa, secretario del organismo, se reunieron esta ma\u00f1ana con habitantes de Tamazula en Cosal\u00e1, quienes acusan atropellos y violaciones a lo derechos humanos de parte de Infantes de Marina.\u2026","rel":"","context":"En &quot;CINTILLO&quot;","block_context":{"text":"CINTILLO","link":"https:\/\/www.grieta.org.mx\/index.php\/category\/cintillo\/"},"img":{"alt_text":"","src":"https:\/\/i0.wp.com\/www.grieta.org.mx\/wp-content\/uploads\/2018\/03\/14524434_1106112876131411_958039263622046936_o.jpg?resize=350%2C200&ssl=1","width":350,"height":200,"srcset":"https:\/\/i0.wp.com\/www.grieta.org.mx\/wp-content\/uploads\/2018\/03\/14524434_1106112876131411_958039263622046936_o.jpg?resize=350%2C200&ssl=1 1x, https:\/\/i0.wp.com\/www.grieta.org.mx\/wp-content\/uploads\/2018\/03\/14524434_1106112876131411_958039263622046936_o.jpg?resize=525%2C300&ssl=1 1.5x, https:\/\/i0.wp.com\/www.grieta.org.mx\/wp-content\/uploads\/2018\/03\/14524434_1106112876131411_958039263622046936_o.jpg?resize=700%2C400&ssl=1 2x"},"classes":[]},{"id":2112,"url":"https:\/\/www.grieta.org.mx\/index.php\/2015\/10\/22\/si-hay-quejas-por-violacion-de-derechos-humanos-en-tamazula-rios-estavillo\/","url_meta":{"origin":2133,"position":5},"title":"S\u00ed hay quejas por violaci\u00f3n de derechos humanos en Tamazula: R\u00edos Estavillo","author":"grieta","date":"22 octubre, 2015","format":false,"excerpt":"El presidente de la CEDH explic\u00f3 que la mayor\u00eda de los reportes son el contra de los elementos castrenses por la actuaci\u00f3n en las zonas de El Verano y Tamazula. Mazatl\u00e1n, Sin. La cacer\u00eda que se ha registrado en la zona serrana entre los estados de Durango y Sinaloa, ha\u2026","rel":"","context":"En &quot;CINTILLO&quot;","block_context":{"text":"CINTILLO","link":"https:\/\/www.grieta.org.mx\/index.php\/category\/cintillo\/"},"img":{"alt_text":"","src":"https:\/\/i0.wp.com\/www.grieta.org.mx\/wp-content\/uploads\/2018\/03\/14524434_1106112876131411_958039263622046936_o.jpg?resize=350%2C200&ssl=1","width":350,"height":200,"srcset":"https:\/\/i0.wp.com\/www.grieta.org.mx\/wp-content\/uploads\/2018\/03\/14524434_1106112876131411_958039263622046936_o.jpg?resize=350%2C200&ssl=1 1x, https:\/\/i0.wp.com\/www.grieta.org.mx\/wp-content\/uploads\/2018\/03\/14524434_1106112876131411_958039263622046936_o.jpg?resize=525%2C300&ssl=1 1.5x, https:\/\/i0.wp.com\/www.grieta.org.mx\/wp-content\/uploads\/2018\/03\/14524434_1106112876131411_958039263622046936_o.jpg?resize=700%2C400&ssl=1 2x"},"classes":[]}],"_links":{"self":[{"href":"https:\/\/www.grieta.org.mx\/index.php\/wp-json\/wp\/v2\/posts\/2133","targetHints":{"allow":["GET"]}}],"collection":[{"href":"https:\/\/www.grieta.org.mx\/index.php\/wp-json\/wp\/v2\/posts"}],"about":[{"href":"https:\/\/www.grieta.org.mx\/index.php\/wp-json\/wp\/v2\/types\/post"}],"author":[{"embeddable":true,"href":"https:\/\/www.grieta.org.mx\/index.php\/wp-json\/wp\/v2\/users\/2"}],"replies":[{"embeddable":true,"href":"https:\/\/www.grieta.org.mx\/index.php\/wp-json\/wp\/v2\/comments?post=2133"}],"version-history":[{"count":1,"href":"https:\/\/www.grieta.org.mx\/index.php\/wp-json\/wp\/v2\/posts\/2133\/revisions"}],"predecessor-version":[{"id":2136,"href":"https:\/\/www.grieta.org.mx\/index.php\/wp-json\/wp\/v2\/posts\/2133\/revisions\/2136"}],"wp:featuredmedia":[{"embeddable":true,"href":"https:\/\/www.grieta.org.mx\/index.php\/wp-json\/wp\/v2\/media\/21928"}],"wp:attachment":[{"href":"https:\/\/www.grieta.org.mx\/index.php\/wp-json\/wp\/v2\/media?parent=2133"}],"wp:term":[{"taxonomy":"category","embeddable":true,"href":"https:\/\/www.grieta.org.mx\/index.php\/wp-json\/wp\/v2\/categories?post=2133"},{"taxonomy":"post_tag","embeddable":true,"href":"https:\/\/www.grieta.org.mx\/index.php\/wp-json\/wp\/v2\/tags?post=2133"}],"curies":[{"name":"wp","href":"https:\/\/api.w.org\/{rel}","templated":true}]}}