{"id":2128,"date":"2015-10-19T15:09:35","date_gmt":"2015-10-19T15:09:35","guid":{"rendered":"http:\/\/50.22.11.12\/~grietaor\/?p=2128"},"modified":"2016-03-11T15:11:57","modified_gmt":"2016-03-11T15:11:57","slug":"con-mantas-denuncian-abusos-de-la-marina-durante-busqueda-de-el-chapo","status":"publish","type":"post","link":"https:\/\/www.grieta.org.mx\/index.php\/2015\/10\/19\/con-mantas-denuncian-abusos-de-la-marina-durante-busqueda-de-el-chapo\/","title":{"rendered":"Con mantas, denuncian abusos de la Marina durante b\u00fasqueda de \u201cEl Chapo\u201d"},"content":{"rendered":"<p>M\u00c9XICO, D.F., (apro).- Mediante mantas colgadas en distintos puntos de Sinaloa y firmadas por \u201cel pueblo\u201d o \u201cla sociedad\u201d se denuncian abusos y robos por parte de elementos de la Secretar\u00eda de Marina en la entidad durante la b\u00fasqueda de Joaqu\u00edn \u201cEl Chapo\u201d Guzm\u00e1n.<\/p>\n<p>Seg\u00fan reportes del peri\u00f3dico Noreste, algunas mantas fueron colocadas en distintos puntos de Salvador Alvarado, Ahome y Culiac\u00e1n y otros reportes period\u00edsticos se\u00f1alan que tambi\u00e9n fueron colocadas en Los Moches y Guamuchil.<\/p>\n<p>El diario El Debate, report\u00f3 que uno de los mensajes fue colocado en los cruces de la calle Gabriel Leyva, otro por el bulevar Adolfo L\u00f3pez Mateos, y una m\u00e1s en el bulevar Macario Gaxiola y 10 de Mayo, en la ciudad de Los Mochis.<\/p>\n<p>En una de ella se le\u00eda, todo en may\u00fasculas:<\/p>\n<p>\u201cSr. Presidente de la rep\u00fablica: Enrique Pe\u00f1a Nieto.<br \/>\nLa poblaci\u00f3n sinaloense no hemos recibido beneficio alguno por parte de sus marinos, lo \u00fanico que han hecho es abusar del poder. Usted es quien debe proteger a la ciudadan\u00eda con estos abusos que hay desde robo, violaciones, \u00a1\u00a1asta asesinatos!! (sic)<\/p>\n<p>\u201cEsta manta es por los da\u00f1os causados a la poblaci\u00f3n de Tamazula, Durango, y sus serran\u00edas donde supuestamente van por El Chapo y d\u00f3nde est\u00e1??? A poco pudo m\u00e1s que la misma Semar y usar esto de pretexto una y otra vez para justificar los abusos y los \u00fanicos afectados somos gente inocente.<\/p>\n<p>\u201cBalacearon nuestras casas y ganado desde sus helic\u00f3pteros esto no tiene justificaci\u00f3n alguna. Haga algo por su pueblo. Ojo se\u00f1or presidente. Atentamente su pueblo\u201d.<\/p>\n<p>En Guam\u00fachil se report\u00f3 la colocaci\u00f3n de otras mantas con mensajes similares durante la ma\u00f1ana de este lunes, en la que incluso se denuncia el asesinato de ni\u00f1os, violaciones de mujeres y balaceras desde los helic\u00f3pteros militares.<\/p>\n<p>Le dicen a Pe\u00f1a Nieto:<\/p>\n<p>\u201cHacemos de su conocimiento los atropellos que desde hace tiempo atr\u00e1s han venido haciendo la Marina de M\u00e9xico en primer lugar en Tamazula, Durango, Badiguarato, Cosala, Culic\u00e1n, Guamuchil, Angostura.<\/p>\n<p>\u201cHan matado ni\u00f1os y violado mujeres y saquean y balacean casas y la sociedad por miedo abandonan sus casas y sufren porque no hay respeto a los derechos humanos. Se\u00f1or presidente tome cartas en el asunto por favor. Atentamente: la sociedad\u201d.<\/p>\n<p><a href=\"http:\/\/www.proceso.com.mx\/?p=418548\" target=\"_blank\">www.proceso.com.mx\/?p=418548<\/a><\/p>\n","protected":false},"excerpt":{"rendered":"<p>M\u00c9XICO, D.F., (apro).- Mediante mantas colgadas en distintos puntos de Sinaloa y firmadas por \u201cel pueblo\u201d o \u201cla sociedad\u201d se denuncian abusos y robos por parte de elementos de la &hellip; <a href=\"https:\/\/www.grieta.org.mx\/index.php\/2015\/10\/19\/con-mantas-denuncian-abusos-de-la-marina-durante-busqueda-de-el-chapo\/\" class=\"more-link\">Leer m\u00e1s<\/a><\/p>\n","protected":false},"author":2,"featured_media":21928,"comment_status":"closed","ping_status":"open","sticky":false,"template":"","format":"standard","meta":{"ngg_post_thumbnail":0,"_jetpack_newsletter_access":"","_jetpack_dont_email_post_to_subs":false,"_jetpack_newsletter_tier_id":0,"_jetpack_memberships_contains_paywalled_content":false,"_jetpack_memberships_contains_paid_content":false,"footnotes":""},"categories":[80,173],"tags":[234,233],"class_list":["post-2128","post","type-post","status-publish","format-standard","has-post-thumbnail","hentry","category-cintillo","category-durango","tag-cosala","tag-tamazula","entry"],"jetpack_featured_media_url":"https:\/\/www.grieta.org.mx\/wp-content\/uploads\/2018\/03\/14524434_1106112876131411_958039263622046936_o.jpg","jetpack_sharing_enabled":true,"jetpack_shortlink":"https:\/\/wp.me\/p7ZJR4-yk","jetpack_likes_enabled":false,"jetpack-related-posts":[{"id":3628,"url":"https:\/\/www.grieta.org.mx\/index.php\/2016\/01\/18\/habitantes-de-tamazula-huyen-de-sus-comunidades-por-miedo-a-operativos-de-la-marina\/","url_meta":{"origin":2128,"position":0},"title":"Habitantes de Tamazula huyen de sus comunidades por miedo a operativos de la Marina","author":"grieta","date":"18 enero, 2016","format":false,"excerpt":"18\/01\/16. As\u00ed, la caza de \u201cEl Chapo\u201d no suena tan heroica Sin Embargo 28\/10\/15. Mantienen apoyo a los desplazados El Siglo de Torre\u00f3n 24\/10\/15. Un menor, detenido por operativo en Tamazula El Siglo de Durango 22\/10\/15. S\u00ed hay quejas por violaci\u00f3n de derechos humanos en Tamazula: R\u00edos Estavillo L\u00ednea Directa\u2026","rel":"","context":"En &quot;Desaparecidos&quot;","block_context":{"text":"Desaparecidos","link":"https:\/\/www.grieta.org.mx\/index.php\/category\/temas-nacionales\/desaparecidos\/"},"img":{"alt_text":"","src":"https:\/\/i0.wp.com\/www.grieta.org.mx\/wp-content\/uploads\/2018\/03\/14524434_1106112876131411_958039263622046936_o.jpg?resize=350%2C200&ssl=1","width":350,"height":200,"srcset":"https:\/\/i0.wp.com\/www.grieta.org.mx\/wp-content\/uploads\/2018\/03\/14524434_1106112876131411_958039263622046936_o.jpg?resize=350%2C200&ssl=1 1x, https:\/\/i0.wp.com\/www.grieta.org.mx\/wp-content\/uploads\/2018\/03\/14524434_1106112876131411_958039263622046936_o.jpg?resize=525%2C300&ssl=1 1.5x, https:\/\/i0.wp.com\/www.grieta.org.mx\/wp-content\/uploads\/2018\/03\/14524434_1106112876131411_958039263622046936_o.jpg?resize=700%2C400&ssl=1 2x"},"classes":[]},{"id":51666,"url":"https:\/\/www.grieta.org.mx\/index.php\/2020\/07\/05\/denuncian-en-mantas-desapariciones-y-feminicidios-de-jalisco\/","url_meta":{"origin":2128,"position":1},"title":"Denuncian en mantas desapariciones y feminicidios de Jalisco","author":"grieta","date":"5 julio, 2020","format":false,"excerpt":"Foto: Cortes\u00eda Georgina Garc\u00eda Sol\u00eds \/ UDGTV Guadalajara, Jalisco. Este domingo fueron colocadas varias mantas en la Zona Metropolitana de Guadalajara para denunciar las desapariciones y los feminicidios en el estado de Jalisco.\u00a0 En las glorietas de La Minerva y de los Ni\u00f1os H\u00e9roes, as\u00ed como en la calzada Independencia\u2026","rel":"","context":"En &quot;CINTILLO&quot;","block_context":{"text":"CINTILLO","link":"https:\/\/www.grieta.org.mx\/index.php\/category\/cintillo\/"},"img":{"alt_text":"","src":"https:\/\/i0.wp.com\/www.grieta.org.mx\/wp-content\/uploads\/2020\/07\/desapariciones-y-los-feminicidios-Cortes%C3%ADa-696x522.jpeg?resize=350%2C200&ssl=1","width":350,"height":200,"srcset":"https:\/\/i0.wp.com\/www.grieta.org.mx\/wp-content\/uploads\/2020\/07\/desapariciones-y-los-feminicidios-Cortes%C3%ADa-696x522.jpeg?resize=350%2C200&ssl=1 1x, https:\/\/i0.wp.com\/www.grieta.org.mx\/wp-content\/uploads\/2020\/07\/desapariciones-y-los-feminicidios-Cortes%C3%ADa-696x522.jpeg?resize=525%2C300&ssl=1 1.5x"},"classes":[]},{"id":5834,"url":"https:\/\/www.grieta.org.mx\/index.php\/2016\/02\/02\/militares-presuntos-responsables-del-asesinato-de-dos-jovenes-en-tepatitlan\/","url_meta":{"origin":2128,"position":2},"title":"Militares, presuntos responsables del asesinato de dos j\u00f3venes en Tepatitl\u00e1n","author":"grieta","date":"2 febrero, 2016","format":false,"excerpt":"Redacci\u00f3n Proceso CIUDAD DE M\u00c9XICO (apro).- Luego del hallazgo de los cad\u00e1veres de Luis Enrique Machuca Mart\u00edn, de 19 a\u00f1os, y Abraham Rodr\u00edguez Mart\u00edn, de 20, quienes presuntamente fueron detenidos y asesinados por elementos del Ej\u00e9rcito, ayer se localizaron dos mantas relacionadas con ese hecho en distintos puntos del municipio\u2026","rel":"","context":"En &quot;CINTILLO&quot;","block_context":{"text":"CINTILLO","link":"https:\/\/www.grieta.org.mx\/index.php\/category\/cintillo\/"},"img":{"alt_text":"","src":"https:\/\/i0.wp.com\/www.grieta.org.mx\/wp-content\/uploads\/2018\/03\/14524434_1106112876131411_958039263622046936_o.jpg?resize=350%2C200&ssl=1","width":350,"height":200,"srcset":"https:\/\/i0.wp.com\/www.grieta.org.mx\/wp-content\/uploads\/2018\/03\/14524434_1106112876131411_958039263622046936_o.jpg?resize=350%2C200&ssl=1 1x, https:\/\/i0.wp.com\/www.grieta.org.mx\/wp-content\/uploads\/2018\/03\/14524434_1106112876131411_958039263622046936_o.jpg?resize=525%2C300&ssl=1 1.5x, https:\/\/i0.wp.com\/www.grieta.org.mx\/wp-content\/uploads\/2018\/03\/14524434_1106112876131411_958039263622046936_o.jpg?resize=700%2C400&ssl=1 2x"},"classes":[]},{"id":48918,"url":"https:\/\/www.grieta.org.mx\/index.php\/2020\/05\/11\/morelia-feministas-colocan-mantas-con-mensajes-para-las-madres\/","url_meta":{"origin":2128,"position":3},"title":"#Morelia Feministas Colocan Mantas Con Mensajes Para Las Madres","author":"grieta","date":"11 mayo, 2020","format":false,"excerpt":"Esta ma\u00f1ana amanecieron estos mensajes en distintos puentes de la capital, recordando a las madres que siguen buscando a alguien, a m\u00e9dicas y enfermeras. STAFF\/@michangoonga, 10 de mayo de 2020 Este d\u00eda amanecieron algunas mantas colgadas en distintos puentes de la capital michoacana, haciendo alusi\u00f3n al d\u00eda de la madre,\u2026","rel":"","context":"En &quot;CINTILLO&quot;","block_context":{"text":"CINTILLO","link":"https:\/\/www.grieta.org.mx\/index.php\/category\/cintillo\/"},"img":{"alt_text":"","src":"https:\/\/i0.wp.com\/www.grieta.org.mx\/wp-content\/uploads\/2020\/05\/DiaMAdres2020.jpg?resize=350%2C200&ssl=1","width":350,"height":200,"srcset":"https:\/\/i0.wp.com\/www.grieta.org.mx\/wp-content\/uploads\/2020\/05\/DiaMAdres2020.jpg?resize=350%2C200&ssl=1 1x, https:\/\/i0.wp.com\/www.grieta.org.mx\/wp-content\/uploads\/2020\/05\/DiaMAdres2020.jpg?resize=525%2C300&ssl=1 1.5x, https:\/\/i0.wp.com\/www.grieta.org.mx\/wp-content\/uploads\/2020\/05\/DiaMAdres2020.jpg?resize=700%2C400&ssl=1 2x, https:\/\/i0.wp.com\/www.grieta.org.mx\/wp-content\/uploads\/2020\/05\/DiaMAdres2020.jpg?resize=1050%2C600&ssl=1 3x"},"classes":[]},{"id":65080,"url":"https:\/\/www.grieta.org.mx\/index.php\/2022\/08\/30\/familiares-de-victimas-de-desaparicion-se-manifiestan-frente-a-palacio-de-gobierno-de-slp\/","url_meta":{"origin":2128,"position":4},"title":"Familiares de v\u00edctimas de desaparici\u00f3n se manifiestan frente a Palacio de Gobierno de SLP","author":"grieta","date":"30 agosto, 2022","format":false,"excerpt":"Redacci\u00f3n\/El Universal San Luis Potos\u00ed 30 agosto 2022 Fotos: Fabiola Ju\u00e1rez En las vallas que rodean el edificio gubernamental fueron colocadas mantas con fotograf\u00edas de los desaparecidos potosinos; piden continuar con su b\u00fasqueda hasta encontrarlos En el marco del D\u00eda Internacional de V\u00edctimas de Desaparici\u00f3n Forzada, familiares e integrantes del\u2026","rel":"","context":"En &quot;CINTILLO&quot;","block_context":{"text":"CINTILLO","link":"https:\/\/www.grieta.org.mx\/index.php\/category\/cintillo\/"},"img":{"alt_text":"","src":"https:\/\/i0.wp.com\/www.grieta.org.mx\/wp-content\/uploads\/2022\/09\/desparecidos_slp_1.jpg?resize=350%2C200&ssl=1","width":350,"height":200,"srcset":"https:\/\/i0.wp.com\/www.grieta.org.mx\/wp-content\/uploads\/2022\/09\/desparecidos_slp_1.jpg?resize=350%2C200&ssl=1 1x, https:\/\/i0.wp.com\/www.grieta.org.mx\/wp-content\/uploads\/2022\/09\/desparecidos_slp_1.jpg?resize=525%2C300&ssl=1 1.5x, https:\/\/i0.wp.com\/www.grieta.org.mx\/wp-content\/uploads\/2022\/09\/desparecidos_slp_1.jpg?resize=700%2C400&ssl=1 2x, https:\/\/i0.wp.com\/www.grieta.org.mx\/wp-content\/uploads\/2022\/09\/desparecidos_slp_1.jpg?resize=1050%2C600&ssl=1 3x"},"classes":[]},{"id":2133,"url":"https:\/\/www.grieta.org.mx\/index.php\/2015\/10\/14\/federales-que-buscan-al-chapo-nos-dejan-en-el-fuego-cruzado-denuncian-desplazados-de-tamazula\/","url_meta":{"origin":2128,"position":5},"title":"Federales que buscan al \u201cChapo\u201d nos dejan en el fuego cruzado, denuncian desplazados de Tamazula","author":"grieta","date":"14 octubre, 2015","format":false,"excerpt":"Los enfrentamientos entre elementos de la Marina y del Ej\u00e9rcito en contra de sicarios han dejado a los habitantes del Tamazula en el fuego cruzado. No son pocas las denuncias por abusos en contra de estas corporaciones SinEmbargo\/Noroeste).\u2013 Alrededor de 250 pobladores de todas las edades provenientes Tamazula, Durango, municipio\u2026","rel":"","context":"En &quot;CINTILLO&quot;","block_context":{"text":"CINTILLO","link":"https:\/\/www.grieta.org.mx\/index.php\/category\/cintillo\/"},"img":{"alt_text":"","src":"https:\/\/i0.wp.com\/www.grieta.org.mx\/wp-content\/uploads\/2018\/03\/14524434_1106112876131411_958039263622046936_o.jpg?resize=350%2C200&ssl=1","width":350,"height":200,"srcset":"https:\/\/i0.wp.com\/www.grieta.org.mx\/wp-content\/uploads\/2018\/03\/14524434_1106112876131411_958039263622046936_o.jpg?resize=350%2C200&ssl=1 1x, https:\/\/i0.wp.com\/www.grieta.org.mx\/wp-content\/uploads\/2018\/03\/14524434_1106112876131411_958039263622046936_o.jpg?resize=525%2C300&ssl=1 1.5x, https:\/\/i0.wp.com\/www.grieta.org.mx\/wp-content\/uploads\/2018\/03\/14524434_1106112876131411_958039263622046936_o.jpg?resize=700%2C400&ssl=1 2x"},"classes":[]}],"_links":{"self":[{"href":"https:\/\/www.grieta.org.mx\/index.php\/wp-json\/wp\/v2\/posts\/2128","targetHints":{"allow":["GET"]}}],"collection":[{"href":"https:\/\/www.grieta.org.mx\/index.php\/wp-json\/wp\/v2\/posts"}],"about":[{"href":"https:\/\/www.grieta.org.mx\/index.php\/wp-json\/wp\/v2\/types\/post"}],"author":[{"embeddable":true,"href":"https:\/\/www.grieta.org.mx\/index.php\/wp-json\/wp\/v2\/users\/2"}],"replies":[{"embeddable":true,"href":"https:\/\/www.grieta.org.mx\/index.php\/wp-json\/wp\/v2\/comments?post=2128"}],"version-history":[{"count":1,"href":"https:\/\/www.grieta.org.mx\/index.php\/wp-json\/wp\/v2\/posts\/2128\/revisions"}],"predecessor-version":[{"id":2129,"href":"https:\/\/www.grieta.org.mx\/index.php\/wp-json\/wp\/v2\/posts\/2128\/revisions\/2129"}],"wp:featuredmedia":[{"embeddable":true,"href":"https:\/\/www.grieta.org.mx\/index.php\/wp-json\/wp\/v2\/media\/21928"}],"wp:attachment":[{"href":"https:\/\/www.grieta.org.mx\/index.php\/wp-json\/wp\/v2\/media?parent=2128"}],"wp:term":[{"taxonomy":"category","embeddable":true,"href":"https:\/\/www.grieta.org.mx\/index.php\/wp-json\/wp\/v2\/categories?post=2128"},{"taxonomy":"post_tag","embeddable":true,"href":"https:\/\/www.grieta.org.mx\/index.php\/wp-json\/wp\/v2\/tags?post=2128"}],"curies":[{"name":"wp","href":"https:\/\/api.w.org\/{rel}","templated":true}]}}