{"id":21274,"date":"2016-08-09T13:59:01","date_gmt":"2016-08-09T18:59:01","guid":{"rendered":"http:\/\/www.grieta.org.mx\/?p=21274"},"modified":"2016-09-09T14:05:40","modified_gmt":"2016-09-09T19:05:40","slug":"la-fiscalia-de-queretaro-difunde-como-sena-particular-que-le-apodan-la-cuquis","status":"publish","type":"post","link":"https:\/\/www.grieta.org.mx\/index.php\/2016\/08\/09\/la-fiscalia-de-queretaro-difunde-como-sena-particular-que-le-apodan-la-cuquis\/","title":{"rendered":"La Fiscal\u00eda de Quer\u00e9taro difunde como \u201cse\u00f1a particular\u201d que \u201cLe apodan \u2018La Cuquis\u2019\u201d"},"content":{"rendered":"<p>Redacci\u00f3n\/Libertad de palabra<\/p>\n<p>Quer\u00e9taro, Qro.- La Fiscal\u00eda del Estado de Quer\u00e9taro difunde en su p\u00e1gina web los casos de 171 personas a las que clasific\u00f3 como \u201cno localizadas\u201d, donde agrega una ficha con \u201cse\u00f1as particulares\u201d del tipo: \u201cUsa bigote\u201d, \u201cUsa lentes\u201d, \u201cCicatrices\u201d o \u201cLe apodan \u2018La Cuquis\u2019\u201d.<br \/>\n<img loading=\"lazy\" decoding=\"async\" data-attachment-id=\"21275\" data-permalink=\"https:\/\/www.grieta.org.mx\/index.php\/2016\/08\/09\/la-fiscalia-de-queretaro-difunde-como-sena-particular-que-le-apodan-la-cuquis\/q12\/\" data-orig-file=\"https:\/\/www.grieta.org.mx\/wp-content\/uploads\/2016\/09\/q12.jpg\" data-orig-size=\"600,368\" data-comments-opened=\"0\" data-image-meta=\"{&quot;aperture&quot;:&quot;0&quot;,&quot;credit&quot;:&quot;&quot;,&quot;camera&quot;:&quot;&quot;,&quot;caption&quot;:&quot;&quot;,&quot;created_timestamp&quot;:&quot;0&quot;,&quot;copyright&quot;:&quot;&quot;,&quot;focal_length&quot;:&quot;0&quot;,&quot;iso&quot;:&quot;0&quot;,&quot;shutter_speed&quot;:&quot;0&quot;,&quot;title&quot;:&quot;&quot;,&quot;orientation&quot;:&quot;0&quot;}\" data-image-title=\"q12\" data-image-description=\"\" data-image-caption=\"\" data-medium-file=\"https:\/\/www.grieta.org.mx\/wp-content\/uploads\/2016\/09\/q12-300x184.jpg\" data-large-file=\"https:\/\/www.grieta.org.mx\/wp-content\/uploads\/2016\/09\/q12.jpg\" src=\"http:\/\/www.grieta.org.mx\/wp-content\/uploads\/2016\/09\/q12.jpg\" alt=\"q12\" width=\"600\" height=\"368\" class=\"alignleft size-full wp-image-21275\" srcset=\"https:\/\/www.grieta.org.mx\/wp-content\/uploads\/2016\/09\/q12.jpg 600w, https:\/\/www.grieta.org.mx\/wp-content\/uploads\/2016\/09\/q12-300x184.jpg 300w\" sizes=\"auto, (max-width: 600px) 100vw, 600px\" \/><br \/>\nEn el sexenio anterior, la entonces Procuradur\u00eda General de Justicia de Quer\u00e9taro fue cuestionada por clasificar como personas \u201cextraviadas\u201d estos casos y re victimizar a las v\u00edctimas, al escribir en sus fichas: \u201cSe fue por rebeld\u00eda\u2026\u201d o \u201cya se ha salido de su casa en otras ocasiones\u201d.<\/p>\n<p>Sin un comunicado de por medio, en la anterior administraci\u00f3n modificaron las categor\u00edas en su p\u00e1gina web y comenzaron a llamarles personas \u201cdesaparecidas\u201d, aunque oficialmente reportaron la inexistencia de casos de desapariciones o desapariciones forzadas.<\/p>\n<p>Desaparecido Jorge Ponce Quer\u00e9taroSin embargo, la ahora Fiscal\u00eda del Estado de Quer\u00e9taro, reclasific\u00f3 los casos de las personas que perdieron contacto con sus familiares y que ven\u00eda difundiendo como \u201cdesaparecidas\u201d, al denominarlas ahora como personas \u201cno localizadas\u201d.<\/p>\n<p>No s\u00f3lo eso, en la gran mayor\u00eda de fichas difundidas en la p\u00e1gina web de la Fiscal\u00eda, fue omitido el rubro de Observaciones, donde sol\u00edan difundir el lugar donde fueron vistas por \u00faltima vez o las circunstancias en que su familia perdi\u00f3 contacto con las personas.<\/p>\n<p>En el apartado \u201cse\u00f1as particulares\u201d, en algunos casos refieren se\u00f1as tan generales como \u201cusa bigote\u201d o \u201cusa lentes\u201d, e incluso, llama la atenci\u00f3n el caso de un var\u00f3n que como \u201cse\u00f1a particular\u201d los de la Fiscal\u00eda difunden que \u201cLe apodan \u2018La Cuquis\u2019\u201d.<\/p>\n<p>De una tercera parte de los casos de personas \u201cno localizadas\u201d, el campo sobre las \u201cse\u00f1as particulares\u201d para dar con su b\u00fasqueda no proporciona mayor informaci\u00f3n al s\u00f3lo citar: \u201cSin dato\u201d, \u201cninguno\u201d, \u201csin informaci\u00f3n\u201d o \u201cse ignora\u201d.<\/p>\n<p>Es decir, de acuerdo con la p\u00e1gina de la Fiscal\u00eda del Estado de Quer\u00e9taro, que cuenta con una \u201cUnidad Especializada en la B\u00fasqueda de Personas Desaparecidas\u201d, hay 55 casos donde no pudieron llenar el campo \u201cse\u00f1as particulares\u201d de estas personas.<br \/>\n<img loading=\"lazy\" decoding=\"async\" data-attachment-id=\"21276\" data-permalink=\"https:\/\/www.grieta.org.mx\/index.php\/2016\/08\/09\/la-fiscalia-de-queretaro-difunde-como-sena-particular-que-le-apodan-la-cuquis\/q13\/\" data-orig-file=\"https:\/\/www.grieta.org.mx\/wp-content\/uploads\/2016\/09\/q13.jpg\" data-orig-size=\"600,325\" data-comments-opened=\"0\" data-image-meta=\"{&quot;aperture&quot;:&quot;0&quot;,&quot;credit&quot;:&quot;&quot;,&quot;camera&quot;:&quot;&quot;,&quot;caption&quot;:&quot;&quot;,&quot;created_timestamp&quot;:&quot;0&quot;,&quot;copyright&quot;:&quot;&quot;,&quot;focal_length&quot;:&quot;0&quot;,&quot;iso&quot;:&quot;0&quot;,&quot;shutter_speed&quot;:&quot;0&quot;,&quot;title&quot;:&quot;&quot;,&quot;orientation&quot;:&quot;0&quot;}\" data-image-title=\"q13\" data-image-description=\"\" data-image-caption=\"\" data-medium-file=\"https:\/\/www.grieta.org.mx\/wp-content\/uploads\/2016\/09\/q13-300x163.jpg\" data-large-file=\"https:\/\/www.grieta.org.mx\/wp-content\/uploads\/2016\/09\/q13.jpg\" src=\"http:\/\/www.grieta.org.mx\/wp-content\/uploads\/2016\/09\/q13.jpg\" alt=\"q13\" width=\"600\" height=\"325\" class=\"alignleft size-full wp-image-21276\" srcset=\"https:\/\/www.grieta.org.mx\/wp-content\/uploads\/2016\/09\/q13.jpg 600w, https:\/\/www.grieta.org.mx\/wp-content\/uploads\/2016\/09\/q13-300x163.jpg 300w\" sizes=\"auto, (max-width: 600px) 100vw, 600px\" \/><br \/>\nUn mes despu\u00e9s de tomar protesta, el actual gobernador, Francisco Dom\u00ednguez Servi\u00e9n, admiti\u00f3 que desconoc\u00eda las cifras oficiales de personas desaparecidas en Quer\u00e9taro y anticip\u00f3 que estaban haciendo una \u201cdepuraci\u00f3n\u201d.<\/p>\n<p>Desaparecido H\u00e9ctor \u00c1vila Quer\u00e9taro.\u201cNo existe todav\u00eda, como lo acabo de puntualizar, una cifra oficial, sino un trabajo de depuraci\u00f3n en raz\u00f3n de las cifras oficiales que hab\u00eda de la administraci\u00f3n anterior, las cifras de los organismos no gubernamentales y las cifras incluso que est\u00e1n a nivel del sistema nacional de Seguridad P\u00fablica\u201d, dijo el mandatario.<\/p>\n<p>En febrero, el Gobierno de Quer\u00e9taro, que encabeza Dom\u00ednguez, dio a conocer que el n\u00famero de personas desaparecidas asciende a 413 casos, de las cuales 336 (el 81 por ciento) tienen por lo menos 4 meses de haber perdido contacto con sus familiares.<br \/>\n\u201cTenemos los nombres, por supuesto, perfectamente identificadas a las personas, pero por el Derecho a la Intimidad de ellos mismos no podemos dar a conocer los nombres\u201d, afirm\u00f3 el entonces director de Investigaciones y Procesos de la Procuradur\u00eda de Quer\u00e9taro, Francisco Javier Arellano S\u00e1nchez.<\/p>\n<p>Sin embargo, la Fiscal\u00eda del Estado de Quer\u00e9taro solo difunde en su p\u00e1gina web los casos de 171 personas a las que denominaron \u201cno localizadas\u201d, mismas que, en la gran mayor\u00eda de los casos, tienen fichas incompletas.<\/p>\n<p>Se trata de 92 varones adultos; 34 mujeres adultas; 27 mujeres menores de edad; y 18 varones menores de edad, que en total suman 171 casos de personas con fotograf\u00edas (cifra hasta el cierre de edici\u00f3n).<\/p>\n<p>Organizaciones de familiares de personas desaparecidas en Quer\u00e9taro, han cuestionado las cifras oficiales discordantes que maneja el gobierno estatal.<br \/>\n<img loading=\"lazy\" decoding=\"async\" data-attachment-id=\"21277\" data-permalink=\"https:\/\/www.grieta.org.mx\/index.php\/2016\/08\/09\/la-fiscalia-de-queretaro-difunde-como-sena-particular-que-le-apodan-la-cuquis\/q14\/\" data-orig-file=\"https:\/\/www.grieta.org.mx\/wp-content\/uploads\/2016\/09\/q14.jpg\" data-orig-size=\"450,252\" data-comments-opened=\"0\" data-image-meta=\"{&quot;aperture&quot;:&quot;0&quot;,&quot;credit&quot;:&quot;&quot;,&quot;camera&quot;:&quot;&quot;,&quot;caption&quot;:&quot;&quot;,&quot;created_timestamp&quot;:&quot;0&quot;,&quot;copyright&quot;:&quot;&quot;,&quot;focal_length&quot;:&quot;0&quot;,&quot;iso&quot;:&quot;0&quot;,&quot;shutter_speed&quot;:&quot;0&quot;,&quot;title&quot;:&quot;&quot;,&quot;orientation&quot;:&quot;0&quot;}\" data-image-title=\"q14\" data-image-description=\"\" data-image-caption=\"\" data-medium-file=\"https:\/\/www.grieta.org.mx\/wp-content\/uploads\/2016\/09\/q14-300x168.jpg\" data-large-file=\"https:\/\/www.grieta.org.mx\/wp-content\/uploads\/2016\/09\/q14.jpg\" src=\"http:\/\/www.grieta.org.mx\/wp-content\/uploads\/2016\/09\/q14.jpg\" alt=\"q14\" width=\"450\" height=\"252\" class=\"alignleft size-full wp-image-21277\" srcset=\"https:\/\/www.grieta.org.mx\/wp-content\/uploads\/2016\/09\/q14.jpg 450w, https:\/\/www.grieta.org.mx\/wp-content\/uploads\/2016\/09\/q14-300x168.jpg 300w\" sizes=\"auto, (max-width: 450px) 100vw, 450px\" \/><\/p>\n<p><strong>EL REPORTE OFICIAL<\/strong><br \/>\nEn un oficio dirigido a Miguel Nava Alvarado, presidente del Comit\u00e9 sobre personas desaparecidas, y que tiene como fecha el 11 de mayo de 2016, Gisela B\u00e1rcenas Mandujano, directora de Derechos Humanos de la actual Fiscal\u00eda de Quer\u00e9taro, da cuenta de que hasta el 30 de abril del presente a\u00f1o existen 408 casos de personas no localizadas, las cuales desglosan de la siguiente manera:<\/p>\n<p>Desaparecido Seraf\u00edn Luna Quer\u00e9taro1 por accidente; 70 por migraci\u00f3n; 21 por motivos laborales; 13 por problemas de adicci\u00f3n; 19 por problemas de salud; 42 por problemas familiares; 13 por relaciones personales; 13 v\u00edctimas de alg\u00fan delito; y 216 por voluntad propia.<\/p>\n<p>Si bien, las autoridades indican que se trata de datos recabados por el personal de la Unidad Especializada en B\u00fasqueda de Personas (UEBP) conformada en enero de este a\u00f1o, no detallan los delitos que fueron cometidos en 13 de los 408 casos.<\/p>\n<p>Tampoco agregan el periodo al que pertenece esta cifra de 408 personas que consideran como \u201cno localizadas\u201d, es decir a qu\u00e9 a\u00f1o corresponden todos y cada uno de los casos.<\/p>\n<p>El martes 10 de mayo, familiares de personas desaparecidas, integradas en la asociaci\u00f3n Desaparecidos Justicia, denunciaron una incompetencia e ineptitud de las autoridades queretanas para buscar y localizar a sus seres queridos, en especial de los servidores p\u00fablicos que integran la UEBP.<\/p>\n<p>\u201c\u2026 no sabe ni tiene la menor idea de c\u00f3mo buscar a nuestros hijos, los agentes del Ministerio P\u00fablico que integran dicha unidad, son completamente ignorantes e incapaces de llevar a cabo la investigaci\u00f3n de nuestros casos, insisten en buscar e investigar detr\u00e1s del escritorio enviando s\u00f3lo oficios de colaboraci\u00f3n, adem\u00e1s de violar nuestros derechos y los de nuestros familiares con su falta de sensibilidad e ignorancia sobre derechos humanos\u201d, dijo la representante de Desaparecidos Justicia, Yadira Gonz\u00e1lez Hern\u00e1ndez, quien busca a su hermano Juan desde 2006.<\/p>\n<p><img loading=\"lazy\" decoding=\"async\" data-attachment-id=\"21278\" data-permalink=\"https:\/\/www.grieta.org.mx\/index.php\/2016\/08\/09\/la-fiscalia-de-queretaro-difunde-como-sena-particular-que-le-apodan-la-cuquis\/q15\/\" data-orig-file=\"https:\/\/www.grieta.org.mx\/wp-content\/uploads\/2016\/09\/q15.jpg\" data-orig-size=\"450,283\" data-comments-opened=\"0\" data-image-meta=\"{&quot;aperture&quot;:&quot;0&quot;,&quot;credit&quot;:&quot;&quot;,&quot;camera&quot;:&quot;&quot;,&quot;caption&quot;:&quot;&quot;,&quot;created_timestamp&quot;:&quot;0&quot;,&quot;copyright&quot;:&quot;&quot;,&quot;focal_length&quot;:&quot;0&quot;,&quot;iso&quot;:&quot;0&quot;,&quot;shutter_speed&quot;:&quot;0&quot;,&quot;title&quot;:&quot;&quot;,&quot;orientation&quot;:&quot;0&quot;}\" data-image-title=\"q15\" data-image-description=\"\" data-image-caption=\"\" data-medium-file=\"https:\/\/www.grieta.org.mx\/wp-content\/uploads\/2016\/09\/q15-300x189.jpg\" data-large-file=\"https:\/\/www.grieta.org.mx\/wp-content\/uploads\/2016\/09\/q15.jpg\" src=\"http:\/\/www.grieta.org.mx\/wp-content\/uploads\/2016\/09\/q15.jpg\" alt=\"q15\" width=\"450\" height=\"283\" class=\"alignleft size-full wp-image-21278\" srcset=\"https:\/\/www.grieta.org.mx\/wp-content\/uploads\/2016\/09\/q15.jpg 450w, https:\/\/www.grieta.org.mx\/wp-content\/uploads\/2016\/09\/q15-300x189.jpg 300w\" sizes=\"auto, (max-width: 450px) 100vw, 450px\" \/><\/p>\n<p><a href=\"http:\/\/www.libertaddepalabra.com\/2016\/08\/la-fiscalia-de-queretaro-difunde-como-sena-particular-que-le-apodan-la-cuquis\/\" target=\"_blank\">http:\/\/www.libertaddepalabra.com\/2016\/08\/la-fiscalia-de-queretaro-difunde-como-sena-particular-que-le-apodan-la-cuquis\/<\/a><\/p>\n","protected":false},"excerpt":{"rendered":"<p>Redacci\u00f3n\/Libertad de palabra Quer\u00e9taro, Qro.- La Fiscal\u00eda del Estado de Quer\u00e9taro difunde en su p\u00e1gina web los casos de 171 personas a las que clasific\u00f3 como \u201cno localizadas\u201d, donde agrega &hellip; <a href=\"https:\/\/www.grieta.org.mx\/index.php\/2016\/08\/09\/la-fiscalia-de-queretaro-difunde-como-sena-particular-que-le-apodan-la-cuquis\/\" class=\"more-link\">Leer m\u00e1s<\/a><\/p>\n","protected":false},"author":2,"featured_media":21928,"comment_status":"closed","ping_status":"closed","sticky":false,"template":"","format":"standard","meta":{"ngg_post_thumbnail":0,"_jetpack_newsletter_access":"","_jetpack_dont_email_post_to_subs":false,"_jetpack_newsletter_tier_id":0,"_jetpack_memberships_contains_paywalled_content":false,"_jetpack_memberships_contains_paid_content":false,"footnotes":""},"categories":[80],"tags":[121],"class_list":["post-21274","post","type-post","status-publish","format-standard","has-post-thumbnail","hentry","category-cintillo","tag-desaparecidos","entry"],"jetpack_featured_media_url":"https:\/\/www.grieta.org.mx\/wp-content\/uploads\/2018\/03\/14524434_1106112876131411_958039263622046936_o.jpg","jetpack_sharing_enabled":true,"jetpack_shortlink":"https:\/\/wp.me\/p7ZJR4-5x8","jetpack_likes_enabled":false,"jetpack-related-posts":[{"id":4618,"url":"https:\/\/www.grieta.org.mx\/index.php\/2016\/09\/01\/desaparecidos-en-queretaro\/","url_meta":{"origin":21274,"position":0},"title":"Desaparecidos en Quer\u00e9taro","author":"grieta","date":"1 septiembre, 2016","format":false,"excerpt":"01\/09\/16. En Sinaloa reportan 90 casos de desaparecidos de Quer\u00e9taro Libertad de palabra 09\/08\/16. La Fiscal\u00eda de Quer\u00e9taro difunde como \u201cse\u00f1a particular\u201d que \u201cLe apodan \u2018La Cuquis\u2019\u201d Libertad de palabra 14\/06\/16. Quer\u00e9taro: Niega Gobierno panista desapariciones forzadas Libertad de palabra 21\/01\/16. \"\u00a1Queremos justicia, no mentiras!\u201d, reclama Desaparecidos Justicia A.C. en\u2026","rel":"","context":"En &quot;Desaparecidos&quot;","block_context":{"text":"Desaparecidos","link":"https:\/\/www.grieta.org.mx\/index.php\/category\/temas-nacionales\/desaparecidos\/"},"img":{"alt_text":"","src":"https:\/\/i0.wp.com\/www.grieta.org.mx\/wp-content\/uploads\/2018\/03\/14524434_1106112876131411_958039263622046936_o.jpg?resize=350%2C200&ssl=1","width":350,"height":200,"srcset":"https:\/\/i0.wp.com\/www.grieta.org.mx\/wp-content\/uploads\/2018\/03\/14524434_1106112876131411_958039263622046936_o.jpg?resize=350%2C200&ssl=1 1x, https:\/\/i0.wp.com\/www.grieta.org.mx\/wp-content\/uploads\/2018\/03\/14524434_1106112876131411_958039263622046936_o.jpg?resize=525%2C300&ssl=1 1.5x, https:\/\/i0.wp.com\/www.grieta.org.mx\/wp-content\/uploads\/2018\/03\/14524434_1106112876131411_958039263622046936_o.jpg?resize=700%2C400&ssl=1 2x"},"classes":[]},{"id":21254,"url":"https:\/\/www.grieta.org.mx\/index.php\/2016\/09\/01\/en-sinaloa-reportan-90-casos-de-desaparecidos-de-queretaro\/","url_meta":{"origin":21274,"position":1},"title":"En Sinaloa reportan 90 casos de desaparecidos de Quer\u00e9taro","author":"grieta","date":"1 septiembre, 2016","format":false,"excerpt":"Iv\u00e1n Aldama Garnica\/Libertad de palabra Quer\u00e9taro, Qro.- El Gobierno de Sinaloa difunde una base de datos con 90 personas desaparecidas, en el estado de Quer\u00e9taro. En el aparto \u201cDesaparecidos\u201d de su secci\u00f3n \u201cServicios a la Comunidad\u201d muestran un mapa de los 32 estados del pa\u00eds que contienen informaci\u00f3n de personas\u2026","rel":"","context":"En &quot;CINTILLO&quot;","block_context":{"text":"CINTILLO","link":"https:\/\/www.grieta.org.mx\/index.php\/category\/cintillo\/"},"img":{"alt_text":"","src":"https:\/\/i0.wp.com\/www.grieta.org.mx\/wp-content\/uploads\/2018\/03\/14524434_1106112876131411_958039263622046936_o.jpg?resize=350%2C200&ssl=1","width":350,"height":200,"srcset":"https:\/\/i0.wp.com\/www.grieta.org.mx\/wp-content\/uploads\/2018\/03\/14524434_1106112876131411_958039263622046936_o.jpg?resize=350%2C200&ssl=1 1x, https:\/\/i0.wp.com\/www.grieta.org.mx\/wp-content\/uploads\/2018\/03\/14524434_1106112876131411_958039263622046936_o.jpg?resize=525%2C300&ssl=1 1.5x, https:\/\/i0.wp.com\/www.grieta.org.mx\/wp-content\/uploads\/2018\/03\/14524434_1106112876131411_958039263622046936_o.jpg?resize=700%2C400&ssl=1 2x"},"classes":[]},{"id":60789,"url":"https:\/\/www.grieta.org.mx\/index.php\/2021\/07\/21\/desdena-fiscalia-la-violencia-digital-queretaro\/","url_meta":{"origin":21274,"position":2},"title":"Desde\u00f1a Fiscal\u00eda la violencia digital (Quer\u00e9taro)","author":"grieta","date":"21 julio, 2021","format":false,"excerpt":"Cecilia Conde \/ Diario de Quer\u00e9taro Organizaci\u00f3n de defensa reporta 162 casos; la autoridad \u201cno avanza en investigaciones\u201d Desde hace un a\u00f1o se han reportado 162 casos de violencia digital en la organizaci\u00f3n Defensoras Digitales en Quer\u00e9taro, sin embargo solo el 20% ha denunciado, debido a que la Fiscal\u00eda General\u2026","rel":"","context":"En &quot;Abuso policiaco y tortura en Quer\u00e9taro&quot;","block_context":{"text":"Abuso policiaco y tortura en Quer\u00e9taro","link":"https:\/\/www.grieta.org.mx\/index.php\/category\/noticias-nacionales\/queretaro\/abuso-policiaco-y-tortura-en-queretaro\/"},"img":{"alt_text":"","src":"https:\/\/i0.wp.com\/www.grieta.org.mx\/wp-content\/uploads\/2018\/03\/14524434_1106112876131411_958039263622046936_o.jpg?resize=350%2C200&ssl=1","width":350,"height":200,"srcset":"https:\/\/i0.wp.com\/www.grieta.org.mx\/wp-content\/uploads\/2018\/03\/14524434_1106112876131411_958039263622046936_o.jpg?resize=350%2C200&ssl=1 1x, https:\/\/i0.wp.com\/www.grieta.org.mx\/wp-content\/uploads\/2018\/03\/14524434_1106112876131411_958039263622046936_o.jpg?resize=525%2C300&ssl=1 1.5x, https:\/\/i0.wp.com\/www.grieta.org.mx\/wp-content\/uploads\/2018\/03\/14524434_1106112876131411_958039263622046936_o.jpg?resize=700%2C400&ssl=1 2x"},"classes":[]},{"id":17351,"url":"https:\/\/www.grieta.org.mx\/index.php\/2016\/06\/14\/queretaro-niega-gobierno-panista-desapariciones-forzadas\/","url_meta":{"origin":21274,"position":3},"title":"Quer\u00e9taro: Niega Gobierno panista desapariciones forzadas","author":"grieta","date":"14 junio, 2016","format":false,"excerpt":"Iv\u00e1n Aldama Garnica\/Libertad de palabra Quer\u00e9taro, Qro.- El documento tiene diferente n\u00famero de oficio y es firmado por un funcionario distinto, pero su contenido es similar al que fuera p\u00fablico por este semanario hace un a\u00f1o. En la entonces Procuradur\u00eda de Quer\u00e9taro \u2013ahora Fiscal\u00eda\u2013, que encabeza Alejandro Echeverr\u00eda Cornejo, reportaron\u2026","rel":"","context":"En &quot;CINTILLO&quot;","block_context":{"text":"CINTILLO","link":"https:\/\/www.grieta.org.mx\/index.php\/category\/cintillo\/"},"img":{"alt_text":"","src":"https:\/\/i0.wp.com\/www.grieta.org.mx\/wp-content\/uploads\/2018\/03\/14524434_1106112876131411_958039263622046936_o.jpg?resize=350%2C200&ssl=1","width":350,"height":200,"srcset":"https:\/\/i0.wp.com\/www.grieta.org.mx\/wp-content\/uploads\/2018\/03\/14524434_1106112876131411_958039263622046936_o.jpg?resize=350%2C200&ssl=1 1x, https:\/\/i0.wp.com\/www.grieta.org.mx\/wp-content\/uploads\/2018\/03\/14524434_1106112876131411_958039263622046936_o.jpg?resize=525%2C300&ssl=1 1.5x, https:\/\/i0.wp.com\/www.grieta.org.mx\/wp-content\/uploads\/2018\/03\/14524434_1106112876131411_958039263622046936_o.jpg?resize=700%2C400&ssl=1 2x"},"classes":[]},{"id":25717,"url":"https:\/\/www.grieta.org.mx\/index.php\/2018\/08\/05\/denuncian-que-hay-trata-en-la-alameda-queretaro\/","url_meta":{"origin":21274,"position":4},"title":"Denuncian que hay trata en la Alameda (Quer\u00e9taro)","author":"grieta","date":"5 agosto, 2018","format":false,"excerpt":"Zulema L\u00f3pez\/ El Diario de Quer\u00e9taro, 05 de Agosto. Quer\u00e9taro sufre de trata de personas y la Alameda Central es uno de esos puntos en los que la prostituci\u00f3n infantil se ejerce, al ofrecer ni\u00f1as robadas de otras entidades, mientras que las que sustraen del estado sufren la misma suerte,\u2026","rel":"","context":"En &quot;CINTILLO&quot;","block_context":{"text":"CINTILLO","link":"https:\/\/www.grieta.org.mx\/index.php\/category\/cintillo\/"},"img":{"alt_text":"","src":"https:\/\/i0.wp.com\/www.grieta.org.mx\/wp-content\/uploads\/2018\/08\/DSC_7784.jpg?resize=350%2C200&ssl=1","width":350,"height":200,"srcset":"https:\/\/i0.wp.com\/www.grieta.org.mx\/wp-content\/uploads\/2018\/08\/DSC_7784.jpg?resize=350%2C200&ssl=1 1x, https:\/\/i0.wp.com\/www.grieta.org.mx\/wp-content\/uploads\/2018\/08\/DSC_7784.jpg?resize=525%2C300&ssl=1 1.5x, https:\/\/i0.wp.com\/www.grieta.org.mx\/wp-content\/uploads\/2018\/08\/DSC_7784.jpg?resize=700%2C400&ssl=1 2x"},"classes":[]},{"id":33425,"url":"https:\/\/www.grieta.org.mx\/index.php\/2019\/05\/11\/madres-de-desaparecidos-en-queretaro-exigen-justicia\/","url_meta":{"origin":21274,"position":5},"title":"Madres de desaparecidos en Quer\u00e9taro exigen justicia","author":"grieta","date":"11 mayo, 2019","format":false,"excerpt":"En la entidad tienen 398 casos documentados de personas desaparecidas, de acuerdo con el colectivo Desaparecidos Justicia Roxana Romero \/ am de Quer\u00e9taro El 10 de mayo de 2014 fue el \u00faltimo en que Guadalupe Valenzuela Palazuelos pudo cargar en sus piernas a su hijo, Jes\u00fas Alfonso Arg\u00fcelles, y escucharlo\u2026","rel":"","context":"En &quot;CINTILLO&quot;","block_context":{"text":"CINTILLO","link":"https:\/\/www.grieta.org.mx\/index.php\/category\/cintillo\/"},"img":{"alt_text":"","src":"https:\/\/i0.wp.com\/www.grieta.org.mx\/wp-content\/uploads\/2019\/05\/DESAPARECIDO-1.jpg?resize=350%2C200&ssl=1","width":350,"height":200,"srcset":"https:\/\/i0.wp.com\/www.grieta.org.mx\/wp-content\/uploads\/2019\/05\/DESAPARECIDO-1.jpg?resize=350%2C200&ssl=1 1x, https:\/\/i0.wp.com\/www.grieta.org.mx\/wp-content\/uploads\/2019\/05\/DESAPARECIDO-1.jpg?resize=525%2C300&ssl=1 1.5x, https:\/\/i0.wp.com\/www.grieta.org.mx\/wp-content\/uploads\/2019\/05\/DESAPARECIDO-1.jpg?resize=700%2C400&ssl=1 2x"},"classes":[]}],"_links":{"self":[{"href":"https:\/\/www.grieta.org.mx\/index.php\/wp-json\/wp\/v2\/posts\/21274","targetHints":{"allow":["GET"]}}],"collection":[{"href":"https:\/\/www.grieta.org.mx\/index.php\/wp-json\/wp\/v2\/posts"}],"about":[{"href":"https:\/\/www.grieta.org.mx\/index.php\/wp-json\/wp\/v2\/types\/post"}],"author":[{"embeddable":true,"href":"https:\/\/www.grieta.org.mx\/index.php\/wp-json\/wp\/v2\/users\/2"}],"replies":[{"embeddable":true,"href":"https:\/\/www.grieta.org.mx\/index.php\/wp-json\/wp\/v2\/comments?post=21274"}],"version-history":[{"count":1,"href":"https:\/\/www.grieta.org.mx\/index.php\/wp-json\/wp\/v2\/posts\/21274\/revisions"}],"predecessor-version":[{"id":21281,"href":"https:\/\/www.grieta.org.mx\/index.php\/wp-json\/wp\/v2\/posts\/21274\/revisions\/21281"}],"wp:featuredmedia":[{"embeddable":true,"href":"https:\/\/www.grieta.org.mx\/index.php\/wp-json\/wp\/v2\/media\/21928"}],"wp:attachment":[{"href":"https:\/\/www.grieta.org.mx\/index.php\/wp-json\/wp\/v2\/media?parent=21274"}],"wp:term":[{"taxonomy":"category","embeddable":true,"href":"https:\/\/www.grieta.org.mx\/index.php\/wp-json\/wp\/v2\/categories?post=21274"},{"taxonomy":"post_tag","embeddable":true,"href":"https:\/\/www.grieta.org.mx\/index.php\/wp-json\/wp\/v2\/tags?post=21274"}],"curies":[{"name":"wp","href":"https:\/\/api.w.org\/{rel}","templated":true}]}}