{"id":21227,"date":"2016-09-01T23:52:08","date_gmt":"2016-09-02T04:52:08","guid":{"rendered":"http:\/\/www.grieta.org.mx\/?p=21227"},"modified":"2016-09-09T11:54:11","modified_gmt":"2016-09-09T16:54:11","slug":"lanzan-plataforma-social-de-denuncia-contra-megaproyectos-en-oaxaca","status":"publish","type":"post","link":"https:\/\/www.grieta.org.mx\/index.php\/2016\/09\/01\/lanzan-plataforma-social-de-denuncia-contra-megaproyectos-en-oaxaca\/","title":{"rendered":"Lanzan plataforma social de denuncia contra megaproyectos en Oaxaca"},"content":{"rendered":"<p>Redacci\u00f3n Ciudadan\u00eda Express<\/p>\n<p>Oaxaca.- Ante el incremento de proyectos de inversi\u00f3n econ\u00f3mica en el estado con capital nacional y extranjero que promueve el gobierno federal y estatal, y el posible riesgo que esto representa para el trabajo de comunidades y pobladores de regiones ind\u00edgenas en el estado, EDUCA y la Red de Defensoras y Defensores Comunitarios de los Pueblos de Oaxaca (REDECOM), lanzaron una herramienta denominada \u201cPlataforma Electr\u00f3nica Denuncia Oaxaca\u201d.<\/p>\n<p>Esta herramienta digital, tiene como finalidad hacer visibles las denuncias de los casos de violaciones a derechos territoriales y de las mujeres  as\u00ed como agresiones a personas defensoras.<\/p>\n<p>Con apoyo de las nuevas tecnolog\u00edas, esta plataforma tiene acceso en el siguiente sitio de internet.<\/p>\n<p>Este espacio est\u00e1 dirigido a personas, grupos y comunidades que observen una alta conflictividad en sus regiones o localidades de trabajo.<\/p>\n<p>La plataforma de denuncia es un mecanismo t\u00e9cnico y pol\u00edtico que contribuye a visibilizar los casos de violaciones a los derechos humanos, denunciar frente a la opini\u00f3n p\u00fablica y las autoridades los agravios cometidos contra activistas, organizaciones y comunidades y, a su vez, brindar una medida de protecci\u00f3n a las y los defensores.<\/p>\n<p>Se invit\u00f3 a utilizar esta herramienta y hacer uso de la Plataforma Electr\u00f3nica de Denuncia en el sitio web y en las redes sociales.<\/p>\n<p><a href=\"http:\/\/ciudadania-express.com\/2016\/09\/01\/lanzan-plataforma-social-de-denuncia-contra-megaproyectos-en-oaxaca\/\" target=\"_blank\">http:\/\/ciudadania-express.com\/2016\/09\/01\/lanzan-plataforma-social-de-denuncia-contra-megaproyectos-en-oaxaca\/<\/a><\/p>\n","protected":false},"excerpt":{"rendered":"<p>Redacci\u00f3n Ciudadan\u00eda Express Oaxaca.- Ante el incremento de proyectos de inversi\u00f3n econ\u00f3mica en el estado con capital nacional y extranjero que promueve el gobierno federal y estatal, y el posible &hellip; <a href=\"https:\/\/www.grieta.org.mx\/index.php\/2016\/09\/01\/lanzan-plataforma-social-de-denuncia-contra-megaproyectos-en-oaxaca\/\" class=\"more-link\">Leer m\u00e1s<\/a><\/p>\n","protected":false},"author":2,"featured_media":21928,"comment_status":"closed","ping_status":"closed","sticky":false,"template":"","format":"standard","meta":{"ngg_post_thumbnail":0,"_jetpack_newsletter_access":"","_jetpack_dont_email_post_to_subs":false,"_jetpack_newsletter_tier_id":0,"_jetpack_memberships_contains_paywalled_content":false,"_jetpack_memberships_contains_paid_content":false,"footnotes":""},"categories":[80],"tags":[628,174,96],"class_list":["post-21227","post","type-post","status-publish","format-standard","has-post-thumbnail","hentry","category-cintillo","tag-defensa-del-territorio","tag-derechos-humanos","tag-megaproyectos","entry"],"jetpack_featured_media_url":"https:\/\/www.grieta.org.mx\/wp-content\/uploads\/2018\/03\/14524434_1106112876131411_958039263622046936_o.jpg","jetpack_sharing_enabled":true,"jetpack_shortlink":"https:\/\/wp.me\/p7ZJR4-5wn","jetpack_likes_enabled":false,"jetpack-related-posts":[{"id":67251,"url":"https:\/\/www.grieta.org.mx\/index.php\/2023\/07\/28\/agresiones-y-violaciones-a-derechos-humanos-en-megaproyecto-del-corredor-interoceanico-alerta-mision-civil-oaxaca\/","url_meta":{"origin":21227,"position":0},"title":"Agresiones y violaciones a derechos humanos en megaproyecto del Corredor Interoce\u00e1nico: Alerta Misi\u00f3n Civil (Oaxaca)","author":"grieta","date":"28 julio, 2023","format":false,"excerpt":"Imagen: Somos El Medio Miranda Chavarr\u00eda \/ Somos El Medio La Misi\u00f3n Civil de Observaci\u00f3n, integrada por 23 organizaciones de la sociedad civil nacionales e internacionales, concluyeron su investigaci\u00f3n en la regi\u00f3n del Istmo de Tehuantepec, en el Estado de Oaxaca. El objetivo de esta misi\u00f3n fue documentar diversas violaciones\u2026","rel":"","context":"En &quot;CINTILLO&quot;","block_context":{"text":"CINTILLO","link":"https:\/\/www.grieta.org.mx\/index.php\/category\/cintillo\/"},"img":{"alt_text":"","src":"https:\/\/i0.wp.com\/www.grieta.org.mx\/wp-content\/uploads\/2023\/07\/363379770_690020123169868_8124757468151930841_n.jpg?resize=350%2C200&ssl=1","width":350,"height":200,"srcset":"https:\/\/i0.wp.com\/www.grieta.org.mx\/wp-content\/uploads\/2023\/07\/363379770_690020123169868_8124757468151930841_n.jpg?resize=350%2C200&ssl=1 1x, https:\/\/i0.wp.com\/www.grieta.org.mx\/wp-content\/uploads\/2023\/07\/363379770_690020123169868_8124757468151930841_n.jpg?resize=525%2C300&ssl=1 1.5x, https:\/\/i0.wp.com\/www.grieta.org.mx\/wp-content\/uploads\/2023\/07\/363379770_690020123169868_8124757468151930841_n.jpg?resize=700%2C400&ssl=1 2x, https:\/\/i0.wp.com\/www.grieta.org.mx\/wp-content\/uploads\/2023\/07\/363379770_690020123169868_8124757468151930841_n.jpg?resize=1050%2C600&ssl=1 3x, https:\/\/i0.wp.com\/www.grieta.org.mx\/wp-content\/uploads\/2023\/07\/363379770_690020123169868_8124757468151930841_n.jpg?resize=1400%2C800&ssl=1 4x"},"classes":[]},{"id":71996,"url":"https:\/\/www.grieta.org.mx\/index.php\/2025\/06\/24\/mujeres-mazatecas-por-la-libertad-denuncian-la-reactivacion-de-ordenes-de-aprehension-como-una-maniobra-politica-para-criminalizar-a-la-poblacion-nueve-anos-despues-oaxaca\/","url_meta":{"origin":21227,"position":1},"title":"Mujeres Mazatecas por la Libertad denuncian la reactivaci\u00f3n de \u00f3rdenes de aprehensi\u00f3n como una \u2018maniobra pol\u00edtica\u2019 para criminalizar a la poblaci\u00f3n, nueve a\u00f1os despu\u00e9s (Oaxaca)","author":"grieta","date":"24 junio, 2025","format":false,"excerpt":"Imagen: Somos El Medio Redacci\u00f3n \/ Somos El Medio Ciudad de M\u00e9xico, 24 de junio 2025.- Este 24 de junio, la\u00a0Segunda Sala Penal del Tribunal de Justicia de Oaxaca\u00a0confirm\u00f3 la existencia de\u00a0200 \u00f3rdenes de aprehensi\u00f3n\u00a0contra miembros de la comunidad mazateca de\u00a0Eloxochitl\u00e1n de Flores Mag\u00f3n, incluyendo a\u00a08 mujeres defensoras\u00a0de derechos humanos,\u2026","rel":"","context":"En &quot;CINTILLO&quot;","block_context":{"text":"CINTILLO","link":"https:\/\/www.grieta.org.mx\/index.php\/category\/cintillo\/"},"img":{"alt_text":"","src":"https:\/\/i0.wp.com\/www.grieta.org.mx\/wp-content\/uploads\/2025\/07\/509628555_17969673878863848_832171058551084938_n-e1750808759826.webp?resize=350%2C200&ssl=1","width":350,"height":200,"srcset":"https:\/\/i0.wp.com\/www.grieta.org.mx\/wp-content\/uploads\/2025\/07\/509628555_17969673878863848_832171058551084938_n-e1750808759826.webp?resize=350%2C200&ssl=1 1x, https:\/\/i0.wp.com\/www.grieta.org.mx\/wp-content\/uploads\/2025\/07\/509628555_17969673878863848_832171058551084938_n-e1750808759826.webp?resize=525%2C300&ssl=1 1.5x, https:\/\/i0.wp.com\/www.grieta.org.mx\/wp-content\/uploads\/2025\/07\/509628555_17969673878863848_832171058551084938_n-e1750808759826.webp?resize=700%2C400&ssl=1 2x, https:\/\/i0.wp.com\/www.grieta.org.mx\/wp-content\/uploads\/2025\/07\/509628555_17969673878863848_832171058551084938_n-e1750808759826.webp?resize=1050%2C600&ssl=1 3x"},"classes":[]},{"id":71701,"url":"https:\/\/www.grieta.org.mx\/index.php\/2025\/04\/23\/las-mujeres-defensoras-en-mexico-las-matan-o-las-desaparecen-oaxaca\/","url_meta":{"origin":21227,"position":2},"title":"Las mujeres defensoras en M\u00e9xico, las matan o las desaparecen; Oaxaca primer lugar de asesinatos contra defensoras","author":"grieta","date":"23 abril, 2025","format":false,"excerpt":"Imagen:\u00a0 P\u00e1gina3 Diana Manzo \/ P\u00e1gina3 El estado sure\u00f1o de Oaxaca se ubica en el primer lugar nacional de los Estados Unidos Mexicanos (M\u00e9xico) de agresiones a personas defensoras. De 2018 a 2024 han asesinado a siete mujeres ind\u00edgenas Dar voz a las mujeres. Cuando y donde no la tienen.\u2026","rel":"","context":"En &quot;CINTILLO&quot;","block_context":{"text":"CINTILLO","link":"https:\/\/www.grieta.org.mx\/index.php\/category\/cintillo\/"},"img":{"alt_text":"","src":"https:\/\/i0.wp.com\/www.grieta.org.mx\/wp-content\/uploads\/2025\/05\/Busqueda-de-Claudia-Uruchurtu-1.png?resize=350%2C200&ssl=1","width":350,"height":200,"srcset":"https:\/\/i0.wp.com\/www.grieta.org.mx\/wp-content\/uploads\/2025\/05\/Busqueda-de-Claudia-Uruchurtu-1.png?resize=350%2C200&ssl=1 1x, https:\/\/i0.wp.com\/www.grieta.org.mx\/wp-content\/uploads\/2025\/05\/Busqueda-de-Claudia-Uruchurtu-1.png?resize=525%2C300&ssl=1 1.5x, https:\/\/i0.wp.com\/www.grieta.org.mx\/wp-content\/uploads\/2025\/05\/Busqueda-de-Claudia-Uruchurtu-1.png?resize=700%2C400&ssl=1 2x"},"classes":[]},{"id":69270,"url":"https:\/\/www.grieta.org.mx\/index.php\/2024\/07\/04\/aumenta-letalidad-en-ataques-contra-defensoras-por-imposicion-del-interoceanico-oaxaca\/","url_meta":{"origin":21227,"position":3},"title":"Aumenta letalidad en ataques contra defensoras por imposici\u00f3n del Interoce\u00e1nico (Oaxaca)","author":"grieta","date":"4 julio, 2024","format":false,"excerpt":"Imagen: APIIDTT Un informe publicado por la Misi\u00f3n Civil de Observaci\u00f3n, que conforman 23 organizaciones nacionales e internacionales, registr\u00f3 el contexto de violencia sistem\u00e1tica y en aumento que est\u00e1n viviendo las mujeres que realizan la labor de defensa del territorio en el Istmo de Tehuantepec. Los ataques reportados tienen consecuencias\u2026","rel":"","context":"En &quot;5. Istmo&quot;","block_context":{"text":"5. Istmo","link":"https:\/\/www.grieta.org.mx\/index.php\/category\/espejos-de-la-resistencia\/5-istmo\/"},"img":{"alt_text":"","src":"https:\/\/i0.wp.com\/www.grieta.org.mx\/wp-content\/uploads\/2024\/07\/Defensoras-Istmo2_elMuro.jpg?resize=350%2C200&ssl=1","width":350,"height":200,"srcset":"https:\/\/i0.wp.com\/www.grieta.org.mx\/wp-content\/uploads\/2024\/07\/Defensoras-Istmo2_elMuro.jpg?resize=350%2C200&ssl=1 1x, https:\/\/i0.wp.com\/www.grieta.org.mx\/wp-content\/uploads\/2024\/07\/Defensoras-Istmo2_elMuro.jpg?resize=525%2C300&ssl=1 1.5x, https:\/\/i0.wp.com\/www.grieta.org.mx\/wp-content\/uploads\/2024\/07\/Defensoras-Istmo2_elMuro.jpg?resize=700%2C400&ssl=1 2x"},"classes":[]},{"id":19705,"url":"https:\/\/www.grieta.org.mx\/index.php\/2016\/08\/09\/oaxaca-primer-lugar-nacional-en-ataques-a-defensoras-de-dh-suman-648\/","url_meta":{"origin":21227,"position":4},"title":"Oaxaca primer lugar nacional en ataques a defensoras de DH; suman 648","author":"grieta","date":"9 agosto, 2016","format":false,"excerpt":"Pedro Mat\u00edas, Oaxaca. OAXACA, Oax. (pagina3.mx).- La Iniciativa Mesoamericana de Defensoras de Derechos Humanos Defensoras (IMDefensoras) denunciaron que Oaxaca ocupa el primer lugar de ataques a nivel nacional al sumar 648 casos en el gobierno de Gabino Cu\u00e9 Monteagudo. Lo m\u00e1s grave es que los ataques contra defensoras sigue en\u2026","rel":"","context":"En &quot;CINTILLO&quot;","block_context":{"text":"CINTILLO","link":"https:\/\/www.grieta.org.mx\/index.php\/category\/cintillo\/"},"img":{"alt_text":"","src":"https:\/\/i0.wp.com\/www.grieta.org.mx\/wp-content\/uploads\/2018\/03\/14524434_1106112876131411_958039263622046936_o.jpg?resize=350%2C200&ssl=1","width":350,"height":200,"srcset":"https:\/\/i0.wp.com\/www.grieta.org.mx\/wp-content\/uploads\/2018\/03\/14524434_1106112876131411_958039263622046936_o.jpg?resize=350%2C200&ssl=1 1x, https:\/\/i0.wp.com\/www.grieta.org.mx\/wp-content\/uploads\/2018\/03\/14524434_1106112876131411_958039263622046936_o.jpg?resize=525%2C300&ssl=1 1.5x, https:\/\/i0.wp.com\/www.grieta.org.mx\/wp-content\/uploads\/2018\/03\/14524434_1106112876131411_958039263622046936_o.jpg?resize=700%2C400&ssl=1 2x"},"classes":[]},{"id":68281,"url":"https:\/\/www.grieta.org.mx\/index.php\/2023\/11\/06\/nueva-denuncia-penal-contra-indigena-que-lucha-contra-parque-industrial-del-corredor-interoceanico-oaxaca\/","url_meta":{"origin":21227,"position":5},"title":"Nueva denuncia penal contra ind\u00edgena que lucha contra parque industrial del Corredor Interoce\u00e1nico (Oaxaca)","author":"grieta","date":"6 noviembre, 2023","format":false,"excerpt":"Foto: Aldo Santiago La Secretar\u00eda de Comunicaciones y Transporte inici\u00f3 una denuncia penal por el delito de ataque a las v\u00edas de comunicaci\u00f3n contra el ind\u00edgena binniz\u00e1, David Hern\u00e1ndez Salazar, quien lucha contra la construcci\u00f3n de un parque industrial del Corredor Interoce\u00e1nico en su comunidad Puente Madera, municipio de San\u2026","rel":"","context":"En &quot;5. Istmo&quot;","block_context":{"text":"5. Istmo","link":"https:\/\/www.grieta.org.mx\/index.php\/category\/espejos-de-la-resistencia\/5-istmo\/"},"img":{"alt_text":"","src":"https:\/\/i0.wp.com\/www.grieta.org.mx\/wp-content\/uploads\/2023\/12\/1080-721-max.jpg?resize=350%2C200&ssl=1","width":350,"height":200,"srcset":"https:\/\/i0.wp.com\/www.grieta.org.mx\/wp-content\/uploads\/2023\/12\/1080-721-max.jpg?resize=350%2C200&ssl=1 1x, https:\/\/i0.wp.com\/www.grieta.org.mx\/wp-content\/uploads\/2023\/12\/1080-721-max.jpg?resize=525%2C300&ssl=1 1.5x, https:\/\/i0.wp.com\/www.grieta.org.mx\/wp-content\/uploads\/2023\/12\/1080-721-max.jpg?resize=700%2C400&ssl=1 2x, https:\/\/i0.wp.com\/www.grieta.org.mx\/wp-content\/uploads\/2023\/12\/1080-721-max.jpg?resize=1050%2C600&ssl=1 3x"},"classes":[]}],"_links":{"self":[{"href":"https:\/\/www.grieta.org.mx\/index.php\/wp-json\/wp\/v2\/posts\/21227","targetHints":{"allow":["GET"]}}],"collection":[{"href":"https:\/\/www.grieta.org.mx\/index.php\/wp-json\/wp\/v2\/posts"}],"about":[{"href":"https:\/\/www.grieta.org.mx\/index.php\/wp-json\/wp\/v2\/types\/post"}],"author":[{"embeddable":true,"href":"https:\/\/www.grieta.org.mx\/index.php\/wp-json\/wp\/v2\/users\/2"}],"replies":[{"embeddable":true,"href":"https:\/\/www.grieta.org.mx\/index.php\/wp-json\/wp\/v2\/comments?post=21227"}],"version-history":[{"count":1,"href":"https:\/\/www.grieta.org.mx\/index.php\/wp-json\/wp\/v2\/posts\/21227\/revisions"}],"predecessor-version":[{"id":21230,"href":"https:\/\/www.grieta.org.mx\/index.php\/wp-json\/wp\/v2\/posts\/21227\/revisions\/21230"}],"wp:featuredmedia":[{"embeddable":true,"href":"https:\/\/www.grieta.org.mx\/index.php\/wp-json\/wp\/v2\/media\/21928"}],"wp:attachment":[{"href":"https:\/\/www.grieta.org.mx\/index.php\/wp-json\/wp\/v2\/media?parent=21227"}],"wp:term":[{"taxonomy":"category","embeddable":true,"href":"https:\/\/www.grieta.org.mx\/index.php\/wp-json\/wp\/v2\/categories?post=21227"},{"taxonomy":"post_tag","embeddable":true,"href":"https:\/\/www.grieta.org.mx\/index.php\/wp-json\/wp\/v2\/tags?post=21227"}],"curies":[{"name":"wp","href":"https:\/\/api.w.org\/{rel}","templated":true}]}}