{"id":21202,"date":"2014-08-22T22:43:40","date_gmt":"2014-08-23T03:43:40","guid":{"rendered":"http:\/\/www.grieta.org.mx\/?p=21202"},"modified":"2019-01-19T09:58:39","modified_gmt":"2019-01-19T15:58:39","slug":"derrame-de-petroleo-crudo-contamina-rio-en-tamaulipas","status":"publish","type":"post","link":"https:\/\/www.grieta.org.mx\/index.php\/2014\/08\/22\/derrame-de-petroleo-crudo-contamina-rio-en-tamaulipas\/","title":{"rendered":"Derrame de petr\u00f3leo crudo contamina r\u00edo en Tamaulipas"},"content":{"rendered":"<div id=\"notatitulo\" class=\"bblue\">\n<div class=\"titulointerior margen-left-20 margen-top-10\">\n<p class=\"fontra cfff size15 bold\">Pemex controla derrame de crudo en Gonz\u00e1lez, Tamaulipas.<\/p>\n<\/div>\n<p><a class=\"fancybox\" href=\"http:\/\/www.planoinformativo.com\/stock11\/image\/2014\/Agosto\/22\/derrame-crudo.jpg\" data-fancybox-group=\"gallery\"><img loading=\"lazy\" decoding=\"async\" class=\"margen-right-10 margen-top-10 derecha\" src=\"http:\/\/www.planoinformativo.com\/stock11\/image\/2014\/Agosto\/22\/derrame-crudo.jpg\" width=\"390\" height=\"260\" \/><\/a><\/div>\n<div class=\"panel715x40 margen-top-10\"><\/div>\n<div id=\"contenido\" class=\"margen-top-10\">\n<p>Petr\u00f3leos Mexicanos (Pemex) inform\u00f3 que control\u00f3 un derrame de crudo generado por una toma clandestina detectada en la l\u00ednea 2 del oleoducto Madero-Cadereyta, tramo Nuevo Teapa-Madero-Gonz\u00e1lez, en el municipio de Gonz\u00e1lez.<\/p>\n<p>La representante regional de Comunicaci\u00f3n Social del distrito Tampico, Susana Lozano Ferral, inform\u00f3 que t\u00e9cnicos especializados del sector ductos de Madero de Pemex Refinaci\u00f3n controlaron el derrame de crudo.<\/p>\n<p>Se\u00f1al\u00f3 que los trabajadores de la empresa inhabilitaron la toma clandestina y suspendieron la operaci\u00f3n del ducto para proceder a su reparaci\u00f3n.<\/p>\n<p>El \u00e1rea jur\u00eddica de la paraestatal tom\u00f3 conocimiento de los hechos y present\u00f3 la denuncia respectiva ante el Ministerio P\u00fablico federal, para efectuar las averiguaciones correspondientes y deslindar responsabilidades.<\/p>\n<p>Refiri\u00f3 que la combinaci\u00f3n de esfuerzos internos guiados por el programa integral de combate al mercado il\u00edcito y la coordinaci\u00f3n con otras dependencias federales para proteger la red nacional de ductos y las instalaciones, ha permitido a Pemex detectar de forma oportuna este tipo de acciones il\u00edcitas.<\/p>\n<p>Lozano Ferral exhort\u00f3 a la comunidad en general a denunciar este tipo de hechos ilegales a trav\u00e9s de una l\u00ednea telef\u00f3nica en la que no se tiene que proporcionar la identidad.<\/p>\n<p>La fuga de petr\u00f3leo causada por una toma clandestina en un ducto de Petr\u00f3leos Mexicanos (Pemex) ha provocado la contaminaci\u00f3n del r\u00edo San Juan en el Estado mexicano de Nuevo Le\u00f3n (norte del pa\u00eds). El robo del hidrocarburo en el oleoducto Madero-Cadereyta fue detectado el domingo por las autoridades cuando el crudo ya se encontraba en el arroyo ubicado en una zona agr\u00edcola particularmente productiva. El derrame afecta unos 23 kil\u00f3metros del cauce, han informado las autoridades mexicanas.<\/p>\n<p><a href=\"http:\/\/planoinformativo.com\/nota\/id\/343088\/noticia\/derrame-de-petroleo-crudo-contamina-rio-en-tamaulipas.html\" rel=\"noopener\" target=\"_blank\">http:\/\/planoinformativo.com\/nota\/id\/343088\/noticia\/derrame-de-petroleo-crudo-contamina-rio-en-tamaulipas.html<\/a><\/p>\n<\/div>\n","protected":false},"excerpt":{"rendered":"<p>Pemex controla derrame de crudo en Gonz\u00e1lez, Tamaulipas. Petr\u00f3leos Mexicanos (Pemex) inform\u00f3 que control\u00f3 un derrame de crudo generado por una toma clandestina detectada en la l\u00ednea 2 del oleoducto &hellip; <a href=\"https:\/\/www.grieta.org.mx\/index.php\/2014\/08\/22\/derrame-de-petroleo-crudo-contamina-rio-en-tamaulipas\/\" class=\"more-link\">Leer m\u00e1s<\/a><\/p>\n","protected":false},"author":2,"featured_media":21928,"comment_status":"closed","ping_status":"closed","sticky":false,"template":"","format":"standard","meta":{"ngg_post_thumbnail":0,"_jetpack_newsletter_access":"","_jetpack_dont_email_post_to_subs":false,"_jetpack_newsletter_tier_id":0,"_jetpack_memberships_contains_paywalled_content":false,"_jetpack_memberships_contains_paid_content":false,"footnotes":""},"categories":[80,1963,2,33],"tags":[366,223,303],"class_list":["post-21202","post","type-post","status-publish","format-standard","has-post-thumbnail","hentry","category-cintillo","category-dannos-ambientales-por-industria-en-tamaulipas","category-noticias-nacionales","category-tamaulipas","tag-derrame","tag-ecocidio","tag-hidrocarburos","entry"],"jetpack_featured_media_url":"https:\/\/www.grieta.org.mx\/wp-content\/uploads\/2018\/03\/14524434_1106112876131411_958039263622046936_o.jpg","jetpack_sharing_enabled":true,"jetpack_shortlink":"https:\/\/wp.me\/p7ZJR4-5vY","jetpack_likes_enabled":false,"jetpack-related-posts":[{"id":6247,"url":"https:\/\/www.grieta.org.mx\/index.php\/2016\/07\/24\/danos-ambientales-y-a-la-salud-por-derrame-de-hidrocarburos-en-tabasco\/","url_meta":{"origin":21202,"position":0},"title":"Da\u00f1os ambientales y a la salud por derrames de aceites e  hidrocarburos en Tabasco","author":"grieta","date":"24 julio, 2016","format":false,"excerpt":"24\/07\/16. Minados 44 r\u00edos por 213 ductos de Pemex en TabascoDiario Presente 11\/04\/16. En los \u00faltimos 11 a\u00f1os, Pemex ocasion\u00f3 385 derrames de hidrocarburos en TabascoDiario Presente 27\/02\/16. \u201cAsfixia\u201d turbosina a Medell\u00ednTabasco Hoy 23\/01\/15. Cangrejera y Aquiles Serd\u00e1n vertederos de crudoTabasco Hoy 05\/01\/16. Reportan nuevo derrame de crudo en Mecoac\u00e1nTabasco\u2026","rel":"","context":"En &quot;Hidrocarburos&quot;","block_context":{"text":"Hidrocarburos","link":"https:\/\/www.grieta.org.mx\/index.php\/category\/megaproyectos\/hidrocarburos\/"},"img":{"alt_text":"","src":"https:\/\/i0.wp.com\/www.grieta.org.mx\/wp-content\/uploads\/2018\/03\/14524434_1106112876131411_958039263622046936_o.jpg?resize=350%2C200&ssl=1","width":350,"height":200,"srcset":"https:\/\/i0.wp.com\/www.grieta.org.mx\/wp-content\/uploads\/2018\/03\/14524434_1106112876131411_958039263622046936_o.jpg?resize=350%2C200&ssl=1 1x, https:\/\/i0.wp.com\/www.grieta.org.mx\/wp-content\/uploads\/2018\/03\/14524434_1106112876131411_958039263622046936_o.jpg?resize=525%2C300&ssl=1 1.5x, https:\/\/i0.wp.com\/www.grieta.org.mx\/wp-content\/uploads\/2018\/03\/14524434_1106112876131411_958039263622046936_o.jpg?resize=700%2C400&ssl=1 2x"},"classes":[]},{"id":6498,"url":"https:\/\/www.grieta.org.mx\/index.php\/2015\/02\/26\/nuevo-derrame-de-crudo-en-laguna-mecoacan-desata-ira-contra-pemex\/","url_meta":{"origin":21202,"position":1},"title":"Nuevo derrame de crudo en Laguna Mecoac\u00e1n desata ira contra PEMEX","author":"grieta","date":"26 febrero, 2015","format":false,"excerpt":"Redacci\u00f3n Reporteros del Sur VILLAHERMOSA, TAB\/ JUAN MANUEL DIEGO.- Pescadores bloquearon esta noche durante unos minutos la carretera Jalapita-El Bellote en la zona restaurantera de Para\u00edso, en protesta por un derrame de crudo proveniente de una l\u00ednea de Petr\u00f3leos Mexicanos (PEMEX) mar adentro y que se extendi\u00f3 a la Laguna\u2026","rel":"","context":"En &quot;CINTILLO&quot;","block_context":{"text":"CINTILLO","link":"https:\/\/www.grieta.org.mx\/index.php\/category\/cintillo\/"},"img":{"alt_text":"","src":"https:\/\/i0.wp.com\/www.grieta.org.mx\/wp-content\/uploads\/2018\/03\/14524434_1106112876131411_958039263622046936_o.jpg?resize=350%2C200&ssl=1","width":350,"height":200,"srcset":"https:\/\/i0.wp.com\/www.grieta.org.mx\/wp-content\/uploads\/2018\/03\/14524434_1106112876131411_958039263622046936_o.jpg?resize=350%2C200&ssl=1 1x, https:\/\/i0.wp.com\/www.grieta.org.mx\/wp-content\/uploads\/2018\/03\/14524434_1106112876131411_958039263622046936_o.jpg?resize=525%2C300&ssl=1 1.5x, https:\/\/i0.wp.com\/www.grieta.org.mx\/wp-content\/uploads\/2018\/03\/14524434_1106112876131411_958039263622046936_o.jpg?resize=700%2C400&ssl=1 2x"},"classes":[]},{"id":65273,"url":"https:\/\/www.grieta.org.mx\/index.php\/2022\/09\/17\/reportan-derrame-de-hidrocarburo-en-el-rio-panuco-tamaulipas\/","url_meta":{"origin":21202,"position":2},"title":"Reportan derrame de hidrocarburo en el r\u00edo P\u00e1nuco (Tamaulipas)","author":"grieta","date":"17 septiembre, 2022","format":false,"excerpt":"David Castellanos\/La Jornada San Luis Potos\u00ed 17 septiembre 2022 Tampico, Tam. Pescadores camaroneros de Tampico-Miramar y norte de Veracruz denunciaron un enorme derrame de hidrocarburo en la bocana del r\u00edo P\u00e1nuco con el Golfo de M\u00e9xico. Por m\u00e1s de 1 kil\u00f3metro de distancia, junto a la escollera de la playa\u2026","rel":"","context":"En &quot;CINTILLO&quot;","block_context":{"text":"CINTILLO","link":"https:\/\/www.grieta.org.mx\/index.php\/category\/cintillo\/"},"img":{"alt_text":"","src":"https:\/\/i0.wp.com\/www.grieta.org.mx\/wp-content\/uploads\/2022\/09\/derrame.webp?resize=350%2C200&ssl=1","width":350,"height":200,"srcset":"https:\/\/i0.wp.com\/www.grieta.org.mx\/wp-content\/uploads\/2022\/09\/derrame.webp?resize=350%2C200&ssl=1 1x, https:\/\/i0.wp.com\/www.grieta.org.mx\/wp-content\/uploads\/2022\/09\/derrame.webp?resize=525%2C300&ssl=1 1.5x"},"classes":[]},{"id":6370,"url":"https:\/\/www.grieta.org.mx\/index.php\/2016\/01\/23\/cangrejera-y-aquiles-serdan-vertederos-de-crudo\/","url_meta":{"origin":21202,"position":3},"title":"Cangrejera y Aquiles Serd\u00e1n vertederos de crudo","author":"grieta","date":"23 enero, 2016","format":false,"excerpt":"Rebeca Gonz\u00e1lez L\u00f3pez Aunque los manglares son capaces de adaptarse a distintos grados de salinidad, en dos comunidades de Huimanguillo, este ecosistema ha sido arrasado por el descuido de Petr\u00f3leos Mexicanos en el aseguramiento de sus ductos \u201cfuera de l\u00ednea\u201d. Y con esta devastaci\u00f3n, destruidas cientos de especies. Una amplia\u2026","rel":"","context":"En &quot;CINTILLO&quot;","block_context":{"text":"CINTILLO","link":"https:\/\/www.grieta.org.mx\/index.php\/category\/cintillo\/"},"img":{"alt_text":"","src":"https:\/\/i0.wp.com\/www.grieta.org.mx\/wp-content\/uploads\/2018\/03\/14524434_1106112876131411_958039263622046936_o.jpg?resize=350%2C200&ssl=1","width":350,"height":200,"srcset":"https:\/\/i0.wp.com\/www.grieta.org.mx\/wp-content\/uploads\/2018\/03\/14524434_1106112876131411_958039263622046936_o.jpg?resize=350%2C200&ssl=1 1x, https:\/\/i0.wp.com\/www.grieta.org.mx\/wp-content\/uploads\/2018\/03\/14524434_1106112876131411_958039263622046936_o.jpg?resize=525%2C300&ssl=1 1.5x, https:\/\/i0.wp.com\/www.grieta.org.mx\/wp-content\/uploads\/2018\/03\/14524434_1106112876131411_958039263622046936_o.jpg?resize=700%2C400&ssl=1 2x"},"classes":[]},{"id":37388,"url":"https:\/\/www.grieta.org.mx\/index.php\/2019\/08\/02\/en-cumuapa-se-extiende-derrame-de-crudo-tabasco\/","url_meta":{"origin":21202,"position":4},"title":"En Cumuapa se extiende derrame de crudo (Tabasco)","author":"grieta","date":"2 agosto, 2019","format":false,"excerpt":"Con las lluvias, el hidrocarburo se esparci\u00f3 y ha causado muerte de fauna y flora de ese ecosistema. Francisco Triano Coronel \/Tabasco HOY Cunduac\u00e1n, Tabasco Habitantes de la rancher\u00eda Cumuapa primera secci\u00f3n de esta demarcaci\u00f3n, denunciaron este d\u00eda que desde hace casi un mes existe una fuga de hidrocarburo en\u2026","rel":"","context":"En &quot;CINTILLO&quot;","block_context":{"text":"CINTILLO","link":"https:\/\/www.grieta.org.mx\/index.php\/category\/cintillo\/"},"img":{"alt_text":"","src":"https:\/\/i0.wp.com\/www.grieta.org.mx\/wp-content\/uploads\/2019\/08\/Cunduacan.jpg?resize=350%2C200&ssl=1","width":350,"height":200,"srcset":"https:\/\/i0.wp.com\/www.grieta.org.mx\/wp-content\/uploads\/2019\/08\/Cunduacan.jpg?resize=350%2C200&ssl=1 1x, https:\/\/i0.wp.com\/www.grieta.org.mx\/wp-content\/uploads\/2019\/08\/Cunduacan.jpg?resize=525%2C300&ssl=1 1.5x, https:\/\/i0.wp.com\/www.grieta.org.mx\/wp-content\/uploads\/2019\/08\/Cunduacan.jpg?resize=700%2C400&ssl=1 2x"},"classes":[]},{"id":6492,"url":"https:\/\/www.grieta.org.mx\/index.php\/2015\/02\/27\/descarta-pemex-derrame-de-hidrocarburo-en-la-laguna-de-mecoacan\/","url_meta":{"origin":21202,"position":5},"title":"Descarta Pemex derrame de hidrocarburo en la Laguna de Mecoac\u00e1n","author":"grieta","date":"27 febrero, 2015","format":false,"excerpt":"Armando Guzm\u00e1n VILLAHERMOSA, Tab. (apro).- Petr\u00f3leos Mexicanos (Pemex) inform\u00f3 que t\u00e9cnicos de la empresa no han detectado derrames en sus instalaciones, luego de que un grupo de pescadores denunci\u00f3 la presencia de manchas de hidrocarburo en la Laguna Mecoac\u00e1n, en el municipio de Para\u00edso, que pone en riesgo bancos ostr\u00edcolas\u2026","rel":"","context":"En &quot;CINTILLO&quot;","block_context":{"text":"CINTILLO","link":"https:\/\/www.grieta.org.mx\/index.php\/category\/cintillo\/"},"img":{"alt_text":"","src":"https:\/\/i0.wp.com\/www.grieta.org.mx\/wp-content\/uploads\/2018\/03\/14524434_1106112876131411_958039263622046936_o.jpg?resize=350%2C200&ssl=1","width":350,"height":200,"srcset":"https:\/\/i0.wp.com\/www.grieta.org.mx\/wp-content\/uploads\/2018\/03\/14524434_1106112876131411_958039263622046936_o.jpg?resize=350%2C200&ssl=1 1x, https:\/\/i0.wp.com\/www.grieta.org.mx\/wp-content\/uploads\/2018\/03\/14524434_1106112876131411_958039263622046936_o.jpg?resize=525%2C300&ssl=1 1.5x, https:\/\/i0.wp.com\/www.grieta.org.mx\/wp-content\/uploads\/2018\/03\/14524434_1106112876131411_958039263622046936_o.jpg?resize=700%2C400&ssl=1 2x"},"classes":[]}],"_links":{"self":[{"href":"https:\/\/www.grieta.org.mx\/index.php\/wp-json\/wp\/v2\/posts\/21202","targetHints":{"allow":["GET"]}}],"collection":[{"href":"https:\/\/www.grieta.org.mx\/index.php\/wp-json\/wp\/v2\/posts"}],"about":[{"href":"https:\/\/www.grieta.org.mx\/index.php\/wp-json\/wp\/v2\/types\/post"}],"author":[{"embeddable":true,"href":"https:\/\/www.grieta.org.mx\/index.php\/wp-json\/wp\/v2\/users\/2"}],"replies":[{"embeddable":true,"href":"https:\/\/www.grieta.org.mx\/index.php\/wp-json\/wp\/v2\/comments?post=21202"}],"version-history":[{"count":1,"href":"https:\/\/www.grieta.org.mx\/index.php\/wp-json\/wp\/v2\/posts\/21202\/revisions"}],"predecessor-version":[{"id":28437,"href":"https:\/\/www.grieta.org.mx\/index.php\/wp-json\/wp\/v2\/posts\/21202\/revisions\/28437"}],"wp:featuredmedia":[{"embeddable":true,"href":"https:\/\/www.grieta.org.mx\/index.php\/wp-json\/wp\/v2\/media\/21928"}],"wp:attachment":[{"href":"https:\/\/www.grieta.org.mx\/index.php\/wp-json\/wp\/v2\/media?parent=21202"}],"wp:term":[{"taxonomy":"category","embeddable":true,"href":"https:\/\/www.grieta.org.mx\/index.php\/wp-json\/wp\/v2\/categories?post=21202"},{"taxonomy":"post_tag","embeddable":true,"href":"https:\/\/www.grieta.org.mx\/index.php\/wp-json\/wp\/v2\/tags?post=21202"}],"curies":[{"name":"wp","href":"https:\/\/api.w.org\/{rel}","templated":true}]}}