{"id":21184,"date":"2016-09-05T19:52:01","date_gmt":"2016-09-06T00:52:01","guid":{"rendered":"http:\/\/www.grieta.org.mx\/?p=21184"},"modified":"2016-09-07T19:56:23","modified_gmt":"2016-09-08T00:56:23","slug":"se-manifiestan-jubilados-imss-contra-afore-banorte-colima","status":"publish","type":"post","link":"https:\/\/www.grieta.org.mx\/index.php\/2016\/09\/05\/se-manifiestan-jubilados-imss-contra-afore-banorte-colima\/","title":{"rendered":"Se manifiestan jubilados IMSS contra Afore Banorte (Colima)"},"content":{"rendered":"<p><img loading=\"lazy\" decoding=\"async\" data-attachment-id=\"21185\" data-permalink=\"https:\/\/www.grieta.org.mx\/index.php\/2016\/09\/05\/se-manifiestan-jubilados-imss-contra-afore-banorte-colima\/c1-2\/\" data-orig-file=\"https:\/\/www.grieta.org.mx\/wp-content\/uploads\/2016\/09\/c1.jpg\" data-orig-size=\"696,391\" data-comments-opened=\"0\" data-image-meta=\"{&quot;aperture&quot;:&quot;0&quot;,&quot;credit&quot;:&quot;&quot;,&quot;camera&quot;:&quot;&quot;,&quot;caption&quot;:&quot;&quot;,&quot;created_timestamp&quot;:&quot;0&quot;,&quot;copyright&quot;:&quot;&quot;,&quot;focal_length&quot;:&quot;0&quot;,&quot;iso&quot;:&quot;0&quot;,&quot;shutter_speed&quot;:&quot;0&quot;,&quot;title&quot;:&quot;&quot;,&quot;orientation&quot;:&quot;0&quot;}\" data-image-title=\"c1\" data-image-description=\"\" data-image-caption=\"\" data-medium-file=\"https:\/\/www.grieta.org.mx\/wp-content\/uploads\/2016\/09\/c1-300x169.jpg\" data-large-file=\"https:\/\/www.grieta.org.mx\/wp-content\/uploads\/2016\/09\/c1.jpg\" src=\"http:\/\/www.grieta.org.mx\/wp-content\/uploads\/2016\/09\/c1-300x169.jpg\" alt=\"c1\" width=\"300\" height=\"169\" class=\"aligncenter size-medium wp-image-21185\" srcset=\"https:\/\/www.grieta.org.mx\/wp-content\/uploads\/2016\/09\/c1-300x169.jpg 300w, https:\/\/www.grieta.org.mx\/wp-content\/uploads\/2016\/09\/c1.jpg 696w\" sizes=\"auto, (max-width: 300px) 100vw, 300px\" \/><\/p>\n<p>*No quiere seguir pagando el concepto de cesant\u00eda y vejez a 500 personas que tienen tambi\u00e9n cuentas desde 70 mil a 600 mil pesos por a\u00f1os de servicio.<\/p>\n<p>Oscar Cervantes|COLIMANOTICIAS<\/p>\n<p>Colima, Col.- M\u00e1s de cien jubilados del Instituto Mexicano del Seguro Social se manifestaron est\u00e1 ma\u00f1ana en las oficinas de Afore Banorte en la capital del estado, donde protestaron porque la instituci\u00f3n bancaria les cancel\u00f3 el pago que les corresponde por concepto de cesant\u00eda y vejez, as\u00ed como tambi\u00e9n el fondo por los a\u00f1os de servicio.<\/p>\n<p>Al respecto, una de las afectadas, Arcelia Velasco Rocha, revel\u00f3 que son m\u00e1s de 500 las personas que se les ha negado el pago \u201ccesant\u00eda y vejez\u201d, lo cual consideraron injusto.<\/p>\n<p><img loading=\"lazy\" decoding=\"async\" data-attachment-id=\"21186\" data-permalink=\"https:\/\/www.grieta.org.mx\/index.php\/2016\/09\/05\/se-manifiestan-jubilados-imss-contra-afore-banorte-colima\/c2-2\/\" data-orig-file=\"https:\/\/www.grieta.org.mx\/wp-content\/uploads\/2016\/09\/c2.jpg\" data-orig-size=\"300,169\" data-comments-opened=\"0\" data-image-meta=\"{&quot;aperture&quot;:&quot;0&quot;,&quot;credit&quot;:&quot;&quot;,&quot;camera&quot;:&quot;&quot;,&quot;caption&quot;:&quot;&quot;,&quot;created_timestamp&quot;:&quot;0&quot;,&quot;copyright&quot;:&quot;&quot;,&quot;focal_length&quot;:&quot;0&quot;,&quot;iso&quot;:&quot;0&quot;,&quot;shutter_speed&quot;:&quot;0&quot;,&quot;title&quot;:&quot;&quot;,&quot;orientation&quot;:&quot;0&quot;}\" data-image-title=\"c2\" data-image-description=\"\" data-image-caption=\"\" data-medium-file=\"https:\/\/www.grieta.org.mx\/wp-content\/uploads\/2016\/09\/c2-300x169.jpg\" data-large-file=\"https:\/\/www.grieta.org.mx\/wp-content\/uploads\/2016\/09\/c2.jpg\" src=\"http:\/\/www.grieta.org.mx\/wp-content\/uploads\/2016\/09\/c2-300x169.jpg\" alt=\"c2\" width=\"300\" height=\"169\" class=\"aligncenter size-medium wp-image-21186\" \/><\/p>\n<p>Se manifiestan jubilados IMSS contra Afore Banorte2\u201cTienen trabadas las cuentas, que no quieren entregar nuestros recursos que aportamos durante toda la vida laboral\u201d, lament\u00f3.<\/p>\n<p>Sostuvo que no dejar\u00e1n entrar al personal de esta oficina hasta obtener una respuesta positiva sobre el destino de su dinero, ya que hay cuentas de 70 mil pesos hasta 600 mil pesos.<\/p>\n<p>\u201cBanorte compr\u00f3 el AFORE 21 y se est\u00e1n amparando y no entregarlo, en todo caso una miseria y el resto d\u00e1rselo al gobierno federal, pero el que se friega es el trabajador\u201d, apunt\u00f3.<\/p>\n<p>En ese sentido, indic\u00f3 que en la manifestaci\u00f3n acudieron 121 trabajadores pero son m\u00e1s de 500 afectados. \u201cBanorte en contubernio con gobierno federal decide ya no pagar las cuentas, dice Afore que no lo entregar\u00e1 porque lo tiene el gobierno\u201d, puntualiz\u00f3.<\/p>\n<p>Arcelia Velasco cuestion\u00f3 por qu\u00e9 el gobierno federal quiere adue\u00f1arse con estos recursos econ\u00f3micos, y revel\u00f3 que son 17 estados del pa\u00eds que est\u00e1n tomando las oficinas de AFORE Banorte.<\/p>\n<div data-carousel-extra='{&quot;blog_id&quot;:1,&quot;permalink&quot;:&quot;https:\/\/www.grieta.org.mx\/index.php\/2016\/09\/05\/se-manifiestan-jubilados-imss-contra-afore-banorte-colima\/&quot;}' id='gallery-1' class='gallery galleryid-21184 gallery-columns-3 gallery-size-thumbnail'><figure class='gallery-item'>\n\t\t\t<div class='gallery-icon landscape'>\n\t\t\t\t<a href='https:\/\/www.grieta.org.mx\/index.php\/2016\/09\/05\/se-manifiestan-jubilados-imss-contra-afore-banorte-colima\/c4-3\/'><img loading=\"lazy\" decoding=\"async\" width=\"150\" height=\"150\" src=\"https:\/\/www.grieta.org.mx\/wp-content\/uploads\/2016\/09\/c4.jpg\" class=\"attachment-thumbnail size-thumbnail\" alt=\"\" data-attachment-id=\"21188\" data-permalink=\"https:\/\/www.grieta.org.mx\/index.php\/2016\/09\/05\/se-manifiestan-jubilados-imss-contra-afore-banorte-colima\/c4-3\/\" data-orig-file=\"https:\/\/www.grieta.org.mx\/wp-content\/uploads\/2016\/09\/c4.jpg\" data-orig-size=\"150,150\" data-comments-opened=\"0\" data-image-meta=\"{&quot;aperture&quot;:&quot;0&quot;,&quot;credit&quot;:&quot;&quot;,&quot;camera&quot;:&quot;&quot;,&quot;caption&quot;:&quot;&quot;,&quot;created_timestamp&quot;:&quot;0&quot;,&quot;copyright&quot;:&quot;&quot;,&quot;focal_length&quot;:&quot;0&quot;,&quot;iso&quot;:&quot;0&quot;,&quot;shutter_speed&quot;:&quot;0&quot;,&quot;title&quot;:&quot;&quot;,&quot;orientation&quot;:&quot;0&quot;}\" data-image-title=\"c4\" data-image-description=\"\" data-image-caption=\"\" data-medium-file=\"https:\/\/www.grieta.org.mx\/wp-content\/uploads\/2016\/09\/c4.jpg\" data-large-file=\"https:\/\/www.grieta.org.mx\/wp-content\/uploads\/2016\/09\/c4.jpg\" \/><\/a>\n\t\t\t<\/div><\/figure><figure class='gallery-item'>\n\t\t\t<div class='gallery-icon landscape'>\n\t\t\t\t<a href='https:\/\/www.grieta.org.mx\/index.php\/2016\/09\/05\/se-manifiestan-jubilados-imss-contra-afore-banorte-colima\/c3-2\/'><img loading=\"lazy\" decoding=\"async\" width=\"150\" height=\"150\" src=\"https:\/\/www.grieta.org.mx\/wp-content\/uploads\/2016\/09\/c3.jpg\" class=\"attachment-thumbnail size-thumbnail\" alt=\"\" data-attachment-id=\"21187\" data-permalink=\"https:\/\/www.grieta.org.mx\/index.php\/2016\/09\/05\/se-manifiestan-jubilados-imss-contra-afore-banorte-colima\/c3-2\/\" data-orig-file=\"https:\/\/www.grieta.org.mx\/wp-content\/uploads\/2016\/09\/c3.jpg\" data-orig-size=\"150,150\" data-comments-opened=\"0\" data-image-meta=\"{&quot;aperture&quot;:&quot;0&quot;,&quot;credit&quot;:&quot;&quot;,&quot;camera&quot;:&quot;&quot;,&quot;caption&quot;:&quot;&quot;,&quot;created_timestamp&quot;:&quot;0&quot;,&quot;copyright&quot;:&quot;&quot;,&quot;focal_length&quot;:&quot;0&quot;,&quot;iso&quot;:&quot;0&quot;,&quot;shutter_speed&quot;:&quot;0&quot;,&quot;title&quot;:&quot;&quot;,&quot;orientation&quot;:&quot;0&quot;}\" data-image-title=\"c3\" data-image-description=\"\" data-image-caption=\"\" data-medium-file=\"https:\/\/www.grieta.org.mx\/wp-content\/uploads\/2016\/09\/c3.jpg\" data-large-file=\"https:\/\/www.grieta.org.mx\/wp-content\/uploads\/2016\/09\/c3.jpg\" \/><\/a>\n\t\t\t<\/div><\/figure>\n\t\t<\/div>\n\n<p><a href=\"http:\/\/colimanoticias.com\/se-manifiestan-jubilados-imss-contra-afore-banorte\/\" target=\"_blank\">http:\/\/colimanoticias.com\/se-manifiestan-jubilados-imss-contra-afore-banorte\/<\/a><\/p>\n","protected":false},"excerpt":{"rendered":"<p>*No quiere seguir pagando el concepto de cesant\u00eda y vejez a 500 personas que tienen tambi\u00e9n cuentas desde 70 mil a 600 mil pesos por a\u00f1os de servicio. Oscar Cervantes|COLIMANOTICIAS &hellip; <a href=\"https:\/\/www.grieta.org.mx\/index.php\/2016\/09\/05\/se-manifiestan-jubilados-imss-contra-afore-banorte-colima\/\" class=\"more-link\">Leer m\u00e1s<\/a><\/p>\n","protected":false},"author":2,"featured_media":21928,"comment_status":"closed","ping_status":"closed","sticky":false,"template":"","format":"standard","meta":{"ngg_post_thumbnail":0,"_jetpack_newsletter_access":"","_jetpack_dont_email_post_to_subs":false,"_jetpack_newsletter_tier_id":0,"_jetpack_memberships_contains_paywalled_content":false,"_jetpack_memberships_contains_paid_content":false,"footnotes":""},"categories":[80,108],"tags":[105],"class_list":["post-21184","post","type-post","status-publish","format-standard","has-post-thumbnail","hentry","category-cintillo","category-colima","tag-derechos-laborales","entry"],"jetpack_featured_media_url":"https:\/\/www.grieta.org.mx\/wp-content\/uploads\/2018\/03\/14524434_1106112876131411_958039263622046936_o.jpg","jetpack_sharing_enabled":true,"jetpack_shortlink":"https:\/\/wp.me\/p7ZJR4-5vG","jetpack_likes_enabled":false,"jetpack-related-posts":[{"id":65458,"url":"https:\/\/www.grieta.org.mx\/index.php\/2022\/10\/04\/exigen-jubilados-del-imss-que-gobierno-federal-les-regrese-ahorros-del-afore\/","url_meta":{"origin":21184,"position":0},"title":"Exigen jubilados del IMSS que Gobierno federal les regrese ahorros del Afore","author":"grieta","date":"4 octubre, 2022","format":false,"excerpt":"imagen: El Comentario Jubilados del\u00a0Instituto Mexicano del Seguro Social\u00a0(IMSS) se manifestaron en contra de la Afore Siglo XXI de Banorte, a quien acusan de no entregarles sus ahorros del rubro de \u201cCesant\u00eda y vejez\u201d, afectando a m\u00e1s de mil\u00a0trabajadores colimenses, aunque a nivel nacional ser\u00edan m\u00e1s de 90 mil. Los\u2026","rel":"","context":"En &quot;CINTILLO&quot;","block_context":{"text":"CINTILLO","link":"https:\/\/www.grieta.org.mx\/index.php\/category\/cintillo\/"},"img":{"alt_text":"","src":"https:\/\/i0.wp.com\/www.grieta.org.mx\/wp-content\/uploads\/2022\/10\/LOCAL-8-780x470-1.jpg?resize=350%2C200&ssl=1","width":350,"height":200,"srcset":"https:\/\/i0.wp.com\/www.grieta.org.mx\/wp-content\/uploads\/2022\/10\/LOCAL-8-780x470-1.jpg?resize=350%2C200&ssl=1 1x, https:\/\/i0.wp.com\/www.grieta.org.mx\/wp-content\/uploads\/2022\/10\/LOCAL-8-780x470-1.jpg?resize=525%2C300&ssl=1 1.5x, https:\/\/i0.wp.com\/www.grieta.org.mx\/wp-content\/uploads\/2022\/10\/LOCAL-8-780x470-1.jpg?resize=700%2C400&ssl=1 2x"},"classes":[]},{"id":58835,"url":"https:\/\/www.grieta.org.mx\/index.php\/2021\/04\/13\/exigen-jubilados-y-trabajadores-en-activo-del-imss-que-se-les-regrese-el-ahorro-de-cesantia-y-vejez-jalisco\/","url_meta":{"origin":21184,"position":1},"title":"Exigen jubilados y trabajadores en activo del IMSS que se les regrese el ahorro de cesant\u00eda y vejez (Jalisco)","author":"grieta","date":"13 abril, 2021","format":false,"excerpt":"Foto: Aurelio Maga\u00f1a Rosario Bare\u00f1o \/ El Occidental Trabajadores en activo y jubilados del Instituto Mexicano del Seguro Social (IMSS) se manifestaron frente a Expo Guadalajara. En el lugar, se desarrolla la reuni\u00f3n del Consejo Nacional del Sindicato de Trabajadores del IMSS y l\u00edderes sindicales de seccionales, en la que\u2026","rel":"","context":"En &quot;CINTILLO&quot;","block_context":{"text":"CINTILLO","link":"https:\/\/www.grieta.org.mx\/index.php\/category\/cintillo\/"},"img":{"alt_text":"","src":"https:\/\/i0.wp.com\/www.grieta.org.mx\/wp-content\/uploads\/2021\/04\/Jubilados.jpeg?resize=350%2C200&ssl=1","width":350,"height":200,"srcset":"https:\/\/i0.wp.com\/www.grieta.org.mx\/wp-content\/uploads\/2021\/04\/Jubilados.jpeg?resize=350%2C200&ssl=1 1x, https:\/\/i0.wp.com\/www.grieta.org.mx\/wp-content\/uploads\/2021\/04\/Jubilados.jpeg?resize=525%2C300&ssl=1 1.5x, https:\/\/i0.wp.com\/www.grieta.org.mx\/wp-content\/uploads\/2021\/04\/Jubilados.jpeg?resize=700%2C400&ssl=1 2x"},"classes":[]},{"id":18476,"url":"https:\/\/www.grieta.org.mx\/index.php\/2016\/09\/05\/conflictos-laborales-en-colima\/","url_meta":{"origin":21184,"position":2},"title":"Conflictos laborales en Colima","author":"grieta","date":"5 septiembre, 2016","format":false,"excerpt":"05\/09\/16. Se manifiestan jubilados IMSS contra Afore BanorteColima Noticias 28\/07\/16. En 5 a\u00f1os Colima no tendr\u00e1 para pagar pensiones y jubilaciones: AregionalDiario Avanzada","rel":"","context":"En &quot;Colima&quot;","block_context":{"text":"Colima","link":"https:\/\/www.grieta.org.mx\/index.php\/category\/noticias-nacionales\/colima\/"},"img":{"alt_text":"","src":"https:\/\/i0.wp.com\/www.grieta.org.mx\/wp-content\/uploads\/2018\/03\/14524434_1106112876131411_958039263622046936_o.jpg?resize=350%2C200&ssl=1","width":350,"height":200,"srcset":"https:\/\/i0.wp.com\/www.grieta.org.mx\/wp-content\/uploads\/2018\/03\/14524434_1106112876131411_958039263622046936_o.jpg?resize=350%2C200&ssl=1 1x, https:\/\/i0.wp.com\/www.grieta.org.mx\/wp-content\/uploads\/2018\/03\/14524434_1106112876131411_958039263622046936_o.jpg?resize=525%2C300&ssl=1 1.5x, https:\/\/i0.wp.com\/www.grieta.org.mx\/wp-content\/uploads\/2018\/03\/14524434_1106112876131411_958039263622046936_o.jpg?resize=700%2C400&ssl=1 2x"},"classes":[]},{"id":59627,"url":"https:\/\/www.grieta.org.mx\/index.php\/2021\/05\/29\/jubilados-del-imss-exigen-pago-de-afore-nayarit\/","url_meta":{"origin":21184,"position":3},"title":"Jubilados del IMSS exigen pago de Afore (Nayarit)","author":"grieta","date":"29 mayo, 2021","format":false,"excerpt":"Foto: Realidades de Nayarit 80 mil trabajadores jubilados y pensionados del pa\u00eds que a\u00fan no\u00a0 pueden recuperar ese dinero Ver\u00f3nica Ram\u00edrez \/ Realidades de Nayarit Tepic, Nayarit.- S\u00e1bado 29 de mayo del 2021.- Trabajadores jubilados y pensionados del IMSS exigen al Gobierno Federal,\u00a0 les pague lo correspondiente al\u00a0 \u00a0Afore\u00a0 que\u2026","rel":"","context":"En &quot;CINTILLO&quot;","block_context":{"text":"CINTILLO","link":"https:\/\/www.grieta.org.mx\/index.php\/category\/cintillo\/"},"img":{"alt_text":"","src":"https:\/\/i0.wp.com\/www.grieta.org.mx\/wp-content\/uploads\/2021\/05\/jubilados-768x479-1.jpg?resize=350%2C200&ssl=1","width":350,"height":200,"srcset":"https:\/\/i0.wp.com\/www.grieta.org.mx\/wp-content\/uploads\/2021\/05\/jubilados-768x479-1.jpg?resize=350%2C200&ssl=1 1x, https:\/\/i0.wp.com\/www.grieta.org.mx\/wp-content\/uploads\/2021\/05\/jubilados-768x479-1.jpg?resize=525%2C300&ssl=1 1.5x, https:\/\/i0.wp.com\/www.grieta.org.mx\/wp-content\/uploads\/2021\/05\/jubilados-768x479-1.jpg?resize=700%2C400&ssl=1 2x"},"classes":[]},{"id":1049,"url":"https:\/\/www.grieta.org.mx\/index.php\/2015\/12\/07\/jubilados-y-pensionados-del-imss-se-manifiestan\/","url_meta":{"origin":21184,"position":4},"title":"Jubilados y pensionados del IMSS se manifiestan","author":"grieta","date":"7 diciembre, 2015","format":false,"excerpt":"Redacci\u00f3n El Debate, Sinaloa Culiac\u00e1n.- Jubilados y pensionados del IMSS tomaron las oficinas de la dependencia Afore 21 del banco Banorte manifestando su inconformidad del pago de los laudos condenatorios que por ley les pertenece. Los manifestantes aseguran, tienen alrededor de 3 a\u00f1os sin recibir este monto y dicen, la\u2026","rel":"","context":"En &quot;CINTILLO&quot;","block_context":{"text":"CINTILLO","link":"https:\/\/www.grieta.org.mx\/index.php\/category\/cintillo\/"},"img":{"alt_text":"","src":"https:\/\/i0.wp.com\/www.grieta.org.mx\/wp-content\/uploads\/2018\/03\/14524434_1106112876131411_958039263622046936_o.jpg?resize=350%2C200&ssl=1","width":350,"height":200,"srcset":"https:\/\/i0.wp.com\/www.grieta.org.mx\/wp-content\/uploads\/2018\/03\/14524434_1106112876131411_958039263622046936_o.jpg?resize=350%2C200&ssl=1 1x, https:\/\/i0.wp.com\/www.grieta.org.mx\/wp-content\/uploads\/2018\/03\/14524434_1106112876131411_958039263622046936_o.jpg?resize=525%2C300&ssl=1 1.5x, https:\/\/i0.wp.com\/www.grieta.org.mx\/wp-content\/uploads\/2018\/03\/14524434_1106112876131411_958039263622046936_o.jpg?resize=700%2C400&ssl=1 2x"},"classes":[]},{"id":1045,"url":"https:\/\/www.grieta.org.mx\/index.php\/2015\/12\/08\/exigen-jubilados-del-imss-pago-de-sus-ahorros-a-afore-siglo-xxi\/","url_meta":{"origin":21184,"position":5},"title":"Exigen jubilados del IMSS pago de sus ahorros a Afore siglo XXI","author":"grieta","date":"8 diciembre, 2015","format":false,"excerpt":"Rogelio F\u00e9lix, Sinaloa Por tercera ocasi\u00f3n, jubilados y pensionados del Instituto Mexicano del Seguro Social se manifestaron en las oficinas de Afore Banorte Siglo XXI para exigir el pago de sus ahorros que les corresponden y que demandan desde hace varios a\u00f1os. Los inconformes pidieron la intervenci\u00f3n de su dirigente\u2026","rel":"","context":"En &quot;CINTILLO&quot;","block_context":{"text":"CINTILLO","link":"https:\/\/www.grieta.org.mx\/index.php\/category\/cintillo\/"},"img":{"alt_text":"","src":"https:\/\/i0.wp.com\/www.grieta.org.mx\/wp-content\/uploads\/2018\/03\/14524434_1106112876131411_958039263622046936_o.jpg?resize=350%2C200&ssl=1","width":350,"height":200,"srcset":"https:\/\/i0.wp.com\/www.grieta.org.mx\/wp-content\/uploads\/2018\/03\/14524434_1106112876131411_958039263622046936_o.jpg?resize=350%2C200&ssl=1 1x, https:\/\/i0.wp.com\/www.grieta.org.mx\/wp-content\/uploads\/2018\/03\/14524434_1106112876131411_958039263622046936_o.jpg?resize=525%2C300&ssl=1 1.5x, https:\/\/i0.wp.com\/www.grieta.org.mx\/wp-content\/uploads\/2018\/03\/14524434_1106112876131411_958039263622046936_o.jpg?resize=700%2C400&ssl=1 2x"},"classes":[]}],"_links":{"self":[{"href":"https:\/\/www.grieta.org.mx\/index.php\/wp-json\/wp\/v2\/posts\/21184","targetHints":{"allow":["GET"]}}],"collection":[{"href":"https:\/\/www.grieta.org.mx\/index.php\/wp-json\/wp\/v2\/posts"}],"about":[{"href":"https:\/\/www.grieta.org.mx\/index.php\/wp-json\/wp\/v2\/types\/post"}],"author":[{"embeddable":true,"href":"https:\/\/www.grieta.org.mx\/index.php\/wp-json\/wp\/v2\/users\/2"}],"replies":[{"embeddable":true,"href":"https:\/\/www.grieta.org.mx\/index.php\/wp-json\/wp\/v2\/comments?post=21184"}],"version-history":[{"count":1,"href":"https:\/\/www.grieta.org.mx\/index.php\/wp-json\/wp\/v2\/posts\/21184\/revisions"}],"predecessor-version":[{"id":21189,"href":"https:\/\/www.grieta.org.mx\/index.php\/wp-json\/wp\/v2\/posts\/21184\/revisions\/21189"}],"wp:featuredmedia":[{"embeddable":true,"href":"https:\/\/www.grieta.org.mx\/index.php\/wp-json\/wp\/v2\/media\/21928"}],"wp:attachment":[{"href":"https:\/\/www.grieta.org.mx\/index.php\/wp-json\/wp\/v2\/media?parent=21184"}],"wp:term":[{"taxonomy":"category","embeddable":true,"href":"https:\/\/www.grieta.org.mx\/index.php\/wp-json\/wp\/v2\/categories?post=21184"},{"taxonomy":"post_tag","embeddable":true,"href":"https:\/\/www.grieta.org.mx\/index.php\/wp-json\/wp\/v2\/tags?post=21184"}],"curies":[{"name":"wp","href":"https:\/\/api.w.org\/{rel}","templated":true}]}}