{"id":21151,"date":"2016-08-26T14:13:33","date_gmt":"2016-08-26T19:13:33","guid":{"rendered":"http:\/\/www.grieta.org.mx\/?p=21151"},"modified":"2016-09-14T23:14:40","modified_gmt":"2016-09-15T04:14:40","slug":"veda-a-pescadores-en-golfo-de-ulloa-relacionada-con-consecion-a-mineria-submarina","status":"publish","type":"post","link":"https:\/\/www.grieta.org.mx\/index.php\/2016\/08\/26\/veda-a-pescadores-en-golfo-de-ulloa-relacionada-con-consecion-a-mineria-submarina\/","title":{"rendered":"Veda a pescadores en Golfo de Ulloa relacionada con concesi\u00f3n a proyecto de miner\u00eda submarina Don Diego"},"content":{"rendered":"<p><strong>26\/08\/16. <\/strong><a href=\"http:\/\/www.grieta.org.mx\/index.php\/2016\/08\/26\/veda-en-golfo-de-ulloa-es-para-establecer-minera-submarina-don-diego-asegura-victor-castro\/\">Veda en golfo de Ulloa es para establecer minera submarina Don Diego, asegura V\u00edctor Castro<\/a><br \/>\n<em>BCS Noticias<\/em><\/p>\n<p><strong>18\/08\/16. <\/strong><a href=\"http:\/\/www.grieta.org.mx\/index.php\/2016\/08\/18\/pescadores-del-golfo-de-ulloa-se-amparan-ante-sagarpa-por-veda-de-pesca-en-comondu\/\">Pescadores del Golfo de Ulloa se amparan ante Sagarpa por veda de pesca en Comond\u00fa<\/a><br \/>\n<em>BCS Noticias<\/em><\/p>\n<hr \/>\n<p>Empresa minera (Minera Don Diego) busca extraer minerales del oc\u00e9ano<\/p>\n<hr \/>\n<p><strong>03\/06\/16. <\/strong><a href=\"http:\/\/www.grieta.org.mx\/index.php\/2016\/06\/03\/mexico-el-pais-con-mas-conflictos-mineros-en-america-latina\/\">M\u00e9xico, el pa\u00eds con m\u00e1s conflictos mineros en Am\u00e9rica Latina<\/a><br \/>\n<em>Forbes<\/em><\/p>\n<p><strong>12\/05\/16. <\/strong><a href=\"http:\/\/www.grieta.org.mx\/index.php\/2016\/05\/12\/minera-don-diego-intentara-por-tercera-vez-dragar-el-fosfato-del-mar-baja-california-sur\/\">Minera Don Diego intentar\u00e1 por tercera vez dragar el fosfato del mar (Baja California Sur)<\/a><br \/>\n<em>BCS Noticias<\/em><\/p>\n<p><strong>12\/05\/16. <\/strong><a href=\"http:\/\/www.grieta.org.mx\/index.php\/2016\/05\/12\/minera-submarina-don-diego-insiste-en-dragar-el-fondo-marino-de-bcs\/\">Minera submarina \u2018Don Diego\u2019 insiste en dragar el fondo marino de BCS<\/a><br \/>\n<em>SDP Noticias<\/em><\/p>\n<p><strong>09\/09\/15. <\/strong><a href=\"http:\/\/www.grieta.org.mx\/index.php\/2015\/09\/09\/la-mineria-marina-un-peligro-para-el-ambiente-en-baja-california-sur\/\">La miner\u00eda marina, un peligro para el ambiente en Baja California Sur<\/a><br \/>\n<em>La Jornada<\/em><\/p>\n<p><strong>20\/04\/15. <\/strong><a href=\"http:\/\/www.grieta.org.mx\/index.php\/2015\/04\/20\/la-criminalizacion-del-periodismo-en-baja-california-sur\/\">La criminalizaci\u00f3n del periodismo en Baja California Sur<\/a><br \/>\n<em>Contral\u00ednea<\/em><\/p>\n<p><strong>04\/03\/15. <\/strong><a href=\"http:\/\/www.grieta.org.mx\/index.php\/2015\/03\/04\/demanda-empresa-de-mineria-submarina-a-reportero\/\">Demanda empresa de miner\u00eda submarina a reportero<\/a><br \/>\n<em>Peninsular Digital<\/em><\/p>\n<p><strong>04\/03\/15. <\/strong><a href=\"http:\/\/www.grieta.org.mx\/index.php\/2015\/03\/04\/minera-marina-se-ubica-en-area-que-semarnat-destinaria-para-proteccion-de-caguama\/\">Minera marina se ubica en \u00e1rea que Semarnat destinar\u00eda para protecci\u00f3n de caguama<\/a><br \/>\n<em>BCS Noticias<\/em><\/p>\n<p><strong>03\/02\/15. <\/strong><a href=\"http:\/\/www.grieta.org.mx\/index.php\/2015\/02\/03\/extraeran-en-mexico-minerales-del-oceano\/\">Extraer\u00e1n en M\u00e9xico minerales del oc\u00e9ano<\/a><br \/>\n<em>El Golfo Info<\/em><\/p>\n<p><strong>03\/02\/15. <\/strong><a href=\"http:\/\/www.grieta.org.mx\/index.php\/2015\/02\/03\/la-ballena-podria-modificar-su-ruta-de-iniciar-operaciones-la-mineria-marina-en-comondu\/\">La ballena podr\u00eda modificar su ruta de iniciar operaciones la miner\u00eda marina en Comond\u00fa<\/a><br \/>\n<em>BCS Noticias<\/em><\/p>\n","protected":false},"excerpt":{"rendered":"<p>26\/08\/16. Veda en golfo de Ulloa es para establecer minera submarina Don Diego, asegura V\u00edctor Castro BCS Noticias 18\/08\/16. Pescadores del Golfo de Ulloa se amparan ante Sagarpa por veda &hellip; <a href=\"https:\/\/www.grieta.org.mx\/index.php\/2016\/08\/26\/veda-a-pescadores-en-golfo-de-ulloa-relacionada-con-consecion-a-mineria-submarina\/\" class=\"more-link\">Leer m\u00e1s<\/a><\/p>\n","protected":false},"author":2,"featured_media":21928,"comment_status":"closed","ping_status":"closed","sticky":false,"template":"","format":"standard","meta":{"ngg_post_thumbnail":0,"_jetpack_newsletter_access":"","_jetpack_dont_email_post_to_subs":false,"_jetpack_newsletter_tier_id":0,"_jetpack_memberships_contains_paywalled_content":false,"_jetpack_memberships_contains_paid_content":false,"footnotes":""},"categories":[10],"tags":[],"class_list":["post-21151","post","type-post","status-publish","format-standard","has-post-thumbnail","hentry","category-baja-california-sur","entry"],"jetpack_featured_media_url":"https:\/\/www.grieta.org.mx\/wp-content\/uploads\/2018\/03\/14524434_1106112876131411_958039263622046936_o.jpg","jetpack_sharing_enabled":true,"jetpack_shortlink":"https:\/\/wp.me\/p7ZJR4-5v9","jetpack_likes_enabled":false,"jetpack-related-posts":[{"id":21144,"url":"https:\/\/www.grieta.org.mx\/index.php\/2016\/08\/26\/veda-en-golfo-de-ulloa-es-para-establecer-minera-submarina-don-diego-asegura-victor-castro\/","url_meta":{"origin":21151,"position":0},"title":"Veda en golfo de Ulloa es para establecer minera submarina Don Diego, asegura V\u00edctor Castro","author":"grieta","date":"26 agosto, 2016","format":false,"excerpt":"a Paz, Baja California Sur (BCS). El coordinador de Comit\u00e9s Municipales del Movimiento de Regeneraci\u00f3n Nacional (Morena) en Baja California Sur, V\u00edctor Castro Cos\u00edo, asever\u00f3 que el \u00fanico inter\u00e9s de imponer la veda a los pescadores del Golfo de Ulloa es el establecimiento de la minera submarina \u2018Don Diego\u2019. \u201cQuiero\u2026","rel":"","context":"En &quot;CINTILLO&quot;","block_context":{"text":"CINTILLO","link":"https:\/\/www.grieta.org.mx\/index.php\/category\/cintillo\/"},"img":{"alt_text":"","src":"https:\/\/i0.wp.com\/www.grieta.org.mx\/wp-content\/uploads\/2018\/03\/14524434_1106112876131411_958039263622046936_o.jpg?resize=350%2C200&ssl=1","width":350,"height":200,"srcset":"https:\/\/i0.wp.com\/www.grieta.org.mx\/wp-content\/uploads\/2018\/03\/14524434_1106112876131411_958039263622046936_o.jpg?resize=350%2C200&ssl=1 1x, https:\/\/i0.wp.com\/www.grieta.org.mx\/wp-content\/uploads\/2018\/03\/14524434_1106112876131411_958039263622046936_o.jpg?resize=525%2C300&ssl=1 1.5x, https:\/\/i0.wp.com\/www.grieta.org.mx\/wp-content\/uploads\/2018\/03\/14524434_1106112876131411_958039263622046936_o.jpg?resize=700%2C400&ssl=1 2x"},"classes":[]},{"id":21154,"url":"https:\/\/www.grieta.org.mx\/index.php\/2016\/05\/12\/minera-submarina-don-diego-insiste-en-dragar-el-fondo-marino-de-bcs\/","url_meta":{"origin":21151,"position":1},"title":"Minera submarina \u2018Don Diego\u2019 insiste en dragar el fondo marino de BCS","author":"grieta","date":"12 mayo, 2016","format":false,"excerpt":"La informaci\u00f3n apareci\u00f3 en Seekingalpha.com, portal especializado en temas de negocios e inversiones de todo tipo. La Paz, BCS. Exploraciones Oce\u00e1nicas (filial de Oddysser Marine Exploration) y Altos Hornos de M\u00e9xico anunciaron que volver\u00e1n elaborar, por tercera vez, una manifestaci\u00f3n de impacto ambiental para conseguir la autorizaci\u00f3n a su proyecto\u2026","rel":"","context":"En &quot;CINTILLO&quot;","block_context":{"text":"CINTILLO","link":"https:\/\/www.grieta.org.mx\/index.php\/category\/cintillo\/"},"img":{"alt_text":"","src":"https:\/\/i0.wp.com\/www.grieta.org.mx\/wp-content\/uploads\/2018\/03\/14524434_1106112876131411_958039263622046936_o.jpg?resize=350%2C200&ssl=1","width":350,"height":200,"srcset":"https:\/\/i0.wp.com\/www.grieta.org.mx\/wp-content\/uploads\/2018\/03\/14524434_1106112876131411_958039263622046936_o.jpg?resize=350%2C200&ssl=1 1x, https:\/\/i0.wp.com\/www.grieta.org.mx\/wp-content\/uploads\/2018\/03\/14524434_1106112876131411_958039263622046936_o.jpg?resize=525%2C300&ssl=1 1.5x, https:\/\/i0.wp.com\/www.grieta.org.mx\/wp-content\/uploads\/2018\/03\/14524434_1106112876131411_958039263622046936_o.jpg?resize=700%2C400&ssl=1 2x"},"classes":[]},{"id":12388,"url":"https:\/\/www.grieta.org.mx\/index.php\/2016\/05\/12\/minera-don-diego-intentara-por-tercera-vez-dragar-el-fosfato-del-mar-baja-california-sur\/","url_meta":{"origin":21151,"position":2},"title":"Minera Don Diego intentar\u00e1 por tercera vez dragar el fosfato del mar (Baja California Sur)","author":"grieta","date":"12 mayo, 2016","format":false,"excerpt":"Por Redacci\u00f3n, BCS NOticias La Paz, Baja California Sur (BCS). La empresa denominada Exploraciones Oce\u00e1nicas (filial de Oddysser Marine Exploration), en conjunto con Altos Hornos de M\u00e9xico anunciaron que, por tercera vez, elaborar\u00e1n una manifestaci\u00f3n de impacto ambiental para conseguir la autorizaci\u00f3n para dragar las aguas sudcalifornianas, a trav\u00e9s su\u2026","rel":"","context":"En &quot;CINTILLO&quot;","block_context":{"text":"CINTILLO","link":"https:\/\/www.grieta.org.mx\/index.php\/category\/cintillo\/"},"img":{"alt_text":"","src":"https:\/\/i0.wp.com\/www.grieta.org.mx\/wp-content\/uploads\/2018\/03\/14524434_1106112876131411_958039263622046936_o.jpg?resize=350%2C200&ssl=1","width":350,"height":200,"srcset":"https:\/\/i0.wp.com\/www.grieta.org.mx\/wp-content\/uploads\/2018\/03\/14524434_1106112876131411_958039263622046936_o.jpg?resize=350%2C200&ssl=1 1x, https:\/\/i0.wp.com\/www.grieta.org.mx\/wp-content\/uploads\/2018\/03\/14524434_1106112876131411_958039263622046936_o.jpg?resize=525%2C300&ssl=1 1.5x, https:\/\/i0.wp.com\/www.grieta.org.mx\/wp-content\/uploads\/2018\/03\/14524434_1106112876131411_958039263622046936_o.jpg?resize=700%2C400&ssl=1 2x"},"classes":[]},{"id":21147,"url":"https:\/\/www.grieta.org.mx\/index.php\/2016\/05\/12\/minera-don-diego-intentara-por-tercera-vez-dragar-el-fosfato-del-mar-baja-california-sur-2\/","url_meta":{"origin":21151,"position":3},"title":"Minera Don Diego intentar\u00e1 por tercera vez dragar el fosfato del mar Baja California Sur","author":"grieta","date":"12 mayo, 2016","format":false,"excerpt":"La Paz, Baja California Sur (BCS). La empresa denominada Exploraciones Oce\u00e1nicas (filial de Oddysser Marine Exploration), en conjunto con Altos Hornos de M\u00e9xico anunciaron que, por tercera vez, elaborar\u00e1n una manifestaci\u00f3n de impacto ambiental para conseguir la autorizaci\u00f3n para dragar las aguas sudcalifornianas, a trav\u00e9s su proyecto de miner\u00eda submarina\u2026","rel":"","context":"En &quot;CINTILLO&quot;","block_context":{"text":"CINTILLO","link":"https:\/\/www.grieta.org.mx\/index.php\/category\/cintillo\/"},"img":{"alt_text":"","src":"https:\/\/i0.wp.com\/www.grieta.org.mx\/wp-content\/uploads\/2018\/03\/14524434_1106112876131411_958039263622046936_o.jpg?resize=350%2C200&ssl=1","width":350,"height":200,"srcset":"https:\/\/i0.wp.com\/www.grieta.org.mx\/wp-content\/uploads\/2018\/03\/14524434_1106112876131411_958039263622046936_o.jpg?resize=350%2C200&ssl=1 1x, https:\/\/i0.wp.com\/www.grieta.org.mx\/wp-content\/uploads\/2018\/03\/14524434_1106112876131411_958039263622046936_o.jpg?resize=525%2C300&ssl=1 1.5x, https:\/\/i0.wp.com\/www.grieta.org.mx\/wp-content\/uploads\/2018\/03\/14524434_1106112876131411_958039263622046936_o.jpg?resize=700%2C400&ssl=1 2x"},"classes":[]},{"id":21141,"url":"https:\/\/www.grieta.org.mx\/index.php\/2016\/08\/18\/pescadores-del-golfo-de-ulloa-se-amparan-ante-sagarpa-por-veda-de-pesca-en-comondu\/","url_meta":{"origin":21151,"position":4},"title":"Pescadores del Golfo de Ulloa se amparan ante Sagarpa por veda de pesca en Comond\u00fa","author":"grieta","date":"18 agosto, 2016","format":false,"excerpt":"La Secretar\u00eda de Agricultura, Ganader\u00eda, Desarrollo Rural, Pesca y Alimentaci\u00f3n (Sagarpa) recibi\u00f3 el amparo de 4 personas que se encuentran en esta situaci\u00f3n, quienes laboran en la cooperativa pesquera San Miguel, en el municipio de Comond\u00fa. La Paz, Baja California Sur (BCS). Luego de que los pescadores del Golfo de\u2026","rel":"","context":"En &quot;CINTILLO&quot;","block_context":{"text":"CINTILLO","link":"https:\/\/www.grieta.org.mx\/index.php\/category\/cintillo\/"},"img":{"alt_text":"","src":"https:\/\/i0.wp.com\/www.grieta.org.mx\/wp-content\/uploads\/2018\/03\/14524434_1106112876131411_958039263622046936_o.jpg?resize=350%2C200&ssl=1","width":350,"height":200,"srcset":"https:\/\/i0.wp.com\/www.grieta.org.mx\/wp-content\/uploads\/2018\/03\/14524434_1106112876131411_958039263622046936_o.jpg?resize=350%2C200&ssl=1 1x, https:\/\/i0.wp.com\/www.grieta.org.mx\/wp-content\/uploads\/2018\/03\/14524434_1106112876131411_958039263622046936_o.jpg?resize=525%2C300&ssl=1 1.5x, https:\/\/i0.wp.com\/www.grieta.org.mx\/wp-content\/uploads\/2018\/03\/14524434_1106112876131411_958039263622046936_o.jpg?resize=700%2C400&ssl=1 2x"},"classes":[]},{"id":22831,"url":"https:\/\/www.grieta.org.mx\/index.php\/2018\/04\/30\/strike-3-al-proyecto-de-mineria-submarina-don-diego-bcs-un-triunfo-para-la-naturaleza\/","url_meta":{"origin":21151,"position":5},"title":"\u2018Strike\u2019 3 al proyecto de miner\u00eda submarina \u201cDon Diego\u201d (BCS): un triunfo para la naturaleza","author":"grieta","date":"30 abril, 2018","format":false,"excerpt":"Hace unos d\u00edas se dio a conocer la noticia de que despu\u00e9s de un fallo judicial, la Secretar\u00eda de Medio Ambiente y Recursos Naturales (Semarnat) volver\u00e1 a negar la Manifestaci\u00f3n de Impacto Ambiental (MIA) al proyecto Don Diego, el cual pretende extraer m\u00e1s de 300 millones de toneladas de fosforita\u2026","rel":"","context":"En &quot;Baja California Sur&quot;","block_context":{"text":"Baja California Sur","link":"https:\/\/www.grieta.org.mx\/index.php\/category\/noticias-nacionales\/baja-california-sur\/"},"img":{"alt_text":"","src":"https:\/\/i0.wp.com\/www.grieta.org.mx\/wp-content\/uploads\/2018\/05\/MINERIA-DRAGADO-AMSTERDAM-1.png?resize=350%2C200&ssl=1","width":350,"height":200,"srcset":"https:\/\/i0.wp.com\/www.grieta.org.mx\/wp-content\/uploads\/2018\/05\/MINERIA-DRAGADO-AMSTERDAM-1.png?resize=350%2C200&ssl=1 1x, https:\/\/i0.wp.com\/www.grieta.org.mx\/wp-content\/uploads\/2018\/05\/MINERIA-DRAGADO-AMSTERDAM-1.png?resize=525%2C300&ssl=1 1.5x, https:\/\/i0.wp.com\/www.grieta.org.mx\/wp-content\/uploads\/2018\/05\/MINERIA-DRAGADO-AMSTERDAM-1.png?resize=700%2C400&ssl=1 2x"},"classes":[]}],"_links":{"self":[{"href":"https:\/\/www.grieta.org.mx\/index.php\/wp-json\/wp\/v2\/posts\/21151","targetHints":{"allow":["GET"]}}],"collection":[{"href":"https:\/\/www.grieta.org.mx\/index.php\/wp-json\/wp\/v2\/posts"}],"about":[{"href":"https:\/\/www.grieta.org.mx\/index.php\/wp-json\/wp\/v2\/types\/post"}],"author":[{"embeddable":true,"href":"https:\/\/www.grieta.org.mx\/index.php\/wp-json\/wp\/v2\/users\/2"}],"replies":[{"embeddable":true,"href":"https:\/\/www.grieta.org.mx\/index.php\/wp-json\/wp\/v2\/comments?post=21151"}],"version-history":[{"count":1,"href":"https:\/\/www.grieta.org.mx\/index.php\/wp-json\/wp\/v2\/posts\/21151\/revisions"}],"predecessor-version":[{"id":21699,"href":"https:\/\/www.grieta.org.mx\/index.php\/wp-json\/wp\/v2\/posts\/21151\/revisions\/21699"}],"wp:featuredmedia":[{"embeddable":true,"href":"https:\/\/www.grieta.org.mx\/index.php\/wp-json\/wp\/v2\/media\/21928"}],"wp:attachment":[{"href":"https:\/\/www.grieta.org.mx\/index.php\/wp-json\/wp\/v2\/media?parent=21151"}],"wp:term":[{"taxonomy":"category","embeddable":true,"href":"https:\/\/www.grieta.org.mx\/index.php\/wp-json\/wp\/v2\/categories?post=21151"},{"taxonomy":"post_tag","embeddable":true,"href":"https:\/\/www.grieta.org.mx\/index.php\/wp-json\/wp\/v2\/tags?post=21151"}],"curies":[{"name":"wp","href":"https:\/\/api.w.org\/{rel}","templated":true}]}}