{"id":2114,"date":"2015-10-21T14:44:57","date_gmt":"2015-10-21T14:44:57","guid":{"rendered":"http:\/\/50.22.11.12\/~grietaor\/?p=2114"},"modified":"2016-03-11T14:49:42","modified_gmt":"2016-03-11T14:49:42","slug":"desplazados-quieren-regresar-a-tamazula","status":"publish","type":"post","link":"https:\/\/www.grieta.org.mx\/index.php\/2015\/10\/21\/desplazados-quieren-regresar-a-tamazula\/","title":{"rendered":"Desplazados quieren regresar a Tamazula"},"content":{"rendered":"<p><img loading=\"lazy\" decoding=\"async\" data-attachment-id=\"2115\" data-permalink=\"https:\/\/www.grieta.org.mx\/index.php\/2015\/10\/21\/desplazados-quieren-regresar-a-tamazula\/desplazados-tamazula\/\" data-orig-file=\"https:\/\/www.grieta.org.mx\/wp-content\/uploads\/2016\/03\/Desplazados-Tamazula.jpeg\" data-orig-size=\"1024,683\" data-comments-opened=\"0\" data-image-meta=\"{&quot;aperture&quot;:&quot;0&quot;,&quot;credit&quot;:&quot;&quot;,&quot;camera&quot;:&quot;&quot;,&quot;caption&quot;:&quot;&quot;,&quot;created_timestamp&quot;:&quot;0&quot;,&quot;copyright&quot;:&quot;&quot;,&quot;focal_length&quot;:&quot;0&quot;,&quot;iso&quot;:&quot;0&quot;,&quot;shutter_speed&quot;:&quot;0&quot;,&quot;title&quot;:&quot;&quot;,&quot;orientation&quot;:&quot;0&quot;}\" data-image-title=\"Desplazados Tamazula\" data-image-description=\"\" data-image-caption=\"\" data-medium-file=\"https:\/\/www.grieta.org.mx\/wp-content\/uploads\/2016\/03\/Desplazados-Tamazula-300x200.jpeg\" data-large-file=\"https:\/\/www.grieta.org.mx\/wp-content\/uploads\/2016\/03\/Desplazados-Tamazula-1024x683.jpeg\" class=\"aligncenter wp-image-2115\" src=\"http:\/\/grieta.org.mx\/wp-content\/uploads\/2016\/03\/Desplazados-Tamazula-300x200.jpeg\" alt=\"Desplazados Tamazula\" width=\"680\" height=\"454\" srcset=\"https:\/\/www.grieta.org.mx\/wp-content\/uploads\/2016\/03\/Desplazados-Tamazula-300x200.jpeg 300w, https:\/\/www.grieta.org.mx\/wp-content\/uploads\/2016\/03\/Desplazados-Tamazula-768x512.jpeg 768w, https:\/\/www.grieta.org.mx\/wp-content\/uploads\/2016\/03\/Desplazados-Tamazula.jpeg 1024w\" sizes=\"auto, (max-width: 680px) 100vw, 680px\" \/><\/p>\n<blockquote><p>Los desplazados de Tamazula a Cosal\u00e1 por la intervenci\u00f3n de la Marina quieren regresarse a sus casas, pero no pueden porque los efectivos de la Secretar\u00eda de Marina sigue asentada en sus comunidades; en Cosal\u00e1 no tienen en d\u00f3nde trabajar por la falta de empleo.<\/p><\/blockquote>\n<p>Eduardo Mej\u00eda, secretario del Ayuntamiento de Tamazula, dijo que hasta ahora las familias de las 12 comunidades o rancher\u00edas de ese municipio que se trasladaron a Cosal\u00e1, Sinaloa, est\u00e1n preocupadas por sus pertenencias, sobre todo por los animales de traspatio que dejaron abandonados porque no hay qui\u00e9n les d\u00e9 comer.<br \/>\nEn sus respectivas comunidades dejaron abandonadas vacas, marranos, gallinas, caballos, burros, mulas y perros y ya pasaron m\u00e1s de una semana y les preocupa, comenta el funcionario municipal, que est\u00e1n solos sin comida.<\/p>\n<p>\u201cEsa es la preocupaci\u00f3n, muchos viven de estos animales y si se les mueren entonces van a batallar para sobrevivir, se\u00f1ala el funcionario; por eso algunos hombres quieren regresarse pero temen que al hacerlo puedan ser detenidos por los marinos.<\/p>\n<p>Otro de los motivos por el cual ya buscan regresar, agrega Eduardo Mej\u00eda, es que quieren reanudar su vida normal porque no les gusta estar \u201cde arrimados\u201d. Aunque est\u00e1n varios con familiares y otros con amigos, prefieren regresar a sus actividades en sus tierras.<\/p>\n<p>En Cosal\u00e1 no hay mano de obra para darles empleo a los desplazados, por lo que a esta gente ya le urge, a\u00f1adi\u00f3, regresar pero mientras se mantenga la Semar en esa zona y asentada en las rancher\u00edas y comunidades de esa parte alta de Tamazula, existe miedo de los habitantes para regresar a sus casas.<\/p>\n<p>Por lo pronto, el Ayuntamiento de Tamazula est\u00e1 enviando ayuda constante a las familias que est\u00e1n en los albergues o que est\u00e1n con familiares; se les apoya con despensas que les llevan cada tres d\u00edas.<\/p>\n<p>Mientras tanto, Eduardo Mejia dijo que en la zona, los \u00fanicos que han estado permanentemente al pendiente de estas familias desplazadas son los integrantes de la Comisi\u00f3n de Derechos Humanos de Sinaloa, quienes no se han separado de esta gente desde el d\u00eda 10 que llegaron a Cosal\u00e1.<\/p>\n<p>Los de la Comisi\u00f3n Nacional de Derechos Humanos (CNDH) estuvieron dos o tres d\u00edas y los de Durango solo un par de horas y se regresaron a la capital duranguense.<\/p>\n<p>Regreso<\/p>\n<p>Los desplazados de Tamazula, Durango, a Cosal\u00e1, Sinaloa, ya se quieren regresar; no tienen trabajo y no lo hay en el municipio sinaloense.<\/p>\n<p>Miedo<\/p>\n<p>Quieren regresarse a sus casas pero no lo har\u00e1n mientras permanezca la Marina en sus comunidades y rancher\u00edas.<\/p>\n<p><a href=\"http:\/\/www.elsiglodetorreon.com.mx\/noticia\/1163091.desplazados-quieren-regresar-a-tamazula.html\" target=\"_blank\">www.elsiglodetorreon.com.mx\/noticia\/1163091.desplazados-quieren-regresar-a-tamazula.html<\/a><\/p>\n","protected":false},"excerpt":{"rendered":"<p>Los desplazados de Tamazula a Cosal\u00e1 por la intervenci\u00f3n de la Marina quieren regresarse a sus casas, pero no pueden porque los efectivos de la Secretar\u00eda de Marina sigue asentada &hellip; <a href=\"https:\/\/www.grieta.org.mx\/index.php\/2015\/10\/21\/desplazados-quieren-regresar-a-tamazula\/\" class=\"more-link\">Leer m\u00e1s<\/a><\/p>\n","protected":false},"author":2,"featured_media":21928,"comment_status":"closed","ping_status":"open","sticky":false,"template":"","format":"standard","meta":{"ngg_post_thumbnail":0,"_jetpack_newsletter_access":"","_jetpack_dont_email_post_to_subs":false,"_jetpack_newsletter_tier_id":0,"_jetpack_memberships_contains_paywalled_content":false,"_jetpack_memberships_contains_paid_content":false,"footnotes":""},"categories":[80,173],"tags":[234,232],"class_list":["post-2114","post","type-post","status-publish","format-standard","has-post-thumbnail","hentry","category-cintillo","category-durango","tag-cosala","tag-desplazados","entry"],"jetpack_featured_media_url":"https:\/\/www.grieta.org.mx\/wp-content\/uploads\/2018\/03\/14524434_1106112876131411_958039263622046936_o.jpg","jetpack_sharing_enabled":true,"jetpack_shortlink":"https:\/\/wp.me\/p7ZJR4-y6","jetpack_likes_enabled":false,"jetpack-related-posts":[{"id":2130,"url":"https:\/\/www.grieta.org.mx\/index.php\/2015\/10\/16\/siguen-en-cosala-los-desplazados-de-tamazula\/","url_meta":{"origin":2114,"position":0},"title":"Siguen en Cosal\u00e1 los desplazados de Tamazula","author":"grieta","date":"16 octubre, 2015","format":false,"excerpt":"Los desplazados de Tamazula, Durango, a Cosal\u00e1, Sinaloa, permanecen en este segundo municipio; van para cinco d\u00edas y nadie se ha regresado, se\u00f1ala Eduardo Mej\u00eda, secretario del Ayuntamiento del municipio duranguense. En la ciudad sinaloense est\u00e1n con familiares y en el albergue, alrededor de 180 duranguenses que abandonaron sus viviendas\u2026","rel":"","context":"En &quot;CINTILLO&quot;","block_context":{"text":"CINTILLO","link":"https:\/\/www.grieta.org.mx\/index.php\/category\/cintillo\/"},"img":{"alt_text":"","src":"https:\/\/i0.wp.com\/www.grieta.org.mx\/wp-content\/uploads\/2018\/03\/14524434_1106112876131411_958039263622046936_o.jpg?resize=350%2C200&ssl=1","width":350,"height":200,"srcset":"https:\/\/i0.wp.com\/www.grieta.org.mx\/wp-content\/uploads\/2018\/03\/14524434_1106112876131411_958039263622046936_o.jpg?resize=350%2C200&ssl=1 1x, https:\/\/i0.wp.com\/www.grieta.org.mx\/wp-content\/uploads\/2018\/03\/14524434_1106112876131411_958039263622046936_o.jpg?resize=525%2C300&ssl=1 1.5x, https:\/\/i0.wp.com\/www.grieta.org.mx\/wp-content\/uploads\/2018\/03\/14524434_1106112876131411_958039263622046936_o.jpg?resize=700%2C400&ssl=1 2x"},"classes":[]},{"id":3628,"url":"https:\/\/www.grieta.org.mx\/index.php\/2016\/01\/18\/habitantes-de-tamazula-huyen-de-sus-comunidades-por-miedo-a-operativos-de-la-marina\/","url_meta":{"origin":2114,"position":1},"title":"Habitantes de Tamazula huyen de sus comunidades por miedo a operativos de la Marina","author":"grieta","date":"18 enero, 2016","format":false,"excerpt":"18\/01\/16. As\u00ed, la caza de \u201cEl Chapo\u201d no suena tan heroica Sin Embargo 28\/10\/15. Mantienen apoyo a los desplazados El Siglo de Torre\u00f3n 24\/10\/15. Un menor, detenido por operativo en Tamazula El Siglo de Durango 22\/10\/15. S\u00ed hay quejas por violaci\u00f3n de derechos humanos en Tamazula: R\u00edos Estavillo L\u00ednea Directa\u2026","rel":"","context":"En &quot;Desaparecidos&quot;","block_context":{"text":"Desaparecidos","link":"https:\/\/www.grieta.org.mx\/index.php\/category\/temas-nacionales\/desaparecidos\/"},"img":{"alt_text":"","src":"https:\/\/i0.wp.com\/www.grieta.org.mx\/wp-content\/uploads\/2018\/03\/14524434_1106112876131411_958039263622046936_o.jpg?resize=350%2C200&ssl=1","width":350,"height":200,"srcset":"https:\/\/i0.wp.com\/www.grieta.org.mx\/wp-content\/uploads\/2018\/03\/14524434_1106112876131411_958039263622046936_o.jpg?resize=350%2C200&ssl=1 1x, https:\/\/i0.wp.com\/www.grieta.org.mx\/wp-content\/uploads\/2018\/03\/14524434_1106112876131411_958039263622046936_o.jpg?resize=525%2C300&ssl=1 1.5x, https:\/\/i0.wp.com\/www.grieta.org.mx\/wp-content\/uploads\/2018\/03\/14524434_1106112876131411_958039263622046936_o.jpg?resize=700%2C400&ssl=1 2x"},"classes":[]},{"id":2137,"url":"https:\/\/www.grieta.org.mx\/index.php\/2015\/10\/13\/cosala-sinaloa-recibe-a-desplazados-de-tamazula-durango-alcalde\/","url_meta":{"origin":2114,"position":2},"title":"Cosal\u00e1, Sinaloa, recibe a desplazados de Tamazula, Durango: alcalde","author":"grieta","date":"13 octubre, 2015","format":false,"excerpt":"Funcionarios del municipio de Durango acudieron a Cosal\u00e1 para proporcionar v\u00edveres a sus desplazados, pero no informaron el motivo de la huida de las personas, mientras que la gente coment\u00f3 que no encontraban condiciones de seguridad en su municipio, por eso su llegada a Cosal\u00e1. Debido al desplazamiento de personas\u2026","rel":"","context":"En &quot;CINTILLO&quot;","block_context":{"text":"CINTILLO","link":"https:\/\/www.grieta.org.mx\/index.php\/category\/cintillo\/"},"img":{"alt_text":"","src":"https:\/\/i0.wp.com\/www.grieta.org.mx\/wp-content\/uploads\/2018\/03\/14524434_1106112876131411_958039263622046936_o.jpg?resize=350%2C200&ssl=1","width":350,"height":200,"srcset":"https:\/\/i0.wp.com\/www.grieta.org.mx\/wp-content\/uploads\/2018\/03\/14524434_1106112876131411_958039263622046936_o.jpg?resize=350%2C200&ssl=1 1x, https:\/\/i0.wp.com\/www.grieta.org.mx\/wp-content\/uploads\/2018\/03\/14524434_1106112876131411_958039263622046936_o.jpg?resize=525%2C300&ssl=1 1.5x, https:\/\/i0.wp.com\/www.grieta.org.mx\/wp-content\/uploads\/2018\/03\/14524434_1106112876131411_958039263622046936_o.jpg?resize=700%2C400&ssl=1 2x"},"classes":[]},{"id":2102,"url":"https:\/\/www.grieta.org.mx\/index.php\/2015\/10\/28\/mantienen-apoyo-a-los-desplazados\/","url_meta":{"origin":2114,"position":3},"title":"Mantienen apoyo a los desplazados","author":"grieta","date":"28 octubre, 2015","format":false,"excerpt":"EL SIGLO DE TORRE\u00f3N La Comisi\u00f3n Nacional de Derechos Humanos (CNDH) mantiene presencia en la zona lim\u00edtrofe entre Durango y Sinaloa; por su parte, la CEDH busca ayudar a que las condiciones de estancia de las familias que han huido de sus localidades, sean lo mejor posibles. As\u00ed lo indic\u00f3\u2026","rel":"","context":"En &quot;CINTILLO&quot;","block_context":{"text":"CINTILLO","link":"https:\/\/www.grieta.org.mx\/index.php\/category\/cintillo\/"},"img":{"alt_text":"","src":"https:\/\/i0.wp.com\/www.grieta.org.mx\/wp-content\/uploads\/2018\/03\/14524434_1106112876131411_958039263622046936_o.jpg?resize=350%2C200&ssl=1","width":350,"height":200,"srcset":"https:\/\/i0.wp.com\/www.grieta.org.mx\/wp-content\/uploads\/2018\/03\/14524434_1106112876131411_958039263622046936_o.jpg?resize=350%2C200&ssl=1 1x, https:\/\/i0.wp.com\/www.grieta.org.mx\/wp-content\/uploads\/2018\/03\/14524434_1106112876131411_958039263622046936_o.jpg?resize=525%2C300&ssl=1 1.5x, https:\/\/i0.wp.com\/www.grieta.org.mx\/wp-content\/uploads\/2018\/03\/14524434_1106112876131411_958039263622046936_o.jpg?resize=700%2C400&ssl=1 2x"},"classes":[]},{"id":2133,"url":"https:\/\/www.grieta.org.mx\/index.php\/2015\/10\/14\/federales-que-buscan-al-chapo-nos-dejan-en-el-fuego-cruzado-denuncian-desplazados-de-tamazula\/","url_meta":{"origin":2114,"position":4},"title":"Federales que buscan al \u201cChapo\u201d nos dejan en el fuego cruzado, denuncian desplazados de Tamazula","author":"grieta","date":"14 octubre, 2015","format":false,"excerpt":"Los enfrentamientos entre elementos de la Marina y del Ej\u00e9rcito en contra de sicarios han dejado a los habitantes del Tamazula en el fuego cruzado. No son pocas las denuncias por abusos en contra de estas corporaciones SinEmbargo\/Noroeste).\u2013 Alrededor de 250 pobladores de todas las edades provenientes Tamazula, Durango, municipio\u2026","rel":"","context":"En &quot;CINTILLO&quot;","block_context":{"text":"CINTILLO","link":"https:\/\/www.grieta.org.mx\/index.php\/category\/cintillo\/"},"img":{"alt_text":"","src":"https:\/\/i0.wp.com\/www.grieta.org.mx\/wp-content\/uploads\/2018\/03\/14524434_1106112876131411_958039263622046936_o.jpg?resize=350%2C200&ssl=1","width":350,"height":200,"srcset":"https:\/\/i0.wp.com\/www.grieta.org.mx\/wp-content\/uploads\/2018\/03\/14524434_1106112876131411_958039263622046936_o.jpg?resize=350%2C200&ssl=1 1x, https:\/\/i0.wp.com\/www.grieta.org.mx\/wp-content\/uploads\/2018\/03\/14524434_1106112876131411_958039263622046936_o.jpg?resize=525%2C300&ssl=1 1.5x, https:\/\/i0.wp.com\/www.grieta.org.mx\/wp-content\/uploads\/2018\/03\/14524434_1106112876131411_958039263622046936_o.jpg?resize=700%2C400&ssl=1 2x"},"classes":[]},{"id":2139,"url":"https:\/\/www.grieta.org.mx\/index.php\/2015\/10\/10\/se-reune-comision-de-defensa-de-derechos-humanos-de-sinaloa-con-habitantes-de-tamazula\/","url_meta":{"origin":2114,"position":5},"title":"Se re\u00fane Comisi\u00f3n de Defensa de Derechos Humanos de Sinaloa con habitantes de Tamazula","author":"grieta","date":"10 octubre, 2015","format":false,"excerpt":"MAZATL\u00c1N._ El presidente de la Comisi\u00f3n de la Defensa de los Derechos Humanos en Sinaloa, Leones Aguirre Meza y \u00d3scar Loza Ochoa, secretario del organismo, se reunieron esta ma\u00f1ana con habitantes de Tamazula en Cosal\u00e1, quienes acusan atropellos y violaciones a lo derechos humanos de parte de Infantes de Marina.\u2026","rel":"","context":"En &quot;CINTILLO&quot;","block_context":{"text":"CINTILLO","link":"https:\/\/www.grieta.org.mx\/index.php\/category\/cintillo\/"},"img":{"alt_text":"","src":"https:\/\/i0.wp.com\/www.grieta.org.mx\/wp-content\/uploads\/2018\/03\/14524434_1106112876131411_958039263622046936_o.jpg?resize=350%2C200&ssl=1","width":350,"height":200,"srcset":"https:\/\/i0.wp.com\/www.grieta.org.mx\/wp-content\/uploads\/2018\/03\/14524434_1106112876131411_958039263622046936_o.jpg?resize=350%2C200&ssl=1 1x, https:\/\/i0.wp.com\/www.grieta.org.mx\/wp-content\/uploads\/2018\/03\/14524434_1106112876131411_958039263622046936_o.jpg?resize=525%2C300&ssl=1 1.5x, https:\/\/i0.wp.com\/www.grieta.org.mx\/wp-content\/uploads\/2018\/03\/14524434_1106112876131411_958039263622046936_o.jpg?resize=700%2C400&ssl=1 2x"},"classes":[]}],"_links":{"self":[{"href":"https:\/\/www.grieta.org.mx\/index.php\/wp-json\/wp\/v2\/posts\/2114","targetHints":{"allow":["GET"]}}],"collection":[{"href":"https:\/\/www.grieta.org.mx\/index.php\/wp-json\/wp\/v2\/posts"}],"about":[{"href":"https:\/\/www.grieta.org.mx\/index.php\/wp-json\/wp\/v2\/types\/post"}],"author":[{"embeddable":true,"href":"https:\/\/www.grieta.org.mx\/index.php\/wp-json\/wp\/v2\/users\/2"}],"replies":[{"embeddable":true,"href":"https:\/\/www.grieta.org.mx\/index.php\/wp-json\/wp\/v2\/comments?post=2114"}],"version-history":[{"count":1,"href":"https:\/\/www.grieta.org.mx\/index.php\/wp-json\/wp\/v2\/posts\/2114\/revisions"}],"predecessor-version":[{"id":2116,"href":"https:\/\/www.grieta.org.mx\/index.php\/wp-json\/wp\/v2\/posts\/2114\/revisions\/2116"}],"wp:featuredmedia":[{"embeddable":true,"href":"https:\/\/www.grieta.org.mx\/index.php\/wp-json\/wp\/v2\/media\/21928"}],"wp:attachment":[{"href":"https:\/\/www.grieta.org.mx\/index.php\/wp-json\/wp\/v2\/media?parent=2114"}],"wp:term":[{"taxonomy":"category","embeddable":true,"href":"https:\/\/www.grieta.org.mx\/index.php\/wp-json\/wp\/v2\/categories?post=2114"},{"taxonomy":"post_tag","embeddable":true,"href":"https:\/\/www.grieta.org.mx\/index.php\/wp-json\/wp\/v2\/tags?post=2114"}],"curies":[{"name":"wp","href":"https:\/\/api.w.org\/{rel}","templated":true}]}}