{"id":21135,"date":"2016-08-26T13:45:59","date_gmt":"2016-08-26T18:45:59","guid":{"rendered":"http:\/\/www.grieta.org.mx\/?p=21135"},"modified":"2016-09-07T13:48:00","modified_gmt":"2016-09-07T18:48:00","slug":"reforzaran-estrategias-de-seguridad-para-enfrentar-delincuencia","status":"publish","type":"post","link":"https:\/\/www.grieta.org.mx\/index.php\/2016\/08\/26\/reforzaran-estrategias-de-seguridad-para-enfrentar-delincuencia\/","title":{"rendered":"Reforzar\u00e1n estrategias de seguridad para enfrentar delincuencia"},"content":{"rendered":"<p><img loading=\"lazy\" decoding=\"async\" data-attachment-id=\"21136\" data-permalink=\"https:\/\/www.grieta.org.mx\/index.php\/2016\/08\/26\/reforzaran-estrategias-de-seguridad-para-enfrentar-delincuencia\/favl-grupo_de_coordinacion\/\" data-orig-file=\"https:\/\/www.grieta.org.mx\/wp-content\/uploads\/2016\/09\/favl-grupo_de_coordinacion.jpg\" data-orig-size=\"660,440\" data-comments-opened=\"0\" data-image-meta=\"{&quot;aperture&quot;:&quot;0&quot;,&quot;credit&quot;:&quot;&quot;,&quot;camera&quot;:&quot;&quot;,&quot;caption&quot;:&quot;&quot;,&quot;created_timestamp&quot;:&quot;0&quot;,&quot;copyright&quot;:&quot;&quot;,&quot;focal_length&quot;:&quot;0&quot;,&quot;iso&quot;:&quot;0&quot;,&quot;shutter_speed&quot;:&quot;0&quot;,&quot;title&quot;:&quot;&quot;,&quot;orientation&quot;:&quot;0&quot;}\" data-image-title=\"favl-grupo_de_coordinacion\" data-image-description=\"\" data-image-caption=\"\" data-medium-file=\"https:\/\/www.grieta.org.mx\/wp-content\/uploads\/2016\/09\/favl-grupo_de_coordinacion-300x200.jpg\" data-large-file=\"https:\/\/www.grieta.org.mx\/wp-content\/uploads\/2016\/09\/favl-grupo_de_coordinacion.jpg\" src=\"http:\/\/www.grieta.org.mx\/wp-content\/uploads\/2016\/09\/favl-grupo_de_coordinacion.jpg\" alt=\"favl-grupo_de_coordinacion\" width=\"660\" height=\"440\" class=\"aligncenter size-full wp-image-21136\" srcset=\"https:\/\/www.grieta.org.mx\/wp-content\/uploads\/2016\/09\/favl-grupo_de_coordinacion.jpg 660w, https:\/\/www.grieta.org.mx\/wp-content\/uploads\/2016\/09\/favl-grupo_de_coordinacion-300x200.jpg 300w\" sizes=\"auto, (max-width: 660px) 100vw, 660px\" \/><\/p>\n<p>Por<br \/>\nRedacci\u00f3n<\/p>\n<p>Tijuana, 26 de agosto.- Autoridades civiles, militares y de la Marina acordaron reforzar las estrategias de seguridad en el estado; sostuvieron una reuni\u00f3n en la que pidieron a la poblaci\u00f3n &#8220;trabajar de la mano, en ese sentido y sin descanso para evitar que la delincuencia afecte la tranquilidad de las familias de Baja California&#8221;.<\/p>\n<p>En el encuentro se estableci\u00f3 continuar con la aplicaci\u00f3n de los operativos para el combate a los grupos delictivos, tomando como base la inteligencia policial, as\u00ed como los sistemas tecnol\u00f3gicos para capturar a los responsables de delitos como homicidios, robos, extorsiones telef\u00f3nicas, entre otros, inform\u00f3 el gobierno estatal en un comunicado de prensa.<\/p>\n<p>El gobernador, Francisco Vega de Lamadrid, exhort\u00f3 a los integrantes del Grupo de Coordinaci\u00f3n a mantenerse cercanos a los ciudadanos, a fortalecer ese lazo con la sociedad para trabajar de forma integral en la prevenci\u00f3n del delito y fomento de la participaci\u00f3n ciudadana.<\/p>\n<p>Dijo que esas acciones &#8220;sin duda generan confianza en el trabajo que se realiza por el bien de la seguridad, ya que trabajar en un mismo rumbo permitir\u00e1 fortalecer la armon\u00eda social en cada comunidad de los cinco municipios de la entidad&#8221;.<\/p>\n<p>Enumeraron que el reporte estad\u00edstico indica una reducci\u00f3n general de 7 por ciento en la incidencia delictiva, por lo que se seguir\u00e1 trabajando en ese sentido, ya que en el tema de seguridad p\u00fablica se debe ser constante y con resultados positivos que beneficien a la poblaci\u00f3n en general.<\/p>\n<p>En la reuni\u00f3n participaron el jefe del Ejecutivo, Francisco Vega de Lamadrid; el comandante de la Segunda Regi\u00f3n Naval, Romel Eduardo Ledezma Abaroa, y el jefe de Estado Mayor de la Segunda Zona Militar, Francisco Javier Hern\u00e1ndez V\u00e9lez, para definir las medidas.<\/p>\n<p>Tambi\u00e9n se cont\u00f3 con la participaci\u00f3n del alcalde de Playas de Rosarito, Silvano Abarca Macklis; el secretario general de Gobierno, Francisco Rueda G\u00f3mez; la procuradora general de Justicia del Estado, Perla del Socorro Ibarra Leyva; el secretario de Seguridad P\u00fablica del Estado, Daniel de la Rosa Anaya; el delegado estatal de la Procuradur\u00eda General de la Rep\u00fablica, Pedro de Jes\u00fas Torres Salazar; el delegado del Instituto Nacional de Migraci\u00f3n en Baja California, Rodulfo Figueroa Pacheco, y el coordinador estatal de la Polic\u00eda Federal en Baja California, Pedro  Hern\u00e1ndez Hern\u00e1ndez.<\/p>\n<p>Asimismo, los directores de Seguridad P\u00fablica Municipal de Mexicali, Alejandro Monreal Noriega; de Tecate, Juan Bartolom\u00e9 Lam Canto; de Playas de Rosarito, Joaqu\u00edn Olea L\u00f3pez y el encargado de Despacho de la Secretar\u00eda de Seguridad P\u00fablica Municipal de Tijuana, Jos\u00e9 Luis L\u00f3pez Medina.<\/p>\n<p><a href=\"http:\/\/jornadabc.mx\/tijuana\/26-08-2016\/reforzaran-estrategias-de-seguridad-para-enfrentar-delincuencia\" target=\"_blank\">http:\/\/jornadabc.mx\/tijuana\/26-08-2016\/reforzaran-estrategias-de-seguridad-para-enfrentar-delincuencia<\/a><\/p>\n","protected":false},"excerpt":{"rendered":"<p>Por Redacci\u00f3n Tijuana, 26 de agosto.- Autoridades civiles, militares y de la Marina acordaron reforzar las estrategias de seguridad en el estado; sostuvieron una reuni\u00f3n en la que pidieron a &hellip; <a href=\"https:\/\/www.grieta.org.mx\/index.php\/2016\/08\/26\/reforzaran-estrategias-de-seguridad-para-enfrentar-delincuencia\/\" class=\"more-link\">Leer m\u00e1s<\/a><\/p>\n","protected":false},"author":2,"featured_media":21928,"comment_status":"closed","ping_status":"closed","sticky":false,"template":"","format":"standard","meta":{"ngg_post_thumbnail":0,"_jetpack_newsletter_access":"","_jetpack_dont_email_post_to_subs":false,"_jetpack_newsletter_tier_id":0,"_jetpack_memberships_contains_paywalled_content":false,"_jetpack_memberships_contains_paid_content":false,"footnotes":""},"categories":[80],"tags":[614],"class_list":["post-21135","post","type-post","status-publish","format-standard","has-post-thumbnail","hentry","category-cintillo","tag-militarizacion","entry"],"jetpack_featured_media_url":"https:\/\/www.grieta.org.mx\/wp-content\/uploads\/2018\/03\/14524434_1106112876131411_958039263622046936_o.jpg","jetpack_sharing_enabled":true,"jetpack_shortlink":"https:\/\/wp.me\/p7ZJR4-5uT","jetpack_likes_enabled":false,"jetpack-related-posts":[{"id":21107,"url":"https:\/\/www.grieta.org.mx\/index.php\/2016\/09\/07\/incremento-de-precencia-militar-en-baja-california\/","url_meta":{"origin":21135,"position":0},"title":"Incremento de actividad de fuerzas represivas en Baja California","author":"grieta","date":"7 septiembre, 2016","format":false,"excerpt":"03\/09\/16. Realiza Ej\u00e9rcito Mexicano labor social en Mexicali La Jornada Baja California 03\/09\/16. Apoyo de Sedena es vital para frenar violencia: Kiko El Sol de Tijuana 02\/09\/16. Tijuana y Mexicali, entre los 50 municipios m\u00e1s violentos del pa\u00eds La Jornada Baja California 01\/09\/16. No hay muro que inhiba la coordinaci\u00f3n\u2026","rel":"","context":"En &quot;Baja California&quot;","block_context":{"text":"Baja California","link":"https:\/\/www.grieta.org.mx\/index.php\/category\/noticias-nacionales\/baja-california\/"},"img":{"alt_text":"","src":"https:\/\/i0.wp.com\/www.grieta.org.mx\/wp-content\/uploads\/2018\/03\/14524434_1106112876131411_958039263622046936_o.jpg?resize=350%2C200&ssl=1","width":350,"height":200,"srcset":"https:\/\/i0.wp.com\/www.grieta.org.mx\/wp-content\/uploads\/2018\/03\/14524434_1106112876131411_958039263622046936_o.jpg?resize=350%2C200&ssl=1 1x, https:\/\/i0.wp.com\/www.grieta.org.mx\/wp-content\/uploads\/2018\/03\/14524434_1106112876131411_958039263622046936_o.jpg?resize=525%2C300&ssl=1 1.5x, https:\/\/i0.wp.com\/www.grieta.org.mx\/wp-content\/uploads\/2018\/03\/14524434_1106112876131411_958039263622046936_o.jpg?resize=700%2C400&ssl=1 2x"},"classes":[]},{"id":20857,"url":"https:\/\/www.grieta.org.mx\/index.php\/2016\/09\/04\/alzan-la-voz-universitarios-contra-la-delincuencia-morelos\/","url_meta":{"origin":21135,"position":1},"title":"Alzan la voz universitarios contra la delincuencia (MORELOS)","author":"grieta","date":"4 septiembre, 2016","format":false,"excerpt":"Emmanuel Ruiz, Morelos. Cuautla est\u00e1 lejos de ser un lugar donde los estudiantes se sientan seguros. Tras los impactos de bala que recibi\u00f3 un alumno del Centro Educativo \"F\u00e9nix\" en la colonia Emiliano Zapata, al haber estado en el lugar y momento equivocado, el miedo parece acrecentarse entre los j\u00f3venes,\u2026","rel":"","context":"En &quot;CINTILLO&quot;","block_context":{"text":"CINTILLO","link":"https:\/\/www.grieta.org.mx\/index.php\/category\/cintillo\/"},"img":{"alt_text":"","src":"https:\/\/i0.wp.com\/www.grieta.org.mx\/wp-content\/uploads\/2018\/03\/14524434_1106112876131411_958039263622046936_o.jpg?resize=350%2C200&ssl=1","width":350,"height":200,"srcset":"https:\/\/i0.wp.com\/www.grieta.org.mx\/wp-content\/uploads\/2018\/03\/14524434_1106112876131411_958039263622046936_o.jpg?resize=350%2C200&ssl=1 1x, https:\/\/i0.wp.com\/www.grieta.org.mx\/wp-content\/uploads\/2018\/03\/14524434_1106112876131411_958039263622046936_o.jpg?resize=525%2C300&ssl=1 1.5x, https:\/\/i0.wp.com\/www.grieta.org.mx\/wp-content\/uploads\/2018\/03\/14524434_1106112876131411_958039263622046936_o.jpg?resize=700%2C400&ssl=1 2x"},"classes":[]},{"id":40671,"url":"https:\/\/www.grieta.org.mx\/index.php\/2019\/10\/28\/alfaro-incapaz-de-frenar-la-delincuencia-en-lagos-jalisco\/","url_meta":{"origin":21135,"position":2},"title":"\u201cAlfaro, incapaz de frenar la delincuencia en Lagos\u201d (Jalisco)","author":"grieta","date":"28 octubre, 2019","format":false,"excerpt":"Foto: Especial Antes era un municipio tranquilo, pero ahora est\u00e1 en las garras de maleantes, lamentaron habitantes de esta zona de Jalisco Rafael Hern\u00e1ndez Guizar \/ P\u00e1gina 24 Habitantes del municipio de Lagos de Moreno lamentaron la inseguridad que azota a su municipio y que las autoridades no han logrado\u2026","rel":"","context":"En &quot;CINTILLO&quot;","block_context":{"text":"CINTILLO","link":"https:\/\/www.grieta.org.mx\/index.php\/category\/cintillo\/"},"img":{"alt_text":"","src":"https:\/\/i0.wp.com\/www.grieta.org.mx\/wp-content\/uploads\/2019\/10\/02.jpg?resize=350%2C200&ssl=1","width":350,"height":200,"srcset":"https:\/\/i0.wp.com\/www.grieta.org.mx\/wp-content\/uploads\/2019\/10\/02.jpg?resize=350%2C200&ssl=1 1x, https:\/\/i0.wp.com\/www.grieta.org.mx\/wp-content\/uploads\/2019\/10\/02.jpg?resize=525%2C300&ssl=1 1.5x, https:\/\/i0.wp.com\/www.grieta.org.mx\/wp-content\/uploads\/2019\/10\/02.jpg?resize=700%2C400&ssl=1 2x"},"classes":[]},{"id":55793,"url":"https:\/\/www.grieta.org.mx\/index.php\/2020\/11\/25\/comercios-de-salamanca-cierran-sus-puertas-para-exigir-seguridad-guanajuato\/","url_meta":{"origin":21135,"position":3},"title":"Comercios de Salamanca cierran sus puertas para exigir seguridad (Guanajuato)","author":"grieta","date":"25 noviembre, 2020","format":false,"excerpt":"Se calcula que participaron m\u00e1s de 300 negocios en el paro de actividades para reclamar contra las extorsiones y asesinatos. Por Ver\u00f3nica Espinosa \/ Proceso, 25 de noviembre de 2020 GUANAJUATO, Gto, (apro).- En un fuerte reclamo por la inseguridad, las extorsiones y asesinatos, decenas de comercios en Salamanca cerraron\u2026","rel":"","context":"En &quot;CINTILLO&quot;","block_context":{"text":"CINTILLO","link":"https:\/\/www.grieta.org.mx\/index.php\/category\/cintillo\/"},"img":{"alt_text":"","src":"https:\/\/i0.wp.com\/www.grieta.org.mx\/wp-content\/uploads\/2020\/12\/f800x450-125398_176844_5050.jpeg?resize=350%2C200&ssl=1","width":350,"height":200,"srcset":"https:\/\/i0.wp.com\/www.grieta.org.mx\/wp-content\/uploads\/2020\/12\/f800x450-125398_176844_5050.jpeg?resize=350%2C200&ssl=1 1x, https:\/\/i0.wp.com\/www.grieta.org.mx\/wp-content\/uploads\/2020\/12\/f800x450-125398_176844_5050.jpeg?resize=525%2C300&ssl=1 1.5x, https:\/\/i0.wp.com\/www.grieta.org.mx\/wp-content\/uploads\/2020\/12\/f800x450-125398_176844_5050.jpeg?resize=700%2C400&ssl=1 2x"},"classes":[]},{"id":187,"url":"https:\/\/www.grieta.org.mx\/index.php\/2015\/10\/11\/marchan-contra-la-inseguridad-en-juchitan\/","url_meta":{"origin":21135,"position":4},"title":"Marchan contra la inseguridad en Juchit\u00e1n","author":"grieta","date":"11 octubre, 2015","format":false,"excerpt":"P\u00e1gina 3. Diana Manzo, Juchit\u00e1n, Oaxaxca.- Ciudadanas y ciudadanos organizados de esta ciudad, bajo el lema de \u201cDespierta Juchit\u00e1n\u201d realizaron una marcha para exigir a las autoridades municipales y estatales, adem\u00e1s de las de justicia, reforzar la seguridad ante los altos \u00edndices de asaltos y violencia que se han registrado\u2026","rel":"","context":"En &quot;CINTILLO&quot;","block_context":{"text":"CINTILLO","link":"https:\/\/www.grieta.org.mx\/index.php\/category\/cintillo\/"},"img":{"alt_text":"","src":"https:\/\/i0.wp.com\/www.grieta.org.mx\/wp-content\/uploads\/2018\/03\/14524434_1106112876131411_958039263622046936_o.jpg?resize=350%2C200&ssl=1","width":350,"height":200,"srcset":"https:\/\/i0.wp.com\/www.grieta.org.mx\/wp-content\/uploads\/2018\/03\/14524434_1106112876131411_958039263622046936_o.jpg?resize=350%2C200&ssl=1 1x, https:\/\/i0.wp.com\/www.grieta.org.mx\/wp-content\/uploads\/2018\/03\/14524434_1106112876131411_958039263622046936_o.jpg?resize=525%2C300&ssl=1 1.5x, https:\/\/i0.wp.com\/www.grieta.org.mx\/wp-content\/uploads\/2018\/03\/14524434_1106112876131411_958039263622046936_o.jpg?resize=700%2C400&ssl=1 2x"},"classes":[]},{"id":4050,"url":"https:\/\/www.grieta.org.mx\/index.php\/2016\/03\/17\/coahuilenses-fueron-desplazados-durante-lucha-contra-delincuencia\/","url_meta":{"origin":21135,"position":5},"title":"Coahuilenses fueron desplazados durante lucha contra delincuencia","author":"grieta","date":"17 marzo, 2016","format":false,"excerpt":"Durante los \u00faltimos a\u00f1os Coahuila y Durango se encontraron entre los 14 estados que sufrieron mayor n\u00famero de desplazamiento de ciudadanos, quienes decidieron dejar sus hogares durante la \"lucha\" de las autoridades de seguridad contra delincuencia organizada. El informe denominado Situaci\u00f3n de los Derechos Humanos en M\u00e9xico, publicado por el\u2026","rel":"","context":"En &quot;CINTILLO&quot;","block_context":{"text":"CINTILLO","link":"https:\/\/www.grieta.org.mx\/index.php\/category\/cintillo\/"},"img":{"alt_text":"","src":"https:\/\/i0.wp.com\/www.grieta.org.mx\/wp-content\/uploads\/2018\/03\/14524434_1106112876131411_958039263622046936_o.jpg?resize=350%2C200&ssl=1","width":350,"height":200,"srcset":"https:\/\/i0.wp.com\/www.grieta.org.mx\/wp-content\/uploads\/2018\/03\/14524434_1106112876131411_958039263622046936_o.jpg?resize=350%2C200&ssl=1 1x, https:\/\/i0.wp.com\/www.grieta.org.mx\/wp-content\/uploads\/2018\/03\/14524434_1106112876131411_958039263622046936_o.jpg?resize=525%2C300&ssl=1 1.5x, https:\/\/i0.wp.com\/www.grieta.org.mx\/wp-content\/uploads\/2018\/03\/14524434_1106112876131411_958039263622046936_o.jpg?resize=700%2C400&ssl=1 2x"},"classes":[]}],"_links":{"self":[{"href":"https:\/\/www.grieta.org.mx\/index.php\/wp-json\/wp\/v2\/posts\/21135","targetHints":{"allow":["GET"]}}],"collection":[{"href":"https:\/\/www.grieta.org.mx\/index.php\/wp-json\/wp\/v2\/posts"}],"about":[{"href":"https:\/\/www.grieta.org.mx\/index.php\/wp-json\/wp\/v2\/types\/post"}],"author":[{"embeddable":true,"href":"https:\/\/www.grieta.org.mx\/index.php\/wp-json\/wp\/v2\/users\/2"}],"replies":[{"embeddable":true,"href":"https:\/\/www.grieta.org.mx\/index.php\/wp-json\/wp\/v2\/comments?post=21135"}],"version-history":[{"count":1,"href":"https:\/\/www.grieta.org.mx\/index.php\/wp-json\/wp\/v2\/posts\/21135\/revisions"}],"predecessor-version":[{"id":21137,"href":"https:\/\/www.grieta.org.mx\/index.php\/wp-json\/wp\/v2\/posts\/21135\/revisions\/21137"}],"wp:featuredmedia":[{"embeddable":true,"href":"https:\/\/www.grieta.org.mx\/index.php\/wp-json\/wp\/v2\/media\/21928"}],"wp:attachment":[{"href":"https:\/\/www.grieta.org.mx\/index.php\/wp-json\/wp\/v2\/media?parent=21135"}],"wp:term":[{"taxonomy":"category","embeddable":true,"href":"https:\/\/www.grieta.org.mx\/index.php\/wp-json\/wp\/v2\/categories?post=21135"},{"taxonomy":"post_tag","embeddable":true,"href":"https:\/\/www.grieta.org.mx\/index.php\/wp-json\/wp\/v2\/tags?post=21135"}],"curies":[{"name":"wp","href":"https:\/\/api.w.org\/{rel}","templated":true}]}}