{"id":21060,"date":"2016-09-01T23:56:06","date_gmt":"2016-09-02T04:56:06","guid":{"rendered":"http:\/\/www.grieta.org.mx\/?p=21060"},"modified":"2016-09-06T20:08:40","modified_gmt":"2016-09-07T01:08:40","slug":"piden-a-cfe-conecte-la-energia-electrica-en-colonias-de-juchitan","status":"publish","type":"post","link":"https:\/\/www.grieta.org.mx\/index.php\/2016\/09\/01\/piden-a-cfe-conecte-la-energia-electrica-en-colonias-de-juchitan\/","title":{"rendered":"Piden a CFE conecte la energ\u00eda el\u00e9ctrica en colonias de Juchit\u00e1n"},"content":{"rendered":"<p>Rusvel Rasgado, Oaxaca.<\/p>\n<p>JUCHIT\u00c1N, Oax., 1 de septiembre de 2016.- Un grupo de vecinos de diferentes colonias de la ciudad de Juchit\u00e1n de Zaragoza pidieron a la Comisi\u00f3n Federal de Electricidad (CFE) que conecten la energ\u00eda el\u00e9ctrica. Durante una manifestaci\u00f3n en las instalaciones de la dependencia, solicitaron que ya se brinde el servicio pues ya est\u00e1n listas las obras de ampliaci\u00f3n de la red el\u00e9ctrica en sus colonias pero hasta el momento no hay energ\u00eda el\u00e9ctrica. El dirigente del Frente por la Democracia y el Desarrollo (FDD) adherido a la Coalici\u00f3n Obrera Campesina Estudiantil del Istmo (COCEI), Armando Pineda Peralta dijo que por el retraso en tr\u00e1mites por parte de la CFE no se hab\u00eda concluido los trabajos de ampliaci\u00f3n. Sin embargo, a pesar de que ya se concluyeron las obras en las colonias Las Palmas, Emiliano Zapata, Paso Cruz as\u00ed como el Callej\u00f3n Naranjos de la colonia A\u00f1o de Ju\u00e1rez, asegur\u00f3 que a la fecha no les han conectado la energ\u00eda el\u00e9ctrica. El dirigente admiti\u00f3 que algunas familias se conectaron a la red de energ\u00eda el\u00e9ctrica a trav\u00e9s de \u201cdiablitos\u201d ante la falta de respuesta de la CFE a sus demandas. Luego de haber sido atendidos por funcionarios de la CFE, lograron el compromiso de que a partir de este viernes iniciar\u00e1n los trabajos de conexi\u00f3n de la energ\u00eda el\u00e9ctrica en dichas colonias.<\/p>\n<p><a href=\"https:\/\/oaxaca.quadratin.com.mx\/piden-cfe-conecte-la-energia-electrica-colonias-juchitan\/\" target=\"_blank\"> https:\/\/oaxaca.quadratin.com.mx\/piden-cfe-conecte-la-energia-electrica-colonias-juchitan\/<\/a><\/p>\n","protected":false},"excerpt":{"rendered":"<p>Rusvel Rasgado, Oaxaca. JUCHIT\u00c1N, Oax., 1 de septiembre de 2016.- Un grupo de vecinos de diferentes colonias de la ciudad de Juchit\u00e1n de Zaragoza pidieron a la Comisi\u00f3n Federal de &hellip; <a href=\"https:\/\/www.grieta.org.mx\/index.php\/2016\/09\/01\/piden-a-cfe-conecte-la-energia-electrica-en-colonias-de-juchitan\/\" class=\"more-link\">Leer m\u00e1s<\/a><\/p>\n","protected":false},"author":2,"featured_media":21928,"comment_status":"closed","ping_status":"closed","sticky":false,"template":"","format":"standard","meta":{"ngg_post_thumbnail":0,"_jetpack_newsletter_access":"","_jetpack_dont_email_post_to_subs":false,"_jetpack_newsletter_tier_id":0,"_jetpack_memberships_contains_paywalled_content":false,"_jetpack_memberships_contains_paid_content":false,"footnotes":""},"categories":[80],"tags":[291,217,180,360],"class_list":["post-21060","post","type-post","status-publish","format-standard","has-post-thumbnail","hentry","category-cintillo","tag-cfe","tag-electricidad","tag-protesta","tag-servicios","entry"],"jetpack_featured_media_url":"https:\/\/www.grieta.org.mx\/wp-content\/uploads\/2018\/03\/14524434_1106112876131411_958039263622046936_o.jpg","jetpack_sharing_enabled":true,"jetpack_shortlink":"https:\/\/wp.me\/p7ZJR4-5tG","jetpack_likes_enabled":false,"jetpack-related-posts":[{"id":5519,"url":"https:\/\/www.grieta.org.mx\/index.php\/2016\/09\/01\/conflictos-con-la-cfe-en-oaxaca\/","url_meta":{"origin":21060,"position":0},"title":"Conflictos con la CFE en Oaxaca","author":"grieta","date":"1 septiembre, 2016","format":false,"excerpt":"01\/09\/16. Piden a CFE conecte la energ\u00eda el\u00e9ctrica en colonias de Juchit\u00e1n Quadrat\u00edn 17\/02\/16. Contin\u00faa resistencia en Zanatepec ante altas tarifas de CFE Istmo Press 23\/01\/16. Ni un pago m\u00e1s a la CFE, suman 500 firmas en Zanatepec Istmo Press 07\/03\/15. Dictan formal prisi\u00f3n contra integrantes de la UCIZONI en\u2026","rel":"","context":"En &quot;NOTICIAS NACIONALES&quot;","block_context":{"text":"NOTICIAS NACIONALES","link":"https:\/\/www.grieta.org.mx\/index.php\/category\/noticias-nacionales\/"},"img":{"alt_text":"","src":"https:\/\/i0.wp.com\/www.grieta.org.mx\/wp-content\/uploads\/2018\/03\/14524434_1106112876131411_958039263622046936_o.jpg?resize=350%2C200&ssl=1","width":350,"height":200,"srcset":"https:\/\/i0.wp.com\/www.grieta.org.mx\/wp-content\/uploads\/2018\/03\/14524434_1106112876131411_958039263622046936_o.jpg?resize=350%2C200&ssl=1 1x, https:\/\/i0.wp.com\/www.grieta.org.mx\/wp-content\/uploads\/2018\/03\/14524434_1106112876131411_958039263622046936_o.jpg?resize=525%2C300&ssl=1 1.5x, https:\/\/i0.wp.com\/www.grieta.org.mx\/wp-content\/uploads\/2018\/03\/14524434_1106112876131411_958039263622046936_o.jpg?resize=700%2C400&ssl=1 2x"},"classes":[]},{"id":69531,"url":"https:\/\/www.grieta.org.mx\/index.php\/2024\/08\/13\/por-tercera-ocasion-bloquean-pobladores-carretera-limones-chacchoben-por-falta-de-energia-electrica-quintana-roo\/","url_meta":{"origin":21060,"position":1},"title":"Por tercera ocasi\u00f3n: Bloquean pobladores carretera Limones-Chacchoben por falta de energ\u00eda el\u00e9ctrica (Quintana Roo)","author":"grieta","date":"13 agosto, 2024","format":false,"excerpt":"BACALAR, MX.\u2013 Pobladores de Chacchoben bloquearon por tercera ocasi\u00f3n la carretera que los une a Limones, en el municipio de Bacalar, con la queja de que Comisi\u00f3n Federal de Electricidad (CFE) los tiene sin energ\u00eda desde hace varios d\u00edas. Con troncos, llantas y piedras, los pobladores iniciaron este bloqueo que\u2026","rel":"","context":"En &quot;CINTILLO&quot;","block_context":{"text":"CINTILLO","link":"https:\/\/www.grieta.org.mx\/index.php\/category\/cintillo\/"},"img":{"alt_text":"","src":"https:\/\/i0.wp.com\/www.grieta.org.mx\/wp-content\/uploads\/2024\/08\/Bloqueo-e1725139406799.jpg?resize=350%2C200&ssl=1","width":350,"height":200,"srcset":"https:\/\/i0.wp.com\/www.grieta.org.mx\/wp-content\/uploads\/2024\/08\/Bloqueo-e1725139406799.jpg?resize=350%2C200&ssl=1 1x, https:\/\/i0.wp.com\/www.grieta.org.mx\/wp-content\/uploads\/2024\/08\/Bloqueo-e1725139406799.jpg?resize=525%2C300&ssl=1 1.5x, https:\/\/i0.wp.com\/www.grieta.org.mx\/wp-content\/uploads\/2024\/08\/Bloqueo-e1725139406799.jpg?resize=700%2C400&ssl=1 2x"},"classes":[]},{"id":40703,"url":"https:\/\/www.grieta.org.mx\/index.php\/2019\/10\/30\/corta-cfe-servicio-a-comapal-se-quedan-varias-colonias-sin-agua-colima\/","url_meta":{"origin":21060,"position":2},"title":"Corta CFE servicio a Comapal; se quedan varias colonias sin agua (Colima)","author":"grieta","date":"30 octubre, 2019","format":false,"excerpt":"Foto: Ilustrativa Juvenal Mart\u00ednez S\u00e1nchez \/ El diario de Colima ARMER\u00cdA.- Por en\u00e9simas ocasi\u00f3n, personal de la Comisi\u00f3n Federal de Electricidad (CFE) cort\u00f3 el suministro de energ\u00eda a un equipo de bombeo de agua por falta de pago de la Comisi\u00f3n Municipal de Agua Potable y Alcantarillado (Comapal), debido a\u2026","rel":"","context":"En &quot;CINTILLO&quot;","block_context":{"text":"CINTILLO","link":"https:\/\/www.grieta.org.mx\/index.php\/category\/cintillo\/"},"img":{"alt_text":"","src":"https:\/\/i0.wp.com\/www.grieta.org.mx\/wp-content\/uploads\/2018\/03\/14524434_1106112876131411_958039263622046936_o.jpg?resize=350%2C200&ssl=1","width":350,"height":200,"srcset":"https:\/\/i0.wp.com\/www.grieta.org.mx\/wp-content\/uploads\/2018\/03\/14524434_1106112876131411_958039263622046936_o.jpg?resize=350%2C200&ssl=1 1x, https:\/\/i0.wp.com\/www.grieta.org.mx\/wp-content\/uploads\/2018\/03\/14524434_1106112876131411_958039263622046936_o.jpg?resize=525%2C300&ssl=1 1.5x, https:\/\/i0.wp.com\/www.grieta.org.mx\/wp-content\/uploads\/2018\/03\/14524434_1106112876131411_958039263622046936_o.jpg?resize=700%2C400&ssl=1 2x"},"classes":[]},{"id":68912,"url":"https:\/\/www.grieta.org.mx\/index.php\/2024\/05\/10\/siguen-los-bloqueos-en-merida-por-los-apagones-yucatan\/","url_meta":{"origin":21060,"position":3},"title":"Siguen los bloqueos en M\u00e9rida por los apagones (Yucat\u00e1n)","author":"grieta","date":"10 mayo, 2024","format":false,"excerpt":"Haz Ruido Vecinas y vecinos de la Nueva Kukulc\u00e1n cerraron Circuito Colonias porque llevan cinco d\u00edas sin energ\u00eda el\u00e9ctrica M\u00e9rida, Yucat\u00e1n, 10 de mayo de 2024.- Vecinas y vecinos del fraccionamiento Nueva Kukulc\u00e1n, ubicado en el suroriente de M\u00e9rida, mantienen bloqueada la avenida Circuito Colonias a manera de protesta, porque\u2026","rel":"","context":"En &quot;CINTILLO&quot;","block_context":{"text":"CINTILLO","link":"https:\/\/www.grieta.org.mx\/index.php\/category\/cintillo\/"},"img":{"alt_text":"","src":"https:\/\/i0.wp.com\/www.grieta.org.mx\/wp-content\/uploads\/2024\/05\/Apagones-e1715555418469.jpg?resize=350%2C200&ssl=1","width":350,"height":200,"srcset":"https:\/\/i0.wp.com\/www.grieta.org.mx\/wp-content\/uploads\/2024\/05\/Apagones-e1715555418469.jpg?resize=350%2C200&ssl=1 1x, https:\/\/i0.wp.com\/www.grieta.org.mx\/wp-content\/uploads\/2024\/05\/Apagones-e1715555418469.jpg?resize=525%2C300&ssl=1 1.5x, https:\/\/i0.wp.com\/www.grieta.org.mx\/wp-content\/uploads\/2024\/05\/Apagones-e1715555418469.jpg?resize=700%2C400&ssl=1 2x"},"classes":[]},{"id":2936,"url":"https:\/\/www.grieta.org.mx\/index.php\/2015\/10\/26\/perdidas-de-1000-millones-por-robo-de-electricidad-en-yucatan-campeche-y-qr\/","url_meta":{"origin":21060,"position":4},"title":"P\u00e9rdidas de $1,000 millones por robo de electricidad en Yucat\u00e1n, Campeche y QR","author":"grieta","date":"26 octubre, 2015","format":false,"excerpt":"M\u00e9rida y Canc\u00fan, las ciudades m\u00e1s afectadas en la regi\u00f3n: CFE Carlos \u00c1guila Arreola Corresponsal 26 de octubre de 2015 Canc\u00fan, QR. Las p\u00e9rdidas por robo de electricidad en Campeche, Yucat\u00e1n y Quintana Roo ascienden a mil millones de pesos anuales. M\u00e9rida es la ciudad m\u00e1s afectada, seguida de Canc\u00fan.\u2026","rel":"","context":"En &quot;Campeche&quot;","block_context":{"text":"Campeche","link":"https:\/\/www.grieta.org.mx\/index.php\/category\/noticias-nacionales\/campeche\/"},"img":{"alt_text":"","src":"https:\/\/i0.wp.com\/www.grieta.org.mx\/wp-content\/uploads\/2018\/03\/14524434_1106112876131411_958039263622046936_o.jpg?resize=350%2C200&ssl=1","width":350,"height":200,"srcset":"https:\/\/i0.wp.com\/www.grieta.org.mx\/wp-content\/uploads\/2018\/03\/14524434_1106112876131411_958039263622046936_o.jpg?resize=350%2C200&ssl=1 1x, https:\/\/i0.wp.com\/www.grieta.org.mx\/wp-content\/uploads\/2018\/03\/14524434_1106112876131411_958039263622046936_o.jpg?resize=525%2C300&ssl=1 1.5x, https:\/\/i0.wp.com\/www.grieta.org.mx\/wp-content\/uploads\/2018\/03\/14524434_1106112876131411_958039263622046936_o.jpg?resize=700%2C400&ssl=1 2x"},"classes":[]},{"id":30401,"url":"https:\/\/www.grieta.org.mx\/index.php\/2019\/03\/08\/se-agudiza-crisis-por-falta-de-aguaacapuguerrero\/","url_meta":{"origin":21060,"position":5},"title":"Se agudiza crisis por falta de agua en Acapulco (Guerrero)","author":"grieta","date":"8 marzo, 2019","format":false,"excerpt":"Enrique Hern\u00e1ndez Campos \/ El Sol de Acapulco Al cumplirse tres d\u00edas sin el servicio de agua potable en la ciudad por el corte de energ\u00eda el\u00e9ctrica que el pasado mi\u00e9rcoles hizo la CFE al c\u00e1rcamo Papagayo II y Lomas de Chapultepec, la situaci\u00f3n para 600 mil familias que habitan\u2026","rel":"","context":"En &quot;CINTILLO&quot;","block_context":{"text":"CINTILLO","link":"https:\/\/www.grieta.org.mx\/index.php\/category\/cintillo\/"},"img":{"alt_text":"","src":"https:\/\/i0.wp.com\/www.grieta.org.mx\/wp-content\/uploads\/2019\/03\/Tinacos-Vac%C3%ADos-En-Acapulco.jpg?resize=350%2C200&ssl=1","width":350,"height":200,"srcset":"https:\/\/i0.wp.com\/www.grieta.org.mx\/wp-content\/uploads\/2019\/03\/Tinacos-Vac%C3%ADos-En-Acapulco.jpg?resize=350%2C200&ssl=1 1x, https:\/\/i0.wp.com\/www.grieta.org.mx\/wp-content\/uploads\/2019\/03\/Tinacos-Vac%C3%ADos-En-Acapulco.jpg?resize=525%2C300&ssl=1 1.5x, https:\/\/i0.wp.com\/www.grieta.org.mx\/wp-content\/uploads\/2019\/03\/Tinacos-Vac%C3%ADos-En-Acapulco.jpg?resize=700%2C400&ssl=1 2x"},"classes":[]}],"_links":{"self":[{"href":"https:\/\/www.grieta.org.mx\/index.php\/wp-json\/wp\/v2\/posts\/21060","targetHints":{"allow":["GET"]}}],"collection":[{"href":"https:\/\/www.grieta.org.mx\/index.php\/wp-json\/wp\/v2\/posts"}],"about":[{"href":"https:\/\/www.grieta.org.mx\/index.php\/wp-json\/wp\/v2\/types\/post"}],"author":[{"embeddable":true,"href":"https:\/\/www.grieta.org.mx\/index.php\/wp-json\/wp\/v2\/users\/2"}],"replies":[{"embeddable":true,"href":"https:\/\/www.grieta.org.mx\/index.php\/wp-json\/wp\/v2\/comments?post=21060"}],"version-history":[{"count":1,"href":"https:\/\/www.grieta.org.mx\/index.php\/wp-json\/wp\/v2\/posts\/21060\/revisions"}],"predecessor-version":[{"id":21061,"href":"https:\/\/www.grieta.org.mx\/index.php\/wp-json\/wp\/v2\/posts\/21060\/revisions\/21061"}],"wp:featuredmedia":[{"embeddable":true,"href":"https:\/\/www.grieta.org.mx\/index.php\/wp-json\/wp\/v2\/media\/21928"}],"wp:attachment":[{"href":"https:\/\/www.grieta.org.mx\/index.php\/wp-json\/wp\/v2\/media?parent=21060"}],"wp:term":[{"taxonomy":"category","embeddable":true,"href":"https:\/\/www.grieta.org.mx\/index.php\/wp-json\/wp\/v2\/categories?post=21060"},{"taxonomy":"post_tag","embeddable":true,"href":"https:\/\/www.grieta.org.mx\/index.php\/wp-json\/wp\/v2\/tags?post=21060"}],"curies":[{"name":"wp","href":"https:\/\/api.w.org\/{rel}","templated":true}]}}