{"id":20958,"date":"2016-08-26T23:50:27","date_gmt":"2016-08-27T04:50:27","guid":{"rendered":"http:\/\/www.grieta.org.mx\/?p=20958"},"modified":"2018-07-07T01:58:35","modified_gmt":"2018-07-07T06:58:35","slug":"en-4-dias-rescatan-a-234-migrantes-centroamericanos-en-puebla","status":"publish","type":"post","link":"https:\/\/www.grieta.org.mx\/index.php\/2016\/08\/26\/en-4-dias-rescatan-a-234-migrantes-centroamericanos-en-puebla\/","title":{"rendered":"En 4 d\u00edas, rescatan a 234 migrantes centroamericanos en Puebla"},"content":{"rendered":"<p><img loading=\"lazy\" decoding=\"async\" data-attachment-id=\"20959\" data-permalink=\"https:\/\/www.grieta.org.mx\/index.php\/2016\/08\/26\/en-4-dias-rescatan-a-234-migrantes-centroamericanos-en-puebla\/w704-52\/\" data-orig-file=\"https:\/\/www.grieta.org.mx\/wp-content\/uploads\/2016\/09\/w704-6.jpg\" data-orig-size=\"650,350\" data-comments-opened=\"0\" data-image-meta=\"{&quot;aperture&quot;:&quot;0&quot;,&quot;credit&quot;:&quot;&quot;,&quot;camera&quot;:&quot;&quot;,&quot;caption&quot;:&quot;&quot;,&quot;created_timestamp&quot;:&quot;0&quot;,&quot;copyright&quot;:&quot;&quot;,&quot;focal_length&quot;:&quot;0&quot;,&quot;iso&quot;:&quot;0&quot;,&quot;shutter_speed&quot;:&quot;0&quot;,&quot;title&quot;:&quot;&quot;,&quot;orientation&quot;:&quot;0&quot;}\" data-image-title=\"w704\" data-image-description=\"\" data-image-caption=\"\" data-medium-file=\"https:\/\/www.grieta.org.mx\/wp-content\/uploads\/2016\/09\/w704-6-300x162.jpg\" data-large-file=\"https:\/\/www.grieta.org.mx\/wp-content\/uploads\/2016\/09\/w704-6.jpg\" src=\"http:\/\/www.grieta.org.mx\/wp-content\/uploads\/2016\/09\/w704-6.jpg\" alt=\"w704\" width=\"650\" height=\"350\" class=\"aligncenter size-full wp-image-20959\" srcset=\"https:\/\/www.grieta.org.mx\/wp-content\/uploads\/2016\/09\/w704-6.jpg 650w, https:\/\/www.grieta.org.mx\/wp-content\/uploads\/2016\/09\/w704-6-300x162.jpg 300w\" sizes=\"auto, (max-width: 650px) 100vw, 650px\" \/><\/p>\n<p>Por Gabriela Xelano<\/p>\n<p>En cuatro d\u00edas, se han asegurado a 234 migrantes en Puebla, el primero ocurri\u00f3 el pasado s\u00e1bado, en Amozoc, el segundo en un tr\u00e1iler y el \u00faltimo de ellos fue este martes, en un cuarto de hotel de la Capu, donde localizaron a 31.<\/p>\n<p>En todos los casos, el Instituto Nacional de Migraci\u00f3n (INM), ya trabaja en el proceso de repatriaci\u00f3n.<\/p>\n<p>El primero de ellos ocurri\u00f3 el pasado s\u00e1bado, en una casa en un fraccionamiento de Amozoc, donde rescataron a 95 indocumentados y adem\u00e1s, se enfrentaron con ocho presuntos polleros, \u2013a quienes detuvieron\u2014sin embargo, por falta de se\u00f1alamientos de los afectados, los tratantes fueron puestos en libertad.<\/p>\n<p>En la segunda acci\u00f3n ubicaron a 108 migrantes, 43 guatemaltecos, 21 salvadore\u00f1os, 39 hondure\u00f1os y cinco ecuatorianos, quienes viajaron ocultos al interior de un tr\u00e1iler.<\/p>\n<p>La unidad circulaba en el kil\u00f3metro 217+500 de la carretera Puebla\u2013C\u00f3rdoba; el conductor y su acompa\u00f1ante, junto con la unidad y 167 mil 500 pesos quedaron a disposici\u00f3n del Ministerio P\u00fablico Federal.<\/p>\n<p>31 en hotel de la Capu<br \/>\nLa \u00faltima detenci\u00f3n ocurri\u00f3 el pasado martes en un hotel de la Capu, donde se localizaron a 31 centroamericanos, 20 de Guatemala, 6 de Honduras y 5 de El Salvador. De ellos 8 son hombres, 9 mujeres, 6 ni\u00f1os y 8 ni\u00f1as.<\/p>\n<p>Las personas se encontraban hacinadas en un cuarto, no hubo detenidos.<\/p>\n<p>Todos ellos fueron llevados a la estaci\u00f3n migratoria en Puebla, en donde se comenzaron los tr\u00e1mites para su regreso a sus pa\u00edses de origen.<\/p>\n<p><a href=\"http:\/\/www.angulo7.com.mx\/2016\/08\/26\/4-dias-rescatan-234-migrantes-centroamericanos-puebla\/\">http:\/\/www.angulo7.com.mx\/2016\/08\/26\/4-dias-rescatan-234-migrantes-centroamericanos-puebla\/<\/a><\/p>\n","protected":false},"excerpt":{"rendered":"<p>Por Gabriela Xelano En cuatro d\u00edas, se han asegurado a 234 migrantes en Puebla, el primero ocurri\u00f3 el pasado s\u00e1bado, en Amozoc, el segundo en un tr\u00e1iler y el \u00faltimo &hellip; <a href=\"https:\/\/www.grieta.org.mx\/index.php\/2016\/08\/26\/en-4-dias-rescatan-a-234-migrantes-centroamericanos-en-puebla\/\" class=\"more-link\">Leer m\u00e1s<\/a><\/p>\n","protected":false},"author":2,"featured_media":20959,"comment_status":"closed","ping_status":"closed","sticky":false,"template":"","format":"standard","meta":{"ngg_post_thumbnail":0,"_jetpack_newsletter_access":"","_jetpack_dont_email_post_to_subs":false,"_jetpack_newsletter_tier_id":0,"_jetpack_memberships_contains_paywalled_content":false,"_jetpack_memberships_contains_paid_content":false,"footnotes":""},"categories":[80,86,2,26,83,1246],"tags":[158,417,739],"class_list":["post-20958","post","type-post","status-publish","format-standard","has-post-thumbnail","hentry","category-cintillo","category-migrantes","category-noticias-nacionales","category-puebla","category-temas-nacionales","category-trata-de-personas-en-puebla","tag-migrantes","tag-trata-de-personas","tag-violencia-contra-migrantes","entry"],"jetpack_featured_media_url":"https:\/\/www.grieta.org.mx\/wp-content\/uploads\/2016\/09\/w704-6.jpg","jetpack_sharing_enabled":true,"jetpack_shortlink":"https:\/\/wp.me\/p7ZJR4-5s2","jetpack_likes_enabled":false,"jetpack-related-posts":[{"id":20445,"url":"https:\/\/www.grieta.org.mx\/index.php\/2016\/08\/22\/ubican-casa-de-seguridad-con-90-migrantes-retenidos-en-puebla\/","url_meta":{"origin":20958,"position":0},"title":"Ubican casa de seguridad con 90 migrantes retenidos en Puebla","author":"grieta","date":"22 agosto, 2016","format":false,"excerpt":"La Polic\u00eda Municipal de Amozoc, a 18 kil\u00f3metros de la ciudad de Puebla, liber\u00f3 a 90 personas originarias de Honduras, Guatemala y El Salvador que estaban retenidas en una casa de seguridad controlada por traficantes de personas. El operativo sucedi\u00f3 despu\u00e9s de que dos mujeres j\u00f3venes, menores de edad, lograron\u2026","rel":"","context":"En &quot;CINTILLO&quot;","block_context":{"text":"CINTILLO","link":"https:\/\/www.grieta.org.mx\/index.php\/category\/cintillo\/"},"img":{"alt_text":"","src":"https:\/\/i0.wp.com\/www.grieta.org.mx\/wp-content\/uploads\/2016\/08\/diario-el-cambio-1.jpg?resize=350%2C200&ssl=1","width":350,"height":200,"srcset":"https:\/\/i0.wp.com\/www.grieta.org.mx\/wp-content\/uploads\/2016\/08\/diario-el-cambio-1.jpg?resize=350%2C200&ssl=1 1x, https:\/\/i0.wp.com\/www.grieta.org.mx\/wp-content\/uploads\/2016\/08\/diario-el-cambio-1.jpg?resize=525%2C300&ssl=1 1.5x, https:\/\/i0.wp.com\/www.grieta.org.mx\/wp-content\/uploads\/2016\/08\/diario-el-cambio-1.jpg?resize=700%2C400&ssl=1 2x"},"classes":[]},{"id":20442,"url":"https:\/\/www.grieta.org.mx\/index.php\/2015\/11\/16\/secuestro-de-migrantes-en-puebla-justicia-simulada\/","url_meta":{"origin":20958,"position":1},"title":"Secuestro de migrantes en Puebla: Justicia simulada","author":"grieta","date":"16 noviembre, 2015","format":false,"excerpt":"En 2008, al menos 60 migrantes indocumentados fueron secuestrados en el municipio de Rafael Lara Grajales en el estado de Puebla por presuntos \u201cZetas\u201d y polic\u00edas municipales. Por los hechos, siete personas fueron sentenciadas -entre ellas tres polic\u00edas que son quienes contin\u00faan en la c\u00e1rcel mientras el resto est\u00e1 libre-,\u2026","rel":"","context":"En &quot;CINTILLO&quot;","block_context":{"text":"CINTILLO","link":"https:\/\/www.grieta.org.mx\/index.php\/category\/cintillo\/"},"img":{"alt_text":"","src":"https:\/\/i0.wp.com\/www.grieta.org.mx\/wp-content\/uploads\/2018\/03\/14524434_1106112876131411_958039263622046936_o.jpg?resize=350%2C200&ssl=1","width":350,"height":200,"srcset":"https:\/\/i0.wp.com\/www.grieta.org.mx\/wp-content\/uploads\/2018\/03\/14524434_1106112876131411_958039263622046936_o.jpg?resize=350%2C200&ssl=1 1x, https:\/\/i0.wp.com\/www.grieta.org.mx\/wp-content\/uploads\/2018\/03\/14524434_1106112876131411_958039263622046936_o.jpg?resize=525%2C300&ssl=1 1.5x, https:\/\/i0.wp.com\/www.grieta.org.mx\/wp-content\/uploads\/2018\/03\/14524434_1106112876131411_958039263622046936_o.jpg?resize=700%2C400&ssl=1 2x"},"classes":[]},{"id":48360,"url":"https:\/\/www.grieta.org.mx\/index.php\/2020\/04\/18\/hasta-115-dias-en-detencion-pasan-los-migrantes-en-puebla\/","url_meta":{"origin":20958,"position":2},"title":"Hasta 115 d\u00edas en detenci\u00f3n pasan los migrantes en Puebla","author":"Admin","date":"18 abril, 2020","format":false,"excerpt":"Marcos Nucamedi \/ El Popular A mediados de febrero, el Instituto de Derechos Humanos Ignacio Ellacur\u00eda (IDHIE) de la Universidad Iberoamericana condujo una serie de entrevistas a las personas detenidas de la estaci\u00f3n migratoria de Puebla. En promedio, las 39 personas que en ese momento se encontraban en el inmueble\u2026","rel":"","context":"En &quot;CINTILLO&quot;","block_context":{"text":"CINTILLO","link":"https:\/\/www.grieta.org.mx\/index.php\/category\/cintillo\/"},"img":{"alt_text":"","src":"https:\/\/i0.wp.com\/www.grieta.org.mx\/wp-content\/uploads\/2020\/04\/af262b553aedccbf6a2ec560b91a714e_nota_685x411_thumb.jpg?resize=350%2C200&ssl=1","width":350,"height":200,"srcset":"https:\/\/i0.wp.com\/www.grieta.org.mx\/wp-content\/uploads\/2020\/04\/af262b553aedccbf6a2ec560b91a714e_nota_685x411_thumb.jpg?resize=350%2C200&ssl=1 1x, https:\/\/i0.wp.com\/www.grieta.org.mx\/wp-content\/uploads\/2020\/04\/af262b553aedccbf6a2ec560b91a714e_nota_685x411_thumb.jpg?resize=525%2C300&ssl=1 1.5x"},"classes":[]},{"id":20450,"url":"https:\/\/www.grieta.org.mx\/index.php\/2016\/08\/27\/aseguran-a-262-indocumentados-y-nueve-polleros-en-puebla\/","url_meta":{"origin":20958,"position":3},"title":"Aseguran a 262 indocumentados y nueve polleros en Puebla","author":"grieta","date":"27 agosto, 2016","format":false,"excerpt":"Por Jorge Arteaga Centenar y medio de migrantes, entre hombres, mujeres y ni\u00f1os, fueron descubiertos dentro de una casa de seguridad en el municipio de Amozoc de Mota, donde eran resguardados por nueve presuntos traficantes de personas \u2014conocidos como \u201cpolleros\u201d\u2014 mismos que fueron asegurados por elementos de la Polic\u00eda Municipal\u2026","rel":"","context":"En &quot;CINTILLO&quot;","block_context":{"text":"CINTILLO","link":"https:\/\/www.grieta.org.mx\/index.php\/category\/cintillo\/"},"img":{"alt_text":"","src":"https:\/\/i0.wp.com\/www.grieta.org.mx\/wp-content\/uploads\/2018\/03\/14524434_1106112876131411_958039263622046936_o.jpg?resize=350%2C200&ssl=1","width":350,"height":200,"srcset":"https:\/\/i0.wp.com\/www.grieta.org.mx\/wp-content\/uploads\/2018\/03\/14524434_1106112876131411_958039263622046936_o.jpg?resize=350%2C200&ssl=1 1x, https:\/\/i0.wp.com\/www.grieta.org.mx\/wp-content\/uploads\/2018\/03\/14524434_1106112876131411_958039263622046936_o.jpg?resize=525%2C300&ssl=1 1.5x, https:\/\/i0.wp.com\/www.grieta.org.mx\/wp-content\/uploads\/2018\/03\/14524434_1106112876131411_958039263622046936_o.jpg?resize=700%2C400&ssl=1 2x"},"classes":[]},{"id":48064,"url":"https:\/\/www.grieta.org.mx\/index.php\/2020\/04\/09\/al-alza-detenciones-de-migrantes-en-puebla\/","url_meta":{"origin":20958,"position":4},"title":"Al alza, detenciones de migrantes en Puebla","author":"Admin","date":"9 abril, 2020","format":false,"excerpt":"Marcos NUCAMENDI \/ El Popular Del 1 de enero al 8 de abril de este a\u00f1o han sido presentadas ante la autoridad migratoria 436 personas extranjeras, en su mayor\u00eda provenientes de Honduras, Guatemala y El Salvador, en territorio poblano, confirmaron fuentes del Instituto Nacional de Migraci\u00f3n (INM). Tomando en cuenta\u2026","rel":"","context":"En &quot;CINTILLO&quot;","block_context":{"text":"CINTILLO","link":"https:\/\/www.grieta.org.mx\/index.php\/category\/cintillo\/"},"img":{"alt_text":"","src":"https:\/\/i0.wp.com\/www.grieta.org.mx\/wp-content\/uploads\/2020\/04\/4448fac2152504ca80661dce2b58fbe1_nota_685x411_thumb.jpg?resize=350%2C200&ssl=1","width":350,"height":200,"srcset":"https:\/\/i0.wp.com\/www.grieta.org.mx\/wp-content\/uploads\/2020\/04\/4448fac2152504ca80661dce2b58fbe1_nota_685x411_thumb.jpg?resize=350%2C200&ssl=1 1x, https:\/\/i0.wp.com\/www.grieta.org.mx\/wp-content\/uploads\/2020\/04\/4448fac2152504ca80661dce2b58fbe1_nota_685x411_thumb.jpg?resize=525%2C300&ssl=1 1.5x"},"classes":[]},{"id":36040,"url":"https:\/\/www.grieta.org.mx\/index.php\/2019\/06\/30\/puebla-alista-operativos-en-hoteles-y-moteles-contra-migrantes-pies-secos\/","url_meta":{"origin":20958,"position":5},"title":"Puebla alista operativos en hoteles y moteles contra migrantes: Pies Secos","author":"Admin","date":"30 junio, 2019","format":false,"excerpt":"Marisol C\u00f3rdoba \/ MUNICIPIOS PUEBLA Puebla, Pue.- Como parte del endurecimiento de las pol\u00edticas de migraci\u00f3n en el pa\u00eds por el gobierno federal, en los pr\u00f3ximos d\u00edas iniciar\u00e1n operativos en hoteles y moteles del estado para buscar migrantes, adelant\u00f3 el presidente de la fundaci\u00f3n Pies Secos, Ricardo Andrade, luego que\u2026","rel":"","context":"En &quot;CINTILLO&quot;","block_context":{"text":"CINTILLO","link":"https:\/\/www.grieta.org.mx\/index.php\/category\/cintillo\/"},"img":{"alt_text":"","src":"https:\/\/i0.wp.com\/www.grieta.org.mx\/wp-content\/uploads\/2019\/07\/migrantes1_5_2.jpg?resize=350%2C200&ssl=1","width":350,"height":200,"srcset":"https:\/\/i0.wp.com\/www.grieta.org.mx\/wp-content\/uploads\/2019\/07\/migrantes1_5_2.jpg?resize=350%2C200&ssl=1 1x, https:\/\/i0.wp.com\/www.grieta.org.mx\/wp-content\/uploads\/2019\/07\/migrantes1_5_2.jpg?resize=525%2C300&ssl=1 1.5x"},"classes":[]}],"_links":{"self":[{"href":"https:\/\/www.grieta.org.mx\/index.php\/wp-json\/wp\/v2\/posts\/20958","targetHints":{"allow":["GET"]}}],"collection":[{"href":"https:\/\/www.grieta.org.mx\/index.php\/wp-json\/wp\/v2\/posts"}],"about":[{"href":"https:\/\/www.grieta.org.mx\/index.php\/wp-json\/wp\/v2\/types\/post"}],"author":[{"embeddable":true,"href":"https:\/\/www.grieta.org.mx\/index.php\/wp-json\/wp\/v2\/users\/2"}],"replies":[{"embeddable":true,"href":"https:\/\/www.grieta.org.mx\/index.php\/wp-json\/wp\/v2\/comments?post=20958"}],"version-history":[{"count":1,"href":"https:\/\/www.grieta.org.mx\/index.php\/wp-json\/wp\/v2\/posts\/20958\/revisions"}],"predecessor-version":[{"id":20960,"href":"https:\/\/www.grieta.org.mx\/index.php\/wp-json\/wp\/v2\/posts\/20958\/revisions\/20960"}],"wp:featuredmedia":[{"embeddable":true,"href":"https:\/\/www.grieta.org.mx\/index.php\/wp-json\/wp\/v2\/media\/20959"}],"wp:attachment":[{"href":"https:\/\/www.grieta.org.mx\/index.php\/wp-json\/wp\/v2\/media?parent=20958"}],"wp:term":[{"taxonomy":"category","embeddable":true,"href":"https:\/\/www.grieta.org.mx\/index.php\/wp-json\/wp\/v2\/categories?post=20958"},{"taxonomy":"post_tag","embeddable":true,"href":"https:\/\/www.grieta.org.mx\/index.php\/wp-json\/wp\/v2\/tags?post=20958"}],"curies":[{"name":"wp","href":"https:\/\/api.w.org\/{rel}","templated":true}]}}