{"id":20947,"date":"2016-08-26T23:34:59","date_gmt":"2016-08-27T04:34:59","guid":{"rendered":"http:\/\/www.grieta.org.mx\/?p=20947"},"modified":"2018-07-07T01:54:01","modified_gmt":"2018-07-07T06:54:01","slug":"son-poblanos-la-mayoria-de-victimas-de-explotacion-sexual-o-laboral-en-eu","status":"publish","type":"post","link":"https:\/\/www.grieta.org.mx\/index.php\/2016\/08\/26\/son-poblanos-la-mayoria-de-victimas-de-explotacion-sexual-o-laboral-en-eu\/","title":{"rendered":"Son poblanos la mayor\u00eda de v\u00edctimas de explotaci\u00f3n sexual o laboral en EU"},"content":{"rendered":"<p><img loading=\"lazy\" decoding=\"async\" data-attachment-id=\"20948\" data-permalink=\"https:\/\/www.grieta.org.mx\/index.php\/2016\/08\/26\/son-poblanos-la-mayoria-de-victimas-de-explotacion-sexual-o-laboral-en-eu\/trata-dee-personas-1\/\" data-orig-file=\"https:\/\/www.grieta.org.mx\/wp-content\/uploads\/2016\/09\/trata-dee-personas-1.jpg\" data-orig-size=\"640,426\" data-comments-opened=\"0\" data-image-meta=\"{&quot;aperture&quot;:&quot;0&quot;,&quot;credit&quot;:&quot;&quot;,&quot;camera&quot;:&quot;&quot;,&quot;caption&quot;:&quot;&quot;,&quot;created_timestamp&quot;:&quot;0&quot;,&quot;copyright&quot;:&quot;&quot;,&quot;focal_length&quot;:&quot;0&quot;,&quot;iso&quot;:&quot;0&quot;,&quot;shutter_speed&quot;:&quot;0&quot;,&quot;title&quot;:&quot;&quot;,&quot;orientation&quot;:&quot;1&quot;}\" data-image-title=\"trata-dee-personas-1\" data-image-description=\"\" data-image-caption=\"\" data-medium-file=\"https:\/\/www.grieta.org.mx\/wp-content\/uploads\/2016\/09\/trata-dee-personas-1-300x200.jpg\" data-large-file=\"https:\/\/www.grieta.org.mx\/wp-content\/uploads\/2016\/09\/trata-dee-personas-1.jpg\" src=\"http:\/\/www.grieta.org.mx\/wp-content\/uploads\/2016\/09\/trata-dee-personas-1.jpg\" alt=\"trata-dee-personas-1\" width=\"640\" height=\"426\" class=\"aligncenter size-full wp-image-20948\" srcset=\"https:\/\/www.grieta.org.mx\/wp-content\/uploads\/2016\/09\/trata-dee-personas-1.jpg 640w, https:\/\/www.grieta.org.mx\/wp-content\/uploads\/2016\/09\/trata-dee-personas-1-300x200.jpg 300w\" sizes=\"auto, (max-width: 640px) 100vw, 640px\" \/><\/p>\n<p>Por Mar\u00eda Pineda<\/p>\n<p>Al menos el 41.1  por ciento de los  418 casos de trata de personas atendidos en Estados Unidos por la Direcci\u00f3n General  de Protecci\u00f3n a Mexicanos en el Exterior (DGPME), de la Secretar\u00eda de Relaciones Exteriores, son originarios de Puebla report\u00f3 la Oficina de las Naciones Unidas contra la Droga y la Delincuencia.<\/p>\n<p>Los datos revelados en el Diagn\u00f3stico  Nacional  sobre la Situaci\u00f3n de  Trata de Personas en  M\u00e9xico, indica que  de los connacionales que  padecieron alg\u00fan tipo de explotaci\u00f3n -sexual o laboral-  en el extranjero, el 53 por ciento  son hombres y el 47 por ciento mujeres.<\/p>\n<p>En cuanto a las ciudades de origen de las 418 v\u00edctimas de trata de personas, el  41.1 por ciento son de Puebla;  el 17.6 por ciento, de Tlaxcala;  el 14.7 ciento son oriundos del Estado de M\u00e9xico;  el 11.7 por ciento,  de Veracruz y  5.8 por ciento, de Guerrero. <\/p>\n<p>En el reporte que elabor\u00f3 la oficina de la Organizaci\u00f3n de la Naciones  Unidas (ONU), sobresale el perfil de las v\u00edctimas, y en el caso de Puebla se hace referencia a que las personas que son capturadas con este fin regularmente est\u00e1n en situaci\u00f3n de calle o son de origen ind\u00edgena.<\/p>\n<p>En esa categor\u00eda  tambi\u00e9n se encuentran los estados de Jalisco, Ciudad de M\u00e9xico, Chiapas, Oaxaca, Guerrero y San Luis Potos\u00ed.<\/p>\n<p>En contraste, en entidades como Baja California, Chihuahua, Estado de M\u00e9xico, Quer\u00e9taro, Tabasco y Oaxaca, la condici\u00f3n de las v\u00edctimas de trata es como migrante.<\/p>\n<p>Adem\u00e1s, la organizaci\u00f3n internacional advierte que el fen\u00f3meno del narcomenudeo en Puebla se convierte en un foco rojo, debido a que los grupos de la delincuencia organizada  adhieren a j\u00f3venes  para que realicen funciones de \u201chalcones o mulas\u201d, lo cual implica  otro modelo de trata de personas.<\/p>\n<p>Hasta el 2014, la  Fiscal\u00eda Especial para los Delitos de Violencia contra las Mujeres y Trata de Personas (FEVIMTRA), instancia que depende de la Procuradur\u00eda General de la Rep\u00fablica (PGR) inform\u00f3 que la entidad acumulaba un total de 69 averiguaciones previas por trata de personas.<\/p>\n<p><a href=\"http:\/\/www.e-consulta.com\/nota\/2016-08-26\/sociedad\/son-poblanos-la-mayoria-de-victimas-de-explotacion-sexual-o-laboral-en-eu\">http:\/\/www.e-consulta.com\/nota\/2016-08-26\/sociedad\/son-poblanos-la-mayoria-de-victimas-de-explotacion-sexual-o-laboral-en-eu<\/a><\/p>\n","protected":false},"excerpt":{"rendered":"<p>Por Mar\u00eda Pineda Al menos el 41.1 por ciento de los 418 casos de trata de personas atendidos en Estados Unidos por la Direcci\u00f3n General de Protecci\u00f3n a Mexicanos en &hellip; <a href=\"https:\/\/www.grieta.org.mx\/index.php\/2016\/08\/26\/son-poblanos-la-mayoria-de-victimas-de-explotacion-sexual-o-laboral-en-eu\/\" class=\"more-link\">Leer m\u00e1s<\/a><\/p>\n","protected":false},"author":2,"featured_media":20948,"comment_status":"closed","ping_status":"closed","sticky":false,"template":"","format":"standard","meta":{"ngg_post_thumbnail":0,"_jetpack_newsletter_access":"","_jetpack_dont_email_post_to_subs":false,"_jetpack_newsletter_tier_id":0,"_jetpack_memberships_contains_paywalled_content":false,"_jetpack_memberships_contains_paid_content":false,"footnotes":""},"categories":[80,2,26,1246],"tags":[799,417],"class_list":["post-20947","post","type-post","status-publish","format-standard","has-post-thumbnail","hentry","category-cintillo","category-noticias-nacionales","category-puebla","category-trata-de-personas-en-puebla","tag-explotacion-sexual","tag-trata-de-personas","entry"],"jetpack_featured_media_url":"https:\/\/www.grieta.org.mx\/wp-content\/uploads\/2016\/09\/trata-dee-personas-1.jpg","jetpack_sharing_enabled":true,"jetpack_shortlink":"https:\/\/wp.me\/p7ZJR4-5rR","jetpack_likes_enabled":false,"jetpack-related-posts":[{"id":32935,"url":"https:\/\/www.grieta.org.mx\/index.php\/2019\/04\/26\/son-de-puebla-41-de-mujeres-explotadas-sexualmente-en-eu\/","url_meta":{"origin":20947,"position":0},"title":"Son de Puebla 41% de mujeres explotadas sexualmente en EU","author":"grieta","date":"26 abril, 2019","format":false,"excerpt":"Karen Meza \/ El Sol de Puebla El 30 por ciento de las v\u00edctimas de explotaci\u00f3n sexual en Puebla durante 2018 fueron mujeres menores de 18 a\u00f1os, report\u00f3 el Secretariado Ejecutivo del Sistema Nacional de Seguridad P\u00fablica (SESNSP). De acuerdo a los registros ante la Fiscal\u00eda General del Estado (FGE)\u2026","rel":"","context":"En &quot;CINTILLO&quot;","block_context":{"text":"CINTILLO","link":"https:\/\/www.grieta.org.mx\/index.php\/category\/cintillo\/"},"img":{"alt_text":"","src":"https:\/\/i0.wp.com\/www.grieta.org.mx\/wp-content\/uploads\/2019\/05\/trata-de-personas.jpg?resize=350%2C200&ssl=1","width":350,"height":200,"srcset":"https:\/\/i0.wp.com\/www.grieta.org.mx\/wp-content\/uploads\/2019\/05\/trata-de-personas.jpg?resize=350%2C200&ssl=1 1x, https:\/\/i0.wp.com\/www.grieta.org.mx\/wp-content\/uploads\/2019\/05\/trata-de-personas.jpg?resize=525%2C300&ssl=1 1.5x, https:\/\/i0.wp.com\/www.grieta.org.mx\/wp-content\/uploads\/2019\/05\/trata-de-personas.jpg?resize=700%2C400&ssl=1 2x"},"classes":[]},{"id":18666,"url":"https:\/\/www.grieta.org.mx\/index.php\/2016\/07\/30\/puebla-tercer-lugar-nacional-con-consignaciones-por-trata\/","url_meta":{"origin":20947,"position":1},"title":"Puebla tercer lugar nacional con consignaciones por trata","author":"grieta","date":"30 julio, 2016","format":false,"excerpt":"El estado de Puebla se ubica entre los tres primeros lugares a nivel nacional con m\u00e1s consignaciones por delito de trata de personas pues entre 2009 y 2011 acumul\u00f3 un total de 27, tan solo detr\u00e1s de Chiapas con 50 y la Ciudad de M\u00e9xico \u2013antes Distrito Federal- con 31,\u2026","rel":"","context":"En &quot;CINTILLO&quot;","block_context":{"text":"CINTILLO","link":"https:\/\/www.grieta.org.mx\/index.php\/category\/cintillo\/"},"img":{"alt_text":"","src":"https:\/\/i0.wp.com\/www.grieta.org.mx\/wp-content\/uploads\/2018\/03\/14524434_1106112876131411_958039263622046936_o.jpg?resize=350%2C200&ssl=1","width":350,"height":200,"srcset":"https:\/\/i0.wp.com\/www.grieta.org.mx\/wp-content\/uploads\/2018\/03\/14524434_1106112876131411_958039263622046936_o.jpg?resize=350%2C200&ssl=1 1x, https:\/\/i0.wp.com\/www.grieta.org.mx\/wp-content\/uploads\/2018\/03\/14524434_1106112876131411_958039263622046936_o.jpg?resize=525%2C300&ssl=1 1.5x, https:\/\/i0.wp.com\/www.grieta.org.mx\/wp-content\/uploads\/2018\/03\/14524434_1106112876131411_958039263622046936_o.jpg?resize=700%2C400&ssl=1 2x"},"classes":[]},{"id":33975,"url":"https:\/\/www.grieta.org.mx\/index.php\/2019\/05\/28\/oaxaca-un-infierno-por-trata-de-personas\/","url_meta":{"origin":20947,"position":2},"title":"Oaxaca, un infierno por trata de personas","author":"grieta","date":"28 mayo, 2019","format":false,"excerpt":"Noticias. Citlalli Luciana, Explotaci\u00f3n laboral, sexual o semi esclavitud, las variantes. Oaxaca se establece como un infierno para las mujeres debido a la alta incidencia de trata de personas. De acuerdo con datos del Secretariado Ejecutivo del Sistema Nacional de Seguridad P\u00fablica (SESNSP), la entidad se ubica en el tercer\u2026","rel":"","context":"En &quot;CINTILLO&quot;","block_context":{"text":"CINTILLO","link":"https:\/\/www.grieta.org.mx\/index.php\/category\/cintillo\/"},"img":{"alt_text":"","src":"https:\/\/i0.wp.com\/www.grieta.org.mx\/wp-content\/uploads\/2019\/05\/image_33_338.jpg?resize=350%2C200&ssl=1","width":350,"height":200,"srcset":"https:\/\/i0.wp.com\/www.grieta.org.mx\/wp-content\/uploads\/2019\/05\/image_33_338.jpg?resize=350%2C200&ssl=1 1x, https:\/\/i0.wp.com\/www.grieta.org.mx\/wp-content\/uploads\/2019\/05\/image_33_338.jpg?resize=525%2C300&ssl=1 1.5x, https:\/\/i0.wp.com\/www.grieta.org.mx\/wp-content\/uploads\/2019\/05\/image_33_338.jpg?resize=700%2C400&ssl=1 2x, https:\/\/i0.wp.com\/www.grieta.org.mx\/wp-content\/uploads\/2019\/05\/image_33_338.jpg?resize=1050%2C600&ssl=1 3x"},"classes":[]},{"id":52245,"url":"https:\/\/www.grieta.org.mx\/index.php\/2020\/07\/30\/aumento-en-baja-california-denuncias-por-trata-de-personas-explotacion-sexual-el-modo-mas-comun\/","url_meta":{"origin":20947,"position":3},"title":"Aument\u00f3 en Baja California denuncias por trata de personas; Explotaci\u00f3n sexual, el modo m\u00e1s com\u00fan","author":"grieta","date":"30 julio, 2020","format":false,"excerpt":"Lindero Norte \/ Antonio Heras. Mexicali.- Las denuncias por trata de personas se incrementaron en Baja California, durante los primeros seis meses de 2020 al registrarse 29 casos, la mayor\u00eda de las v\u00edctimas son mujeres. En promedio se present\u00f3 una denuncia cada semana en una entidad que es considerada un\u2026","rel":"","context":"En &quot;Baja California&quot;","block_context":{"text":"Baja California","link":"https:\/\/www.grieta.org.mx\/index.php\/category\/noticias-nacionales\/baja-california\/"},"img":{"alt_text":"","src":"https:\/\/i0.wp.com\/www.grieta.org.mx\/wp-content\/uploads\/2020\/08\/1.jpeg?resize=350%2C200&ssl=1","width":350,"height":200},"classes":[]},{"id":46856,"url":"https:\/\/www.grieta.org.mx\/index.php\/2020\/03\/27\/de-que-hablamos-cuando-hablamos-de-trata\/","url_meta":{"origin":20947,"position":4},"title":"De qu\u00e9 hablamos cuando hablamos de trata","author":"Admin","date":"27 marzo, 2020","format":false,"excerpt":"Ilustraciones: Conejo Muerto \u00c1mbar Barrera | Dafne Garc\u00eda | Mar\u00eda Jos\u00e9 Andrade Gabi\u00f1o \/ Lado B A pesar de que la trata es un tema sobre el cual se ha hablado mucho, m\u00e1s en los medios que desde los discursos gubernamentales, y menos todav\u00eda en cuanto a prevenci\u00f3n y atenci\u00f3n,\u2026","rel":"","context":"En &quot;CINTILLO&quot;","block_context":{"text":"CINTILLO","link":"https:\/\/www.grieta.org.mx\/index.php\/category\/cintillo\/"},"img":{"alt_text":"","src":"https:\/\/i0.wp.com\/www.grieta.org.mx\/wp-content\/uploads\/2020\/03\/Detalle5.jpg?resize=350%2C200&ssl=1","width":350,"height":200,"srcset":"https:\/\/i0.wp.com\/www.grieta.org.mx\/wp-content\/uploads\/2020\/03\/Detalle5.jpg?resize=350%2C200&ssl=1 1x, https:\/\/i0.wp.com\/www.grieta.org.mx\/wp-content\/uploads\/2020\/03\/Detalle5.jpg?resize=525%2C300&ssl=1 1.5x, https:\/\/i0.wp.com\/www.grieta.org.mx\/wp-content\/uploads\/2020\/03\/Detalle5.jpg?resize=700%2C400&ssl=1 2x"},"classes":[]},{"id":46836,"url":"https:\/\/www.grieta.org.mx\/index.php\/2019\/11\/25\/los-numeros-de-la-trata-no-hay-forma-de-dimensionar-estadisticamente\/","url_meta":{"origin":20947,"position":5},"title":"Los n\u00fameros de la trata: no hay forma de dimensionar estad\u00edsticamente","author":"Admin","date":"25 noviembre, 2019","format":false,"excerpt":"\u00c1mbar Barrera | Dafne Garc\u00eda | Mar\u00eda Jos\u00e9 Andrade Gabi\u00f1o \/ Lado B La trata de personas es un delito federal, aunque su prevenci\u00f3n y atenci\u00f3n tambi\u00e9n compete a las autoridades estatales y municipales. Pero en Puebla, a pesar de haber una ley para prevenir y erradicar el delito, y\u2026","rel":"","context":"En &quot;CINTILLO&quot;","block_context":{"text":"CINTILLO","link":"https:\/\/www.grieta.org.mx\/index.php\/category\/cintillo\/"},"img":{"alt_text":"","src":"https:\/\/i0.wp.com\/www.grieta.org.mx\/wp-content\/uploads\/2020\/03\/Detalle2.jpg?resize=350%2C200&ssl=1","width":350,"height":200,"srcset":"https:\/\/i0.wp.com\/www.grieta.org.mx\/wp-content\/uploads\/2020\/03\/Detalle2.jpg?resize=350%2C200&ssl=1 1x, https:\/\/i0.wp.com\/www.grieta.org.mx\/wp-content\/uploads\/2020\/03\/Detalle2.jpg?resize=525%2C300&ssl=1 1.5x, https:\/\/i0.wp.com\/www.grieta.org.mx\/wp-content\/uploads\/2020\/03\/Detalle2.jpg?resize=700%2C400&ssl=1 2x"},"classes":[]}],"_links":{"self":[{"href":"https:\/\/www.grieta.org.mx\/index.php\/wp-json\/wp\/v2\/posts\/20947","targetHints":{"allow":["GET"]}}],"collection":[{"href":"https:\/\/www.grieta.org.mx\/index.php\/wp-json\/wp\/v2\/posts"}],"about":[{"href":"https:\/\/www.grieta.org.mx\/index.php\/wp-json\/wp\/v2\/types\/post"}],"author":[{"embeddable":true,"href":"https:\/\/www.grieta.org.mx\/index.php\/wp-json\/wp\/v2\/users\/2"}],"replies":[{"embeddable":true,"href":"https:\/\/www.grieta.org.mx\/index.php\/wp-json\/wp\/v2\/comments?post=20947"}],"version-history":[{"count":1,"href":"https:\/\/www.grieta.org.mx\/index.php\/wp-json\/wp\/v2\/posts\/20947\/revisions"}],"predecessor-version":[{"id":20949,"href":"https:\/\/www.grieta.org.mx\/index.php\/wp-json\/wp\/v2\/posts\/20947\/revisions\/20949"}],"wp:featuredmedia":[{"embeddable":true,"href":"https:\/\/www.grieta.org.mx\/index.php\/wp-json\/wp\/v2\/media\/20948"}],"wp:attachment":[{"href":"https:\/\/www.grieta.org.mx\/index.php\/wp-json\/wp\/v2\/media?parent=20947"}],"wp:term":[{"taxonomy":"category","embeddable":true,"href":"https:\/\/www.grieta.org.mx\/index.php\/wp-json\/wp\/v2\/categories?post=20947"},{"taxonomy":"post_tag","embeddable":true,"href":"https:\/\/www.grieta.org.mx\/index.php\/wp-json\/wp\/v2\/tags?post=20947"}],"curies":[{"name":"wp","href":"https:\/\/api.w.org\/{rel}","templated":true}]}}