{"id":20937,"date":"2016-08-26T23:28:57","date_gmt":"2016-08-27T04:28:57","guid":{"rendered":"http:\/\/www.grieta.org.mx\/?p=20937"},"modified":"2016-09-05T23:32:45","modified_gmt":"2016-09-06T04:32:45","slug":"exigen-revertir-privatizacion-del-agua-y-modificar-ciclovia-en-puebla","status":"publish","type":"post","link":"https:\/\/www.grieta.org.mx\/index.php\/2016\/08\/26\/exigen-revertir-privatizacion-del-agua-y-modificar-ciclovia-en-puebla\/","title":{"rendered":"Exigen revertir privatizaci\u00f3n del agua y modificar ciclov\u00eda en Puebla"},"content":{"rendered":"<p><img loading=\"lazy\" decoding=\"async\" data-attachment-id=\"20939\" data-permalink=\"https:\/\/www.grieta.org.mx\/index.php\/2016\/08\/26\/exigen-revertir-privatizacion-del-agua-y-modificar-ciclovia-en-puebla\/victor\/\" data-orig-file=\"https:\/\/www.grieta.org.mx\/wp-content\/uploads\/2016\/09\/victor.jpg\" data-orig-size=\"600,400\" data-comments-opened=\"0\" data-image-meta=\"{&quot;aperture&quot;:&quot;0&quot;,&quot;credit&quot;:&quot;&quot;,&quot;camera&quot;:&quot;&quot;,&quot;caption&quot;:&quot;&quot;,&quot;created_timestamp&quot;:&quot;0&quot;,&quot;copyright&quot;:&quot;&quot;,&quot;focal_length&quot;:&quot;0&quot;,&quot;iso&quot;:&quot;0&quot;,&quot;shutter_speed&quot;:&quot;0&quot;,&quot;title&quot;:&quot;&quot;,&quot;orientation&quot;:&quot;0&quot;}\" data-image-title=\"victor\" data-image-description=\"\" data-image-caption=\"\" data-medium-file=\"https:\/\/www.grieta.org.mx\/wp-content\/uploads\/2016\/09\/victor-300x200.jpg\" data-large-file=\"https:\/\/www.grieta.org.mx\/wp-content\/uploads\/2016\/09\/victor.jpg\" src=\"http:\/\/www.grieta.org.mx\/wp-content\/uploads\/2016\/09\/victor.jpg\" alt=\"victor\" width=\"600\" height=\"400\" class=\"aligncenter size-full wp-image-20939\" srcset=\"https:\/\/www.grieta.org.mx\/wp-content\/uploads\/2016\/09\/victor.jpg 600w, https:\/\/www.grieta.org.mx\/wp-content\/uploads\/2016\/09\/victor-300x200.jpg 300w\" sizes=\"auto, (max-width: 600px) 100vw, 600px\" \/><\/p>\n<p>Por V\u00edctor Hugo Ju\u00e1rez<\/p>\n<p>Distintas organizaciones de la sociedad civil se manifestaron en las instalaciones del Congreso del Estado para entregar mil 122 firmas m\u00e1s que buscan revertir la privatizaci\u00f3n del servicio de agua potable, as\u00ed como pedir nuevas modificaciones al proyecto de la ciclov\u00eda en el Bulevar Hermanos Serd\u00e1n para evitar la tala de m\u00e1s de 200 \u00e1rboles.<\/p>\n<p>Mar\u00eda Eugenia Ochoa, del Frente de Puebla con \u00c1rboles, explic\u00f3 que el objetivo de su demanda es que los legisladores garanticen el derecho de acceso al agua potable a trav\u00e9s de modificaciones en la Constituci\u00f3n Pol\u00edtica del Estado de Puebla.<\/p>\n<p>\u201cVenimos aqu\u00ed con firmas de la iniciativa ciudadana para que haya un art\u00edculo en la Constituci\u00f3n de Puebla donde se considere el agua como un derecho humano\u201d.<\/p>\n<p>Record\u00f3 que es la tercera ocasi\u00f3n que acude al Congreso local para pedir el apoyo sin que hasta la fecha exista respuesta por parte de los legisladores poblanos, en espec\u00edfico de la Comisi\u00f3n de Gobernaci\u00f3n y Puntos Constitucionales que no le ha dado entrada a su demanda.<\/p>\n<p>Por su parte, Jos\u00e9 Luis Garc\u00eda Bello, de la Asamblea Social del Agua, asegur\u00f3 que con la entrega de estas mil 122 firmas suman m\u00e1s de 2 mil 500 r\u00fabricas entregadas al Poder Legislativo para pedir que se cancele el contrato entre el Gobierno del Estado y la empresa Agua de Puebla.<\/p>\n<p>El activista acus\u00f3 directamente a la diputada del Partido Nueva Alianza, Susana Riestra Pi\u00f1a, de ignorar estas demandas ciudadanas, ya que a la fecha no ha manifestado ninguna respuesta a sus peticiones desde que iniciaron con las protestas.<\/p>\n<p>PIDEN MODIFICACIONES A LA CICLOV\u00cdA<\/p>\n<p>Por su parte, Ninel Castillo, de la organizaci\u00f3n Esfera Poblana, demand\u00f3 la intervenci\u00f3n de los diputados locales para que se modifique el proyecto de la ciclov\u00eda de Hermanos Serd\u00e1n, con el argumento de que una ciclov\u00eda a nivel de piso es m\u00e1s amigable con el medio ambiente y no requiere de tanta inversi\u00f3n de recursos como lo tiene proyectado el gobierno estatal.<\/p>\n<p>Reproch\u00f3 el costo de 271.3 millones de pesos que tendr\u00e1 la construcci\u00f3n de la ciclov\u00eda en el Bulevar Hermanos Serd\u00e1n, asegurando que se puede realizar una obra m\u00e1s eficiente y econ\u00f3mica y que ese recurso sea destinado a donde m\u00e1s se necesita como el caso de los damnificados de la Sierra Norte de Puebla.<\/p>\n<p>\u201cHoy estamos afrontando la emergencia nacional de la Sierra Norte, Huauchinango qued\u00f3 destrozado por ese desastre del hurac\u00e1n y en vez de destinar ese dinero a donde se necesita, se est\u00e1 construyendo una ciclov\u00eda que hemos probado en mucho \u00e1mbitos que es inviable\u201d, manifest\u00f3.<\/p>\n<p><a href=\"https:\/\/www.elsoldepuebla.com.mx\/local\/exigen-revertir-privatizacion-del-agua-y-modificar-ciclovia\">https:\/\/www.elsoldepuebla.com.mx\/local\/exigen-revertir-privatizacion-del-agua-y-modificar-ciclovia<\/a><\/p>\n","protected":false},"excerpt":{"rendered":"<p>Por V\u00edctor Hugo Ju\u00e1rez Distintas organizaciones de la sociedad civil se manifestaron en las instalaciones del Congreso del Estado para entregar mil 122 firmas m\u00e1s que buscan revertir la privatizaci\u00f3n &hellip; <a href=\"https:\/\/www.grieta.org.mx\/index.php\/2016\/08\/26\/exigen-revertir-privatizacion-del-agua-y-modificar-ciclovia-en-puebla\/\" class=\"more-link\">Leer m\u00e1s<\/a><\/p>\n","protected":false},"author":2,"featured_media":21928,"comment_status":"closed","ping_status":"closed","sticky":false,"template":"","format":"standard","meta":{"ngg_post_thumbnail":0,"_jetpack_newsletter_access":"","_jetpack_dont_email_post_to_subs":false,"_jetpack_newsletter_tier_id":0,"_jetpack_memberships_contains_paywalled_content":false,"_jetpack_memberships_contains_paid_content":false,"footnotes":""},"categories":[80],"tags":[840,764],"class_list":["post-20937","post","type-post","status-publish","format-standard","has-post-thumbnail","hentry","category-cintillo","tag-ciclopista","tag-privatizacion-del-agua","entry"],"jetpack_featured_media_url":"https:\/\/www.grieta.org.mx\/wp-content\/uploads\/2018\/03\/14524434_1106112876131411_958039263622046936_o.jpg","jetpack_sharing_enabled":true,"jetpack_shortlink":"https:\/\/wp.me\/p7ZJR4-5rH","jetpack_likes_enabled":false,"jetpack-related-posts":[{"id":17672,"url":"https:\/\/www.grieta.org.mx\/index.php\/2016\/08\/26\/ciudadanos-contra-la-ciclopista-en-puebla\/","url_meta":{"origin":20937,"position":0},"title":"Ciudadanos contra la ciclopista en Puebla","author":"grieta","date":"26 agosto, 2016","format":false,"excerpt":"26\/08\/16. Exigen revertir privatizaci\u00f3n del agua y modificar ciclov\u00eda en Puebla El Sol de Puebla 08\/08\/16. Presenta amparo ante ciclopista \"Frente Puebla con \u00c1rboles\" Intolerancia Diario 02\/08\/16. Puebla tiene 4 veces menos \u00e1reas verdes de lo recomendado por la OMS Lado B 31\/07\/16. Vuelven a manifestarse contra la ciclov\u00eda en\u2026","rel":"","context":"En &quot;NOTICIAS NACIONALES&quot;","block_context":{"text":"NOTICIAS NACIONALES","link":"https:\/\/www.grieta.org.mx\/index.php\/category\/noticias-nacionales\/"},"img":{"alt_text":"","src":"https:\/\/i0.wp.com\/www.grieta.org.mx\/wp-content\/uploads\/2018\/03\/14524434_1106112876131411_958039263622046936_o.jpg?resize=350%2C200&ssl=1","width":350,"height":200,"srcset":"https:\/\/i0.wp.com\/www.grieta.org.mx\/wp-content\/uploads\/2018\/03\/14524434_1106112876131411_958039263622046936_o.jpg?resize=350%2C200&ssl=1 1x, https:\/\/i0.wp.com\/www.grieta.org.mx\/wp-content\/uploads\/2018\/03\/14524434_1106112876131411_958039263622046936_o.jpg?resize=525%2C300&ssl=1 1.5x, https:\/\/i0.wp.com\/www.grieta.org.mx\/wp-content\/uploads\/2018\/03\/14524434_1106112876131411_958039263622046936_o.jpg?resize=700%2C400&ssl=1 2x"},"classes":[]},{"id":35633,"url":"https:\/\/www.grieta.org.mx\/index.php\/2019\/06\/20\/acusan-a-edil-de-san-martin-texmelucan-de-intentar-privatizar-el-agua-potable-puebla\/","url_meta":{"origin":20937,"position":1},"title":"Acusan a edil de San Mart\u00edn Texmelucan de intentar privatizar el agua potable (Puebla)","author":"Admin","date":"20 junio, 2019","format":false,"excerpt":"M\u00f3nica Camacho \/ LA JORNADA DE ORIENTE Integrantes del Movimiento en Defensa del Agua de San Mart\u00edn Texmelucan protestaron en el Congreso de Puebla para denunciar que la presidente de ese municipio, Mar\u00eda Norma Lay\u00f3n Aar\u00fan, pretende privatizar el servicio de agua potable. Exigieron la intervenci\u00f3n del Poder Legislativo local\u2026","rel":"","context":"En &quot;CINTILLO&quot;","block_context":{"text":"CINTILLO","link":"https:\/\/www.grieta.org.mx\/index.php\/category\/cintillo\/"},"img":{"alt_text":"","src":"https:\/\/i0.wp.com\/www.grieta.org.mx\/wp-content\/uploads\/2019\/06\/190619DCmanifestacion04.jpg?resize=350%2C200&ssl=1","width":350,"height":200,"srcset":"https:\/\/i0.wp.com\/www.grieta.org.mx\/wp-content\/uploads\/2019\/06\/190619DCmanifestacion04.jpg?resize=350%2C200&ssl=1 1x, https:\/\/i0.wp.com\/www.grieta.org.mx\/wp-content\/uploads\/2019\/06\/190619DCmanifestacion04.jpg?resize=525%2C300&ssl=1 1.5x, https:\/\/i0.wp.com\/www.grieta.org.mx\/wp-content\/uploads\/2019\/06\/190619DCmanifestacion04.jpg?resize=700%2C400&ssl=1 2x, https:\/\/i0.wp.com\/www.grieta.org.mx\/wp-content\/uploads\/2019\/06\/190619DCmanifestacion04.jpg?resize=1050%2C600&ssl=1 3x"},"classes":[]},{"id":13476,"url":"https:\/\/www.grieta.org.mx\/index.php\/2016\/08\/04\/privatizacion-del-agua-y-el-drenaje-en-puebla\/","url_meta":{"origin":20937,"position":2},"title":"Privatizaci\u00f3n del agua y el drenaje en Puebla","author":"grieta","date":"4 agosto, 2016","format":false,"excerpt":"04\/08\/16. Campesinos bloquean carretera federal Puebla-Tehuac\u00e1nEl Sol de Puebla 24\/07\/16. Pese a amparo, Agua de Puebla suspende servicio a hospitale-consulta 11\/07\/16. Agua contaminada causa brote de enfermedades en familias de Huauchinango (Puebla)Municipios Puebla 26\/06\/16. Realizan sesi\u00f3n informativa en Zacapoaxtla sobre privatizaci\u00f3n del agua en PueblaMunicipios Puebla 25\/05\/16. Drenaje, otro servicio\u2026","rel":"","context":"En &quot;NOTICIAS NACIONALES&quot;","block_context":{"text":"NOTICIAS NACIONALES","link":"https:\/\/www.grieta.org.mx\/index.php\/category\/noticias-nacionales\/"},"img":{"alt_text":"","src":"https:\/\/i0.wp.com\/www.grieta.org.mx\/wp-content\/uploads\/2018\/03\/14524434_1106112876131411_958039263622046936_o.jpg?resize=350%2C200&ssl=1","width":350,"height":200,"srcset":"https:\/\/i0.wp.com\/www.grieta.org.mx\/wp-content\/uploads\/2018\/03\/14524434_1106112876131411_958039263622046936_o.jpg?resize=350%2C200&ssl=1 1x, https:\/\/i0.wp.com\/www.grieta.org.mx\/wp-content\/uploads\/2018\/03\/14524434_1106112876131411_958039263622046936_o.jpg?resize=525%2C300&ssl=1 1.5x, https:\/\/i0.wp.com\/www.grieta.org.mx\/wp-content\/uploads\/2018\/03\/14524434_1106112876131411_958039263622046936_o.jpg?resize=700%2C400&ssl=1 2x"},"classes":[]},{"id":3901,"url":"https:\/\/www.grieta.org.mx\/index.php\/2015\/10\/03\/living-water-tiene-132-proyectos-vinculados-a-agua-potable-en-puebla\/","url_meta":{"origin":20937,"position":3},"title":"Living Water tiene 132 proyectos vinculados a agua potable en Puebla","author":"grieta","date":"3 octubre, 2015","format":false,"excerpt":"octubre 03, 2015 Puebla La fundaci\u00f3n religiosa estadunidense Living Water, ligada a empresas como Femsa y Chevron a trav\u00e9s de donativos, tiene al menos 132 proyectos vinculados al agua potable en Puebla, seg\u00fan se evidencia en los documentos que la organizaci\u00f3n ha publicado en internet. En la liga www.water.cc\/ourwork se\u2026","rel":"","context":"En &quot;CINTILLO&quot;","block_context":{"text":"CINTILLO","link":"https:\/\/www.grieta.org.mx\/index.php\/category\/cintillo\/"},"img":{"alt_text":"","src":"https:\/\/i0.wp.com\/www.grieta.org.mx\/wp-content\/uploads\/2018\/03\/14524434_1106112876131411_958039263622046936_o.jpg?resize=350%2C200&ssl=1","width":350,"height":200,"srcset":"https:\/\/i0.wp.com\/www.grieta.org.mx\/wp-content\/uploads\/2018\/03\/14524434_1106112876131411_958039263622046936_o.jpg?resize=350%2C200&ssl=1 1x, https:\/\/i0.wp.com\/www.grieta.org.mx\/wp-content\/uploads\/2018\/03\/14524434_1106112876131411_958039263622046936_o.jpg?resize=525%2C300&ssl=1 1.5x, https:\/\/i0.wp.com\/www.grieta.org.mx\/wp-content\/uploads\/2018\/03\/14524434_1106112876131411_958039263622046936_o.jpg?resize=700%2C400&ssl=1 2x"},"classes":[]},{"id":13477,"url":"https:\/\/www.grieta.org.mx\/index.php\/2016\/05\/25\/drenaje-otro-servicio-concesionado-que-ya-se-volvio-un-lujo-en-puebla\/","url_meta":{"origin":20937,"position":4},"title":"Drenaje, otro servicio concesionado que ya se volvi\u00f3 un lujo en Puebla","author":"grieta","date":"25 mayo, 2016","format":false,"excerpt":"Por Ang\u00e9lica Enciso Puebla.- En Puebla, adem\u00e1s del agua potable se concesion\u00f3 el uso del drenaje. En noviembre del a\u00f1o pasado la vivienda de Abraham Guti\u00e9rrez fue desconectada de la red de alcantarillado por la empresa Concesiones Integrales, a la que adeuda 80 mil pesos por el servicio. Desde entonces\u2026","rel":"","context":"En &quot;CINTILLO&quot;","block_context":{"text":"CINTILLO","link":"https:\/\/www.grieta.org.mx\/index.php\/category\/cintillo\/"},"img":{"alt_text":"","src":"https:\/\/i0.wp.com\/www.grieta.org.mx\/wp-content\/uploads\/2018\/03\/14524434_1106112876131411_958039263622046936_o.jpg?resize=350%2C200&ssl=1","width":350,"height":200,"srcset":"https:\/\/i0.wp.com\/www.grieta.org.mx\/wp-content\/uploads\/2018\/03\/14524434_1106112876131411_958039263622046936_o.jpg?resize=350%2C200&ssl=1 1x, https:\/\/i0.wp.com\/www.grieta.org.mx\/wp-content\/uploads\/2018\/03\/14524434_1106112876131411_958039263622046936_o.jpg?resize=525%2C300&ssl=1 1.5x, https:\/\/i0.wp.com\/www.grieta.org.mx\/wp-content\/uploads\/2018\/03\/14524434_1106112876131411_958039263622046936_o.jpg?resize=700%2C400&ssl=1 2x"},"classes":[]},{"id":12457,"url":"https:\/\/www.grieta.org.mx\/index.php\/2016\/09\/05\/pobladores-de-ocotepec-contra-empresa-living-water-puebla\/","url_meta":{"origin":20937,"position":5},"title":"Pobladores de Ocotepec contra empresa Living Water (Puebla)","author":"grieta","date":"5 septiembre, 2016","format":false,"excerpt":"05\/09\/16. Acusan a minera Almaden de no querer pagar regal\u00edas en Ixtacamaxtitl\u00e1n (Puebla) La Jornada de Oriente 29\/08\/16. Advierten en Ocotepec que agua ser\u00eda para minera Almaden (Puebla) La Jornada de Oriente 18\/03\/16. La trasnacional Living Water instala obra en municipio vecino a Ocotepec pese al malestar ciudadano (Puebla) La\u2026","rel":"","context":"En &quot;NOTICIAS NACIONALES&quot;","block_context":{"text":"NOTICIAS NACIONALES","link":"https:\/\/www.grieta.org.mx\/index.php\/category\/noticias-nacionales\/"},"img":{"alt_text":"","src":"https:\/\/i0.wp.com\/www.grieta.org.mx\/wp-content\/uploads\/2018\/03\/14524434_1106112876131411_958039263622046936_o.jpg?resize=350%2C200&ssl=1","width":350,"height":200,"srcset":"https:\/\/i0.wp.com\/www.grieta.org.mx\/wp-content\/uploads\/2018\/03\/14524434_1106112876131411_958039263622046936_o.jpg?resize=350%2C200&ssl=1 1x, https:\/\/i0.wp.com\/www.grieta.org.mx\/wp-content\/uploads\/2018\/03\/14524434_1106112876131411_958039263622046936_o.jpg?resize=525%2C300&ssl=1 1.5x, https:\/\/i0.wp.com\/www.grieta.org.mx\/wp-content\/uploads\/2018\/03\/14524434_1106112876131411_958039263622046936_o.jpg?resize=700%2C400&ssl=1 2x"},"classes":[]}],"_links":{"self":[{"href":"https:\/\/www.grieta.org.mx\/index.php\/wp-json\/wp\/v2\/posts\/20937","targetHints":{"allow":["GET"]}}],"collection":[{"href":"https:\/\/www.grieta.org.mx\/index.php\/wp-json\/wp\/v2\/posts"}],"about":[{"href":"https:\/\/www.grieta.org.mx\/index.php\/wp-json\/wp\/v2\/types\/post"}],"author":[{"embeddable":true,"href":"https:\/\/www.grieta.org.mx\/index.php\/wp-json\/wp\/v2\/users\/2"}],"replies":[{"embeddable":true,"href":"https:\/\/www.grieta.org.mx\/index.php\/wp-json\/wp\/v2\/comments?post=20937"}],"version-history":[{"count":1,"href":"https:\/\/www.grieta.org.mx\/index.php\/wp-json\/wp\/v2\/posts\/20937\/revisions"}],"predecessor-version":[{"id":20943,"href":"https:\/\/www.grieta.org.mx\/index.php\/wp-json\/wp\/v2\/posts\/20937\/revisions\/20943"}],"wp:featuredmedia":[{"embeddable":true,"href":"https:\/\/www.grieta.org.mx\/index.php\/wp-json\/wp\/v2\/media\/21928"}],"wp:attachment":[{"href":"https:\/\/www.grieta.org.mx\/index.php\/wp-json\/wp\/v2\/media?parent=20937"}],"wp:term":[{"taxonomy":"category","embeddable":true,"href":"https:\/\/www.grieta.org.mx\/index.php\/wp-json\/wp\/v2\/categories?post=20937"},{"taxonomy":"post_tag","embeddable":true,"href":"https:\/\/www.grieta.org.mx\/index.php\/wp-json\/wp\/v2\/tags?post=20937"}],"curies":[{"name":"wp","href":"https:\/\/api.w.org\/{rel}","templated":true}]}}