{"id":20921,"date":"2016-08-25T23:10:17","date_gmt":"2016-08-26T04:10:17","guid":{"rendered":"http:\/\/www.grieta.org.mx\/?p=20921"},"modified":"2018-07-08T17:52:38","modified_gmt":"2018-07-08T22:52:38","slug":"habra-bloqueo-cada-semana-en-san-alejandro-amenazan-pacientes-de-imss-puebla","status":"publish","type":"post","link":"https:\/\/www.grieta.org.mx\/index.php\/2016\/08\/25\/habra-bloqueo-cada-semana-en-san-alejandro-amenazan-pacientes-de-imss-puebla\/","title":{"rendered":"Habr\u00e1 bloqueo cada semana en San Alejandro, amenazan pacientes de IMSS (Puebla)"},"content":{"rendered":"<p><img loading=\"lazy\" decoding=\"async\" data-attachment-id=\"20922\" data-permalink=\"https:\/\/www.grieta.org.mx\/index.php\/2016\/08\/25\/habra-bloqueo-cada-semana-en-san-alejandro-amenazan-pacientes-de-imss-puebla\/w704-48\/\" data-orig-file=\"https:\/\/www.grieta.org.mx\/wp-content\/uploads\/2016\/09\/w704-2.jpg\" data-orig-size=\"600,400\" data-comments-opened=\"0\" data-image-meta=\"{&quot;aperture&quot;:&quot;5&quot;,&quot;credit&quot;:&quot;&quot;,&quot;camera&quot;:&quot;Canon EOS 7D&quot;,&quot;caption&quot;:&quot;&quot;,&quot;created_timestamp&quot;:&quot;1472036930&quot;,&quot;copyright&quot;:&quot;&quot;,&quot;focal_length&quot;:&quot;11&quot;,&quot;iso&quot;:&quot;160&quot;,&quot;shutter_speed&quot;:&quot;0.0025&quot;,&quot;title&quot;:&quot;&quot;,&quot;orientation&quot;:&quot;1&quot;}\" data-image-title=\"w704\" data-image-description=\"\" data-image-caption=\"\" data-medium-file=\"https:\/\/www.grieta.org.mx\/wp-content\/uploads\/2016\/09\/w704-2-300x200.jpg\" data-large-file=\"https:\/\/www.grieta.org.mx\/wp-content\/uploads\/2016\/09\/w704-2.jpg\" src=\"http:\/\/www.grieta.org.mx\/wp-content\/uploads\/2016\/09\/w704-2.jpg\" alt=\"w704\" width=\"600\" height=\"400\" class=\"aligncenter size-full wp-image-20922\" srcset=\"https:\/\/www.grieta.org.mx\/wp-content\/uploads\/2016\/09\/w704-2.jpg 600w, https:\/\/www.grieta.org.mx\/wp-content\/uploads\/2016\/09\/w704-2-300x200.jpg 300w\" sizes=\"auto, (max-width: 600px) 100vw, 600px\" \/><\/p>\n<p>Por Pilar P\u00e9rez<\/p>\n<p>Con una tercera manifestaci\u00f3n, derechohabientes del Instituto Mexicano del Seguro Social (IMSS) rechazaron la llegada de PISA Farmac\u00e9utica como distribuidor de las bolsas de di\u00e1lisis peritoneal en lugar de Laboratorios Baxter y afirmaron que son m\u00e1s de 50 pacientes quienes han resultado con efectos negativos a partir de esta transici\u00f3n.<\/p>\n<p>Como una amenaza, pacientes y familiares que se plantaron ayer frente a las instalaciones del Hospital General Regional N\u00famero 36 \u201cSan Alejandro\u201d, notificaron que hasta que el organismo cambie la l\u00ednea de las bolsas de di\u00e1lisis, como ellos lo demandan, continuar\u00e1n con los cierres viales cada mi\u00e9rcoles a las 10:00 horas.<\/p>\n<p>Por su parte el IMSS en Puebla, como ya lo hab\u00eda manifestado, notific\u00f3 que a nivel local no le corresponde a la Delegaci\u00f3n realizar el cambio de la licitaci\u00f3n, ya que se trata de un proceso federal y se\u00f1al\u00f3 que a cada uno de los pacientes se le est\u00e1 brindando la atenci\u00f3n personalizada.<\/p>\n<p>Acusaron que no se trata de un grupo minoritario como declar\u00f3 el pasado 17 de agosto el delegado Enrique Doger Guerrero, por el contrario se trata de una fuerza importante, ya que tan solo el d\u00eda de ayer se reunieron m\u00e1s de 50 firmas de personas que exigen el cambio de la bolsa.<\/p>\n<p>Con historias diferentes los pacientes contaron las penas que han sufrido una vez que Baxter dej\u00f3 de prestarles en servicio, en tanto que acusaron que PISA les ha provocado da\u00f1os a la salud como el incremento de infecciones peritoneales as\u00ed como los ingresos hospitalarios.<\/p>\n<p>Padres, esposos, hermanos e hijos, todos ellos enfermos de insuficiencia renal cr\u00f3nica, han presentado estos problemas de salud e incluso acusaron que de febrero a la fecha que ingres\u00f3 PISA en lugar de Baxter, se han reportado decesos de personas que antes no ten\u00edan problemas graves de salud, m\u00e1s all\u00e1 de los ocasionados por la insuficiencia renal.<\/p>\n<p>\u201cQueremos calidad de vida porque PISA nos est\u00e1s matando. IMSS, esc\u00fachanos y ay\u00fadanos, es nuestro derecho y queremos a nuestros familiares vivos. Doger, no somos 10, somos m\u00e1s\u201d, se pudo leer es una de las lonas que los quejos utilizaron para cerrar la 10 Poniente y de esta forma impedir el paso de la Red Urbana de Transporte Articulado (RUTA).<\/p>\n<p>Cabe mencionar que intent\u00e1ndose aprovechar del movimiento, un par de sujetos a los que no lograron identificar se acercaron a las puertas del nosocomio, donde \u2013a decir de las versiones de quienes estaban en el lugar- pidieron dinero en beneficio de la protesta y al ser descubiertos, decidieron retirarse.<\/p>\n<p>De la misma forma se cont\u00f3 con presencia de personal de PISA quien tom\u00f3 nota de la manifestaci\u00f3n, aunque argument\u00f3 que no pod\u00eda dar una postura sobre el tema, ya que eso le correspond\u00eda al \u00e1rea de Relaciones P\u00fablicas.<\/p>\n<p><a href=\"https:\/\/www.elsoldepuebla.com.mx\/local\/habra-bloqueo-cada-semana-en-san-alejandro-amenazan-pacientes-de-imss\">https:\/\/www.elsoldepuebla.com.mx\/local\/habra-bloqueo-cada-semana-en-san-alejandro-amenazan-pacientes-de-imss<\/a><\/p>\n","protected":false},"excerpt":{"rendered":"<p>Por Pilar P\u00e9rez Con una tercera manifestaci\u00f3n, derechohabientes del Instituto Mexicano del Seguro Social (IMSS) rechazaron la llegada de PISA Farmac\u00e9utica como distribuidor de las bolsas de di\u00e1lisis peritoneal en &hellip; <a href=\"https:\/\/www.grieta.org.mx\/index.php\/2016\/08\/25\/habra-bloqueo-cada-semana-en-san-alejandro-amenazan-pacientes-de-imss-puebla\/\" class=\"more-link\">Leer m\u00e1s<\/a><\/p>\n","protected":false},"author":2,"featured_media":20922,"comment_status":"closed","ping_status":"closed","sticky":false,"template":"","format":"standard","meta":{"ngg_post_thumbnail":0,"_jetpack_newsletter_access":"","_jetpack_dont_email_post_to_subs":false,"_jetpack_newsletter_tier_id":0,"_jetpack_memberships_contains_paywalled_content":false,"_jetpack_memberships_contains_paid_content":false,"footnotes":""},"categories":[80,1247,2,26],"tags":[166,893],"class_list":["post-20921","post","type-post","status-publish","format-standard","has-post-thumbnail","hentry","category-cintillo","category-movilizaciones-contra-reforma-al-sector-y-privatizacion-de-la-salud-en-puebla","category-noticias-nacionales","category-puebla","tag-imss","tag-privatizacion-de-la-salud","entry"],"jetpack_featured_media_url":"https:\/\/www.grieta.org.mx\/wp-content\/uploads\/2016\/09\/w704-2.jpg","jetpack_sharing_enabled":true,"jetpack_shortlink":"https:\/\/wp.me\/p7ZJR4-5rr","jetpack_likes_enabled":false,"jetpack-related-posts":[{"id":56824,"url":"https:\/\/www.grieta.org.mx\/index.php\/2021\/01\/29\/soy-trabajador-del-imss-puebla-y-no-me-han-vacunado\/","url_meta":{"origin":20921,"position":0},"title":"&#8220;Soy trabajador del IMSS-Puebla y no me han vacunado&#8221;","author":"Admin","date":"29 enero, 2021","format":false,"excerpt":"Gabriela Hern\u00e1ndez \/ Proceso PUEBLA, Pue. (apro).- Trabajadores del Hospital de Traumatolog\u00eda y Ortopedia de esta capital, as\u00ed como de las cl\u00ednicas 9 y 30 de Tehuac\u00e1n, pertenecientes al Instituto Mexicano del Seguro Social (IMSS), realizaron hoy una manifestaci\u00f3n virtual porque no fueron incluidos en la primera fase de vacunaci\u00f3n\u2026","rel":"","context":"En &quot;CINTILLO&quot;","block_context":{"text":"CINTILLO","link":"https:\/\/www.grieta.org.mx\/index.php\/category\/cintillo\/"},"img":{"alt_text":"","src":"https:\/\/i0.wp.com\/www.grieta.org.mx\/wp-content\/uploads\/2021\/02\/f800x450-129272_180718_5050.jpg?resize=350%2C200&ssl=1","width":350,"height":200,"srcset":"https:\/\/i0.wp.com\/www.grieta.org.mx\/wp-content\/uploads\/2021\/02\/f800x450-129272_180718_5050.jpg?resize=350%2C200&ssl=1 1x, https:\/\/i0.wp.com\/www.grieta.org.mx\/wp-content\/uploads\/2021\/02\/f800x450-129272_180718_5050.jpg?resize=525%2C300&ssl=1 1.5x, https:\/\/i0.wp.com\/www.grieta.org.mx\/wp-content\/uploads\/2021\/02\/f800x450-129272_180718_5050.jpg?resize=700%2C400&ssl=1 2x"},"classes":[]},{"id":35122,"url":"https:\/\/www.grieta.org.mx\/index.php\/2019\/06\/20\/rayos-x-del-imss-en-malas-condiciones-queretaro\/","url_meta":{"origin":20921,"position":1},"title":"Rayos X del IMSS en malas condiciones (Quer\u00e9taro)","author":"grieta","date":"20 junio, 2019","format":false,"excerpt":"En el techo hasta hoyos hay, a los pacientes los dejan en el pasillo Alejandro Pay\u00e1n V\u00e1zquez \/ El Diario de Quer\u00e9taro Las instalaciones de la unidad de rayos X del Hospital General Regional No. 1 del IMSS se encuentran en malas condiciones, en un recorrido realizado por esta unidad\u2026","rel":"","context":"En &quot;CINTILLO&quot;","block_context":{"text":"CINTILLO","link":"https:\/\/www.grieta.org.mx\/index.php\/category\/cintillo\/"},"img":{"alt_text":"","src":"https:\/\/i0.wp.com\/www.grieta.org.mx\/wp-content\/uploads\/2019\/06\/MALAS-CONDICIONES.jpg?resize=350%2C200&ssl=1","width":350,"height":200,"srcset":"https:\/\/i0.wp.com\/www.grieta.org.mx\/wp-content\/uploads\/2019\/06\/MALAS-CONDICIONES.jpg?resize=350%2C200&ssl=1 1x, https:\/\/i0.wp.com\/www.grieta.org.mx\/wp-content\/uploads\/2019\/06\/MALAS-CONDICIONES.jpg?resize=525%2C300&ssl=1 1.5x, https:\/\/i0.wp.com\/www.grieta.org.mx\/wp-content\/uploads\/2019\/06\/MALAS-CONDICIONES.jpg?resize=700%2C400&ssl=1 2x"},"classes":[]},{"id":71878,"url":"https:\/\/www.grieta.org.mx\/index.php\/2025\/07\/02\/pacientes-del-hospital-zoquiapan-de-ixtapaluca-mantienen-bloqueo-claman-que-no-los-dejen-sin-tratamiento-estado-de-mexico\/","url_meta":{"origin":20921,"position":2},"title":"Pacientes del Hospital Zoquiapan de Ixtapaluca mantienen bloqueo, claman que no los dejen sin tratamiento (Estado de M\u00e9xico)","author":"grieta","date":"2 julio, 2025","format":false,"excerpt":"Miguel Gonz\u00e1lez \/ La Jornada Estado de M\u00e9xico Pacientes del Hospital Zoquiapan de Ixtapaluca bloquean las afueras del nosocomio y claman que no los dejen sin tratamiento ante el retiro de equipo de hemodi\u00e1lisis. Pacientes con da\u00f1o renal del Hospital Zoquiapan \u201cDr. Pedro L\u00f3pez\u201d del municipio de Ixtapaluca, acompa\u00f1ados por\u2026","rel":"","context":"En &quot;CINTILLO&quot;","block_context":{"text":"CINTILLO","link":"https:\/\/www.grieta.org.mx\/index.php\/category\/cintillo\/"},"img":{"alt_text":"","src":"https:\/\/i0.wp.com\/www.grieta.org.mx\/wp-content\/uploads\/2025\/07\/Captura-de-pantalla-2025-07-02-000613.png?resize=350%2C200&ssl=1","width":350,"height":200,"srcset":"https:\/\/i0.wp.com\/www.grieta.org.mx\/wp-content\/uploads\/2025\/07\/Captura-de-pantalla-2025-07-02-000613.png?resize=350%2C200&ssl=1 1x, https:\/\/i0.wp.com\/www.grieta.org.mx\/wp-content\/uploads\/2025\/07\/Captura-de-pantalla-2025-07-02-000613.png?resize=525%2C300&ssl=1 1.5x, https:\/\/i0.wp.com\/www.grieta.org.mx\/wp-content\/uploads\/2025\/07\/Captura-de-pantalla-2025-07-02-000613.png?resize=700%2C400&ssl=1 2x"},"classes":[]},{"id":47599,"url":"https:\/\/www.grieta.org.mx\/index.php\/2020\/04\/08\/sin-equipo-y-en-condiciones-insalubres-el-imss-oaxaca-ante-covid-19-personal-oaxaca\/","url_meta":{"origin":20921,"position":3},"title":"Sin equipo y en condiciones insalubres, el IMSS-Oaxaca ante COVID-19: Personal","author":"grieta","date":"8 abril, 2020","format":false,"excerpt":"Armando Guerra \/ P\u00e1gina 3. A falta de insumos, denunciaron que el personal m\u00e9dico y de enfermer\u00eda solo se pone bolsas de pl\u00e1stico encima. Personal del Hospital de Zona 01 \u201cDemetrio Mayoral Pardo\u201d del Instituto Mexicano del Seguro Social (IMSS), en Oaxaca, denunci\u00f3 condiciones insalubres, y falta de insumos y\u2026","rel":"","context":"En &quot;CINTILLO&quot;","block_context":{"text":"CINTILLO","link":"https:\/\/www.grieta.org.mx\/index.php\/category\/cintillo\/"},"img":{"alt_text":"","src":"https:\/\/i0.wp.com\/www.grieta.org.mx\/wp-content\/uploads\/2020\/04\/Sin-equipo-y-en-condiciones-insalubres-el-IMSS-Oaxaca-696x360.jpeg?resize=350%2C200&ssl=1","width":350,"height":200,"srcset":"https:\/\/i0.wp.com\/www.grieta.org.mx\/wp-content\/uploads\/2020\/04\/Sin-equipo-y-en-condiciones-insalubres-el-IMSS-Oaxaca-696x360.jpeg?resize=350%2C200&ssl=1 1x, https:\/\/i0.wp.com\/www.grieta.org.mx\/wp-content\/uploads\/2020\/04\/Sin-equipo-y-en-condiciones-insalubres-el-IMSS-Oaxaca-696x360.jpeg?resize=525%2C300&ssl=1 1.5x"},"classes":[]},{"id":36505,"url":"https:\/\/www.grieta.org.mx\/index.php\/2019\/06\/26\/falta-material-y-equipo-en-um-del-imss-hidalgo\/","url_meta":{"origin":20921,"position":4},"title":"Falta material y equipo en UM del IMSS (Hidalgo)","author":"grieta","date":"26 junio, 2019","format":false,"excerpt":"Rub\u00e9n Ju\u00e1rez \/ El sol de Hidalgo No hay jeringas, agujas, bolsas recolectoras ni sondas, acusan usuarios Huejutla, Hgo.- Familiares de pacientes de la cl\u00ednica 21 del Instituto Mexicano del Seguro Social (IMSS) de este municipio, lamentaron que han tenido que comprar material ante la falta de jeringas, agujas, bolsas\u2026","rel":"","context":"En &quot;CINTILLO&quot;","block_context":{"text":"CINTILLO","link":"https:\/\/www.grieta.org.mx\/index.php\/category\/cintillo\/"},"img":{"alt_text":"","src":"https:\/\/i0.wp.com\/www.grieta.org.mx\/wp-content\/uploads\/2019\/07\/SIN-EQUIPO.jpeg?resize=350%2C200&ssl=1","width":350,"height":200,"srcset":"https:\/\/i0.wp.com\/www.grieta.org.mx\/wp-content\/uploads\/2019\/07\/SIN-EQUIPO.jpeg?resize=350%2C200&ssl=1 1x, https:\/\/i0.wp.com\/www.grieta.org.mx\/wp-content\/uploads\/2019\/07\/SIN-EQUIPO.jpeg?resize=525%2C300&ssl=1 1.5x, https:\/\/i0.wp.com\/www.grieta.org.mx\/wp-content\/uploads\/2019\/07\/SIN-EQUIPO.jpeg?resize=700%2C400&ssl=1 2x"},"classes":[]},{"id":56100,"url":"https:\/\/www.grieta.org.mx\/index.php\/2021\/01\/02\/terminacion-de-contratos-del-imss-deja-sin-hemodialisis-a-pacientes-de-insuficiencia-renal-jalisco\/","url_meta":{"origin":20921,"position":5},"title":"Terminaci\u00f3n de contratos del IMSS deja sin hemodi\u00e1lisis a pacientes de insuficiencia renal (Jalisco)","author":"grieta","date":"2 enero, 2021","format":false,"excerpt":"Foto: Georgina Garc\u00eda Sol\u00eds Los afectados son derechohabientes del Hospital General Regional n\u00famero 45, quienes se manifestaron el viernes 1 de enero a las afueras del nosocomio Georgina Garc\u00eda Sol\u00eds \/ UDGTV Pacientes de insuficiencia renal no han podido recibir su tratamiento de hemodi\u00e1lisis\u00a0por la terminaci\u00f3n de los contratos que\u2026","rel":"","context":"En &quot;CINTILLO&quot;","block_context":{"text":"CINTILLO","link":"https:\/\/www.grieta.org.mx\/index.php\/category\/cintillo\/"},"img":{"alt_text":"","src":"https:\/\/i0.wp.com\/www.grieta.org.mx\/wp-content\/uploads\/2021\/01\/WhatsApp-Image-2021-01-02-at-15.07.01-696x522-1.jpeg?resize=350%2C200&ssl=1","width":350,"height":200,"srcset":"https:\/\/i0.wp.com\/www.grieta.org.mx\/wp-content\/uploads\/2021\/01\/WhatsApp-Image-2021-01-02-at-15.07.01-696x522-1.jpeg?resize=350%2C200&ssl=1 1x, https:\/\/i0.wp.com\/www.grieta.org.mx\/wp-content\/uploads\/2021\/01\/WhatsApp-Image-2021-01-02-at-15.07.01-696x522-1.jpeg?resize=525%2C300&ssl=1 1.5x"},"classes":[]}],"_links":{"self":[{"href":"https:\/\/www.grieta.org.mx\/index.php\/wp-json\/wp\/v2\/posts\/20921","targetHints":{"allow":["GET"]}}],"collection":[{"href":"https:\/\/www.grieta.org.mx\/index.php\/wp-json\/wp\/v2\/posts"}],"about":[{"href":"https:\/\/www.grieta.org.mx\/index.php\/wp-json\/wp\/v2\/types\/post"}],"author":[{"embeddable":true,"href":"https:\/\/www.grieta.org.mx\/index.php\/wp-json\/wp\/v2\/users\/2"}],"replies":[{"embeddable":true,"href":"https:\/\/www.grieta.org.mx\/index.php\/wp-json\/wp\/v2\/comments?post=20921"}],"version-history":[{"count":1,"href":"https:\/\/www.grieta.org.mx\/index.php\/wp-json\/wp\/v2\/posts\/20921\/revisions"}],"predecessor-version":[{"id":20923,"href":"https:\/\/www.grieta.org.mx\/index.php\/wp-json\/wp\/v2\/posts\/20921\/revisions\/20923"}],"wp:featuredmedia":[{"embeddable":true,"href":"https:\/\/www.grieta.org.mx\/index.php\/wp-json\/wp\/v2\/media\/20922"}],"wp:attachment":[{"href":"https:\/\/www.grieta.org.mx\/index.php\/wp-json\/wp\/v2\/media?parent=20921"}],"wp:term":[{"taxonomy":"category","embeddable":true,"href":"https:\/\/www.grieta.org.mx\/index.php\/wp-json\/wp\/v2\/categories?post=20921"},{"taxonomy":"post_tag","embeddable":true,"href":"https:\/\/www.grieta.org.mx\/index.php\/wp-json\/wp\/v2\/tags?post=20921"}],"curies":[{"name":"wp","href":"https:\/\/api.w.org\/{rel}","templated":true}]}}