{"id":20735,"date":"2016-08-30T14:21:08","date_gmt":"2016-08-30T19:21:08","guid":{"rendered":"http:\/\/www.grieta.org.mx\/?p=20735"},"modified":"2018-07-20T02:01:29","modified_gmt":"2018-07-20T07:01:29","slug":"hay-mucha-chamaquita-a-la-que-los-marinos-y-los-militares-se-las-llevaron-en-sus-camionetas-y-las-devolvieron-abusadas-sexualmente-san-luis-potosi","status":"publish","type":"post","link":"https:\/\/www.grieta.org.mx\/index.php\/2016\/08\/30\/hay-mucha-chamaquita-a-la-que-los-marinos-y-los-militares-se-las-llevaron-en-sus-camionetas-y-las-devolvieron-abusadas-sexualmente-san-luis-potosi\/","title":{"rendered":"\u201cHay mucha chamaquita a la que los marinos y los militares se las llevaron en sus camionetas y las devolvieron abusadas sexualmente\u201d (San Luis Potos\u00ed)"},"content":{"rendered":"<p>Emma Martinez \/ Revoluci\u00f3n Tres Punto Cero<\/p>\n<p>En Charcas, San Luis Potos\u00ed la violencia de los c\u00e1rteles y fuerzas armadas del pa\u00eds fue recurrente entre los habitantes, quienes por miedo en lo m\u00e1s \u00e1lgido de la llamada guerra contra el narcotr\u00e1fico se convirtieron en desplazados de manera forzada. \u201cMuchos no quer\u00edan morir de manera violenta y otros tampoco, pero no ten\u00edamos c\u00f3mo movernos ni a d\u00f3nde, nos quedamos y fuimos padeciendo la condena de una u otra manera.<\/p>\n<p>Primero la pobreza, despu\u00e9s las humillaciones, las violaciones, aqu\u00ed en nuestro municipio hay mucha chamaquita a la que los marinos, los militares y los federales se las llevaron en sus camionetas y las devolvieron abusadas sexualmente, unas corrieron con suerte y solo les qued\u00f3 el trauma a otras eso y un chamaco\u201d, comenta a Revoluci\u00f3n TRESPUNTOCERO Carmen, madre de una menor quien fuera torturada.<\/p>\n<p>A la menor, hoy de 16 a\u00f1os, dos elementos del ej\u00e9rcito comenzaron a seguirla cuando sali\u00f3 de la secundaria, cuando le dijeron que se detuviera porque la \u201ciban a detener por robo\u201d, no supo que hacer, \u201cmi hija no ten\u00eda ni idea que los del ej\u00e9rcito no te pueden detener por robo, no as\u00ed, lo que hizo fue ponerse a llorar, la llevaron a una de las zonas solitarias, le dijeron que ella se hab\u00eda robado un dinero que por \u2018sucia y pobre\u2019, hab\u00eda entrado a una casa y se lo llev\u00f3.<\/p>\n<p>Todo mentira, ella dijo que no sab\u00eda nada, dijo su nombre y pidi\u00f3 que me buscaran a m\u00ed, pero ellos solamente quer\u00edan abusar de ella, la golpearon hicieron lo que quisieron con ella y despu\u00e9s la dejaron ir, pero le advirtieron que si hablaba me iban a matar. Esto que cuento le puede sonar algo no com\u00fan, de sorpresa, pero en este estado, en las carreteras y en los caminos solitarios, en las colonias donde la mayor\u00eda vivimos en pobreza, ah\u00ed es donde las fuerzas armadas buscan ni\u00f1as, porque nadie nos va a creer, porque no sabemos a d\u00f3nde ir y lo que queremos es olvidar, \u00bfc\u00f3mo crees usted que yo me voy a ir a parar con las autoridades a contarles esto? ah\u00ed mismo me acusan de cualquier cosa y me meten a la c\u00e1rcel por andar acusando militares\u201d, a\u00f1ade la madre.<\/p>\n<p>En junio pasado Amnist\u00eda Internacional pregunt\u00f3 a las mujeres mexicanas \u00bfQu\u00e9 podr\u00eda suceder a una mujer en M\u00e9xico si es detenida por las fuerzas de seguridad? La respuestas recurrentes fueron: \u2018mi mayor temor ser\u00eda que me violaran\u2019, \u2018sin duda padecer\u00eda tortura sexual\u2019, \u2018que me torturaran para que yo aceptara delitos que no comet\u00ed\u2019, \u2018aqu\u00ed en M\u00e9xico la violaci\u00f3n sexual por parte de marinos y militares ser\u00eda una gran probabilidad\u2019.<\/p>\n<p>Seg\u00fan un informe de la misma ONG en donde entrevist\u00f3 a 100 mujeres que fueron detenidas por ej\u00e9rcito y Marina, se dio a conocer que 97 fueron f\u00edsicamente abusadas, 72 fueron sexualmente abusadas y 33 fueron violadas. De los 100 arrestos examinados por Amnist\u00eda Internacional, la mayor\u00eda fueron llevados a cabo por la Polic\u00eda Federal, seguida por la Polic\u00eda Estatal, el Ej\u00e9rcito y la Marina.<\/p>\n<p>\u201cLas violaciones suceden porque marinos y militares lo pueden hacer sin ning\u00fan tipo de consecuencia, son sus grandes triunfos, agredir y destruir la vida de ni\u00f1as, adolescentes y mujeres, sin que eso signifique un delito, estamos frente a un monstruo al que le dieron la libertad de torturar, desaparecer y violar\u201d, afirma Carmen.<\/p>\n<p>La derechohumanista Jazm\u00edn Ram\u00edrez, declara a Revoluci\u00f3n TRESPUNTOCERO que \u201cla violencia sexual en fuerzas armadas ha sido recurrente en mujeres a quienes convierten en falsos positivos, cuando se necesite culpables, sabiendo que ese es el peor da\u00f1o que se le puede hacer a un ser humano, recurren a sus instintos salvajes para hacerlas declarar en su propia contra.<\/p>\n<p>Y aunque no necesiten culpables, son su \u2018bot\u00edn\u2019 de guerra en zonas alejadas de las ciudades, donde jam\u00e1s se les ha tenido confianza a las fuerzas armadas, por el contrario se crearon una imagen de maleantes con armas que pueden desaparecer, matar o violar a quien decidan\u201d.<\/p>\n<p>Fernanda, de 22 a\u00f1os y madre soltera de dos hijos, trabajaba en un bar en un barrio deprimido de Valle de Chalco, en el estado de M\u00e9xico, seg\u00fan cont\u00f3 a Amnist\u00eda Internacional, el 21 de marzo de 2014, hacia las tres o las cuatro de la madrugada, estaba en la casa de uno de sus clientes cuando irrumpieron en ella m\u00e1s de 20 agentes encubiertos de la Polic\u00eda Federal vestidos de negro y armados con rifles de asalto.<\/p>\n<p>Le arrancaron a Fernanda la ropa, \u201cme manosearon todo el cuerpo\u201d y la amenazaron a gritos. Los polic\u00edas la llevaron a una casa donde o\u00eda los gritos de otras personas a las que estaban torturando. Uno de los polic\u00edas le grit\u00f3: \u201cVas a la c\u00e1rcel por pendeja y por pinche puta\u201d.<\/p>\n<p>Tras someterla a fuertes palizas y descargas el\u00e9ctricas, a Fernanda la llevaron a la PGR, donde la presentaron ante los medios de comunicaci\u00f3n en una conferencia de prensa como miembro de una banda de la delincuencia organizada. La acusaci\u00f3n contra ella proced\u00eda de otra persona que estaba tambi\u00e9n detenida en aquellos momentos.<\/p>\n<p>La violaci\u00f3n ha sido utilizada por la polic\u00eda de todos los niveles \u2013municipal, estatal y federal\u2013, as\u00ed como por el Ej\u00e9rcito y la Marina. Dependiendo de los perpetradores, hay diferencias en la frecuencia con que se denuncia esta pr\u00e1ctica. Seg\u00fan las declaraciones de mujeres detenidas, a Amnist\u00eda Internacional, los \u00edndices de violaci\u00f3n m\u00e1s altos han sido a manos de la Marina.<\/p>\n<p>Como ejemplo se cita, que de las diez detenciones practicadas por la Marina que constaban en los datos recopilados por Amnist\u00eda Internacional, ocho habr\u00edan incluido violaci\u00f3n. De todos los dem\u00e1s cuerpos, excluida la Polic\u00eda Federal, se habr\u00eda utilizado la violaci\u00f3n en al menos la mitad de los arrestos realizados.<\/p>\n<p>\u201cA ra\u00edz de lo que le pas\u00f3 a mi hija, nunca m\u00e1s volvi\u00f3 a salir sola, ni acompa\u00f1ada a la casa, las veces que lo ha hecho ha sido por necesidad muri\u00e9ndose de miedo y con el llanto imparable, por las noches no duerme, y casi no come, ella siempre me ha dicho que quiere morirse, que para que le sirve caminar y ver, si a ella los marinos la convirtieron en una muerta viviente el d\u00eda que violaron.<\/p>\n<p>\u00bfC\u00f3mo crees usted que a nosotros nos va dar gusto verle la cara en la televisi\u00f3n a ese Pe\u00f1a Nieto, a esos del ej\u00e9rcito y Marina, nosotros dejamos ver televisi\u00f3n, porque m\u00e1s crec\u00eda el dio en nuestra mente, en nuestro coraz\u00f3n, porque las noticias solamente halag\u00e1ndolo, a los ciegos les dicen que la gente est\u00e1 feliz con las fuerzas armadas, lo que hemos padecido estas grandes tragedias estamos dispuestos a dar la vida peleando en contra de esos traidores a la patria\u201d, cometa Carmen.<\/p>\n<p>Las mujeres entrevistadas por Amnist\u00eda Internacional dijeron que, vivir con el trauma de la violaci\u00f3n era como estar \u201cviva pero muerta\u201d.<\/p>\n<p>Korina de Jes\u00fas Utrera Dom\u00ednguez, de 25 a\u00f1os, y Denise Francisca Blanco Lovato, estaban en la casa de Korina en Tabasco, cuando unos marinos armados y vestidos con uniformes de camuflaje irrumpieron en la casa y empezaron a golpearlas, gritando: \u201cNo te hagas pendeja, estamos buscando la droga\u201d.<\/p>\n<p>Les vendaron los ojos a las dos y se las llevaron, sin orden de aprehensi\u00f3n alguna, a una base de la Marina. All\u00ed las violaron a ambas y las sometieron a asfixia y descargas el\u00e9ctricas. Korina dijo a AI, que cuando los marinos la estaban obligando a comer comida del suelo, uno de ellos grit\u00f3: \u201cYa su\u00e9ltenla. \u00a1Nos van a denunciar!\u201d. Ella le cont\u00f3 a un m\u00e9dico de la Marina lo que le hab\u00edan hecho los marinos, \u00e9l le respondi\u00f3, seg\u00fan cont\u00f3 ella a ONG: \u201cC\u00e1llate hija de tu puta madre, no digas pendejadas\u201d.<\/p>\n<p>\u201cEstamos frente a un brazo destructor del Estado que mientras siga teniendo el poder en las calles, seguir\u00e1 ejerciendo terror, por medio de violaciones sexuales, desapariciones y tortura. Nunca han estado preparados para dejar sus cuarteles, ellos no protegen a la sociedad, a los narcotraficantes le temen, a los ciudadanos los matan, a ellas las violan, ellos est\u00e1n en guerra con el pueblo\u201d, sentencia Ram\u00edrez.<\/p>\n<p>http:\/\/revoluciontrespuntocero.com\/hay-mucha-chamaquita-al-que-los-marinos-y-los-militares-se-las-llevaron-en-sus-camionetas-y-las-devolvieron-abusadas-sexualmente\/<\/p>\n","protected":false},"excerpt":{"rendered":"<p>Emma Martinez \/ Revoluci\u00f3n Tres Punto Cero En Charcas, San Luis Potos\u00ed la violencia de los c\u00e1rteles y fuerzas armadas del pa\u00eds fue recurrente entre los habitantes, quienes por miedo &hellip; <a href=\"https:\/\/www.grieta.org.mx\/index.php\/2016\/08\/30\/hay-mucha-chamaquita-a-la-que-los-marinos-y-los-militares-se-las-llevaron-en-sus-camionetas-y-las-devolvieron-abusadas-sexualmente-san-luis-potosi\/\" class=\"more-link\">Leer m\u00e1s<\/a><\/p>\n","protected":false},"author":2,"featured_media":21928,"comment_status":"closed","ping_status":"closed","sticky":false,"template":"","format":"standard","meta":{"ngg_post_thumbnail":0,"_jetpack_newsletter_access":"","_jetpack_dont_email_post_to_subs":false,"_jetpack_newsletter_tier_id":0,"_jetpack_memberships_contains_paywalled_content":false,"_jetpack_memberships_contains_paid_content":false,"footnotes":""},"categories":[80,1350,2,29,1519],"tags":[94],"class_list":["post-20735","post","type-post","status-publish","format-standard","has-post-thumbnail","hentry","category-cintillo","category-explotacion-y-abuso-infantil-en-san-luis-potosi","category-noticias-nacionales","category-san-luis-potosi","category-violencia-contra-las-mujeres-en-san-luis-potosi","tag-violencia-contra-mujeres","entry"],"jetpack_featured_media_url":"https:\/\/www.grieta.org.mx\/wp-content\/uploads\/2018\/03\/14524434_1106112876131411_958039263622046936_o.jpg","jetpack_sharing_enabled":true,"jetpack_shortlink":"https:\/\/wp.me\/p7ZJR4-5or","jetpack_likes_enabled":false,"jetpack-related-posts":[{"id":11512,"url":"https:\/\/www.grieta.org.mx\/index.php\/2016\/07\/20\/movilizacion-contra-la-violencia-hacia-las-mujeres-en-san-luis-potosi\/","url_meta":{"origin":20735,"position":0},"title":"Movilizaci\u00f3n contra la violencia hacia las mujeres en San Luis Potosi","author":"grieta","date":"20 julio, 2016","format":false,"excerpt":"07\/07\/16. En SLP, \u201cno se ven\u201d avances contra la violencia contra las mujeres: InmujeresLa Jornada San Luis 25\/05\/16. Mujeres de SL, en marcha contra la violencia machistaLa jornada 25\/05\/16. Realizan marcha contra la violencia machistaEl Sol de San Luis","rel":"","context":"En &quot;San Luis Potos\u00ed&quot;","block_context":{"text":"San Luis Potos\u00ed","link":"https:\/\/www.grieta.org.mx\/index.php\/category\/noticias-nacionales\/san-luis-potosi\/"},"img":{"alt_text":"","src":"https:\/\/i0.wp.com\/www.grieta.org.mx\/wp-content\/uploads\/2018\/03\/14524434_1106112876131411_958039263622046936_o.jpg?resize=350%2C200&ssl=1","width":350,"height":200,"srcset":"https:\/\/i0.wp.com\/www.grieta.org.mx\/wp-content\/uploads\/2018\/03\/14524434_1106112876131411_958039263622046936_o.jpg?resize=350%2C200&ssl=1 1x, https:\/\/i0.wp.com\/www.grieta.org.mx\/wp-content\/uploads\/2018\/03\/14524434_1106112876131411_958039263622046936_o.jpg?resize=525%2C300&ssl=1 1.5x, https:\/\/i0.wp.com\/www.grieta.org.mx\/wp-content\/uploads\/2018\/03\/14524434_1106112876131411_958039263622046936_o.jpg?resize=700%2C400&ssl=1 2x"},"classes":[]},{"id":20729,"url":"https:\/\/www.grieta.org.mx\/index.php\/2016\/08\/31\/violencia-contra-las-mujeres-por-militares\/","url_meta":{"origin":20735,"position":1},"title":"Violencia contra las mujeres por militares","author":"grieta","date":"31 agosto, 2016","format":false,"excerpt":"30\/08\/16. \u201cHay mucha chamaquita a la que los marinos y los militares se las llevaron en sus camionetas y las devolvieron abusadas sexualmente\u201d (San Luis Potos\u00ed)Revoluci\u00f3n Tres Punto Cero 10\/08\/16. SLP, lugar tres del pa\u00eds en casos de torturas a mujeres por militares: AILa Jornada","rel":"","context":"En &quot;San Luis Potos\u00ed&quot;","block_context":{"text":"San Luis Potos\u00ed","link":"https:\/\/www.grieta.org.mx\/index.php\/category\/noticias-nacionales\/san-luis-potosi\/"},"img":{"alt_text":"","src":"https:\/\/i0.wp.com\/www.grieta.org.mx\/wp-content\/uploads\/2018\/03\/14524434_1106112876131411_958039263622046936_o.jpg?resize=350%2C200&ssl=1","width":350,"height":200,"srcset":"https:\/\/i0.wp.com\/www.grieta.org.mx\/wp-content\/uploads\/2018\/03\/14524434_1106112876131411_958039263622046936_o.jpg?resize=350%2C200&ssl=1 1x, https:\/\/i0.wp.com\/www.grieta.org.mx\/wp-content\/uploads\/2018\/03\/14524434_1106112876131411_958039263622046936_o.jpg?resize=525%2C300&ssl=1 1.5x, https:\/\/i0.wp.com\/www.grieta.org.mx\/wp-content\/uploads\/2018\/03\/14524434_1106112876131411_958039263622046936_o.jpg?resize=700%2C400&ssl=1 2x"},"classes":[]},{"id":38745,"url":"https:\/\/www.grieta.org.mx\/index.php\/2019\/08\/16\/feministas-toman-centro-historico-con-protestas-san-luis-potosi\/","url_meta":{"origin":20735,"position":2},"title":"Feministas toman Centro Hist\u00f3rico con protestas (San Luis Potos\u00ed)","author":"grieta","date":"16 agosto, 2019","format":false,"excerpt":"Patricia Azuara \/ Quadratin SLP SAN LUIS POTOS\u00cd, SLP., 16 de agosto de 2019.- Feministas potosinas tomaron las calles y plazas del centro hist\u00f3rico para exigir justicia por los m\u00faltiples homicidios de mujeres y la reciente violencia en contra de una jovencita en la Ciudad de M\u00e9xico, presuntamente a manos\u2026","rel":"","context":"En &quot;CINTILLO&quot;","block_context":{"text":"CINTILLO","link":"https:\/\/www.grieta.org.mx\/index.php\/category\/cintillo\/"},"img":{"alt_text":"","src":"https:\/\/i0.wp.com\/www.grieta.org.mx\/wp-content\/uploads\/2019\/09\/finistas-1160x700.jpeg?resize=350%2C200&ssl=1","width":350,"height":200,"srcset":"https:\/\/i0.wp.com\/www.grieta.org.mx\/wp-content\/uploads\/2019\/09\/finistas-1160x700.jpeg?resize=350%2C200&ssl=1 1x, https:\/\/i0.wp.com\/www.grieta.org.mx\/wp-content\/uploads\/2019\/09\/finistas-1160x700.jpeg?resize=525%2C300&ssl=1 1.5x, https:\/\/i0.wp.com\/www.grieta.org.mx\/wp-content\/uploads\/2019\/09\/finistas-1160x700.jpeg?resize=700%2C400&ssl=1 2x, https:\/\/i0.wp.com\/www.grieta.org.mx\/wp-content\/uploads\/2019\/09\/finistas-1160x700.jpeg?resize=1050%2C600&ssl=1 3x"},"classes":[]},{"id":57544,"url":"https:\/\/www.grieta.org.mx\/index.php\/2021\/03\/09\/con-una-marcha-colectivos-exigen-justicia-en-san-luis-potosi\/","url_meta":{"origin":20735,"position":3},"title":"Con una marcha colectivos exigen justicia en San Luis Potos\u00ed","author":"grieta","date":"9 marzo, 2021","format":false,"excerpt":"Recorrieron calles para hacer alto frente a la Fiscal\u00eda y despu\u00e9s a las Plazas del Carmen y de Armas Norma Rivera\/El Sol de San Luis 9 marzo 2021 Alrededor de 200 feministas independientes y de algunos colectivos, marcharon pac\u00edficamente este lunes exigiendo justicia y seguridad para las mujeres v\u00edctimas de\u2026","rel":"","context":"En &quot;CINTILLO&quot;","block_context":{"text":"CINTILLO","link":"https:\/\/www.grieta.org.mx\/index.php\/category\/cintillo\/"},"img":{"alt_text":"","src":"https:\/\/i0.wp.com\/www.grieta.org.mx\/wp-content\/uploads\/2021\/03\/a-todo-pulmon-marcha-feminista-feministas-colectivo-colectivos.jpg?resize=350%2C200&ssl=1","width":350,"height":200,"srcset":"https:\/\/i0.wp.com\/www.grieta.org.mx\/wp-content\/uploads\/2021\/03\/a-todo-pulmon-marcha-feminista-feministas-colectivo-colectivos.jpg?resize=350%2C200&ssl=1 1x, https:\/\/i0.wp.com\/www.grieta.org.mx\/wp-content\/uploads\/2021\/03\/a-todo-pulmon-marcha-feminista-feministas-colectivo-colectivos.jpg?resize=525%2C300&ssl=1 1.5x, https:\/\/i0.wp.com\/www.grieta.org.mx\/wp-content\/uploads\/2021\/03\/a-todo-pulmon-marcha-feminista-feministas-colectivo-colectivos.jpg?resize=700%2C400&ssl=1 2x"},"classes":[]},{"id":63675,"url":"https:\/\/www.grieta.org.mx\/index.php\/2022\/03\/08\/8m-se-manifiestan-en-la-universidad-autonoma-de-san-luis-potosi\/","url_meta":{"origin":20735,"position":4},"title":"8M: Se manifiestan en la Universidad Aut\u00f3noma de San Luis Potos\u00ed","author":"grieta","date":"8 marzo, 2022","format":false,"excerpt":"Redacci\u00f3n\/La Raz\u00f3n Online 8 marzo 2022 Las manifestantes exigen justicia por abusos que han sufrido por parte de profesores y compa\u00f1eros de la Universidad Aut\u00f3noma de San Luis Potos\u00ed Al grito de \"s\u00ed me representan\", cientos de mujeres se manifestaron en la Plaza de los Fundadores durante su paso por\u2026","rel":"","context":"En &quot;CINTILLO&quot;","block_context":{"text":"CINTILLO","link":"https:\/\/www.grieta.org.mx\/index.php\/category\/cintillo\/"},"img":{"alt_text":"","src":"https:\/\/i0.wp.com\/www.grieta.org.mx\/wp-content\/uploads\/2022\/03\/8m2022.jpeg?resize=350%2C200&ssl=1","width":350,"height":200,"srcset":"https:\/\/i0.wp.com\/www.grieta.org.mx\/wp-content\/uploads\/2022\/03\/8m2022.jpeg?resize=350%2C200&ssl=1 1x, https:\/\/i0.wp.com\/www.grieta.org.mx\/wp-content\/uploads\/2022\/03\/8m2022.jpeg?resize=525%2C300&ssl=1 1.5x, https:\/\/i0.wp.com\/www.grieta.org.mx\/wp-content\/uploads\/2022\/03\/8m2022.jpeg?resize=700%2C400&ssl=1 2x"},"classes":[]},{"id":39474,"url":"https:\/\/www.grieta.org.mx\/index.php\/2019\/08\/23\/vandalizan-edificio-de-fiscalia-en-san-luis-potosi-por-feminicidios\/","url_meta":{"origin":20735,"position":5},"title":"Vandalizan edificio de Fiscal\u00eda en San Luis Potos\u00ed por feminicidios","author":"grieta","date":"23 agosto, 2019","format":false,"excerpt":"Juan Hern\u00e1ndez | Quadrat\u00edn SLP SAN LUIS POTOS\u00cd, SLP., 23 de agosto 2019.- Colectivos de mujeres se manifestaron vandalizando las instalaciones de la Fiscal\u00eda General del Estado (FGE) en protesta por los dos m\u00e1s recientes asesinatos de mujeres potosinas, que se suman a una larga lista de v\u00edctimas femeninas este\u2026","rel":"","context":"En &quot;CINTILLO&quot;","block_context":{"text":"CINTILLO","link":"https:\/\/www.grieta.org.mx\/index.php\/category\/cintillo\/"},"img":{"alt_text":"","src":"https:\/\/i0.wp.com\/www.grieta.org.mx\/wp-content\/uploads\/2019\/09\/asesinos.jpg?resize=350%2C200&ssl=1","width":350,"height":200,"srcset":"https:\/\/i0.wp.com\/www.grieta.org.mx\/wp-content\/uploads\/2019\/09\/asesinos.jpg?resize=350%2C200&ssl=1 1x, https:\/\/i0.wp.com\/www.grieta.org.mx\/wp-content\/uploads\/2019\/09\/asesinos.jpg?resize=525%2C300&ssl=1 1.5x, https:\/\/i0.wp.com\/www.grieta.org.mx\/wp-content\/uploads\/2019\/09\/asesinos.jpg?resize=700%2C400&ssl=1 2x, https:\/\/i0.wp.com\/www.grieta.org.mx\/wp-content\/uploads\/2019\/09\/asesinos.jpg?resize=1050%2C600&ssl=1 3x"},"classes":[]}],"_links":{"self":[{"href":"https:\/\/www.grieta.org.mx\/index.php\/wp-json\/wp\/v2\/posts\/20735","targetHints":{"allow":["GET"]}}],"collection":[{"href":"https:\/\/www.grieta.org.mx\/index.php\/wp-json\/wp\/v2\/posts"}],"about":[{"href":"https:\/\/www.grieta.org.mx\/index.php\/wp-json\/wp\/v2\/types\/post"}],"author":[{"embeddable":true,"href":"https:\/\/www.grieta.org.mx\/index.php\/wp-json\/wp\/v2\/users\/2"}],"replies":[{"embeddable":true,"href":"https:\/\/www.grieta.org.mx\/index.php\/wp-json\/wp\/v2\/comments?post=20735"}],"version-history":[{"count":1,"href":"https:\/\/www.grieta.org.mx\/index.php\/wp-json\/wp\/v2\/posts\/20735\/revisions"}],"predecessor-version":[{"id":24996,"href":"https:\/\/www.grieta.org.mx\/index.php\/wp-json\/wp\/v2\/posts\/20735\/revisions\/24996"}],"wp:featuredmedia":[{"embeddable":true,"href":"https:\/\/www.grieta.org.mx\/index.php\/wp-json\/wp\/v2\/media\/21928"}],"wp:attachment":[{"href":"https:\/\/www.grieta.org.mx\/index.php\/wp-json\/wp\/v2\/media?parent=20735"}],"wp:term":[{"taxonomy":"category","embeddable":true,"href":"https:\/\/www.grieta.org.mx\/index.php\/wp-json\/wp\/v2\/categories?post=20735"},{"taxonomy":"post_tag","embeddable":true,"href":"https:\/\/www.grieta.org.mx\/index.php\/wp-json\/wp\/v2\/tags?post=20735"}],"curies":[{"name":"wp","href":"https:\/\/api.w.org\/{rel}","templated":true}]}}