{"id":20715,"date":"2016-08-26T13:56:05","date_gmt":"2016-08-26T18:56:05","guid":{"rendered":"http:\/\/www.grieta.org.mx\/?p=20715"},"modified":"2016-09-01T13:58:46","modified_gmt":"2016-09-01T18:58:46","slug":"toman-campesinos-delegaciones-federales-en-chihuahua","status":"publish","type":"post","link":"https:\/\/www.grieta.org.mx\/index.php\/2016\/08\/26\/toman-campesinos-delegaciones-federales-en-chihuahua\/","title":{"rendered":"Toman campesinos delegaciones federales en Chihuahua"},"content":{"rendered":"<p>Cr\u00f3nica<br \/>\nMariana Primero<\/p>\n<p><img loading=\"lazy\" decoding=\"async\" data-attachment-id=\"20716\" data-permalink=\"https:\/\/www.grieta.org.mx\/index.php\/2016\/08\/26\/toman-campesinos-delegaciones-federales-en-chihuahua\/2016-08-23_12-08-03___8876\/\" data-orig-file=\"https:\/\/www.grieta.org.mx\/wp-content\/uploads\/2016\/09\/2016-08-23_12-08-03___8876.jpg\" data-orig-size=\"550,360\" data-comments-opened=\"0\" data-image-meta=\"{&quot;aperture&quot;:&quot;0&quot;,&quot;credit&quot;:&quot;&quot;,&quot;camera&quot;:&quot;&quot;,&quot;caption&quot;:&quot;&quot;,&quot;created_timestamp&quot;:&quot;0&quot;,&quot;copyright&quot;:&quot;&quot;,&quot;focal_length&quot;:&quot;0&quot;,&quot;iso&quot;:&quot;0&quot;,&quot;shutter_speed&quot;:&quot;0&quot;,&quot;title&quot;:&quot;&quot;,&quot;orientation&quot;:&quot;0&quot;}\" data-image-title=\"2016-08-23_12-08-03___8876\" data-image-description=\"\" data-image-caption=\"\" data-medium-file=\"https:\/\/www.grieta.org.mx\/wp-content\/uploads\/2016\/09\/2016-08-23_12-08-03___8876-300x196.jpg\" data-large-file=\"https:\/\/www.grieta.org.mx\/wp-content\/uploads\/2016\/09\/2016-08-23_12-08-03___8876.jpg\" src=\"http:\/\/www.grieta.org.mx\/wp-content\/uploads\/2016\/09\/2016-08-23_12-08-03___8876-300x196.jpg\" alt=\"2016-08-23_12-08-03___8876\" width=\"300\" height=\"196\" class=\"aligncenter size-medium wp-image-20716\" srcset=\"https:\/\/www.grieta.org.mx\/wp-content\/uploads\/2016\/09\/2016-08-23_12-08-03___8876-300x196.jpg 300w, https:\/\/www.grieta.org.mx\/wp-content\/uploads\/2016\/09\/2016-08-23_12-08-03___8876.jpg 550w\" sizes=\"auto, (max-width: 300px) 100vw, 300px\" \/><\/p>\n<p>Un grupo de alrededor de 500 campesinos se manifestaron en las instalaciones de las diferentes delegaciones federales en Chihuahua, como es el caso de Sagarpa, Conagua y la CFE, a fin de exigir que el gobierno federal atienda las necesidades del sector productor del estado. Con lo anterior, provocaron el desalojo de empleados de las primeras dos dependencias.<\/p>\n<p>Como parte de la jornada \u201cArmando Villarreal Marta\u201d, l\u00edder agrario asesinado en Nuevo Casas Grandes en el 2008, las agrupaciones de campesinos El Barz\u00f3n, Agrodin\u00e1mica Nacional y Uni\u00f3n Campesina Democr\u00e1tica decidieron hacer una manifestaci\u00f3n en las diferentes instalaciones de las dependencias federales.<\/p>\n<p>Peticiones. En primera instancia, al exterior de Sagarpa fueron los miembros de la Uni\u00f3n Campesina Democr\u00e1tica quienes exigieron se atiendan las necesidades del campo con el cumplimiento de los programas federales en tiempo, ya que los retrasos afectan las cosechas y su comercializaci\u00f3n.<\/p>\n<p>La disminuci\u00f3n en el costo del di\u00e9sel agropecuario, baja en las tarifas de electricidad, mayor volumen de compra de leche y apoyos dentro de los programas para productores de granos, son algunos de los requerimientos de los campesinos, manifest\u00f3 el l\u00edder de El Barz\u00f3n, Heraclio Rodr\u00edguez, quien se reuni\u00f3 con funcionarios de Gobernaci\u00f3n en la Ciudad de M\u00e9xico.<\/p>\n<p>En la Secretar\u00eda de Gobernaci\u00f3n, Rodr\u00edguez G\u00f3mez solicit\u00f3 a los funcionarios federales apurar la entrega de los apoyos al campo que fueron autorizados en el Diario Oficial de la Federaci\u00f3n desde el ejercicio del 2016, pero que a ocho meses del a\u00f1o siguen sin entregarse a los productores.<\/p>\n<p>Heraclio Rodr\u00edguez record\u00f3 que fue la misma Secretar\u00eda de Hacienda a nivel federal la instituci\u00f3n que les prometi\u00f3 una reducci\u00f3n en el costo del di\u00e9sel que utilizan para producir, a fin de que los campesinos locales puedan competir con los extranjeros y posicionar sus cosechas de forma medible entre los productores locales que cotizan su producci\u00f3n en la Bolsa de Valores de Chicago.<\/p>\n<p>Espec\u00edficamente en Aserca, paraestatal de Sagarpa, s\u00f3lo se han desahogado 500 de las 5 mil solicitudes de apoyos para la cosecha y venta de granos, como frijol y ma\u00edz, a pesar de que los productores se incorporaron al programa desde el inicio del a\u00f1o y hasta el momento no cuentan con los apoyos que podr\u00edan mejorar sus cosechas y comercializaci\u00f3n.<\/p>\n<p>Minutos m\u00e1s tarde, miembros de El Barz\u00f3n, liderados por Mart\u00edn Sol\u00eds Bustamante, tomaron las instalaciones de Conagua, a fin de exigir que se escucharan las peticiones y, al tiempo, se prestaran las instalaciones para reunirse ah\u00ed con todos los representantes de las delegaciones federales involucradas en los conflictos.<\/p>\n<p>En este sentido, Mart\u00edn Sol\u00eds agreg\u00f3 que tambi\u00e9n exigen regulaci\u00f3n y atenci\u00f3n en el tema de extracci\u00f3n de agua, ya que son muchos los productores que operan de forma ilegal los pozos y los yacimientos de agua potable.<\/p>\n<p>http:\/\/www.cronica.com.mx\/notas\/2016\/979890.html<\/p>\n","protected":false},"excerpt":{"rendered":"<p>Cr\u00f3nica Mariana Primero Un grupo de alrededor de 500 campesinos se manifestaron en las instalaciones de las diferentes delegaciones federales en Chihuahua, como es el caso de Sagarpa, Conagua y &hellip; <a href=\"https:\/\/www.grieta.org.mx\/index.php\/2016\/08\/26\/toman-campesinos-delegaciones-federales-en-chihuahua\/\" class=\"more-link\">Leer m\u00e1s<\/a><\/p>\n","protected":false},"author":2,"featured_media":21928,"comment_status":"closed","ping_status":"closed","sticky":false,"template":"","format":"standard","meta":{"ngg_post_thumbnail":0,"_jetpack_newsletter_access":"","_jetpack_dont_email_post_to_subs":false,"_jetpack_newsletter_tier_id":0,"_jetpack_memberships_contains_paywalled_content":false,"_jetpack_memberships_contains_paid_content":false,"footnotes":""},"categories":[80],"tags":[621],"class_list":["post-20715","post","type-post","status-publish","format-standard","has-post-thumbnail","hentry","category-cintillo","tag-campesinos","entry"],"jetpack_featured_media_url":"https:\/\/www.grieta.org.mx\/wp-content\/uploads\/2018\/03\/14524434_1106112876131411_958039263622046936_o.jpg","jetpack_sharing_enabled":true,"jetpack_shortlink":"https:\/\/wp.me\/p7ZJR4-5o7","jetpack_likes_enabled":false,"jetpack-related-posts":[{"id":20713,"url":"https:\/\/www.grieta.org.mx\/index.php\/2016\/09\/12\/campesinos-se-movilizan-en-chihuahua\/","url_meta":{"origin":20715,"position":0},"title":"Campesinos se movilizan en Chihuahua","author":"grieta","date":"12 septiembre, 2016","format":false,"excerpt":"11\/09\/16. Detona de nuevo conflicto agrario en Casas GrandesEl Diario 07\/09\/16. Campesinos toman instalaciones de Sagarpa, ChihuahuaEl Diario 25\/08\/16. Toman campesinos delegaciones federales en ChihuahuaCr\u00f3nica de Chihuahua","rel":"","context":"En &quot;Chihuahua&quot;","block_context":{"text":"Chihuahua","link":"https:\/\/www.grieta.org.mx\/index.php\/category\/noticias-nacionales\/chihuahua\/"},"img":{"alt_text":"","src":"https:\/\/i0.wp.com\/www.grieta.org.mx\/wp-content\/uploads\/2018\/03\/14524434_1106112876131411_958039263622046936_o.jpg?resize=350%2C200&ssl=1","width":350,"height":200,"srcset":"https:\/\/i0.wp.com\/www.grieta.org.mx\/wp-content\/uploads\/2018\/03\/14524434_1106112876131411_958039263622046936_o.jpg?resize=350%2C200&ssl=1 1x, https:\/\/i0.wp.com\/www.grieta.org.mx\/wp-content\/uploads\/2018\/03\/14524434_1106112876131411_958039263622046936_o.jpg?resize=525%2C300&ssl=1 1.5x, https:\/\/i0.wp.com\/www.grieta.org.mx\/wp-content\/uploads\/2018\/03\/14524434_1106112876131411_958039263622046936_o.jpg?resize=700%2C400&ssl=1 2x"},"classes":[]},{"id":21601,"url":"https:\/\/www.grieta.org.mx\/index.php\/2016\/09\/07\/campesinos-toman-instalaciones-de-sagarpa\/","url_meta":{"origin":20715,"position":1},"title":"Campesinos toman instalaciones de Sagarpa, Chihuahua","author":"grieta","date":"7 septiembre, 2016","format":false,"excerpt":"El Diario src=\"http:\/\/www.grieta.org.mx\/wp-content\/uploads\/2016\/09\/LOC12498703d7c90ee_0-300x189.jpg\" alt=\"loc12498703d7c90ee_0\" width=\"300\" height=\"189\" class=\"alignleft size-medium wp-image-21604\" \/> Productores del Frente Democr\u00e1tico Campesino tomaron las instalaciones de la delegaci\u00f3n de Sagarpa en demanda de regularizaci\u00f3n de la tierra de m\u00e1s de 2000 campesinos, as\u00ed como el pago inmediato de los apoyos de Progan y Proagro. Exigieron se incorpore\u2026","rel":"","context":"En &quot;CINTILLO&quot;","block_context":{"text":"CINTILLO","link":"https:\/\/www.grieta.org.mx\/index.php\/category\/cintillo\/"},"img":{"alt_text":"","src":"https:\/\/i0.wp.com\/www.grieta.org.mx\/wp-content\/uploads\/2018\/03\/14524434_1106112876131411_958039263622046936_o.jpg?resize=350%2C200&ssl=1","width":350,"height":200,"srcset":"https:\/\/i0.wp.com\/www.grieta.org.mx\/wp-content\/uploads\/2018\/03\/14524434_1106112876131411_958039263622046936_o.jpg?resize=350%2C200&ssl=1 1x, https:\/\/i0.wp.com\/www.grieta.org.mx\/wp-content\/uploads\/2018\/03\/14524434_1106112876131411_958039263622046936_o.jpg?resize=525%2C300&ssl=1 1.5x, https:\/\/i0.wp.com\/www.grieta.org.mx\/wp-content\/uploads\/2018\/03\/14524434_1106112876131411_958039263622046936_o.jpg?resize=700%2C400&ssl=1 2x"},"classes":[]},{"id":11497,"url":"https:\/\/www.grieta.org.mx\/index.php\/2016\/04\/16\/inconformidad-por-falta-de-convocatoria-a-campesinos\/","url_meta":{"origin":20715,"position":2},"title":"Inconformidad por falta de convocatoria a campesinos","author":"grieta","date":"16 abril, 2016","format":false,"excerpt":"(Javier Pool Pech) Baja asistencia a presentaci\u00f3n de protocolo de consulta sobre soya transg\u00e9nica \/ Los que asistieron ten\u00edan un sinn\u00famero de interrogantes TENABO, Cam., 16 de abril.- Baja asistencia tuvo el evento de presentaci\u00f3n de la propuesta de protocolo espec\u00edfico para la implementaci\u00f3n de la consulta ind\u00edgena sobre la\u2026","rel":"","context":"En &quot;16. Pueblo Maya&quot;","block_context":{"text":"16. Pueblo Maya","link":"https:\/\/www.grieta.org.mx\/index.php\/category\/espejos-de-la-resistencia\/16-pueblo-maya\/"},"img":{"alt_text":"","src":"https:\/\/i0.wp.com\/www.grieta.org.mx\/wp-content\/uploads\/2018\/03\/14524434_1106112876131411_958039263622046936_o.jpg?resize=350%2C200&ssl=1","width":350,"height":200,"srcset":"https:\/\/i0.wp.com\/www.grieta.org.mx\/wp-content\/uploads\/2018\/03\/14524434_1106112876131411_958039263622046936_o.jpg?resize=350%2C200&ssl=1 1x, https:\/\/i0.wp.com\/www.grieta.org.mx\/wp-content\/uploads\/2018\/03\/14524434_1106112876131411_958039263622046936_o.jpg?resize=525%2C300&ssl=1 1.5x, https:\/\/i0.wp.com\/www.grieta.org.mx\/wp-content\/uploads\/2018\/03\/14524434_1106112876131411_958039263622046936_o.jpg?resize=700%2C400&ssl=1 2x"},"classes":[]},{"id":2998,"url":"https:\/\/www.grieta.org.mx\/index.php\/2015\/01\/12\/freciez-bloquea-carreteras-para-exigir-solucion-a-problemas-agrarios\/","url_meta":{"origin":20715,"position":3},"title":"\u201cFRECIEZ\u201d bloquea carreteras para exigir soluci\u00f3n a problemas agrarios","author":"grieta","date":"12 enero, 2015","format":false,"excerpt":"\u201cA los campesinos no les qued\u00f3 m\u00e1s remedio que tomar las carreteras ante la negativa de las autoridades federales en darles una soluci\u00f3n al conflicto de tierras\u201d, manifest\u00f3 el l\u00edder del Frente Campesino Independiente \u201cEmiliano Zapata\u201d, Luis Antonio Che Cu, luego de que hombres de campo tomaran varias carreteras. Y\u2026","rel":"","context":"En &quot;campeche&quot;","block_context":{"text":"campeche","link":"https:\/\/www.grieta.org.mx\/index.php\/category\/campeche\/"},"img":{"alt_text":"","src":"https:\/\/i0.wp.com\/www.grieta.org.mx\/wp-content\/uploads\/2018\/03\/14524434_1106112876131411_958039263622046936_o.jpg?resize=350%2C200&ssl=1","width":350,"height":200,"srcset":"https:\/\/i0.wp.com\/www.grieta.org.mx\/wp-content\/uploads\/2018\/03\/14524434_1106112876131411_958039263622046936_o.jpg?resize=350%2C200&ssl=1 1x, https:\/\/i0.wp.com\/www.grieta.org.mx\/wp-content\/uploads\/2018\/03\/14524434_1106112876131411_958039263622046936_o.jpg?resize=525%2C300&ssl=1 1.5x, https:\/\/i0.wp.com\/www.grieta.org.mx\/wp-content\/uploads\/2018\/03\/14524434_1106112876131411_958039263622046936_o.jpg?resize=700%2C400&ssl=1 2x"},"classes":[]},{"id":15127,"url":"https:\/\/www.grieta.org.mx\/index.php\/2016\/06\/18\/protestaron-ejidatarios-de-el-vizcaino-en-instalaciones-de-exportadora-de-sal-bcs\/","url_meta":{"origin":20715,"position":4},"title":"Protestaron ejidatarios de El Vizca\u00edno en instalaciones de Exportadora de Sal (BCS)","author":"grieta","date":"18 junio, 2016","format":false,"excerpt":"Por El\u00edas Medina La Paz, Baja California Sur.-Dos conflictos agrarios estallaron este viernes en Baja California Sur en una jornada de movilizaciones campesinas que inici\u00f3 casi a la misma hora en dos sitios distintos: en el valle de Vizca\u00edno, en el municipio de Muleg\u00e9, un numeroso grupo de campesinos ingresaron\u2026","rel":"","context":"En &quot;CINTILLO&quot;","block_context":{"text":"CINTILLO","link":"https:\/\/www.grieta.org.mx\/index.php\/category\/cintillo\/"},"img":{"alt_text":"","src":"https:\/\/i0.wp.com\/www.grieta.org.mx\/wp-content\/uploads\/2018\/03\/14524434_1106112876131411_958039263622046936_o.jpg?resize=350%2C200&ssl=1","width":350,"height":200,"srcset":"https:\/\/i0.wp.com\/www.grieta.org.mx\/wp-content\/uploads\/2018\/03\/14524434_1106112876131411_958039263622046936_o.jpg?resize=350%2C200&ssl=1 1x, https:\/\/i0.wp.com\/www.grieta.org.mx\/wp-content\/uploads\/2018\/03\/14524434_1106112876131411_958039263622046936_o.jpg?resize=525%2C300&ssl=1 1.5x, https:\/\/i0.wp.com\/www.grieta.org.mx\/wp-content\/uploads\/2018\/03\/14524434_1106112876131411_958039263622046936_o.jpg?resize=700%2C400&ssl=1 2x"},"classes":[]},{"id":42736,"url":"https:\/\/www.grieta.org.mx\/index.php\/2020\/01\/02\/campesinos-de-campeche-acusan-por-despojo-a-coordinador-federal-y-exigen-su-destitucion\/","url_meta":{"origin":20715,"position":5},"title":"Campesinos de Campeche acusan por despojo a coordinador federal y exigen su destituci\u00f3n","author":"grieta","date":"2 enero, 2020","format":false,"excerpt":"Rosa Santana \/ Proceso CAMPECHE, Camp. (apro).- Campesinos de los ejidos Xbakab y Revoluci\u00f3n, del municipio de Champot\u00f3n, exigieron la remoci\u00f3n del coordinador operativo de Programas Federales de la Secretar\u00eda de Bienestar, Jos\u00e9 Antonio Cardozo Rivero, a quien acusan de despojo de tierras. Afuera de las instalaciones del Palacio Federal,\u2026","rel":"","context":"En &quot;Campeche&quot;","block_context":{"text":"Campeche","link":"https:\/\/www.grieta.org.mx\/index.php\/category\/noticias-nacionales\/campeche\/"},"img":{"alt_text":"","src":"https:\/\/i0.wp.com\/www.grieta.org.mx\/wp-content\/uploads\/2018\/03\/14524434_1106112876131411_958039263622046936_o.jpg?resize=350%2C200&ssl=1","width":350,"height":200,"srcset":"https:\/\/i0.wp.com\/www.grieta.org.mx\/wp-content\/uploads\/2018\/03\/14524434_1106112876131411_958039263622046936_o.jpg?resize=350%2C200&ssl=1 1x, https:\/\/i0.wp.com\/www.grieta.org.mx\/wp-content\/uploads\/2018\/03\/14524434_1106112876131411_958039263622046936_o.jpg?resize=525%2C300&ssl=1 1.5x, https:\/\/i0.wp.com\/www.grieta.org.mx\/wp-content\/uploads\/2018\/03\/14524434_1106112876131411_958039263622046936_o.jpg?resize=700%2C400&ssl=1 2x"},"classes":[]}],"_links":{"self":[{"href":"https:\/\/www.grieta.org.mx\/index.php\/wp-json\/wp\/v2\/posts\/20715","targetHints":{"allow":["GET"]}}],"collection":[{"href":"https:\/\/www.grieta.org.mx\/index.php\/wp-json\/wp\/v2\/posts"}],"about":[{"href":"https:\/\/www.grieta.org.mx\/index.php\/wp-json\/wp\/v2\/types\/post"}],"author":[{"embeddable":true,"href":"https:\/\/www.grieta.org.mx\/index.php\/wp-json\/wp\/v2\/users\/2"}],"replies":[{"embeddable":true,"href":"https:\/\/www.grieta.org.mx\/index.php\/wp-json\/wp\/v2\/comments?post=20715"}],"version-history":[{"count":1,"href":"https:\/\/www.grieta.org.mx\/index.php\/wp-json\/wp\/v2\/posts\/20715\/revisions"}],"predecessor-version":[{"id":20717,"href":"https:\/\/www.grieta.org.mx\/index.php\/wp-json\/wp\/v2\/posts\/20715\/revisions\/20717"}],"wp:featuredmedia":[{"embeddable":true,"href":"https:\/\/www.grieta.org.mx\/index.php\/wp-json\/wp\/v2\/media\/21928"}],"wp:attachment":[{"href":"https:\/\/www.grieta.org.mx\/index.php\/wp-json\/wp\/v2\/media?parent=20715"}],"wp:term":[{"taxonomy":"category","embeddable":true,"href":"https:\/\/www.grieta.org.mx\/index.php\/wp-json\/wp\/v2\/categories?post=20715"},{"taxonomy":"post_tag","embeddable":true,"href":"https:\/\/www.grieta.org.mx\/index.php\/wp-json\/wp\/v2\/tags?post=20715"}],"curies":[{"name":"wp","href":"https:\/\/api.w.org\/{rel}","templated":true}]}}