{"id":20713,"date":"2016-09-12T13:55:01","date_gmt":"2016-09-12T18:55:01","guid":{"rendered":"http:\/\/www.grieta.org.mx\/?p=20713"},"modified":"2016-09-13T21:33:21","modified_gmt":"2016-09-14T02:33:21","slug":"campesinos-se-movilizan-en-chihuahua","status":"publish","type":"post","link":"https:\/\/www.grieta.org.mx\/index.php\/2016\/09\/12\/campesinos-se-movilizan-en-chihuahua\/","title":{"rendered":"Campesinos se movilizan en Chihuahua"},"content":{"rendered":"<p><strong>11\/09\/16. <\/strong><a href=\"http:\/\/www.grieta.org.mx\/index.php\/2016\/09\/11\/detona-de-nuevo-conflicto-agrario-en-casas-grandes-chihuahua\/\">Detona de nuevo conflicto agrario en Casas Grandes<\/a><br  \/><em>El Diario<\/em><br  \/><\/p>\n<p><strong>07\/09\/16. <\/strong><a href=\"http:\/\/www.grieta.org.mx\/index.php\/2016\/09\/07\/campesinos-toman-instalaciones-de-sagarpa\/\">Campesinos toman instalaciones de Sagarpa, Chihuahua<\/a><br  \/><em>El Diario<\/em><br  \/><\/p>\n<p><strong>25\/08\/16. <\/strong><a href=\"http:\/\/www.grieta.org.mx\/index.php\/2016\/08\/26\/toman-campesinos-delegaciones-federales-en-chihuahua\/\">Toman campesinos delegaciones federales en Chihuahua<\/a><br  \/><em>Cr\u00f3nica de Chihuahua<\/em><br  \/><\/p>\n","protected":false},"excerpt":{"rendered":"<p>11\/09\/16. Detona de nuevo conflicto agrario en Casas GrandesEl Diario 07\/09\/16. Campesinos toman instalaciones de Sagarpa, ChihuahuaEl Diario 25\/08\/16. Toman campesinos delegaciones federales en ChihuahuaCr\u00f3nica de Chihuahua<\/p>\n","protected":false},"author":2,"featured_media":21928,"comment_status":"closed","ping_status":"closed","sticky":false,"template":"","format":"standard","meta":{"ngg_post_thumbnail":0,"_jetpack_newsletter_access":"","_jetpack_dont_email_post_to_subs":false,"_jetpack_newsletter_tier_id":0,"_jetpack_memberships_contains_paywalled_content":false,"_jetpack_memberships_contains_paid_content":false,"footnotes":""},"categories":[12],"tags":[],"class_list":["post-20713","post","type-post","status-publish","format-standard","has-post-thumbnail","hentry","category-chihuahua","entry"],"jetpack_featured_media_url":"https:\/\/www.grieta.org.mx\/wp-content\/uploads\/2018\/03\/14524434_1106112876131411_958039263622046936_o.jpg","jetpack_sharing_enabled":true,"jetpack_shortlink":"https:\/\/wp.me\/p7ZJR4-5o5","jetpack_likes_enabled":false,"jetpack-related-posts":[{"id":21601,"url":"https:\/\/www.grieta.org.mx\/index.php\/2016\/09\/07\/campesinos-toman-instalaciones-de-sagarpa\/","url_meta":{"origin":20713,"position":0},"title":"Campesinos toman instalaciones de Sagarpa, Chihuahua","author":"grieta","date":"7 septiembre, 2016","format":false,"excerpt":"El Diario src=\"http:\/\/www.grieta.org.mx\/wp-content\/uploads\/2016\/09\/LOC12498703d7c90ee_0-300x189.jpg\" alt=\"loc12498703d7c90ee_0\" width=\"300\" height=\"189\" class=\"alignleft size-medium wp-image-21604\" \/> Productores del Frente Democr\u00e1tico Campesino tomaron las instalaciones de la delegaci\u00f3n de Sagarpa en demanda de regularizaci\u00f3n de la tierra de m\u00e1s de 2000 campesinos, as\u00ed como el pago inmediato de los apoyos de Progan y Proagro. Exigieron se incorpore\u2026","rel":"","context":"En &quot;CINTILLO&quot;","block_context":{"text":"CINTILLO","link":"https:\/\/www.grieta.org.mx\/index.php\/category\/cintillo\/"},"img":{"alt_text":"","src":"https:\/\/i0.wp.com\/www.grieta.org.mx\/wp-content\/uploads\/2018\/03\/14524434_1106112876131411_958039263622046936_o.jpg?resize=350%2C200&ssl=1","width":350,"height":200,"srcset":"https:\/\/i0.wp.com\/www.grieta.org.mx\/wp-content\/uploads\/2018\/03\/14524434_1106112876131411_958039263622046936_o.jpg?resize=350%2C200&ssl=1 1x, https:\/\/i0.wp.com\/www.grieta.org.mx\/wp-content\/uploads\/2018\/03\/14524434_1106112876131411_958039263622046936_o.jpg?resize=525%2C300&ssl=1 1.5x, https:\/\/i0.wp.com\/www.grieta.org.mx\/wp-content\/uploads\/2018\/03\/14524434_1106112876131411_958039263622046936_o.jpg?resize=700%2C400&ssl=1 2x"},"classes":[]},{"id":20715,"url":"https:\/\/www.grieta.org.mx\/index.php\/2016\/08\/26\/toman-campesinos-delegaciones-federales-en-chihuahua\/","url_meta":{"origin":20713,"position":1},"title":"Toman campesinos delegaciones federales en Chihuahua","author":"grieta","date":"26 agosto, 2016","format":false,"excerpt":"Cr\u00f3nica Mariana Primero Un grupo de alrededor de 500 campesinos se manifestaron en las instalaciones de las diferentes delegaciones federales en Chihuahua, como es el caso de Sagarpa, Conagua y la CFE, a fin de exigir que el gobierno federal atienda las necesidades del sector productor del estado. Con lo\u2026","rel":"","context":"En &quot;CINTILLO&quot;","block_context":{"text":"CINTILLO","link":"https:\/\/www.grieta.org.mx\/index.php\/category\/cintillo\/"},"img":{"alt_text":"","src":"https:\/\/i0.wp.com\/www.grieta.org.mx\/wp-content\/uploads\/2018\/03\/14524434_1106112876131411_958039263622046936_o.jpg?resize=350%2C200&ssl=1","width":350,"height":200,"srcset":"https:\/\/i0.wp.com\/www.grieta.org.mx\/wp-content\/uploads\/2018\/03\/14524434_1106112876131411_958039263622046936_o.jpg?resize=350%2C200&ssl=1 1x, https:\/\/i0.wp.com\/www.grieta.org.mx\/wp-content\/uploads\/2018\/03\/14524434_1106112876131411_958039263622046936_o.jpg?resize=525%2C300&ssl=1 1.5x, https:\/\/i0.wp.com\/www.grieta.org.mx\/wp-content\/uploads\/2018\/03\/14524434_1106112876131411_958039263622046936_o.jpg?resize=700%2C400&ssl=1 2x"},"classes":[]},{"id":14226,"url":"https:\/\/www.grieta.org.mx\/index.php\/2016\/08\/28\/movilizaciones-contra-reforma-educativa-en-chihuahua\/","url_meta":{"origin":20713,"position":2},"title":"Movilizaciones contra reforma educativa en Chihuahua","author":"grieta","date":"28 agosto, 2016","format":false,"excerpt":"28\/08\/16. Toman maestros casetas de Sacramento, ChihuahuaEl Diario 19\/08\/16. Exigen disidentes a la Secci\u00f3n Octava convocar a paro el lunes en ChihuahuaLa Opci\u00f3n 15\/07\/16. Maestros de Chihuahua enfrentan a su direcci\u00f3n \u201ccharra\u201dLa izquierda diario 09\/07\/16. Toma Resissste casetas en el estado de Chihuahua El diario de Chihuahua 01\/07\/16. Marchan en\u2026","rel":"","context":"En &quot;Chihuahua&quot;","block_context":{"text":"Chihuahua","link":"https:\/\/www.grieta.org.mx\/index.php\/category\/noticias-nacionales\/chihuahua\/"},"img":{"alt_text":"","src":"https:\/\/i0.wp.com\/www.grieta.org.mx\/wp-content\/uploads\/2018\/03\/14524434_1106112876131411_958039263622046936_o.jpg?resize=350%2C200&ssl=1","width":350,"height":200,"srcset":"https:\/\/i0.wp.com\/www.grieta.org.mx\/wp-content\/uploads\/2018\/03\/14524434_1106112876131411_958039263622046936_o.jpg?resize=350%2C200&ssl=1 1x, https:\/\/i0.wp.com\/www.grieta.org.mx\/wp-content\/uploads\/2018\/03\/14524434_1106112876131411_958039263622046936_o.jpg?resize=525%2C300&ssl=1 1.5x, https:\/\/i0.wp.com\/www.grieta.org.mx\/wp-content\/uploads\/2018\/03\/14524434_1106112876131411_958039263622046936_o.jpg?resize=700%2C400&ssl=1 2x"},"classes":[]},{"id":15021,"url":"https:\/\/www.grieta.org.mx\/index.php\/2016\/06\/22\/toman-escuela-en-chihuahua-en-protesta-por-reforma-educativa\/","url_meta":{"origin":20713,"position":3},"title":"Toman escuela en Chihuahua en protesta por Reforma Educativa","author":"grieta","date":"22 junio, 2016","format":false,"excerpt":"El Diario Chihuahua Directivos, docentes, algunos alumnos y padres de familia cancelaron las clases y se plantaron frente a la Secundaria Federal 7, con el fin de mostrar su rechazo a la Reforma Educativa y su apoyo a los compa\u00f1eros docentes del estado de Oaxaca. A la entrada de la\u2026","rel":"","context":"En &quot;chihuahua&quot;","block_context":{"text":"chihuahua","link":"https:\/\/www.grieta.org.mx\/index.php\/category\/chihuahua\/"},"img":{"alt_text":"","src":"https:\/\/i0.wp.com\/www.grieta.org.mx\/wp-content\/uploads\/2018\/03\/14524434_1106112876131411_958039263622046936_o.jpg?resize=350%2C200&ssl=1","width":350,"height":200,"srcset":"https:\/\/i0.wp.com\/www.grieta.org.mx\/wp-content\/uploads\/2018\/03\/14524434_1106112876131411_958039263622046936_o.jpg?resize=350%2C200&ssl=1 1x, https:\/\/i0.wp.com\/www.grieta.org.mx\/wp-content\/uploads\/2018\/03\/14524434_1106112876131411_958039263622046936_o.jpg?resize=525%2C300&ssl=1 1.5x, https:\/\/i0.wp.com\/www.grieta.org.mx\/wp-content\/uploads\/2018\/03\/14524434_1106112876131411_958039263622046936_o.jpg?resize=700%2C400&ssl=1 2x"},"classes":[]},{"id":17558,"url":"https:\/\/www.grieta.org.mx\/index.php\/2016\/07\/23\/campesinos-de-coahuila-se-organizan-contra-el-coyotaje\/","url_meta":{"origin":20713,"position":4},"title":"Campesinos de Coahuila se organizan contra el coyotaje","author":"grieta","date":"23 julio, 2016","format":false,"excerpt":"22\/07\/16. Productores de mel\u00f3n toman la carretera San Pedro \u2013 La Cuchilla El Siglo de Torre\u00f3n","rel":"","context":"En &quot;Coahuila&quot;","block_context":{"text":"Coahuila","link":"https:\/\/www.grieta.org.mx\/index.php\/category\/noticias-nacionales\/coahuila\/"},"img":{"alt_text":"","src":"https:\/\/i0.wp.com\/www.grieta.org.mx\/wp-content\/uploads\/2018\/03\/14524434_1106112876131411_958039263622046936_o.jpg?resize=350%2C200&ssl=1","width":350,"height":200,"srcset":"https:\/\/i0.wp.com\/www.grieta.org.mx\/wp-content\/uploads\/2018\/03\/14524434_1106112876131411_958039263622046936_o.jpg?resize=350%2C200&ssl=1 1x, https:\/\/i0.wp.com\/www.grieta.org.mx\/wp-content\/uploads\/2018\/03\/14524434_1106112876131411_958039263622046936_o.jpg?resize=525%2C300&ssl=1 1.5x, https:\/\/i0.wp.com\/www.grieta.org.mx\/wp-content\/uploads\/2018\/03\/14524434_1106112876131411_958039263622046936_o.jpg?resize=700%2C400&ssl=1 2x"},"classes":[]},{"id":20719,"url":"https:\/\/www.grieta.org.mx\/index.php\/2016\/08\/28\/20719\/","url_meta":{"origin":20713,"position":5},"title":"Toman maestros casetas de Sacramento, Chihuahua","author":"grieta","date":"28 agosto, 2016","format":false,"excerpt":"El Diario Un grupo de maestros mantiene tomada la caseta de Sacramento como parte de los movimientos que sostienen los docentes contra la Reforma Educativa y la evaluaci\u00f3n que \u00e9sta conlleva. Con pancartas en los que se leen mensajes alusivos al rechazo a los ordenamientos federales, los profesores permiten el\u2026","rel":"","context":"En &quot;Chihuahua&quot;","block_context":{"text":"Chihuahua","link":"https:\/\/www.grieta.org.mx\/index.php\/category\/noticias-nacionales\/chihuahua\/"},"img":{"alt_text":"","src":"https:\/\/i0.wp.com\/www.grieta.org.mx\/wp-content\/uploads\/2018\/03\/14524434_1106112876131411_958039263622046936_o.jpg?resize=350%2C200&ssl=1","width":350,"height":200,"srcset":"https:\/\/i0.wp.com\/www.grieta.org.mx\/wp-content\/uploads\/2018\/03\/14524434_1106112876131411_958039263622046936_o.jpg?resize=350%2C200&ssl=1 1x, https:\/\/i0.wp.com\/www.grieta.org.mx\/wp-content\/uploads\/2018\/03\/14524434_1106112876131411_958039263622046936_o.jpg?resize=525%2C300&ssl=1 1.5x, https:\/\/i0.wp.com\/www.grieta.org.mx\/wp-content\/uploads\/2018\/03\/14524434_1106112876131411_958039263622046936_o.jpg?resize=700%2C400&ssl=1 2x"},"classes":[]}],"_links":{"self":[{"href":"https:\/\/www.grieta.org.mx\/index.php\/wp-json\/wp\/v2\/posts\/20713","targetHints":{"allow":["GET"]}}],"collection":[{"href":"https:\/\/www.grieta.org.mx\/index.php\/wp-json\/wp\/v2\/posts"}],"about":[{"href":"https:\/\/www.grieta.org.mx\/index.php\/wp-json\/wp\/v2\/types\/post"}],"author":[{"embeddable":true,"href":"https:\/\/www.grieta.org.mx\/index.php\/wp-json\/wp\/v2\/users\/2"}],"replies":[{"embeddable":true,"href":"https:\/\/www.grieta.org.mx\/index.php\/wp-json\/wp\/v2\/comments?post=20713"}],"version-history":[{"count":1,"href":"https:\/\/www.grieta.org.mx\/index.php\/wp-json\/wp\/v2\/posts\/20713\/revisions"}],"predecessor-version":[{"id":21602,"href":"https:\/\/www.grieta.org.mx\/index.php\/wp-json\/wp\/v2\/posts\/20713\/revisions\/21602"}],"wp:featuredmedia":[{"embeddable":true,"href":"https:\/\/www.grieta.org.mx\/index.php\/wp-json\/wp\/v2\/media\/21928"}],"wp:attachment":[{"href":"https:\/\/www.grieta.org.mx\/index.php\/wp-json\/wp\/v2\/media?parent=20713"}],"wp:term":[{"taxonomy":"category","embeddable":true,"href":"https:\/\/www.grieta.org.mx\/index.php\/wp-json\/wp\/v2\/categories?post=20713"},{"taxonomy":"post_tag","embeddable":true,"href":"https:\/\/www.grieta.org.mx\/index.php\/wp-json\/wp\/v2\/tags?post=20713"}],"curies":[{"name":"wp","href":"https:\/\/api.w.org\/{rel}","templated":true}]}}