{"id":20702,"date":"2016-08-10T12:57:08","date_gmt":"2016-08-10T17:57:08","guid":{"rendered":"http:\/\/www.grieta.org.mx\/?p=20702"},"modified":"2016-09-01T13:13:51","modified_gmt":"2016-09-01T18:13:51","slug":"empleados-sin-salario-en-escuinapa-cuando-el-hambre-entra-si-da-coraje-sinaloa","status":"publish","type":"post","link":"https:\/\/www.grieta.org.mx\/index.php\/2016\/08\/10\/empleados-sin-salario-en-escuinapa-cuando-el-hambre-entra-si-da-coraje-sinaloa\/","title":{"rendered":"Empleados sin salario, en Escuinapa. \u2018Cuando el hambre entra, s\u00ed da coraje\u2019  (Sinaloa)"},"content":{"rendered":"<p>Carolina Tiznado<br \/>\nESCUINAPA._ De trabajos extras por la tarde o en fin de semana, se han mantenido durante dos meses empleados extraordinarios de la Comuna que durante este tiempo no han percibido su salario.<\/p>\n<p>\u201cNo nos queda de otra m\u00e1s que buscar qu\u00e9 hacer en la tarde, es dif\u00edcil estar sin dos meses sin nada de dinero, es poco lo que se gana en el monte\u201d, dijo uno de los empleados. Los empleados extraordinarios no tienen prestaciones como m\u00e9dico, pues no est\u00e1n dentro de la n\u00f3mina, se\u00f1alaron por lo que sus pagos se han ido acumulando desde que inici\u00f3 la administraci\u00f3n p\u00fablica.<\/p>\n<p>Han ido desde cinco semanas hasta m\u00e1s de dos meses arrastrando salarios pendientes, por lo que pr\u00e1cticamente han tenido que buscar un trabajo adicional para poder llevar los alimentos a sus casas.<\/p>\n<p>\u201cUno va y hace un trabajito en otro lado aunque sea para tener 50 pesos para las tortillas, est\u00e1 dif\u00edcil pero estamos con la esperanza de que paguen\u201d, dijo uno de los empleados.<\/p>\n<p>A veces pasan los d\u00edas yendo en horarios diversos a preguntar cu\u00e1ndo tendr\u00e1n el sueldo en sus manos, las palabras se extienden de un d\u00eda hasta una semana, pero hasta el momento no ha llegado.<\/p>\n<p>Est\u00e1n, les indican, a la espera de que el recurso entre a las arcas municipales y poderles pagar, pero es algo que no han visto desde hace 60 d\u00edas, por lo que de pronto se enfadan o entran en desesperaci\u00f3n.<\/p>\n<p>\u201cCuando el hambre entra s\u00ed nos da coraje, pero no hay de otra m\u00e1s que esperar, ya nos dejaron semanas sin pagarnos y de pronto lleg\u00f3 el dinero, ahora esperamos lo mismo\u201d, se\u00f1alo otro empleado.<\/p>\n<p>Desconocen el hecho de que ser trabajador extraordinario les afecte en caso de que se vaya la administraci\u00f3n p\u00fablica sin pagarles, pues pudiera parecer que no hay rastro de su trabajo en la Comuna, pero es algo que muchas personas saben que existen, indican, sobre todo los de Obras P\u00fablicas.<\/p>\n<p>Mientras trabajadores de semana y confianza se\u00f1alan la falta de recursos para los salarios que les adeuda, la realidad es que tampoco a ellos como empleados les va bien, manifestaron.<\/p>\n<p><a href=\"http:\/\/beta.noroeste.com.mx\/publicaciones\/view\/cuando-el-hambre-entra-s-da-coraje-1040884\" target=\"_blank\">http:\/\/beta.noroeste.com.mx\/publicaciones\/view\/cuando-el-hambre-entra-s-da-coraje-1040884<\/a><\/p>\n","protected":false},"excerpt":{"rendered":"<p>Carolina Tiznado ESCUINAPA._ De trabajos extras por la tarde o en fin de semana, se han mantenido durante dos meses empleados extraordinarios de la Comuna que durante este tiempo no &hellip; <a href=\"https:\/\/www.grieta.org.mx\/index.php\/2016\/08\/10\/empleados-sin-salario-en-escuinapa-cuando-el-hambre-entra-si-da-coraje-sinaloa\/\" class=\"more-link\">Leer m\u00e1s<\/a><\/p>\n","protected":false},"author":2,"featured_media":21928,"comment_status":"closed","ping_status":"closed","sticky":false,"template":"","format":"standard","meta":{"ngg_post_thumbnail":0,"_jetpack_newsletter_access":"","_jetpack_dont_email_post_to_subs":false,"_jetpack_newsletter_tier_id":0,"_jetpack_memberships_contains_paywalled_content":false,"_jetpack_memberships_contains_paid_content":false,"footnotes":""},"categories":[80],"tags":[105,201],"class_list":["post-20702","post","type-post","status-publish","format-standard","has-post-thumbnail","hentry","category-cintillo","tag-derechos-laborales","tag-salarios","entry"],"jetpack_featured_media_url":"https:\/\/www.grieta.org.mx\/wp-content\/uploads\/2018\/03\/14524434_1106112876131411_958039263622046936_o.jpg","jetpack_sharing_enabled":true,"jetpack_shortlink":"https:\/\/wp.me\/p7ZJR4-5nU","jetpack_likes_enabled":false,"jetpack-related-posts":[{"id":30667,"url":"https:\/\/www.grieta.org.mx\/index.php\/2019\/03\/13\/empleados-de-cesavenay-se-manifiestan-no-les-han-pagado-en-tres-meses-nayarit\/","url_meta":{"origin":20702,"position":0},"title":"Empleados de CESAVENAY se manifiestan: no les han pagado en tres meses (Nayarit)","author":"grieta","date":"13 marzo, 2019","format":false,"excerpt":"Redacci\u00f3n \/ El Sol de Nayarit Alrededor de 200 trabajadores del Comit\u00e9 Estatal de Sanidad de Vegetales en Nayarit han resultado afectados por falta de pago de sus salarios, por lo que un grupo de manifestantes se presentaron en las instalaciones de Palacio de Gobierno para dar a conocer este\u2026","rel":"","context":"En &quot;CINTILLO&quot;","block_context":{"text":"CINTILLO","link":"https:\/\/www.grieta.org.mx\/index.php\/category\/cintillo\/"},"img":{"alt_text":"","src":"https:\/\/i0.wp.com\/www.grieta.org.mx\/wp-content\/uploads\/2019\/03\/temp_nota_01_65181_17_20190313200215_117manifestantes.jpg?resize=350%2C200&ssl=1","width":350,"height":200,"srcset":"https:\/\/i0.wp.com\/www.grieta.org.mx\/wp-content\/uploads\/2019\/03\/temp_nota_01_65181_17_20190313200215_117manifestantes.jpg?resize=350%2C200&ssl=1 1x, https:\/\/i0.wp.com\/www.grieta.org.mx\/wp-content\/uploads\/2019\/03\/temp_nota_01_65181_17_20190313200215_117manifestantes.jpg?resize=525%2C300&ssl=1 1.5x"},"classes":[]},{"id":2919,"url":"https:\/\/www.grieta.org.mx\/index.php\/2015\/05\/18\/ex-empleados-de-oceanografia-exigen-el-pago-de-sus-salarios-en-yucatan\/","url_meta":{"origin":20702,"position":1},"title":"Ex empleados de Oceanograf\u00eda exigen el pago de sus salarios en Yucat\u00e1n","author":"grieta","date":"18 mayo, 2015","format":false,"excerpt":"De nueva cuenta ex obreros de la empresa Oceanograf\u00eda realizaron un plant\u00f3n frente a las oficinas de la empresa para exigir el pago de sus salarios y su liquidaci\u00f3n. Los ex empleados aseguran que el Servicio de Administraci\u00f3n y Enajenaci\u00f3n de Bienes (SAE) no est\u00e1 realizando los dep\u00f3sitos correspondientes alegando\u2026","rel":"","context":"En &quot;campeche&quot;","block_context":{"text":"campeche","link":"https:\/\/www.grieta.org.mx\/index.php\/category\/campeche\/"},"img":{"alt_text":"","src":"https:\/\/i0.wp.com\/www.grieta.org.mx\/wp-content\/uploads\/2018\/03\/14524434_1106112876131411_958039263622046936_o.jpg?resize=350%2C200&ssl=1","width":350,"height":200,"srcset":"https:\/\/i0.wp.com\/www.grieta.org.mx\/wp-content\/uploads\/2018\/03\/14524434_1106112876131411_958039263622046936_o.jpg?resize=350%2C200&ssl=1 1x, https:\/\/i0.wp.com\/www.grieta.org.mx\/wp-content\/uploads\/2018\/03\/14524434_1106112876131411_958039263622046936_o.jpg?resize=525%2C300&ssl=1 1.5x, https:\/\/i0.wp.com\/www.grieta.org.mx\/wp-content\/uploads\/2018\/03\/14524434_1106112876131411_958039263622046936_o.jpg?resize=700%2C400&ssl=1 2x"},"classes":[]},{"id":22295,"url":"https:\/\/www.grieta.org.mx\/index.php\/2018\/03\/26\/empleados-del-inba-inician-paro-por-falta-de-pago\/","url_meta":{"origin":20702,"position":2},"title":"Empleados del INBA inician paro por falta de pago","author":"grieta","date":"26 marzo, 2018","format":false,"excerpt":"CIUDAD DE M\u00c9XICO (apro).- El personal del Instituto Nacional de Bellas Artes (INBA), contratado bajo el r\u00e9gimen Cap\u00edtulo 3000, anunci\u00f3 esta tarde una \u201csuspensi\u00f3n de actividades\u201d indefinida porque no les han pagado desde hace tres meses En d\u00edas pasados, cerca de mil afectados, entre quienes se encuentran curadores, investigadores, dise\u00f1adores,\u2026","rel":"","context":"En &quot;CINTILLO&quot;","block_context":{"text":"CINTILLO","link":"https:\/\/www.grieta.org.mx\/index.php\/category\/cintillo\/"},"img":{"alt_text":"","src":"https:\/\/i0.wp.com\/www.grieta.org.mx\/wp-content\/uploads\/2018\/03\/DZQbzMYUQAAMVCW-c-1078x808.jpg?resize=350%2C200&ssl=1","width":350,"height":200,"srcset":"https:\/\/i0.wp.com\/www.grieta.org.mx\/wp-content\/uploads\/2018\/03\/DZQbzMYUQAAMVCW-c-1078x808.jpg?resize=350%2C200&ssl=1 1x, https:\/\/i0.wp.com\/www.grieta.org.mx\/wp-content\/uploads\/2018\/03\/DZQbzMYUQAAMVCW-c-1078x808.jpg?resize=525%2C300&ssl=1 1.5x, https:\/\/i0.wp.com\/www.grieta.org.mx\/wp-content\/uploads\/2018\/03\/DZQbzMYUQAAMVCW-c-1078x808.jpg?resize=700%2C400&ssl=1 2x, https:\/\/i0.wp.com\/www.grieta.org.mx\/wp-content\/uploads\/2018\/03\/DZQbzMYUQAAMVCW-c-1078x808.jpg?resize=1050%2C600&ssl=1 3x"},"classes":[]},{"id":19893,"url":"https:\/\/www.grieta.org.mx\/index.php\/2016\/08\/17\/empleados-salud-de-veracruz-protestan-porque-no-les-pagan-desde-hace-2-meses\/","url_meta":{"origin":20702,"position":3},"title":"Empleados Salud de Veracruz protestan porque no les pagan desde hace 2 meses","author":"grieta","date":"17 agosto, 2016","format":false,"excerpt":"Por Daniela J\u00e1come\/ Veracruz, Ver. Trabajadores de Direcci\u00f3n de Vectores se manifestaron desde temprana hora en las oficinas de la Jurisdicci\u00f3n Sanitaria n\u00famero 8 de Veracruz, por falta de pago de sus salarios desde hace 2 meses.. Los cerca de 70 trabajadores forman parte de la plantilla laboral de los\u2026","rel":"","context":"En &quot;CINTILLO&quot;","block_context":{"text":"CINTILLO","link":"https:\/\/www.grieta.org.mx\/index.php\/category\/cintillo\/"},"img":{"alt_text":"","src":"https:\/\/i0.wp.com\/www.grieta.org.mx\/wp-content\/uploads\/2018\/03\/14524434_1106112876131411_958039263622046936_o.jpg?resize=350%2C200&ssl=1","width":350,"height":200,"srcset":"https:\/\/i0.wp.com\/www.grieta.org.mx\/wp-content\/uploads\/2018\/03\/14524434_1106112876131411_958039263622046936_o.jpg?resize=350%2C200&ssl=1 1x, https:\/\/i0.wp.com\/www.grieta.org.mx\/wp-content\/uploads\/2018\/03\/14524434_1106112876131411_958039263622046936_o.jpg?resize=525%2C300&ssl=1 1.5x, https:\/\/i0.wp.com\/www.grieta.org.mx\/wp-content\/uploads\/2018\/03\/14524434_1106112876131411_958039263622046936_o.jpg?resize=700%2C400&ssl=1 2x"},"classes":[]},{"id":31315,"url":"https:\/\/www.grieta.org.mx\/index.php\/2019\/03\/22\/por-falta-de-pago-de-sueldos-empleados-cerraron-tamtoc-san-luis-potosi\/","url_meta":{"origin":20702,"position":4},"title":"POR FALTA DE PAGO DE SUELDOS EMPLEADOS CERRARON TAMTOC (San Luis Potos\u00ed)","author":"grieta","date":"22 marzo, 2019","format":false,"excerpt":"Ismael Gonz\u00e1lez \/ Zunoticia Por falta de pago de dos meses de sueldo, empleados del Instituto Nacional de Antropolog\u00eda e Historia (INAH) cerraron la ma\u00f1ana de ayer el acceso al sitio arqueol\u00f3gico de Tamtoc en el municipio de Tamu\u00edn afectando con ello a turistas que acud\u00edan a visitar ese lugar.\u2026","rel":"","context":"En &quot;CINTILLO&quot;","block_context":{"text":"CINTILLO","link":"https:\/\/www.grieta.org.mx\/index.php\/category\/cintillo\/"},"img":{"alt_text":"","src":"https:\/\/i0.wp.com\/www.grieta.org.mx\/wp-content\/uploads\/2019\/03\/Por-falta-de-pago-de-sueldos-empleados-cerraron-Tamtoc-slp-mzo.jpg?resize=350%2C200","width":350,"height":200},"classes":[]},{"id":17999,"url":"https:\/\/www.grieta.org.mx\/index.php\/2016\/07\/23\/demandan-maquiladoras-a-trabajadores-por-bloqueos-al-exigir-mejores-salarios\/","url_meta":{"origin":20702,"position":5},"title":"Demandan maquiladoras a trabajadores por bloqueos al exigir mejores salarios","author":"grieta","date":"23 julio, 2016","format":false,"excerpt":"Entre Lineas Alejandra Rey Pese a que la manifestaci\u00f3n es un derecho constitucional de los mexicanos, en Ciudad Ju\u00e1rez las maquiladoras han comenzado con demandas contra los trabajadores que exigen mejores salarios y prestaciones laborales a los directivos de las industrias manufactureras, las cuales han sido se\u00f1aladas como explotadoras de\u2026","rel":"","context":"En &quot;chihuahua&quot;","block_context":{"text":"chihuahua","link":"https:\/\/www.grieta.org.mx\/index.php\/category\/chihuahua\/"},"img":{"alt_text":"","src":"https:\/\/i0.wp.com\/www.grieta.org.mx\/wp-content\/uploads\/2018\/03\/14524434_1106112876131411_958039263622046936_o.jpg?resize=350%2C200&ssl=1","width":350,"height":200,"srcset":"https:\/\/i0.wp.com\/www.grieta.org.mx\/wp-content\/uploads\/2018\/03\/14524434_1106112876131411_958039263622046936_o.jpg?resize=350%2C200&ssl=1 1x, https:\/\/i0.wp.com\/www.grieta.org.mx\/wp-content\/uploads\/2018\/03\/14524434_1106112876131411_958039263622046936_o.jpg?resize=525%2C300&ssl=1 1.5x, https:\/\/i0.wp.com\/www.grieta.org.mx\/wp-content\/uploads\/2018\/03\/14524434_1106112876131411_958039263622046936_o.jpg?resize=700%2C400&ssl=1 2x"},"classes":[]}],"_links":{"self":[{"href":"https:\/\/www.grieta.org.mx\/index.php\/wp-json\/wp\/v2\/posts\/20702","targetHints":{"allow":["GET"]}}],"collection":[{"href":"https:\/\/www.grieta.org.mx\/index.php\/wp-json\/wp\/v2\/posts"}],"about":[{"href":"https:\/\/www.grieta.org.mx\/index.php\/wp-json\/wp\/v2\/types\/post"}],"author":[{"embeddable":true,"href":"https:\/\/www.grieta.org.mx\/index.php\/wp-json\/wp\/v2\/users\/2"}],"replies":[{"embeddable":true,"href":"https:\/\/www.grieta.org.mx\/index.php\/wp-json\/wp\/v2\/comments?post=20702"}],"version-history":[{"count":1,"href":"https:\/\/www.grieta.org.mx\/index.php\/wp-json\/wp\/v2\/posts\/20702\/revisions"}],"predecessor-version":[{"id":20704,"href":"https:\/\/www.grieta.org.mx\/index.php\/wp-json\/wp\/v2\/posts\/20702\/revisions\/20704"}],"wp:featuredmedia":[{"embeddable":true,"href":"https:\/\/www.grieta.org.mx\/index.php\/wp-json\/wp\/v2\/media\/21928"}],"wp:attachment":[{"href":"https:\/\/www.grieta.org.mx\/index.php\/wp-json\/wp\/v2\/media?parent=20702"}],"wp:term":[{"taxonomy":"category","embeddable":true,"href":"https:\/\/www.grieta.org.mx\/index.php\/wp-json\/wp\/v2\/categories?post=20702"},{"taxonomy":"post_tag","embeddable":true,"href":"https:\/\/www.grieta.org.mx\/index.php\/wp-json\/wp\/v2\/tags?post=20702"}],"curies":[{"name":"wp","href":"https:\/\/api.w.org\/{rel}","templated":true}]}}