{"id":20654,"date":"2016-04-06T08:41:02","date_gmt":"2016-04-06T13:41:02","guid":{"rendered":"http:\/\/www.grieta.org.mx\/?p=20654"},"modified":"2018-06-08T13:18:45","modified_gmt":"2018-06-08T18:18:45","slug":"nino-empacador-de-10-anos-es-amordazado-por-el-gerente-de-la-tienda-por-no-hacer-bien-las-cosas-en-cancun","status":"publish","type":"post","link":"https:\/\/www.grieta.org.mx\/index.php\/2016\/04\/06\/nino-empacador-de-10-anos-es-amordazado-por-el-gerente-de-la-tienda-por-no-hacer-bien-las-cosas-en-cancun\/","title":{"rendered":"Ni\u00f1o empacador de 10 a\u00f1os es amordazado por el gerente de la tienda \u201cpor no hacer bien las cosas\u201d en Canc\u00fan"},"content":{"rendered":"<p>(06 de abril, 2016).- Un ni\u00f1o de 10 a\u00f1os que trabaja para una tienda de autoservicio llamada S\u00faper Willys, en el municipio de Bacalar (345 kil\u00f3metros al sur de Canc\u00fan, Quintana Roo) fue amordazado a un diablito de carga \u201cpor no hacer bien las cosas\u201d, por el gerente de la tienda, Em\u00e9rito Contreras.<\/p>\n<p>Jos\u00e9 Norberto Tox Sosa, padre de la v\u00edctima se encarg\u00f3 de denunciar los actos en contra de su hijo ante la Procuradur\u00eda General de Justicia del Estado (PGJE)que describe, fue amarrado con cinta adhesiva \u201cy, no conforme, el gerente le ech\u00f3 encima un costal de harina de 45 kilos. En ese momento otro trabajador le llam\u00f3 la atenci\u00f3n al gerente y desat\u00f3 a mi hijo, pero ayer le volvi\u00f3 a hacer lo mismo, s\u00f3lo que ahora le encint\u00f3 la cara y ya se estaba ahogando, pues le tap\u00f3 boca y nariz\u201d, relat\u00f3 el quejoso<\/p>\n<p>Pese a los actos del gerente de la tienda, Tox Sosa asegur\u00f3 que la foto de su hijo fue difundida en redes sociales para denunciar al empleado. \u201cEs algo muy grave. Apenas ayer (lunes) me di cuenta y levant\u00e9 la denuncia (\u2026) hay dos ni\u00f1os de entre 10 y 12 a\u00f1os que dicen que los metieron en tambos llenos de gusanos\u201d.<\/p>\n<p>Harley Sosa Guill\u00e9n, presidente de la Comisi\u00f3n de Derechos Humanos del Estado de Quintana Roo (Cdheqroo) reaccion\u00f3 ante el caso debido a que fue testigo de la imagen del menor en las redes sociales y orden\u00f3 iniciar un acta circunstanciada porque s\u00f3lo se tramita la queja de oficio cuando los acusados son autoridades, no empresas.<\/p>\n<p>El ombudsman dijo que tambi\u00e9n inform\u00f3 al Consejo Nacional para Prevenir la Discriminaci\u00f3n, a fin de que investigue por qu\u00e9 el menor fue amarrado y le tomaron fotos para difundirlas en redes.<\/p>\n<p>Asimismo, se notific\u00f3 a la Secretar\u00eda del Trabajo y Previsi\u00f3n Social para que inspeccione las condiciones en que el menor laboraba en el establecimiento.<\/p>\n<p>Precis\u00f3 que el organismo \u201cvigilar\u00e1 que cada dependencia haga las investigaciones que le correspondan para defender la dignidad del menor. S\u00f3lo tienen conocimiento de un caso, aunque por los medios se enteraron de que fueron tres afectados\u201d.<\/p>\n<p><a href=\"http:\/\/revoluciontrespuntocero.com\/nino-empacador-de-10-anos-es-amordazado-por-el-gerente-de-la-tienda-por-no-hacer-bien-las-cosas-en-cancun\/\" target=\"_blank\">http:\/\/revoluciontrespuntocero.com\/nino-empacador-de-10-anos-es-amordazado-por-el-gerente-de-la-tienda-por-no-hacer-bien-las-cosas-en-cancun\/<\/a><\/p>\n","protected":false},"excerpt":{"rendered":"<p>(06 de abril, 2016).- Un ni\u00f1o de 10 a\u00f1os que trabaja para una tienda de autoservicio llamada S\u00faper Willys, en el municipio de Bacalar (345 kil\u00f3metros al sur de Canc\u00fan, &hellip; <a href=\"https:\/\/www.grieta.org.mx\/index.php\/2016\/04\/06\/nino-empacador-de-10-anos-es-amordazado-por-el-gerente-de-la-tienda-por-no-hacer-bien-las-cosas-en-cancun\/\" class=\"more-link\">Leer m\u00e1s<\/a><\/p>\n","protected":false},"author":2,"featured_media":21928,"comment_status":"closed","ping_status":"closed","sticky":false,"template":"","format":"standard","meta":{"ngg_post_thumbnail":0,"_jetpack_newsletter_access":"","_jetpack_dont_email_post_to_subs":false,"_jetpack_newsletter_tier_id":0,"_jetpack_memberships_contains_paywalled_content":false,"_jetpack_memberships_contains_paid_content":false,"footnotes":""},"categories":[80,1316,2,28],"tags":[723],"class_list":["post-20654","post","type-post","status-publish","format-standard","has-post-thumbnail","hentry","category-cintillo","category-explotacion-y-abuso-infantil-en-quintana-roo","category-noticias-nacionales","category-quintana-roo","tag-trabajo-infantil","entry"],"jetpack_featured_media_url":"https:\/\/www.grieta.org.mx\/wp-content\/uploads\/2018\/03\/14524434_1106112876131411_958039263622046936_o.jpg","jetpack_sharing_enabled":true,"jetpack_shortlink":"https:\/\/wp.me\/p7ZJR4-5n8","jetpack_likes_enabled":false,"jetpack-related-posts":[{"id":4426,"url":"https:\/\/www.grieta.org.mx\/index.php\/2015\/05\/26\/tras-fracaso-del-dragon-mart-en-cancun-empresas-chinas-le-echan-el-ojo-al-sur-de-quintana-roo\/","url_meta":{"origin":20654,"position":0},"title":"Tras fracaso del \u2018Dragon Mart\u2019 en Canc\u00fan, empresas chinas le echan el ojo al sur de Quintana Roo","author":"grieta","date":"26 mayo, 2015","format":false,"excerpt":"CHETUMAL, MX.- Inversionistas de 10 empresas y tres funcionarios del gobierno de la provincia de Hunan, Rep\u00fablica Popular de China, visitaron este martes la ciudad de Chetumal y se reunieron con autoridades de la Secretar\u00eda de Desarrollo Econ\u00f3mico, pues vinieron con el prop\u00f3sito de eventualmente invertir en el sur de\u2026","rel":"","context":"En &quot;CINTILLO&quot;","block_context":{"text":"CINTILLO","link":"https:\/\/www.grieta.org.mx\/index.php\/category\/cintillo\/"},"img":{"alt_text":"","src":"https:\/\/i0.wp.com\/www.grieta.org.mx\/wp-content\/uploads\/2018\/03\/14524434_1106112876131411_958039263622046936_o.jpg?resize=350%2C200&ssl=1","width":350,"height":200,"srcset":"https:\/\/i0.wp.com\/www.grieta.org.mx\/wp-content\/uploads\/2018\/03\/14524434_1106112876131411_958039263622046936_o.jpg?resize=350%2C200&ssl=1 1x, https:\/\/i0.wp.com\/www.grieta.org.mx\/wp-content\/uploads\/2018\/03\/14524434_1106112876131411_958039263622046936_o.jpg?resize=525%2C300&ssl=1 1.5x, https:\/\/i0.wp.com\/www.grieta.org.mx\/wp-content\/uploads\/2018\/03\/14524434_1106112876131411_958039263622046936_o.jpg?resize=700%2C400&ssl=1 2x"},"classes":[]},{"id":56198,"url":"https:\/\/www.grieta.org.mx\/index.php\/2021\/01\/09\/feministas-se-manifiestan-para-recordar-represion-policial-en-cancun\/","url_meta":{"origin":20654,"position":1},"title":"Feministas se manifiestan para recordar represi\u00f3n policial en Canc\u00fan","author":"grieta","date":"9 enero, 2021","format":false,"excerpt":"Alonso Cupul \/ MegaNews CANC\u00daN.- Nuevamente el Palacio Municipal de Benito Ju\u00e1rez y la Plaza de la Reforma, se convirtieron en el escenario de una manifestaci\u00f3n feminista para recordar la represi\u00f3n policial del pasado 9 de noviembre del 2020, cuando decenas de mujeres y hombres ped\u00edan justicia por los feminicidios.\u2026","rel":"","context":"En &quot;CINTILLO&quot;","block_context":{"text":"CINTILLO","link":"https:\/\/www.grieta.org.mx\/index.php\/category\/cintillo\/"},"img":{"alt_text":"","src":"https:\/\/i0.wp.com\/www.grieta.org.mx\/wp-content\/uploads\/2021\/01\/FeministasCancun.png?resize=350%2C200&ssl=1","width":350,"height":200,"srcset":"https:\/\/i0.wp.com\/www.grieta.org.mx\/wp-content\/uploads\/2021\/01\/FeministasCancun.png?resize=350%2C200&ssl=1 1x, https:\/\/i0.wp.com\/www.grieta.org.mx\/wp-content\/uploads\/2021\/01\/FeministasCancun.png?resize=525%2C300&ssl=1 1.5x, https:\/\/i0.wp.com\/www.grieta.org.mx\/wp-content\/uploads\/2021\/01\/FeministasCancun.png?resize=700%2C400&ssl=1 2x"},"classes":[]},{"id":67069,"url":"https:\/\/www.grieta.org.mx\/index.php\/2023\/01\/27\/periodista-ruben-dario-cruz-hernandez-sale-ileso-tras-un-ataque-en-cancun-quintana-roo\/","url_meta":{"origin":20654,"position":2},"title":"Periodista Rub\u00e9n Dar\u00edo Cruz Hern\u00e1ndez sale ileso tras un ataque en Canc\u00fan (Quintana Roo)","author":"grieta","date":"27 enero, 2023","format":false,"excerpt":"El Economista El periodista Rub\u00e9n Dar\u00edo Cruz Hern\u00e1ndez, del peri\u00f3dico \u201c\u00a1Por Esto!\u201d de Quintana Roo, fue atacado a balazos mientras viajaba a bordo de un veh\u00edculo en Canc\u00fan. Este jueves, el periodista Rub\u00e9n Dar\u00edo Cruz Hern\u00e1ndez, del peri\u00f3dico \u201c\u00a1Por Esto!\u201d de Quintana Roo, fue atacado a balazos mientras viajaba a\u2026","rel":"","context":"En &quot;CINTILLO&quot;","block_context":{"text":"CINTILLO","link":"https:\/\/www.grieta.org.mx\/index.php\/category\/cintillo\/"},"img":{"alt_text":"","src":"https:\/\/i0.wp.com\/www.grieta.org.mx\/wp-content\/uploads\/2023\/06\/Periodistas-e1687544648565.jpg?resize=350%2C200&ssl=1","width":350,"height":200,"srcset":"https:\/\/i0.wp.com\/www.grieta.org.mx\/wp-content\/uploads\/2023\/06\/Periodistas-e1687544648565.jpg?resize=350%2C200&ssl=1 1x, https:\/\/i0.wp.com\/www.grieta.org.mx\/wp-content\/uploads\/2023\/06\/Periodistas-e1687544648565.jpg?resize=525%2C300&ssl=1 1.5x, https:\/\/i0.wp.com\/www.grieta.org.mx\/wp-content\/uploads\/2023\/06\/Periodistas-e1687544648565.jpg?resize=700%2C400&ssl=1 2x"},"classes":[]},{"id":5710,"url":"https:\/\/www.grieta.org.mx\/index.php\/2016\/08\/03\/feminicidios-en-quintana-roo\/","url_meta":{"origin":20654,"position":3},"title":"Feminicidios en Quintana Roo","author":"grieta","date":"3 agosto, 2016","format":false,"excerpt":"03\/08\/16. Otro feminicidio en Canc\u00fan y otra manifestaci\u00f3n ignorada por las autoridades NoticaribeNews 25\/07\/16. Feminicidios o no; siguen matando mujeres en Canc\u00fan y la Riviera Maya. Una decena de casos en lo que va del a\u00f1o NoticaribeNews 24\/04\/16. Alcanzan feminicidios a mujeres extranjeras en la Riviera Maya. Detienen a sujeto\u2026","rel":"","context":"En &quot;Feminicidios&quot;","block_context":{"text":"Feminicidios","link":"https:\/\/www.grieta.org.mx\/index.php\/category\/temas-nacionales\/feminicidios\/"},"img":{"alt_text":"","src":"https:\/\/i0.wp.com\/www.grieta.org.mx\/wp-content\/uploads\/2018\/03\/14524434_1106112876131411_958039263622046936_o.jpg?resize=350%2C200&ssl=1","width":350,"height":200,"srcset":"https:\/\/i0.wp.com\/www.grieta.org.mx\/wp-content\/uploads\/2018\/03\/14524434_1106112876131411_958039263622046936_o.jpg?resize=350%2C200&ssl=1 1x, https:\/\/i0.wp.com\/www.grieta.org.mx\/wp-content\/uploads\/2018\/03\/14524434_1106112876131411_958039263622046936_o.jpg?resize=525%2C300&ssl=1 1.5x, https:\/\/i0.wp.com\/www.grieta.org.mx\/wp-content\/uploads\/2018\/03\/14524434_1106112876131411_958039263622046936_o.jpg?resize=700%2C400&ssl=1 2x"},"classes":[]},{"id":5735,"url":"https:\/\/www.grieta.org.mx\/index.php\/2015\/10\/31\/exigimos-que-se-investiguen-y-sancionen-los-feminicidios-cometidos-en-cancun-quintana-roo\/","url_meta":{"origin":20654,"position":4},"title":"Exigimos que se investiguen y sancionen los feminicidios cometidos en Canc\u00fan, Quintana Roo","author":"grieta","date":"31 octubre, 2015","format":false,"excerpt":"La Red de Feministas Peninsulares, integrada por feministas organizadas de Quintana Roo, Yucat\u00e1n y Campeche, convoca a las asociaciones civiles, colectivas y ciudadan\u00eda en General a unirse y expresar la profunda pena e indignaci\u00f3n por los feminicidios cometidos en la Ciudad de Canc\u00fan, Quintana Roo. Demandamos una respuesta inmediata del\u2026","rel":"","context":"En &quot;CINTILLO&quot;","block_context":{"text":"CINTILLO","link":"https:\/\/www.grieta.org.mx\/index.php\/category\/cintillo\/"},"img":{"alt_text":"","src":"https:\/\/i0.wp.com\/www.grieta.org.mx\/wp-content\/uploads\/2018\/03\/14524434_1106112876131411_958039263622046936_o.jpg?resize=350%2C200&ssl=1","width":350,"height":200,"srcset":"https:\/\/i0.wp.com\/www.grieta.org.mx\/wp-content\/uploads\/2018\/03\/14524434_1106112876131411_958039263622046936_o.jpg?resize=350%2C200&ssl=1 1x, https:\/\/i0.wp.com\/www.grieta.org.mx\/wp-content\/uploads\/2018\/03\/14524434_1106112876131411_958039263622046936_o.jpg?resize=525%2C300&ssl=1 1.5x, https:\/\/i0.wp.com\/www.grieta.org.mx\/wp-content\/uploads\/2018\/03\/14524434_1106112876131411_958039263622046936_o.jpg?resize=700%2C400&ssl=1 2x"},"classes":[]},{"id":67282,"url":"https:\/\/www.grieta.org.mx\/index.php\/2023\/07\/31\/disparan-contra-vivienda-de-periodista-en-cancun-no-hay-detenidos-quintana-roo\/","url_meta":{"origin":20654,"position":5},"title":"Disparan contra vivienda de periodista en Canc\u00fan; no hay detenidos (Quintana Roo)","author":"grieta","date":"31 julio, 2023","format":false,"excerpt":"Pablo V\u00e1zquez \/ Milenio Canc\u00fan, Quintana Roo La vivienda del comunicador Jorge Ugalde Hern\u00e1ndez, director del portal de noticias 'Descontento Ciudadano Quintanarroense', fue objeto de disparos por desconocidos en el fraccionamiento Villas del Mar en la regi\u00f3n 248 de Canc\u00fan. El reporte preliminar de Seguridad P\u00fablica de Benito Juarez, es\u2026","rel":"","context":"En &quot;CINTILLO&quot;","block_context":{"text":"CINTILLO","link":"https:\/\/www.grieta.org.mx\/index.php\/category\/cintillo\/"},"img":{"alt_text":"","src":"https:\/\/i0.wp.com\/www.grieta.org.mx\/wp-content\/uploads\/2023\/08\/PeriodistaCancun-e1690931085425.jpg?resize=350%2C200&ssl=1","width":350,"height":200,"srcset":"https:\/\/i0.wp.com\/www.grieta.org.mx\/wp-content\/uploads\/2023\/08\/PeriodistaCancun-e1690931085425.jpg?resize=350%2C200&ssl=1 1x, https:\/\/i0.wp.com\/www.grieta.org.mx\/wp-content\/uploads\/2023\/08\/PeriodistaCancun-e1690931085425.jpg?resize=525%2C300&ssl=1 1.5x, https:\/\/i0.wp.com\/www.grieta.org.mx\/wp-content\/uploads\/2023\/08\/PeriodistaCancun-e1690931085425.jpg?resize=700%2C400&ssl=1 2x"},"classes":[]}],"_links":{"self":[{"href":"https:\/\/www.grieta.org.mx\/index.php\/wp-json\/wp\/v2\/posts\/20654","targetHints":{"allow":["GET"]}}],"collection":[{"href":"https:\/\/www.grieta.org.mx\/index.php\/wp-json\/wp\/v2\/posts"}],"about":[{"href":"https:\/\/www.grieta.org.mx\/index.php\/wp-json\/wp\/v2\/types\/post"}],"author":[{"embeddable":true,"href":"https:\/\/www.grieta.org.mx\/index.php\/wp-json\/wp\/v2\/users\/2"}],"replies":[{"embeddable":true,"href":"https:\/\/www.grieta.org.mx\/index.php\/wp-json\/wp\/v2\/comments?post=20654"}],"version-history":[{"count":1,"href":"https:\/\/www.grieta.org.mx\/index.php\/wp-json\/wp\/v2\/posts\/20654\/revisions"}],"predecessor-version":[{"id":20655,"href":"https:\/\/www.grieta.org.mx\/index.php\/wp-json\/wp\/v2\/posts\/20654\/revisions\/20655"}],"wp:featuredmedia":[{"embeddable":true,"href":"https:\/\/www.grieta.org.mx\/index.php\/wp-json\/wp\/v2\/media\/21928"}],"wp:attachment":[{"href":"https:\/\/www.grieta.org.mx\/index.php\/wp-json\/wp\/v2\/media?parent=20654"}],"wp:term":[{"taxonomy":"category","embeddable":true,"href":"https:\/\/www.grieta.org.mx\/index.php\/wp-json\/wp\/v2\/categories?post=20654"},{"taxonomy":"post_tag","embeddable":true,"href":"https:\/\/www.grieta.org.mx\/index.php\/wp-json\/wp\/v2\/tags?post=20654"}],"curies":[{"name":"wp","href":"https:\/\/api.w.org\/{rel}","templated":true}]}}