{"id":20587,"date":"2016-08-29T16:24:53","date_gmt":"2016-08-29T21:24:53","guid":{"rendered":"http:\/\/www.grieta.org.mx\/?p=20587"},"modified":"2016-08-31T17:19:23","modified_gmt":"2016-08-31T22:19:23","slug":"sorpresa-en-obra-eolica-yucatan","status":"publish","type":"post","link":"https:\/\/www.grieta.org.mx\/index.php\/2016\/08\/29\/sorpresa-en-obra-eolica-yucatan\/","title":{"rendered":"Sorpresa en obra e\u00f3lica (Yucat\u00e1n)"},"content":{"rendered":"<p><img loading=\"lazy\" decoding=\"async\" data-attachment-id=\"20591\" data-permalink=\"https:\/\/www.grieta.org.mx\/index.php\/2016\/08\/29\/sorpresa-en-obra-eolica-yucatan\/img-10917916\/\" data-orig-file=\"https:\/\/www.grieta.org.mx\/wp-content\/uploads\/2016\/08\/IMG-10917916.jpg\" data-orig-size=\"405,600\" data-comments-opened=\"0\" data-image-meta=\"{&quot;aperture&quot;:&quot;7.1&quot;,&quot;credit&quot;:&quot;&quot;,&quot;camera&quot;:&quot;Canon EOS 5D&quot;,&quot;caption&quot;:&quot;&quot;,&quot;created_timestamp&quot;:&quot;1157609109&quot;,&quot;copyright&quot;:&quot;&quot;,&quot;focal_length&quot;:&quot;145&quot;,&quot;iso&quot;:&quot;100&quot;,&quot;shutter_speed&quot;:&quot;0.0025&quot;,&quot;title&quot;:&quot;&quot;,&quot;orientation&quot;:&quot;1&quot;}\" data-image-title=\"IMG-10917916\" data-image-description=\"\" data-image-caption=\"\" data-medium-file=\"https:\/\/www.grieta.org.mx\/wp-content\/uploads\/2016\/08\/IMG-10917916-203x300.jpg\" data-large-file=\"https:\/\/www.grieta.org.mx\/wp-content\/uploads\/2016\/08\/IMG-10917916.jpg\" src=\"http:\/\/www.grieta.org.mx\/wp-content\/uploads\/2016\/08\/IMG-10917916.jpg\" alt=\"IMG-10917916\" width=\"405\" height=\"600\" class=\"aligncenter size-full wp-image-20591\" srcset=\"https:\/\/www.grieta.org.mx\/wp-content\/uploads\/2016\/08\/IMG-10917916.jpg 405w, https:\/\/www.grieta.org.mx\/wp-content\/uploads\/2016\/08\/IMG-10917916-203x300.jpg 203w\" sizes=\"auto, (max-width: 405px) 100vw, 405px\" \/><\/p>\n<p>HERN\u00c1N CASARES<br \/>\nEl mismo grupo empresarial al que el gobierno rescindi\u00f3 el contrato para la construcci\u00f3n y operaci\u00f3n del Hospital Regional de Ticul planea abrir un parque de energ\u00eda e\u00f3lica en Dzilam de Bravo, con capacidad para generar 60 megavatios.<\/p>\n<p>La promotora del proyecto, Central E\u00f3lica de la Pen\u00ednsula, S. A. P. I. de C. V., ya inici\u00f3 los estudios y tr\u00e1mites, y prev\u00e9 abrir el parque en 2108.<\/p>\n<p>El 70 por ciento de las acciones de esa compa\u00f1\u00eda pertenece a los socios del Fideicomiso Irrevocable de Emisi\u00f3n, Administraci\u00f3n y Pago F\/422, tambi\u00e9n propietarios de Infraestructura Hospitalaria de la Pen\u00ednsula. Esta compa\u00f1\u00eda estaba a cargo de la construcci\u00f3n del hospital de Ticul.<\/p>\n<p>Como informamos, el gobierno del Estado rescindi\u00f3 el contrato a esa empresa por incumplimiento en la fecha de entrega de la obra.<\/p>\n<p>Los socios del Fideicomiso son los tenedores de los certificados burs\u00e1tiles que en su mayor\u00eda est\u00e1n en poder de empresas vinculadas a Grupo Marhnos, propiedad de los hermanos I\u00f1igo y Nicol\u00e1s Mariscal Servitje.<\/p>\n<p>Preparativos<\/p>\n<p>Los trabajos del parque e\u00f3lico empezaron en febrero de 2015, con los contratos de arrendamiento de 787 hect\u00e1reas en el municipio de Dzilam, a un plazo de 35 a\u00f1os, dice un reporte del Fideicomiso entregado a la Bolsa Mexicana de Valores.<\/p>\n<p>La empresa midi\u00f3 la velocidad del viento durante un a\u00f1o y demostr\u00f3 la capacidad de la zona para generar energ\u00eda e\u00f3lica.<\/p>\n<p>El 3 de febrero del a\u00f1o pasado, Central E\u00f3lica de la Pen\u00ednsula suscribi\u00f3 un contrato con Especialistas en Supervisi\u00f3n y Control, S. A. de C. V., para desarrollar el estudio de factibilidad t\u00e9cnica, jur\u00eddica y financiera, as\u00ed como los estudios de Manifestaci\u00f3n de Impacto Ambiental, estudio de aves, murci\u00e9lagos y felinos; la prospecci\u00f3n arqueol\u00f3gica del sitio, la incidencia de huracanes y la solicitud de interconexi\u00f3n al Centro Nacional de Control de Energ\u00eda.<\/p>\n<p>Se calcula que el costo de la inversi\u00f3n para la construcci\u00f3n de este proyecto es de $109.9 millones, de los cuales el Fideicomiso ya aport\u00f3 $46.425,216.<\/p>\n<p>Este ser\u00eda el segundo parque de energ\u00eda e\u00f3lica en Dzilam de Bravo. El pr\u00f3ximo mes empezar\u00e1 la instalaci\u00f3n de las torres y de los generadores del Parque E\u00f3lico de Yucat\u00e1n, ubicado entre esa poblaci\u00f3n y Dzilam Gonz\u00e1lez, e impulsado por el consorcio Envisi\u00f3n, que generar\u00e1 275 megavatios a partir de marzo de 2018.<\/p>\n<p>Seg\u00fan la Secretar\u00eda de Fomento Econ\u00f3mico, en Yucat\u00e1n hay planes para instalar 16 parques e\u00f3licos y plantas fotovoltaicas, que convertir\u00edan al Estado en el mayor productor de energ\u00eda renovable del pa\u00eds en 2018.\u2014 <\/p>\n<p><a href=\"http:\/\/yucatan.com.mx\/merida\/gobierno-merida\/sorpresa-obra-eolica\" target=\"_blank\">http:\/\/yucatan.com.mx\/merida\/gobierno-merida\/sorpresa-obra-eolica<\/a><\/p>\n","protected":false},"excerpt":{"rendered":"<p>HERN\u00c1N CASARES El mismo grupo empresarial al que el gobierno rescindi\u00f3 el contrato para la construcci\u00f3n y operaci\u00f3n del Hospital Regional de Ticul planea abrir un parque de energ\u00eda e\u00f3lica &hellip; <a href=\"https:\/\/www.grieta.org.mx\/index.php\/2016\/08\/29\/sorpresa-en-obra-eolica-yucatan\/\" class=\"more-link\">Leer m\u00e1s<\/a><\/p>\n","protected":false},"author":2,"featured_media":21928,"comment_status":"closed","ping_status":"closed","sticky":false,"template":"","format":"standard","meta":{"ngg_post_thumbnail":0,"_jetpack_newsletter_access":"","_jetpack_dont_email_post_to_subs":false,"_jetpack_newsletter_tier_id":0,"_jetpack_memberships_contains_paywalled_content":false,"_jetpack_memberships_contains_paid_content":false,"footnotes":""},"categories":[80],"tags":[177],"class_list":["post-20587","post","type-post","status-publish","format-standard","has-post-thumbnail","hentry","category-cintillo","tag-parque-eolico","entry"],"jetpack_featured_media_url":"https:\/\/www.grieta.org.mx\/wp-content\/uploads\/2018\/03\/14524434_1106112876131411_958039263622046936_o.jpg","jetpack_sharing_enabled":true,"jetpack_shortlink":"https:\/\/wp.me\/p7ZJR4-5m3","jetpack_likes_enabled":false,"jetpack-related-posts":[{"id":6189,"url":"https:\/\/www.grieta.org.mx\/index.php\/2016\/08\/29\/avanzan-proyectos-de-parques-eolicos-en-yucatan\/","url_meta":{"origin":20587,"position":0},"title":"Avanzan proyectos de parques e\u00f3licos en Yucat\u00e1n","author":"grieta","date":"29 agosto, 2016","format":false,"excerpt":"29\/08\/16. Sorpresa en obra e\u00f3lica (Yucat\u00e1n) Diario de Yucat\u00e1n 11\/06\/16. En Yucat\u00e1n, empresas de energ\u00eda e\u00f3lica obtendr\u00e1n cr\u00e9ditos hipotecando tierras mayas Mayapolitikon 31\/03\/16. Motul y Ticul \u201cacaparan\u201d parques e\u00f3licos y solares en Yucat\u00e1n Mayapolitikon 03\/12\/15. Pronto nuevo parque e\u00f3lico Diario de Yucat\u00e1n 23\/10\/15. Primer parque e\u00f3lico de Yucat\u00e1n 'alimentar\u00e1' todos\u2026","rel":"","context":"En &quot;16. Pueblo Maya&quot;","block_context":{"text":"16. Pueblo Maya","link":"https:\/\/www.grieta.org.mx\/index.php\/category\/espejos-de-la-resistencia\/16-pueblo-maya\/"},"img":{"alt_text":"","src":"https:\/\/i0.wp.com\/www.grieta.org.mx\/wp-content\/uploads\/2018\/03\/14524434_1106112876131411_958039263622046936_o.jpg?resize=350%2C200&ssl=1","width":350,"height":200,"srcset":"https:\/\/i0.wp.com\/www.grieta.org.mx\/wp-content\/uploads\/2018\/03\/14524434_1106112876131411_958039263622046936_o.jpg?resize=350%2C200&ssl=1 1x, https:\/\/i0.wp.com\/www.grieta.org.mx\/wp-content\/uploads\/2018\/03\/14524434_1106112876131411_958039263622046936_o.jpg?resize=525%2C300&ssl=1 1.5x, https:\/\/i0.wp.com\/www.grieta.org.mx\/wp-content\/uploads\/2018\/03\/14524434_1106112876131411_958039263622046936_o.jpg?resize=700%2C400&ssl=1 2x"},"classes":[]},{"id":42993,"url":"https:\/\/www.grieta.org.mx\/index.php\/2020\/01\/11\/juchitecos-toman-eolica-por-segundo-dia-exigen-cumplir-acuerdos-oaxaca\/","url_meta":{"origin":20587,"position":1},"title":"Juchitecos toman e\u00f3lica por segundo d\u00eda; exigen cumplir acuerdos (Oaxaca)","author":"grieta","date":"11 enero, 2020","format":false,"excerpt":"P\u00e1gina 3 \/ Diana Manzo. Juchit\u00e1n, Oax., Por segundo d\u00eda consecutivo, juchitecos que arriendan tierras en el pol\u00edgono Biniza a la empresa E\u00f3lica del Sur, filial de la japonesa Mitsubishi, tomaron la subestaci\u00f3n generadora de energ\u00eda Arquitecto Ignacio Ch\u00e1vez L\u00f3pez ante el incumplimiento de contrato de arrendamiento en que ha\u2026","rel":"","context":"En &quot;CINTILLO&quot;","block_context":{"text":"CINTILLO","link":"https:\/\/www.grieta.org.mx\/index.php\/category\/cintillo\/"},"img":{"alt_text":"","src":"https:\/\/i0.wp.com\/www.grieta.org.mx\/wp-content\/uploads\/2018\/03\/14524434_1106112876131411_958039263622046936_o.jpg?resize=350%2C200&ssl=1","width":350,"height":200,"srcset":"https:\/\/i0.wp.com\/www.grieta.org.mx\/wp-content\/uploads\/2018\/03\/14524434_1106112876131411_958039263622046936_o.jpg?resize=350%2C200&ssl=1 1x, https:\/\/i0.wp.com\/www.grieta.org.mx\/wp-content\/uploads\/2018\/03\/14524434_1106112876131411_958039263622046936_o.jpg?resize=525%2C300&ssl=1 1.5x, https:\/\/i0.wp.com\/www.grieta.org.mx\/wp-content\/uploads\/2018\/03\/14524434_1106112876131411_958039263622046936_o.jpg?resize=700%2C400&ssl=1 2x"},"classes":[]},{"id":14209,"url":"https:\/\/www.grieta.org.mx\/index.php\/2016\/06\/11\/en-yucatan-empresas-de-energia-eolica-obtendran-creditos-hipotecando-tierras-mayas\/","url_meta":{"origin":20587,"position":2},"title":"En Yucat\u00e1n, empresas de energ\u00eda e\u00f3lica obtendr\u00e1n cr\u00e9ditos hipotecando tierras mayas","author":"grieta","date":"11 junio, 2016","format":false,"excerpt":"El sesenta o setenta por ciento de los cr\u00e9ditos que obtendr\u00e1n las empresas que producir\u00e1n energ\u00eda e\u00f3lica en tierras mayas lo garantizar\u00e1n con las mismas tierras de los campesinos, alert\u00f3 Sergio Oceransky, Consultor internacional en energ\u00edas renovables. En el segundo d\u00eda de charlas en torno al Impacto y costo social\u2026","rel":"","context":"En &quot;CINTILLO&quot;","block_context":{"text":"CINTILLO","link":"https:\/\/www.grieta.org.mx\/index.php\/category\/cintillo\/"},"img":{"alt_text":"","src":"https:\/\/i0.wp.com\/www.grieta.org.mx\/wp-content\/uploads\/2018\/03\/14524434_1106112876131411_958039263622046936_o.jpg?resize=350%2C200&ssl=1","width":350,"height":200,"srcset":"https:\/\/i0.wp.com\/www.grieta.org.mx\/wp-content\/uploads\/2018\/03\/14524434_1106112876131411_958039263622046936_o.jpg?resize=350%2C200&ssl=1 1x, https:\/\/i0.wp.com\/www.grieta.org.mx\/wp-content\/uploads\/2018\/03\/14524434_1106112876131411_958039263622046936_o.jpg?resize=525%2C300&ssl=1 1.5x, https:\/\/i0.wp.com\/www.grieta.org.mx\/wp-content\/uploads\/2018\/03\/14524434_1106112876131411_958039263622046936_o.jpg?resize=700%2C400&ssl=1 2x"},"classes":[]},{"id":1867,"url":"https:\/\/www.grieta.org.mx\/index.php\/2015\/08\/04\/anuncia-sener-construccion-de-parque-eolico-en-oaxaca\/","url_meta":{"origin":20587,"position":3},"title":"Anuncia Sener construcci\u00f3n de parque e\u00f3lico en Oaxaca","author":"grieta","date":"4 agosto, 2015","format":false,"excerpt":"REVE, Redacci\u00f3n, Oaxaca.- El parque de Energ\u00eda E\u00f3lica del Sur consiste en 132 aerogeneradores para una capacidad total de 396 megavatios y una producci\u00f3n estimada en mil 310 GWh. La Secretar\u00eda de Energ\u00eda (Sener) dio a conocer que el pasado 30 de julio de 2015, la comunidad ind\u00edgena zapoteca de\u2026","rel":"","context":"En &quot;CINTILLO&quot;","block_context":{"text":"CINTILLO","link":"https:\/\/www.grieta.org.mx\/index.php\/category\/cintillo\/"},"img":{"alt_text":"","src":"https:\/\/i0.wp.com\/www.grieta.org.mx\/wp-content\/uploads\/2018\/03\/14524434_1106112876131411_958039263622046936_o.jpg?resize=350%2C200&ssl=1","width":350,"height":200,"srcset":"https:\/\/i0.wp.com\/www.grieta.org.mx\/wp-content\/uploads\/2018\/03\/14524434_1106112876131411_958039263622046936_o.jpg?resize=350%2C200&ssl=1 1x, https:\/\/i0.wp.com\/www.grieta.org.mx\/wp-content\/uploads\/2018\/03\/14524434_1106112876131411_958039263622046936_o.jpg?resize=525%2C300&ssl=1 1.5x, https:\/\/i0.wp.com\/www.grieta.org.mx\/wp-content\/uploads\/2018\/03\/14524434_1106112876131411_958039263622046936_o.jpg?resize=700%2C400&ssl=1 2x"},"classes":[]},{"id":14197,"url":"https:\/\/www.grieta.org.mx\/index.php\/2016\/03\/31\/motul-y-ticul-acaparan-parques-eolicos-y-solares-en-yucatan\/","url_meta":{"origin":20587,"position":4},"title":"Motul y Ticul \u201cacaparan\u201d parques e\u00f3licos y solares en Yucat\u00e1n","author":"grieta","date":"31 marzo, 2016","format":false,"excerpt":"Cinco municipios de Yucat\u00e1n albergar\u00e1n nueve granjas de \u201cenerg\u00eda verde\u201d, abarcando un \u00e1rea que toca pr\u00e1cticamente a todo el estado: en el centro, el sur y el oriente, incluyendo la costa. Se trata de cuatro parques e\u00f3licas y cinco solares. La Secretar\u00eda de Energ\u00eda (Sener) asign\u00f3 a Yucat\u00e1n el 50%\u2026","rel":"","context":"En &quot;CINTILLO&quot;","block_context":{"text":"CINTILLO","link":"https:\/\/www.grieta.org.mx\/index.php\/category\/cintillo\/"},"img":{"alt_text":"","src":"https:\/\/i0.wp.com\/www.grieta.org.mx\/wp-content\/uploads\/2018\/03\/14524434_1106112876131411_958039263622046936_o.jpg?resize=350%2C200&ssl=1","width":350,"height":200,"srcset":"https:\/\/i0.wp.com\/www.grieta.org.mx\/wp-content\/uploads\/2018\/03\/14524434_1106112876131411_958039263622046936_o.jpg?resize=350%2C200&ssl=1 1x, https:\/\/i0.wp.com\/www.grieta.org.mx\/wp-content\/uploads\/2018\/03\/14524434_1106112876131411_958039263622046936_o.jpg?resize=525%2C300&ssl=1 1.5x, https:\/\/i0.wp.com\/www.grieta.org.mx\/wp-content\/uploads\/2018\/03\/14524434_1106112876131411_958039263622046936_o.jpg?resize=700%2C400&ssl=1 2x"},"classes":[]},{"id":42898,"url":"https:\/\/www.grieta.org.mx\/index.php\/2020\/01\/10\/estallan-juchitecos-contra-eolica-del-sur-oaxaca\/","url_meta":{"origin":20587,"position":5},"title":"Estallan juchitecos contra E\u00f3lica del Sur (Oaxaca)","author":"grieta","date":"10 enero, 2020","format":false,"excerpt":"Noticias \/ Amando Orozco. EXIGEN DI\u00c1LOGO CON EMPRESARIOS Propietarios de tierras donde se encuentra el parque e\u00f3lico realizaron una protesta. JUCHIT\u00c1N, Oaxaca.- Un grupo de propietarios de tierras del pol\u00edgono del parque e\u00f3lico \u201cBiniza\u201d (viento del sur), se movilizaron para exigir el cumplimiento de los acuerdos establecidos en los contratos\u2026","rel":"","context":"En &quot;CINTILLO&quot;","block_context":{"text":"CINTILLO","link":"https:\/\/www.grieta.org.mx\/index.php\/category\/cintillo\/"},"img":{"alt_text":"","src":"https:\/\/i0.wp.com\/www.grieta.org.mx\/wp-content\/uploads\/2020\/01\/eolica_1.jpg?resize=350%2C200&ssl=1","width":350,"height":200,"srcset":"https:\/\/i0.wp.com\/www.grieta.org.mx\/wp-content\/uploads\/2020\/01\/eolica_1.jpg?resize=350%2C200&ssl=1 1x, https:\/\/i0.wp.com\/www.grieta.org.mx\/wp-content\/uploads\/2020\/01\/eolica_1.jpg?resize=525%2C300&ssl=1 1.5x, https:\/\/i0.wp.com\/www.grieta.org.mx\/wp-content\/uploads\/2020\/01\/eolica_1.jpg?resize=700%2C400&ssl=1 2x, https:\/\/i0.wp.com\/www.grieta.org.mx\/wp-content\/uploads\/2020\/01\/eolica_1.jpg?resize=1050%2C600&ssl=1 3x"},"classes":[]}],"_links":{"self":[{"href":"https:\/\/www.grieta.org.mx\/index.php\/wp-json\/wp\/v2\/posts\/20587","targetHints":{"allow":["GET"]}}],"collection":[{"href":"https:\/\/www.grieta.org.mx\/index.php\/wp-json\/wp\/v2\/posts"}],"about":[{"href":"https:\/\/www.grieta.org.mx\/index.php\/wp-json\/wp\/v2\/types\/post"}],"author":[{"embeddable":true,"href":"https:\/\/www.grieta.org.mx\/index.php\/wp-json\/wp\/v2\/users\/2"}],"replies":[{"embeddable":true,"href":"https:\/\/www.grieta.org.mx\/index.php\/wp-json\/wp\/v2\/comments?post=20587"}],"version-history":[{"count":1,"href":"https:\/\/www.grieta.org.mx\/index.php\/wp-json\/wp\/v2\/posts\/20587\/revisions"}],"predecessor-version":[{"id":20592,"href":"https:\/\/www.grieta.org.mx\/index.php\/wp-json\/wp\/v2\/posts\/20587\/revisions\/20592"}],"wp:featuredmedia":[{"embeddable":true,"href":"https:\/\/www.grieta.org.mx\/index.php\/wp-json\/wp\/v2\/media\/21928"}],"wp:attachment":[{"href":"https:\/\/www.grieta.org.mx\/index.php\/wp-json\/wp\/v2\/media?parent=20587"}],"wp:term":[{"taxonomy":"category","embeddable":true,"href":"https:\/\/www.grieta.org.mx\/index.php\/wp-json\/wp\/v2\/categories?post=20587"},{"taxonomy":"post_tag","embeddable":true,"href":"https:\/\/www.grieta.org.mx\/index.php\/wp-json\/wp\/v2\/tags?post=20587"}],"curies":[{"name":"wp","href":"https:\/\/api.w.org\/{rel}","templated":true}]}}